{"id":440415,"date":"2026-09-02T10:42:18","date_gmt":"2026-09-02T08:42:18","guid":{"rendered":"https:\/\/www.intoscana.it\/it\/?p=440415"},"modified":"2026-09-02T10:42:18","modified_gmt":"2026-09-02T08:42:18","slug":"meyer-green-bilancio-sostenibilita","status":"publish","type":"post","link":"https:\/\/www.intoscana.it\/it\/meyer-green-bilancio-sostenibilita\/","title":{"rendered":"Meyer sempre pi\u00f9 green: l&#8217;ospedale pediatrico fiorentino punta sulla sostebilit\u00e0"},"content":{"rendered":"<p><strong>L&#8217;ospedale pediatrico Meyer di Firenze<\/strong> promosso sul fronte della sostenibilit\u00e0, A rivelarlo \u00e8 il <strong>bilancio sostenibile<\/strong> adottato nei giorni scorsi dall&#8217;Azienda ospedaliera universitaria fiorentina, <mark>prima struttura pubblica in Toscana che ha scelto di rendicontare il proprio impatto ambientale, sociale ed economico.<\/mark><\/p>\n<p>Elaborato dalla Deloitte, il documento prende in considerazione diversi parametri: si va dal lavoro fatto per <strong>contrastare il cambiamento climatico all&#8217;accessibilit\u00e0 delle prestazioni sanitarie<\/strong>, dal rispetto della privacy alla gestione dei fondi.<\/p>\n<p><em>&#8220;In un momento di grandi trasformazioni per il sistema sanitario, sostenibilit\u00e0 significa garantire equit\u00e0 nell&#8217;accesso alle cure, investire nel capitale umano e nelle competenze dei nostri professionisti, incentivare l&#8217;innovazione tecnologica e ridurre l&#8217;impatto ambientale delle nostre strutture<\/em> &#8211; spiega il <strong>presidente della Regione Toscana Eugenio Giani,<\/strong> che ha scritto la prefazione al documento &#8211;<em> l&#8217;impegno del Meyer su tutti i fronti Esg dimostra come la tutela della salute debba andare di pari passo con la cura dell&#8217;ambiente e della societ\u00e0&#8221;.<\/em><\/p>\n<h3>Meno emissioni e consumi e pi\u00f9 alberi<\/h3>\n<p>Negli ultimi anni attraverso il programma &#8220;<strong>Meyer in green&#8221;, l&#8217;ospedale aspira a diventare sempre pi\u00f9 verde, innovativo, resiliente<\/strong> e a misura di bambino. Un percorso che si \u00e8 articolato su pi\u00f9 fronti: l&#8217;ampliamento e la gestione delle aree verdi, considerate terapeutiche; la transizione verso fonti di energie rinnovabili e l&#8217;adozione di strategie per ridurre l&#8217;impronta di carbonio.<\/p>\n<p>Nel 2025 <mark>il Meyer ha ridotto del 4,4% i consumi energetici complessivi: dal 2024 al 2025 \u00e8 stata ridotta del 12% l&#8217;emissione diretta di gas serra,<\/mark> del 19% l&#8217;emissione derivante dal consumo di energia elettrica, calore e vapore e del 15% di emissioni derivanti dall&#8217;energia acquistata basandosi sulle scelte contrattuali dell&#8217;azienda.<\/p>\n<figure id=\"post-406236 media-406236\" class=\"align-none\"><img decoding=\"async\" src=\"https:\/\/www.intoscana.it\/wp-content\/uploads\/meyer-green2.jpg\" alt=\"\" \/><\/figure>\n<p>Il parco dell&#8217;ospedale &#8211; con<strong> 557 alberature mentre altre 500 piante entro il 2030 dovrebbero essere installate negli spazi aperti dell&#8217;ospedale<\/strong> &#8211; \u00e8 <a href=\"https:\/\/www.intoscana.it\/it\/meyer-in-green-giardino-rosa\/\" target=\"_blank\" rel=\"noopener\">un polmone verde<\/a> con un impatto significativo sul territorio: secondo le stime produce annualmente 50 tonnellate di ossigeno in un anno e ha un potenziale di stoccaggio pari a circa 880 tonnellate di CO2, mentre il potenziale annuale di assimilazione si aggira intorno alle 70 tonnellate. Il che significa, sostanzialmente, annullare l&#8217;inquinamento prodotto da 52 auto.<\/p>\n<h3>L&#8217;investimento sul capitale umano e le cure<\/h3>\n<p>Riguardo all&#8217;investimento sul capitale umano<strong> al Meyer lavorano 1.336 persone<\/strong> (+5,8% rispetto al 2024), il 96% con contratto a tempo indeterminato e il 78% sono donne. Quanto all&#8217;impatto sulla comunit\u00e0<mark><\/mark> l&#8217;ospedale ha gestito 8.901 ricoveri ordinari, 31.709 giornate di day hospital ed erogato 689.452 prestazioni ambulatoriali e di laboratorio, [\/mark[con un&#8217;attrazione extraregionale del 22,03%. Grazie al supporto della Fondazione Meyer il pediatrico ha anche ospitato<strong> 693 nuclei familiari provenienti da altre regioni<\/strong> e dall&#8217;estero, garantendo loro alloggio gratuito e supporto logistico.<\/p>\n<p><em>&#8220;Questo documento<\/em> &#8211; osserva Paolo Marchese Morello, dg dell&#8217;Aou Meyer Irccs &#8211; <em>nasce dal profondo desiderio di condividere con trasparenza la coerenza tra i valori etici che ci guidano ogni giorno e le decisioni strategiche che assumiamo per la tutela della persona, della comunit\u00e0 e dell&#8217;ambiente&#8221;.<\/em><\/p>\n","protected":false},"excerpt":{"rendered":"<p>Il primo bilancio sostenibile dell&#8217;Azienda ospedaliera spazia dal lavoro per contrastare il cambiamento climatico all&#8217;accessibilit\u00e0 delle prestazioni sanitarie<\/p>\n","protected":false},"author":525,"featured_media":406235,"comment_status":"open","ping_status":"open","sticky":false,"template":"","format":"standard","meta":{"_acf_changed":false,"footnotes":""},"categories":[18],"tags":[408,4857],"class_list":["post-440415","post","type-post","status-publish","format-standard","has-post-thumbnail","hentry","category-salute","tag-meyer","tag-ospedali"],"acf":[],"yoast_head":"<!-- This site is optimized with the Yoast SEO Premium plugin v24.2 (Yoast SEO v25.6) - https:\/\/yoast.com\/wordpress\/plugins\/seo\/ -->\n<title>Meyer sempre pi\u00f9 green: l&#039;ospedale pediatrico fiorentino punta sulla sostebilit\u00e0 - intoscana<\/title>\n<meta name=\"description\" content=\"L&#039;ospedale pediatrico Meyer ha presentato il bilancio di sostenibilit\u00e0, per ridurre le emissioni e combattere il cambiamento climatico.\" \/>\n<meta name=\"robots\" content=\"index, follow, max-snippet:-1, max-image-preview:large, max-video-preview:-1\" \/>\n<link rel=\"canonical\" href=\"https:\/\/www.intoscana.it\/it\/meyer-green-bilancio-sostenibilita\/\" \/>\n<meta property=\"og:locale\" content=\"it_IT\" \/>\n<meta property=\"og:type\" content=\"article\" \/>\n<meta property=\"og:title\" content=\"Meyer sempre pi\u00f9 green: l&#039;ospedale pediatrico fiorentino punta sulla sostebilit\u00e0\" \/>\n<meta property=\"og:description\" content=\"L&#039;ospedale pediatrico Meyer ha presentato il bilancio di sostenibilit\u00e0, per ridurre le emissioni e combattere il cambiamento climatico.\" \/>\n<meta property=\"og:url\" content=\"https:\/\/www.intoscana.it\/it\/meyer-green-bilancio-sostenibilita\/\" \/>\n<meta property=\"og:site_name\" content=\"intoscana\" \/>\n<meta property=\"article:publisher\" content=\"https:\/\/www.facebook.com\/intoscana.it\" \/>\n<meta property=\"article:published_time\" content=\"2026-09-02T08:42:18+00:00\" \/>\n<meta property=\"og:image\" content=\"https:\/\/www.intoscana.it\/wp-content\/uploads\/meyer-green.jpg\" \/>\n\t<meta property=\"og:image:width\" content=\"2048\" \/>\n\t<meta property=\"og:image:height\" content=\"1152\" \/>\n\t<meta property=\"og:image:type\" content=\"image\/jpeg\" \/>\n<meta name=\"author\" content=\"Redazione\" \/>\n<meta name=\"twitter:card\" content=\"summary_large_image\" \/>\n<meta name=\"twitter:creator\" content=\"@intoscana\" \/>\n<meta name=\"twitter:site\" content=\"@intoscana\" \/>\n<meta name=\"twitter:label1\" content=\"Written by\" \/>\n\t<meta name=\"twitter:data1\" content=\"Redazione\" \/>\n\t<meta name=\"twitter:label2\" content=\"Est. reading time\" \/>\n\t<meta name=\"twitter:data2\" content=\"3 minuti\" \/>\n<script type=\"application\/ld+json\" class=\"yoast-schema-graph\">{\"@context\":\"https:\/\/schema.org\",\"@graph\":[{\"@type\":\"WebPage\",\"@id\":\"https:\/\/www.intoscana.it\/it\/meyer-green-bilancio-sostenibilita\/\",\"url\":\"https:\/\/www.intoscana.it\/it\/meyer-green-bilancio-sostenibilita\/\",\"name\":\"Meyer sempre pi\u00f9 green: l'ospedale pediatrico fiorentino punta sulla sostebilit\u00e0 - intoscana\",\"isPartOf\":{\"@id\":\"https:\/\/www.intoscana.it\/it\/#website\"},\"primaryImageOfPage\":{\"@id\":\"https:\/\/www.intoscana.it\/it\/meyer-green-bilancio-sostenibilita\/#primaryimage\"},\"image\":{\"@id\":\"https:\/\/www.intoscana.it\/it\/meyer-green-bilancio-sostenibilita\/#primaryimage\"},\"thumbnailUrl\":\"https:\/\/www.intoscana.it\/wp-content\/uploads\/meyer-green.jpg\",\"datePublished\":\"2026-09-02T08:42:18+00:00\",\"author\":{\"@id\":\"https:\/\/www.intoscana.it\/it\/#\/schema\/person\/9223810753230f20bd670fdd322661f8\"},\"description\":\"L'ospedale pediatrico Meyer ha presentato il bilancio di sostenibilit\u00e0, per ridurre le emissioni e combattere il cambiamento climatico.\",\"breadcrumb\":{\"@id\":\"https:\/\/www.intoscana.it\/it\/meyer-green-bilancio-sostenibilita\/#breadcrumb\"},\"inLanguage\":\"it-IT\",\"potentialAction\":[{\"@type\":\"ReadAction\",\"target\":[\"https:\/\/www.intoscana.it\/it\/meyer-green-bilancio-sostenibilita\/\"]}]},{\"@type\":\"ImageObject\",\"inLanguage\":\"it-IT\",\"@id\":\"https:\/\/www.intoscana.it\/it\/meyer-green-bilancio-sostenibilita\/#primaryimage\",\"url\":\"https:\/\/www.intoscana.it\/wp-content\/uploads\/meyer-green.jpg\",\"contentUrl\":\"https:\/\/www.intoscana.it\/wp-content\/uploads\/meyer-green.jpg\",\"width\":2048,\"height\":1152,\"caption\":\"Il nuovo giardino del Meyer\"},{\"@type\":\"BreadcrumbList\",\"@id\":\"https:\/\/www.intoscana.it\/it\/meyer-green-bilancio-sostenibilita\/#breadcrumb\",\"itemListElement\":[{\"@type\":\"ListItem\",\"position\":1,\"name\":\"Home\",\"item\":\"https:\/\/www.intoscana.it\/it\/\"},{\"@type\":\"ListItem\",\"position\":2,\"name\":\"Meyer sempre pi\u00f9 green: l&#8217;ospedale pediatrico fiorentino punta sulla sostebilit\u00e0\"}]},{\"@type\":\"WebSite\",\"@id\":\"https:\/\/www.intoscana.it\/it\/#website\",\"url\":\"https:\/\/www.intoscana.it\/it\/\",\"name\":\"intoscana\",\"description\":\"\",\"potentialAction\":[{\"@type\":\"SearchAction\",\"target\":{\"@type\":\"EntryPoint\",\"urlTemplate\":\"https:\/\/www.intoscana.it\/it\/?s={search_term_string}\"},\"query-input\":{\"@type\":\"PropertyValueSpecification\",\"valueRequired\":true,\"valueName\":\"search_term_string\"}}],\"inLanguage\":\"it-IT\"},{\"@type\":\"Person\",\"@id\":\"https:\/\/www.intoscana.it\/it\/#\/schema\/person\/9223810753230f20bd670fdd322661f8\",\"name\":\"Redazione\",\"url\":\"https:\/\/www.intoscana.it\/it\/author\/redazione\/\"}]}<\/script>\n<!-- \/ Yoast SEO Premium plugin. -->","yoast_head_json":{"title":"Meyer sempre pi\u00f9 green: l'ospedale pediatrico fiorentino punta sulla sostebilit\u00e0 - intoscana","description":"L'ospedale pediatrico Meyer ha presentato il bilancio di sostenibilit\u00e0, per ridurre le emissioni e combattere il cambiamento climatico.","robots":{"index":"index","follow":"follow","max-snippet":"max-snippet:-1","max-image-preview":"max-image-preview:large","max-video-preview":"max-video-preview:-1"},"canonical":"https:\/\/www.intoscana.it\/it\/meyer-green-bilancio-sostenibilita\/","og_locale":"it_IT","og_type":"article","og_title":"Meyer sempre pi\u00f9 green: l'ospedale pediatrico fiorentino punta sulla sostebilit\u00e0","og_description":"L'ospedale pediatrico Meyer ha presentato il bilancio di sostenibilit\u00e0, per ridurre le emissioni e combattere il cambiamento climatico.","og_url":"https:\/\/www.intoscana.it\/it\/meyer-green-bilancio-sostenibilita\/","og_site_name":"intoscana","article_publisher":"https:\/\/www.facebook.com\/intoscana.it","article_published_time":"2026-09-02T08:42:18+00:00","og_image":[{"width":2048,"height":1152,"url":"https:\/\/www.intoscana.it\/wp-content\/uploads\/meyer-green.jpg","type":"image\/jpeg"}],"author":"Redazione","twitter_card":"summary_large_image","twitter_creator":"@intoscana","twitter_site":"@intoscana","twitter_misc":{"Written by":"Redazione","Est. reading time":"3 minuti"},"schema":{"@context":"https:\/\/schema.org","@graph":[{"@type":"WebPage","@id":"https:\/\/www.intoscana.it\/it\/meyer-green-bilancio-sostenibilita\/","url":"https:\/\/www.intoscana.it\/it\/meyer-green-bilancio-sostenibilita\/","name":"Meyer sempre pi\u00f9 green: l'ospedale pediatrico fiorentino punta sulla sostebilit\u00e0 - intoscana","isPartOf":{"@id":"https:\/\/www.intoscana.it\/it\/#website"},"primaryImageOfPage":{"@id":"https:\/\/www.intoscana.it\/it\/meyer-green-bilancio-sostenibilita\/#primaryimage"},"image":{"@id":"https:\/\/www.intoscana.it\/it\/meyer-green-bilancio-sostenibilita\/#primaryimage"},"thumbnailUrl":"https:\/\/www.intoscana.it\/wp-content\/uploads\/meyer-green.jpg","datePublished":"2026-09-02T08:42:18+00:00","author":{"@id":"https:\/\/www.intoscana.it\/it\/#\/schema\/person\/9223810753230f20bd670fdd322661f8"},"description":"L'ospedale pediatrico Meyer ha presentato il bilancio di sostenibilit\u00e0, per ridurre le emissioni e combattere il cambiamento climatico.","breadcrumb":{"@id":"https:\/\/www.intoscana.it\/it\/meyer-green-bilancio-sostenibilita\/#breadcrumb"},"inLanguage":"it-IT","potentialAction":[{"@type":"ReadAction","target":["https:\/\/www.intoscana.it\/it\/meyer-green-bilancio-sostenibilita\/"]}]},{"@type":"ImageObject","inLanguage":"it-IT","@id":"https:\/\/www.intoscana.it\/it\/meyer-green-bilancio-sostenibilita\/#primaryimage","url":"https:\/\/www.intoscana.it\/wp-content\/uploads\/meyer-green.jpg","contentUrl":"https:\/\/www.intoscana.it\/wp-content\/uploads\/meyer-green.jpg","width":2048,"height":1152,"caption":"Il nuovo giardino del Meyer"},{"@type":"BreadcrumbList","@id":"https:\/\/www.intoscana.it\/it\/meyer-green-bilancio-sostenibilita\/#breadcrumb","itemListElement":[{"@type":"ListItem","position":1,"name":"Home","item":"https:\/\/www.intoscana.it\/it\/"},{"@type":"ListItem","position":2,"name":"Meyer sempre pi\u00f9 green: l&#8217;ospedale pediatrico fiorentino punta sulla sostebilit\u00e0"}]},{"@type":"WebSite","@id":"https:\/\/www.intoscana.it\/it\/#website","url":"https:\/\/www.intoscana.it\/it\/","name":"intoscana","description":"","potentialAction":[{"@type":"SearchAction","target":{"@type":"EntryPoint","urlTemplate":"https:\/\/www.intoscana.it\/it\/?s={search_term_string}"},"query-input":{"@type":"PropertyValueSpecification","valueRequired":true,"valueName":"search_term_string"}}],"inLanguage":"it-IT"},{"@type":"Person","@id":"https:\/\/www.intoscana.it\/it\/#\/schema\/person\/9223810753230f20bd670fdd322661f8","name":"Redazione","url":"https:\/\/www.intoscana.it\/it\/author\/redazione\/"}]}},"_links":{"self":[{"href":"https:\/\/www.intoscana.it\/it\/wp-json\/wp\/v2\/posts\/440415","targetHints":{"allow":["GET"]}}],"collection":[{"href":"https:\/\/www.intoscana.it\/it\/wp-json\/wp\/v2\/posts"}],"about":[{"href":"https:\/\/www.intoscana.it\/it\/wp-json\/wp\/v2\/types\/post"}],"author":[{"embeddable":true,"href":"https:\/\/www.intoscana.it\/it\/wp-json\/wp\/v2\/users\/525"}],"replies":[{"embeddable":true,"href":"https:\/\/www.intoscana.it\/it\/wp-json\/wp\/v2\/comments?post=440415"}],"version-history":[{"count":5,"href":"https:\/\/www.intoscana.it\/it\/wp-json\/wp\/v2\/posts\/440415\/revisions"}],"predecessor-version":[{"id":440425,"href":"https:\/\/www.intoscana.it\/it\/wp-json\/wp\/v2\/posts\/440415\/revisions\/440425"}],"wp:featuredmedia":[{"embeddable":true,"href":"https:\/\/www.intoscana.it\/it\/wp-json\/wp\/v2\/media\/406235"}],"wp:attachment":[{"href":"https:\/\/www.intoscana.it\/it\/wp-json\/wp\/v2\/media?parent=440415"}],"wp:term":[{"taxonomy":"category","embeddable":true,"href":"https:\/\/www.intoscana.it\/it\/wp-json\/wp\/v2\/categories?post=440415"},{"taxonomy":"post_tag","embeddable":true,"href":"https:\/\/www.intoscana.it\/it\/wp-json\/wp\/v2\/tags?post=440415"}],"curies":[{"name":"wp","href":"https:\/\/api.w.org\/{rel}","templated":true}]}}