{"id":440470,"date":"2026-09-02T15:30:22","date_gmt":"2026-09-02T13:30:22","guid":{"rendered":"https:\/\/www.intoscana.it\/it\/?p=440470"},"modified":"2026-09-02T15:36:25","modified_gmt":"2026-09-02T13:36:25","slug":"toscana-diffusa-lassessora-manetti-in-visita-a-carmignano-un-territorio-ricchissimo","status":"publish","type":"post","link":"https:\/\/www.intoscana.it\/it\/toscana-diffusa-lassessora-manetti-in-visita-a-carmignano-un-territorio-ricchissimo\/","title":{"rendered":"Toscana diffusa, l&#8217;assessora Manetti in visita a Carmignano: &#8220;Un territorio ricchissimo&#8221;"},"content":{"rendered":"<p>Mercoled\u00ec 2 settembre il tour dell&#8217;<strong>assessora alla cultura della Regione Toscana Cristina Manetti<\/strong> ha fatto tappa nel comune di Carmignano visitando<strong> Artimino, Comeana e Seano.<\/strong><\/p>\n<p>Il tour \u00e8 nato per mettere in luce<strong> la cultura diffusa nel territorio toscano e la valorizzazione del patrimonio storico e artistico <\/strong>presente in ogni angolo della Toscana.<\/p>\n<p>Manetti ha visitato prima il <strong>Museo archeologico \u201cFrancesco Nicosia\u201d di Artimino<\/strong>, dove la <strong>direttrice Maria Chiara Bettini<\/strong> ha illustrato le collezioni del museo, soffermandosi in particolare sulla nuova ala che ospita gli avori rinvenuti nel <strong>Tumulo di Montefortini a Comeana<\/strong> e successivamente restaurati.<\/p>\n<p>La visita \u00e8 poi proseguita al vicino <strong>Centro didattico polivalente<\/strong>, dove, insieme al <strong>sindaco Edoardo Prestanti,<\/strong> l\u2019assessora ha preso visione dello scavo etrusco riprodotto a fini didattici e della sala del banchetto. Dalla terrazza panoramica del Centro ha poi potuto ammirare lo splendido paesaggio delle colline di Carmignano, con sullo sfondo la<strong> villa medicea La Ferdinanda di Artimino.<\/strong><\/p>\n<p><strong>Ultima tappa a Seano,<\/strong> dove, accompagnata dal sindaco Prestanti e dall\u2019assessora Monni, Manetti ha visitato il <strong><a href=\"https:\/\/www.intoscana.it\/it\/carmignano-rivista-internazionale-quinto-martini-seano\/\" target=\"_blank\" rel=\"noopener\">Parco museo Quinto Martini<\/a>,<\/strong> che raccoglie all\u2019aperto le opere dell\u2019artista originario di questo territorio, e quindi la sua<strong> Casa Studio.<\/strong><\/p>\n<p><em>\u201cCarmignano \u00e8 un territorio ricchissimo, che custodisce luoghi e testimonianze davvero straordinari \u2013<\/em><strong> ha detto Cristina Manetti <\/strong><em>\u2013. I grandi protagonisti qui sono certamente gli Etruschi, le nostre radici, una civilt\u00e0 che continua a raccontarci la nostra storia. Il <strong>Museo archeologico di Artimino<\/strong>, che fa parte dei musei di rilevanza regionale, conserva reperti unici del patrimonio etrusco, ma penso anche al <strong>Tumulo di Montefortini<\/strong> e alle tante testimonianze archeologiche presenti in quest\u2019area. E poi c\u2019\u00e8 <strong>Quinto Martini, un artista profondamente legato a questa terra<\/strong>, con la sua Casa Studio e il bellissimo <strong>Parco museo di Seano<\/strong>, un luogo aperto a tutti dove arte e natura si incontrano.<strong> Artimino, Comeana, Seano<\/strong> e pi\u00f9 in generale Carmignano hanno tutte le caratteristiche per essere sempre di pi\u00f9 una meta del turismo lento e culturale \u2013 ha proseguito Manetti \u2013: un turismo che sceglie di uscire dalle grandi citt\u00e0 d\u2019arte per scoprire borghi, paesaggi e patrimoni meno conosciuti, ma di enorme valore. Luoghi che talvolta sono persino pi\u00f9 conosciuti e apprezzati dai turisti stranieri che da chi vive vicino a noi. Dobbiamo quindi aiutarli a raccontarsi e a promuoversi ancora meglio, perch\u00e9 questa ricchezza pu\u00f2 diventare anche una leva importante di crescita e attrattivit\u00e0 per tutto il territorio\u201d.<\/em><\/p>\n<p><strong>Per il sindaco di Carmignano Edoardo Prestanti:<\/strong> \u201c<em>Carmignano \u00e8 uno dei Comuni leader nel turismo culturale. In questi anni abbiamo puntato tantissimo alla creazione di percorsi di turismo lento. Penso alla via degli Etruschi, alle vie dei Medici, alle vie dell&#8217;acqua A legare quelle che sono le unicit\u00e0, le caratteristiche uniche del nostro territorio, i suoi tesori d&#8217;arte, storici e ambientali. Questa forma di turismo che mette insieme paesaggio, natura, cultura, accompagnata dai prodotti del territorio, dai nostri itinerari enogastronomici, \u00e8 la forma, diversa dall&#8217;over turismo m delle grandi citt\u00e0, che in prospettiva ha la capacit\u00e0 di maggiormente svilupparsi. Turismo e cultura, noi vogliamo tenere insieme questo binomio.\u201d<\/em><\/p>\n<p>La visita di <strong>Carmignano<\/strong> si inserisce nel percorso che Manetti sta portando avanti <strong>nei diversi territori della regione per accendere i riflettori sul patrimonio culturale<\/strong> presente anche al di fuori dei centri maggiori e valorizzare quella <strong>Toscana diffusa<\/strong> che rappresenta uno degli elementi distintivi dell\u2019offerta culturale regionale.<\/p>\n<p><em>\u201cIn Toscana non esistono piccoli territori quando parliamo di cultura \u2013<\/em><strong> ha concluso l\u2019assessora <\/strong><em>\u2013. Da questo punto di vista sono tutti grandi territori. Siamo straordinariamente fortunati per la quantit\u00e0 e la qualit\u00e0 del patrimonio che abbiamo, anche se tutelarlo, mantenerlo e promuoverlo rappresenta una grande responsabilit\u00e0. La Toscana diffusa, anche dal punto di vista culturale, deve essere sempre di pi\u00f9 la nostra forza. Dobbiamo dare valore a ci\u00f2 che abbiamo, rafforzare la rete dei musei di rilevanza regionale e soprattutto riuscire a raccontare meglio questa straordinaria ricchezza. Chi viene in Toscana trova le nostre grandi citt\u00e0 d\u2019arte, con il loro fascino unico e intramontabile, ma deve sapere che, appena fuori da quei grandi centri, c\u2019\u00e8 ancora tantissimo da scoprire\u201d<\/em><\/p>\n","protected":false},"excerpt":{"rendered":"<p>L\u2019assessora regionale alla cultura mercoled\u00ec 2 settembre si \u00e8 recata in visita ad Artimino, Comeana e Seano accompagnata dal sindaco Edoardo Prestanti e dall\u2019assessora Maria Cristina Monni<\/p>\n","protected":false},"author":525,"featured_media":440471,"comment_status":"open","ping_status":"open","sticky":false,"template":"","format":"standard","meta":{"_acf_changed":false,"footnotes":""},"categories":[494],"tags":[6652,151],"class_list":["post-440470","post","type-post","status-publish","format-standard","has-post-thumbnail","hentry","category-attualita","tag-cristina-manetti","tag-regione-toscana"],"acf":[],"yoast_head":"<!-- This site is optimized with the Yoast SEO Premium plugin v24.2 (Yoast SEO v25.6) - https:\/\/yoast.com\/wordpress\/plugins\/seo\/ -->\n<title>Toscana diffusa, l&#039;assessora Manetti in visita a Carmignano: &quot;Un territorio ricchissimo&quot; - intoscana<\/title>\n<meta name=\"description\" content=\"L\u2019assessora regionale alla cultura mercoled\u00ec 2 settembre in visita ad Artimino, Comeana e Seano con il sindaco Edoardo Prestanti\" \/>\n<meta name=\"robots\" content=\"index, follow, max-snippet:-1, max-image-preview:large, max-video-preview:-1\" \/>\n<link rel=\"canonical\" href=\"https:\/\/www.intoscana.it\/it\/toscana-diffusa-lassessora-manetti-in-visita-a-carmignano-un-territorio-ricchissimo\/\" \/>\n<meta property=\"og:locale\" content=\"it_IT\" \/>\n<meta property=\"og:type\" content=\"article\" \/>\n<meta property=\"og:title\" content=\"Toscana diffusa, l&#039;assessora Manetti in visita a Carmignano: &quot;Un territorio ricchissimo&quot;\" \/>\n<meta property=\"og:description\" content=\"L\u2019assessora regionale alla cultura mercoled\u00ec 2 settembre in visita ad Artimino, Comeana e Seano con il sindaco Edoardo Prestanti\" \/>\n<meta property=\"og:url\" content=\"https:\/\/www.intoscana.it\/it\/toscana-diffusa-lassessora-manetti-in-visita-a-carmignano-un-territorio-ricchissimo\/\" \/>\n<meta property=\"og:site_name\" content=\"intoscana\" \/>\n<meta property=\"article:publisher\" content=\"https:\/\/www.facebook.com\/intoscana.it\" \/>\n<meta property=\"article:published_time\" content=\"2026-09-02T13:30:22+00:00\" \/>\n<meta property=\"article:modified_time\" content=\"2026-09-02T13:36:25+00:00\" \/>\n<meta property=\"og:image\" content=\"https:\/\/www.intoscana.it\/wp-content\/uploads\/carmignano-1.jpg\" \/>\n\t<meta property=\"og:image:width\" content=\"1600\" \/>\n\t<meta property=\"og:image:height\" content=\"1066\" \/>\n\t<meta property=\"og:image:type\" content=\"image\/jpeg\" \/>\n<meta name=\"author\" content=\"Redazione\" \/>\n<meta name=\"twitter:card\" content=\"summary_large_image\" \/>\n<meta name=\"twitter:creator\" content=\"@intoscana\" \/>\n<meta name=\"twitter:site\" content=\"@intoscana\" \/>\n<meta name=\"twitter:label1\" content=\"Written by\" \/>\n\t<meta name=\"twitter:data1\" content=\"Redazione\" \/>\n\t<meta name=\"twitter:label2\" content=\"Est. reading time\" \/>\n\t<meta name=\"twitter:data2\" content=\"4 minuti\" \/>\n<script type=\"application\/ld+json\" class=\"yoast-schema-graph\">{\"@context\":\"https:\/\/schema.org\",\"@graph\":[{\"@type\":\"WebPage\",\"@id\":\"https:\/\/www.intoscana.it\/it\/toscana-diffusa-lassessora-manetti-in-visita-a-carmignano-un-territorio-ricchissimo\/\",\"url\":\"https:\/\/www.intoscana.it\/it\/toscana-diffusa-lassessora-manetti-in-visita-a-carmignano-un-territorio-ricchissimo\/\",\"name\":\"Toscana diffusa, l'assessora Manetti in visita a Carmignano: \\\"Un territorio ricchissimo\\\" - intoscana\",\"isPartOf\":{\"@id\":\"https:\/\/www.intoscana.it\/it\/#website\"},\"primaryImageOfPage\":{\"@id\":\"https:\/\/www.intoscana.it\/it\/toscana-diffusa-lassessora-manetti-in-visita-a-carmignano-un-territorio-ricchissimo\/#primaryimage\"},\"image\":{\"@id\":\"https:\/\/www.intoscana.it\/it\/toscana-diffusa-lassessora-manetti-in-visita-a-carmignano-un-territorio-ricchissimo\/#primaryimage\"},\"thumbnailUrl\":\"https:\/\/www.intoscana.it\/wp-content\/uploads\/carmignano-1.jpg\",\"datePublished\":\"2026-09-02T13:30:22+00:00\",\"dateModified\":\"2026-09-02T13:36:25+00:00\",\"author\":{\"@id\":\"https:\/\/www.intoscana.it\/it\/#\/schema\/person\/9223810753230f20bd670fdd322661f8\"},\"description\":\"L\u2019assessora regionale alla cultura mercoled\u00ec 2 settembre in visita ad Artimino, Comeana e Seano con il sindaco Edoardo Prestanti\",\"breadcrumb\":{\"@id\":\"https:\/\/www.intoscana.it\/it\/toscana-diffusa-lassessora-manetti-in-visita-a-carmignano-un-territorio-ricchissimo\/#breadcrumb\"},\"inLanguage\":\"it-IT\",\"potentialAction\":[{\"@type\":\"ReadAction\",\"target\":[\"https:\/\/www.intoscana.it\/it\/toscana-diffusa-lassessora-manetti-in-visita-a-carmignano-un-territorio-ricchissimo\/\"]}]},{\"@type\":\"ImageObject\",\"inLanguage\":\"it-IT\",\"@id\":\"https:\/\/www.intoscana.it\/it\/toscana-diffusa-lassessora-manetti-in-visita-a-carmignano-un-territorio-ricchissimo\/#primaryimage\",\"url\":\"https:\/\/www.intoscana.it\/wp-content\/uploads\/carmignano-1.jpg\",\"contentUrl\":\"https:\/\/www.intoscana.it\/wp-content\/uploads\/carmignano-1.jpg\",\"width\":1600,\"height\":1066},{\"@type\":\"BreadcrumbList\",\"@id\":\"https:\/\/www.intoscana.it\/it\/toscana-diffusa-lassessora-manetti-in-visita-a-carmignano-un-territorio-ricchissimo\/#breadcrumb\",\"itemListElement\":[{\"@type\":\"ListItem\",\"position\":1,\"name\":\"Home\",\"item\":\"https:\/\/www.intoscana.it\/it\/\"},{\"@type\":\"ListItem\",\"position\":2,\"name\":\"Toscana diffusa, l&#8217;assessora Manetti in visita a Carmignano: &#8220;Un territorio ricchissimo&#8221;\"}]},{\"@type\":\"WebSite\",\"@id\":\"https:\/\/www.intoscana.it\/it\/#website\",\"url\":\"https:\/\/www.intoscana.it\/it\/\",\"name\":\"intoscana\",\"description\":\"\",\"potentialAction\":[{\"@type\":\"SearchAction\",\"target\":{\"@type\":\"EntryPoint\",\"urlTemplate\":\"https:\/\/www.intoscana.it\/it\/?s={search_term_string}\"},\"query-input\":{\"@type\":\"PropertyValueSpecification\",\"valueRequired\":true,\"valueName\":\"search_term_string\"}}],\"inLanguage\":\"it-IT\"},{\"@type\":\"Person\",\"@id\":\"https:\/\/www.intoscana.it\/it\/#\/schema\/person\/9223810753230f20bd670fdd322661f8\",\"name\":\"Redazione\",\"url\":\"https:\/\/www.intoscana.it\/it\/author\/redazione\/\"}]}<\/script>\n<!-- \/ Yoast SEO Premium plugin. -->","yoast_head_json":{"title":"Toscana diffusa, l'assessora Manetti in visita a Carmignano: \"Un territorio ricchissimo\" - intoscana","description":"L\u2019assessora regionale alla cultura mercoled\u00ec 2 settembre in visita ad Artimino, Comeana e Seano con il sindaco Edoardo Prestanti","robots":{"index":"index","follow":"follow","max-snippet":"max-snippet:-1","max-image-preview":"max-image-preview:large","max-video-preview":"max-video-preview:-1"},"canonical":"https:\/\/www.intoscana.it\/it\/toscana-diffusa-lassessora-manetti-in-visita-a-carmignano-un-territorio-ricchissimo\/","og_locale":"it_IT","og_type":"article","og_title":"Toscana diffusa, l'assessora Manetti in visita a Carmignano: \"Un territorio ricchissimo\"","og_description":"L\u2019assessora regionale alla cultura mercoled\u00ec 2 settembre in visita ad Artimino, Comeana e Seano con il sindaco Edoardo Prestanti","og_url":"https:\/\/www.intoscana.it\/it\/toscana-diffusa-lassessora-manetti-in-visita-a-carmignano-un-territorio-ricchissimo\/","og_site_name":"intoscana","article_publisher":"https:\/\/www.facebook.com\/intoscana.it","article_published_time":"2026-09-02T13:30:22+00:00","article_modified_time":"2026-09-02T13:36:25+00:00","og_image":[{"width":1600,"height":1066,"url":"https:\/\/www.intoscana.it\/wp-content\/uploads\/carmignano-1.jpg","type":"image\/jpeg"}],"author":"Redazione","twitter_card":"summary_large_image","twitter_creator":"@intoscana","twitter_site":"@intoscana","twitter_misc":{"Written by":"Redazione","Est. reading time":"4 minuti"},"schema":{"@context":"https:\/\/schema.org","@graph":[{"@type":"WebPage","@id":"https:\/\/www.intoscana.it\/it\/toscana-diffusa-lassessora-manetti-in-visita-a-carmignano-un-territorio-ricchissimo\/","url":"https:\/\/www.intoscana.it\/it\/toscana-diffusa-lassessora-manetti-in-visita-a-carmignano-un-territorio-ricchissimo\/","name":"Toscana diffusa, l'assessora Manetti in visita a Carmignano: \"Un territorio ricchissimo\" - intoscana","isPartOf":{"@id":"https:\/\/www.intoscana.it\/it\/#website"},"primaryImageOfPage":{"@id":"https:\/\/www.intoscana.it\/it\/toscana-diffusa-lassessora-manetti-in-visita-a-carmignano-un-territorio-ricchissimo\/#primaryimage"},"image":{"@id":"https:\/\/www.intoscana.it\/it\/toscana-diffusa-lassessora-manetti-in-visita-a-carmignano-un-territorio-ricchissimo\/#primaryimage"},"thumbnailUrl":"https:\/\/www.intoscana.it\/wp-content\/uploads\/carmignano-1.jpg","datePublished":"2026-09-02T13:30:22+00:00","dateModified":"2026-09-02T13:36:25+00:00","author":{"@id":"https:\/\/www.intoscana.it\/it\/#\/schema\/person\/9223810753230f20bd670fdd322661f8"},"description":"L\u2019assessora regionale alla cultura mercoled\u00ec 2 settembre in visita ad Artimino, Comeana e Seano con il sindaco Edoardo Prestanti","breadcrumb":{"@id":"https:\/\/www.intoscana.it\/it\/toscana-diffusa-lassessora-manetti-in-visita-a-carmignano-un-territorio-ricchissimo\/#breadcrumb"},"inLanguage":"it-IT","potentialAction":[{"@type":"ReadAction","target":["https:\/\/www.intoscana.it\/it\/toscana-diffusa-lassessora-manetti-in-visita-a-carmignano-un-territorio-ricchissimo\/"]}]},{"@type":"ImageObject","inLanguage":"it-IT","@id":"https:\/\/www.intoscana.it\/it\/toscana-diffusa-lassessora-manetti-in-visita-a-carmignano-un-territorio-ricchissimo\/#primaryimage","url":"https:\/\/www.intoscana.it\/wp-content\/uploads\/carmignano-1.jpg","contentUrl":"https:\/\/www.intoscana.it\/wp-content\/uploads\/carmignano-1.jpg","width":1600,"height":1066},{"@type":"BreadcrumbList","@id":"https:\/\/www.intoscana.it\/it\/toscana-diffusa-lassessora-manetti-in-visita-a-carmignano-un-territorio-ricchissimo\/#breadcrumb","itemListElement":[{"@type":"ListItem","position":1,"name":"Home","item":"https:\/\/www.intoscana.it\/it\/"},{"@type":"ListItem","position":2,"name":"Toscana diffusa, l&#8217;assessora Manetti in visita a Carmignano: &#8220;Un territorio ricchissimo&#8221;"}]},{"@type":"WebSite","@id":"https:\/\/www.intoscana.it\/it\/#website","url":"https:\/\/www.intoscana.it\/it\/","name":"intoscana","description":"","potentialAction":[{"@type":"SearchAction","target":{"@type":"EntryPoint","urlTemplate":"https:\/\/www.intoscana.it\/it\/?s={search_term_string}"},"query-input":{"@type":"PropertyValueSpecification","valueRequired":true,"valueName":"search_term_string"}}],"inLanguage":"it-IT"},{"@type":"Person","@id":"https:\/\/www.intoscana.it\/it\/#\/schema\/person\/9223810753230f20bd670fdd322661f8","name":"Redazione","url":"https:\/\/www.intoscana.it\/it\/author\/redazione\/"}]}},"_links":{"self":[{"href":"https:\/\/www.intoscana.it\/it\/wp-json\/wp\/v2\/posts\/440470","targetHints":{"allow":["GET"]}}],"collection":[{"href":"https:\/\/www.intoscana.it\/it\/wp-json\/wp\/v2\/posts"}],"about":[{"href":"https:\/\/www.intoscana.it\/it\/wp-json\/wp\/v2\/types\/post"}],"author":[{"embeddable":true,"href":"https:\/\/www.intoscana.it\/it\/wp-json\/wp\/v2\/users\/525"}],"replies":[{"embeddable":true,"href":"https:\/\/www.intoscana.it\/it\/wp-json\/wp\/v2\/comments?post=440470"}],"version-history":[{"count":4,"href":"https:\/\/www.intoscana.it\/it\/wp-json\/wp\/v2\/posts\/440470\/revisions"}],"predecessor-version":[{"id":440478,"href":"https:\/\/www.intoscana.it\/it\/wp-json\/wp\/v2\/posts\/440470\/revisions\/440478"}],"wp:featuredmedia":[{"embeddable":true,"href":"https:\/\/www.intoscana.it\/it\/wp-json\/wp\/v2\/media\/440471"}],"wp:attachment":[{"href":"https:\/\/www.intoscana.it\/it\/wp-json\/wp\/v2\/media?parent=440470"}],"wp:term":[{"taxonomy":"category","embeddable":true,"href":"https:\/\/www.intoscana.it\/it\/wp-json\/wp\/v2\/categories?post=440470"},{"taxonomy":"post_tag","embeddable":true,"href":"https:\/\/www.intoscana.it\/it\/wp-json\/wp\/v2\/tags?post=440470"}],"curies":[{"name":"wp","href":"https:\/\/api.w.org\/{rel}","templated":true}]}}