{"id":440500,"date":"2026-09-03T09:37:46","date_gmt":"2026-09-03T07:37:46","guid":{"rendered":"https:\/\/www.intoscana.it\/it\/?p=440500"},"modified":"2026-09-03T09:37:46","modified_gmt":"2026-09-03T07:37:46","slug":"andrea-lanfri-atleta-paralimpico-himalaya","status":"publish","type":"post","link":"https:\/\/www.intoscana.it\/it\/andrea-lanfri-atleta-paralimpico-himalaya\/","title":{"rendered":"Una nuova impresa per Andrea Lanfri: l&#8217;atleta paralimpico torna sull&#8217;Himalaya"},"content":{"rendered":"<p>\u00c8 iniziata la nuova avventura himalayana di A<strong>ndrea Lanfri, l&#8217;atleta paralimpico e alpinista di Lucca<\/strong>, che si appresta a raggiungere il <strong>Manaslu, 8.163 metri<\/strong>, l&#8217;ottava montagna pi\u00f9 alta della terra. Dopo l&#8217;impresa <a href=\"https:\/\/www.intoscana.it\/it\/andrea-lanfri-everest\/\" target=\"_blank\" rel=\"noopener\">sull&#8217;Everest nel 2022<\/a>, Lanfri torna cos\u00ec a confrontarsi con gli 8.000 metri, intraprendendo una nuova spedizione che lo vedr\u00e0 impegnato per tutto il mese di settembre sulle montagne del Nepal.<\/p>\n<h3>La nuova sfida: gli 8.163 metei del Manaslu<\/h3>\n<p>Partito dall&#8217;Italia il 28 agosto, Andrea <strong>ha raggiunto Kathmandu il 30 agosto,<\/strong> dove ha trascorso alcuni giorni per preparare materiali e attrezzatura prima di dirigersi verso la montagna. La spedizione \u00e8 organizzata con Satori Expedition e vedr\u00e0 Lanfri unirsi anche ad alcuni amici e compagni nepalesi. Questa volta la sfida sar\u00e0 il <strong>Manaslu, una montagna che, con i suoi 8.163 metri,<\/strong> rappresenta uno degli obiettivi pi\u00f9 importanti della sua carriera alpinistica.<mark><em>&#8220;Dopo l&#8217;Everest avevo bisogno di una nuova sfida. Tornare sugli 8.000 metri significa mettermi nuovamente alla prova, fisicamente e soprattutto mentalmente.<\/em><\/mark><em> Il Manaslu \u00e8 una montagna completamente diversa e so che mi aspetta una grande avventura&#8221; <\/em>ha detto Lanfri.<\/p>\n<p>La spedizione non rappresenta soltanto una nuova cima da raggiungere, ma un ulteriore capitolo di un percorso iniziato anni fa e costruito attraverso<strong> sport, alpinismo e continua ricerca dei propri limiti.<\/strong> Il rientro in Italia \u00e8 previsto per met\u00e0 ottobre, al termine di un viaggio che accompagner\u00e0 Lanfri per diverse settimane tra preparazione, acclimatamento e tentativo di vetta.<\/p>\n<figure id=\"post-228696 media-228696\" class=\"align-none\">\n<p><figure style=\"width: 1440px\" class=\"wp-caption alignnone\"><img loading=\"lazy\" decoding=\"async\" src=\"https:\/\/www.intoscana.it\/wp-content\/uploads\/andrea-lanfri-everest-2.jpg\" alt=\"\" width=\"1440\" height=\"1440\" \/><figcaption class=\"wp-caption-text\">Andrea Lanfri sull\u2019Everest &#8211; \u00a9 Andrea Lanfri Facebook<\/figcaption><\/figure><\/figure>\n<h3>Le imprese di Lanfri<\/h3>\n<p>Un&#8217;altra impresa straordinaria per Lanfri, che nel 2015 a causa di una<strong> meningite fulminante con sepsi meningococcica<\/strong>, ha perso tutte e due le gambe sotto il ginocchio e sette dita delle mani. Da sempre appassionato di outdoor e montagna, Lanfri ha scalato alcune tra le maggiori vette del mondo: non solo<strong> l\u2019Everest (8849 metri) ma anche il Putha Hiunchuli (7246 metri) in Nepal nel 2021 e l\u2019Aconcagua (6961 metri),<\/strong> in Argentina, nel 2023. Nel maggio 2024, il Denali in Alaska (6190 metri) e il <strong>monte Elbrus<\/strong>, ben 5642 metri, nel Caucaso.<\/p>\n","protected":false},"excerpt":{"rendered":"<p>L&#8217;alpinista lucchese si appresta a scalare in Nepal il Manuslu, che con i suoi 8.163 metri \u00e8 l&#8217;ottava montagna pi\u00f9 alta del mondo<\/p>\n","protected":false},"author":525,"featured_media":228701,"comment_status":"open","ping_status":"open","sticky":false,"template":"","format":"standard","meta":{"_acf_changed":false,"footnotes":""},"categories":[4],"tags":[6147,159],"class_list":["post-440500","post","type-post","status-publish","format-standard","has-post-thumbnail","hentry","category-storie","tag-paralimpiadi","tag-sport"],"acf":[],"yoast_head":"<!-- This site is optimized with the Yoast SEO Premium plugin v24.2 (Yoast SEO v25.6) - https:\/\/yoast.com\/wordpress\/plugins\/seo\/ -->\n<title>Una nuova impresa per Andrea Lanfri: l&#039;atleta paralimpico torna sull&#039;Himalaya - intoscana<\/title>\n<meta name=\"description\" content=\"L&#039;atleta paralimpico e alpinista lucchese Andrea Lanfri scaler\u00e0 il Manuslu (8.163 metri), che \u00e8 l&#039;ottava montagna pi\u00f9 alta del mondo.\" \/>\n<meta name=\"robots\" content=\"index, follow, max-snippet:-1, max-image-preview:large, max-video-preview:-1\" \/>\n<link rel=\"canonical\" href=\"https:\/\/www.intoscana.it\/it\/andrea-lanfri-atleta-paralimpico-himalaya\/\" \/>\n<meta property=\"og:locale\" content=\"it_IT\" \/>\n<meta property=\"og:type\" content=\"article\" \/>\n<meta property=\"og:title\" content=\"Una nuova impresa per Andrea Lanfri: l&#039;atleta paralimpico torna sull&#039;Himalaya\" \/>\n<meta property=\"og:description\" content=\"L&#039;atleta paralimpico e alpinista lucchese Andrea Lanfri scaler\u00e0 il Manuslu (8.163 metri), che \u00e8 l&#039;ottava montagna pi\u00f9 alta del mondo.\" \/>\n<meta property=\"og:url\" content=\"https:\/\/www.intoscana.it\/it\/andrea-lanfri-atleta-paralimpico-himalaya\/\" \/>\n<meta property=\"og:site_name\" content=\"intoscana\" \/>\n<meta property=\"article:publisher\" content=\"https:\/\/www.facebook.com\/intoscana.it\" \/>\n<meta property=\"article:published_time\" content=\"2026-09-03T07:37:46+00:00\" \/>\n<meta property=\"og:image\" content=\"https:\/\/www.intoscana.it\/wp-content\/uploads\/everest-andrea-lanfri-1.jpg\" \/>\n\t<meta property=\"og:image:width\" content=\"1600\" \/>\n\t<meta property=\"og:image:height\" content=\"1066\" \/>\n\t<meta property=\"og:image:type\" content=\"image\/jpeg\" \/>\n<meta name=\"author\" content=\"Redazione\" \/>\n<meta name=\"twitter:card\" content=\"summary_large_image\" \/>\n<meta name=\"twitter:creator\" content=\"@intoscana\" \/>\n<meta name=\"twitter:site\" content=\"@intoscana\" \/>\n<meta name=\"twitter:label1\" content=\"Written by\" \/>\n\t<meta name=\"twitter:data1\" content=\"Redazione\" \/>\n\t<meta name=\"twitter:label2\" content=\"Est. reading time\" \/>\n\t<meta name=\"twitter:data2\" content=\"3 minuti\" \/>\n<script type=\"application\/ld+json\" class=\"yoast-schema-graph\">{\"@context\":\"https:\/\/schema.org\",\"@graph\":[{\"@type\":\"WebPage\",\"@id\":\"https:\/\/www.intoscana.it\/it\/andrea-lanfri-atleta-paralimpico-himalaya\/\",\"url\":\"https:\/\/www.intoscana.it\/it\/andrea-lanfri-atleta-paralimpico-himalaya\/\",\"name\":\"Una nuova impresa per Andrea Lanfri: l'atleta paralimpico torna sull'Himalaya - intoscana\",\"isPartOf\":{\"@id\":\"https:\/\/www.intoscana.it\/it\/#website\"},\"primaryImageOfPage\":{\"@id\":\"https:\/\/www.intoscana.it\/it\/andrea-lanfri-atleta-paralimpico-himalaya\/#primaryimage\"},\"image\":{\"@id\":\"https:\/\/www.intoscana.it\/it\/andrea-lanfri-atleta-paralimpico-himalaya\/#primaryimage\"},\"thumbnailUrl\":\"https:\/\/www.intoscana.it\/wp-content\/uploads\/everest-andrea-lanfri-1.jpg\",\"datePublished\":\"2026-09-03T07:37:46+00:00\",\"author\":{\"@id\":\"https:\/\/www.intoscana.it\/it\/#\/schema\/person\/9223810753230f20bd670fdd322661f8\"},\"description\":\"L'atleta paralimpico e alpinista lucchese Andrea Lanfri scaler\u00e0 il Manuslu (8.163 metri), che \u00e8 l'ottava montagna pi\u00f9 alta del mondo.\",\"breadcrumb\":{\"@id\":\"https:\/\/www.intoscana.it\/it\/andrea-lanfri-atleta-paralimpico-himalaya\/#breadcrumb\"},\"inLanguage\":\"it-IT\",\"potentialAction\":[{\"@type\":\"ReadAction\",\"target\":[\"https:\/\/www.intoscana.it\/it\/andrea-lanfri-atleta-paralimpico-himalaya\/\"]}]},{\"@type\":\"ImageObject\",\"inLanguage\":\"it-IT\",\"@id\":\"https:\/\/www.intoscana.it\/it\/andrea-lanfri-atleta-paralimpico-himalaya\/#primaryimage\",\"url\":\"https:\/\/www.intoscana.it\/wp-content\/uploads\/everest-andrea-lanfri-1.jpg\",\"contentUrl\":\"https:\/\/www.intoscana.it\/wp-content\/uploads\/everest-andrea-lanfri-1.jpg\",\"width\":1600,\"height\":1066,\"caption\":\"Andrea Lanfri sull'Everest\"},{\"@type\":\"BreadcrumbList\",\"@id\":\"https:\/\/www.intoscana.it\/it\/andrea-lanfri-atleta-paralimpico-himalaya\/#breadcrumb\",\"itemListElement\":[{\"@type\":\"ListItem\",\"position\":1,\"name\":\"Home\",\"item\":\"https:\/\/www.intoscana.it\/it\/\"},{\"@type\":\"ListItem\",\"position\":2,\"name\":\"Una nuova impresa per Andrea Lanfri: l&#8217;atleta paralimpico torna sull&#8217;Himalaya\"}]},{\"@type\":\"WebSite\",\"@id\":\"https:\/\/www.intoscana.it\/it\/#website\",\"url\":\"https:\/\/www.intoscana.it\/it\/\",\"name\":\"intoscana\",\"description\":\"\",\"potentialAction\":[{\"@type\":\"SearchAction\",\"target\":{\"@type\":\"EntryPoint\",\"urlTemplate\":\"https:\/\/www.intoscana.it\/it\/?s={search_term_string}\"},\"query-input\":{\"@type\":\"PropertyValueSpecification\",\"valueRequired\":true,\"valueName\":\"search_term_string\"}}],\"inLanguage\":\"it-IT\"},{\"@type\":\"Person\",\"@id\":\"https:\/\/www.intoscana.it\/it\/#\/schema\/person\/9223810753230f20bd670fdd322661f8\",\"name\":\"Redazione\",\"url\":\"https:\/\/www.intoscana.it\/it\/author\/redazione\/\"}]}<\/script>\n<!-- \/ Yoast SEO Premium plugin. -->","yoast_head_json":{"title":"Una nuova impresa per Andrea Lanfri: l'atleta paralimpico torna sull'Himalaya - intoscana","description":"L'atleta paralimpico e alpinista lucchese Andrea Lanfri scaler\u00e0 il Manuslu (8.163 metri), che \u00e8 l'ottava montagna pi\u00f9 alta del mondo.","robots":{"index":"index","follow":"follow","max-snippet":"max-snippet:-1","max-image-preview":"max-image-preview:large","max-video-preview":"max-video-preview:-1"},"canonical":"https:\/\/www.intoscana.it\/it\/andrea-lanfri-atleta-paralimpico-himalaya\/","og_locale":"it_IT","og_type":"article","og_title":"Una nuova impresa per Andrea Lanfri: l'atleta paralimpico torna sull'Himalaya","og_description":"L'atleta paralimpico e alpinista lucchese Andrea Lanfri scaler\u00e0 il Manuslu (8.163 metri), che \u00e8 l'ottava montagna pi\u00f9 alta del mondo.","og_url":"https:\/\/www.intoscana.it\/it\/andrea-lanfri-atleta-paralimpico-himalaya\/","og_site_name":"intoscana","article_publisher":"https:\/\/www.facebook.com\/intoscana.it","article_published_time":"2026-09-03T07:37:46+00:00","og_image":[{"width":1600,"height":1066,"url":"https:\/\/www.intoscana.it\/wp-content\/uploads\/everest-andrea-lanfri-1.jpg","type":"image\/jpeg"}],"author":"Redazione","twitter_card":"summary_large_image","twitter_creator":"@intoscana","twitter_site":"@intoscana","twitter_misc":{"Written by":"Redazione","Est. reading time":"3 minuti"},"schema":{"@context":"https:\/\/schema.org","@graph":[{"@type":"WebPage","@id":"https:\/\/www.intoscana.it\/it\/andrea-lanfri-atleta-paralimpico-himalaya\/","url":"https:\/\/www.intoscana.it\/it\/andrea-lanfri-atleta-paralimpico-himalaya\/","name":"Una nuova impresa per Andrea Lanfri: l'atleta paralimpico torna sull'Himalaya - intoscana","isPartOf":{"@id":"https:\/\/www.intoscana.it\/it\/#website"},"primaryImageOfPage":{"@id":"https:\/\/www.intoscana.it\/it\/andrea-lanfri-atleta-paralimpico-himalaya\/#primaryimage"},"image":{"@id":"https:\/\/www.intoscana.it\/it\/andrea-lanfri-atleta-paralimpico-himalaya\/#primaryimage"},"thumbnailUrl":"https:\/\/www.intoscana.it\/wp-content\/uploads\/everest-andrea-lanfri-1.jpg","datePublished":"2026-09-03T07:37:46+00:00","author":{"@id":"https:\/\/www.intoscana.it\/it\/#\/schema\/person\/9223810753230f20bd670fdd322661f8"},"description":"L'atleta paralimpico e alpinista lucchese Andrea Lanfri scaler\u00e0 il Manuslu (8.163 metri), che \u00e8 l'ottava montagna pi\u00f9 alta del mondo.","breadcrumb":{"@id":"https:\/\/www.intoscana.it\/it\/andrea-lanfri-atleta-paralimpico-himalaya\/#breadcrumb"},"inLanguage":"it-IT","potentialAction":[{"@type":"ReadAction","target":["https:\/\/www.intoscana.it\/it\/andrea-lanfri-atleta-paralimpico-himalaya\/"]}]},{"@type":"ImageObject","inLanguage":"it-IT","@id":"https:\/\/www.intoscana.it\/it\/andrea-lanfri-atleta-paralimpico-himalaya\/#primaryimage","url":"https:\/\/www.intoscana.it\/wp-content\/uploads\/everest-andrea-lanfri-1.jpg","contentUrl":"https:\/\/www.intoscana.it\/wp-content\/uploads\/everest-andrea-lanfri-1.jpg","width":1600,"height":1066,"caption":"Andrea Lanfri sull'Everest"},{"@type":"BreadcrumbList","@id":"https:\/\/www.intoscana.it\/it\/andrea-lanfri-atleta-paralimpico-himalaya\/#breadcrumb","itemListElement":[{"@type":"ListItem","position":1,"name":"Home","item":"https:\/\/www.intoscana.it\/it\/"},{"@type":"ListItem","position":2,"name":"Una nuova impresa per Andrea Lanfri: l&#8217;atleta paralimpico torna sull&#8217;Himalaya"}]},{"@type":"WebSite","@id":"https:\/\/www.intoscana.it\/it\/#website","url":"https:\/\/www.intoscana.it\/it\/","name":"intoscana","description":"","potentialAction":[{"@type":"SearchAction","target":{"@type":"EntryPoint","urlTemplate":"https:\/\/www.intoscana.it\/it\/?s={search_term_string}"},"query-input":{"@type":"PropertyValueSpecification","valueRequired":true,"valueName":"search_term_string"}}],"inLanguage":"it-IT"},{"@type":"Person","@id":"https:\/\/www.intoscana.it\/it\/#\/schema\/person\/9223810753230f20bd670fdd322661f8","name":"Redazione","url":"https:\/\/www.intoscana.it\/it\/author\/redazione\/"}]}},"_links":{"self":[{"href":"https:\/\/www.intoscana.it\/it\/wp-json\/wp\/v2\/posts\/440500","targetHints":{"allow":["GET"]}}],"collection":[{"href":"https:\/\/www.intoscana.it\/it\/wp-json\/wp\/v2\/posts"}],"about":[{"href":"https:\/\/www.intoscana.it\/it\/wp-json\/wp\/v2\/types\/post"}],"author":[{"embeddable":true,"href":"https:\/\/www.intoscana.it\/it\/wp-json\/wp\/v2\/users\/525"}],"replies":[{"embeddable":true,"href":"https:\/\/www.intoscana.it\/it\/wp-json\/wp\/v2\/comments?post=440500"}],"version-history":[{"count":5,"href":"https:\/\/www.intoscana.it\/it\/wp-json\/wp\/v2\/posts\/440500\/revisions"}],"predecessor-version":[{"id":440510,"href":"https:\/\/www.intoscana.it\/it\/wp-json\/wp\/v2\/posts\/440500\/revisions\/440510"}],"wp:featuredmedia":[{"embeddable":true,"href":"https:\/\/www.intoscana.it\/it\/wp-json\/wp\/v2\/media\/228701"}],"wp:attachment":[{"href":"https:\/\/www.intoscana.it\/it\/wp-json\/wp\/v2\/media?parent=440500"}],"wp:term":[{"taxonomy":"category","embeddable":true,"href":"https:\/\/www.intoscana.it\/it\/wp-json\/wp\/v2\/categories?post=440500"},{"taxonomy":"post_tag","embeddable":true,"href":"https:\/\/www.intoscana.it\/it\/wp-json\/wp\/v2\/tags?post=440500"}],"curies":[{"name":"wp","href":"https:\/\/api.w.org\/{rel}","templated":true}]}}