{"id":440529,"date":"2026-09-03T13:10:48","date_gmt":"2026-09-03T11:10:48","guid":{"rendered":"https:\/\/www.intoscana.it\/it\/?p=440529"},"modified":"2026-09-03T13:10:48","modified_gmt":"2026-09-03T11:10:48","slug":"cirk-fantastik-torna-a-firenze-per-la-20a-edizione-costellazioni-39-spettacoli-di-compagnie-internazionali","status":"publish","type":"post","link":"https:\/\/www.intoscana.it\/it\/cirk-fantastik-torna-a-firenze-per-la-20a-edizione-costellazioni-39-spettacoli-di-compagnie-internazionali\/","title":{"rendered":"Cirk Fantastik! torna a Firenze per la 20\u00aa edizione &#8220;Costellazioni&#8221;: 39 spettacoli di compagnie internazionali"},"content":{"rendered":"<p>Firenze si prepara ad accogliere la<strong> ventesima edizione di Cirk Fantastik!,<\/strong> il festival dedicato al circo contemporaneo che <strong>dal 10 al 20 settembre porter\u00e0 al parco delle Cascine e al prato del Quercione<\/strong> un ricco programma di <strong>spettacoli, performance, musica e attivit\u00e0 per tutte le et\u00e0.<\/strong><\/p>\n<p>Un\u2019anteprima \u00e8 in programma il<strong> 6 settembre alle 19 in piazza Matteotti a Scandicci<\/strong>, con <strong><em>Cuore Matto<\/em><\/strong> di Selvaggia Mezzapesa, spettacolo che unisce acrobatica aerea, danza, teatro e musica dal vivo.<\/p>\n<p>Per celebrare il ventennale, il festival ospiter\u00e0<strong> tre chapiteaux, 39 spettacoli di compagnie nazionali e internazionali e 73 repliche<\/strong>, insieme a un teatro su ruote, concerti gratuiti, work in progress, incontri, dj set, laboratori per bambini e bambine e un\u2019area ristoro con food truck e Circus Bar.<\/p>\n<p>Il tema scelto per questa edizione \u00e8<strong><em> \u201cCostellazioni\u201d<\/em><\/strong>, un intreccio di linguaggi e visioni artistiche che guarda al presente attraverso il circo e le arti performative.<\/p>\n<p>Tra gli ospiti principali c\u2019\u00e8 la<strong> compagnia italo-francese My!Laika,<\/strong> protagonista della scena europea, che presenter\u00e0 tre lavori.<strong><em> La Soir\u00e9e,<\/em><\/strong> cabaret circense eccentrico e surreale liberamente ispirato a La Bal di Ettore Scola, sar\u00e0 in scena l\u201911 e 12 settembre; <strong><em>Winter,<\/em> dal 17 al 20 settembre<\/strong>, proporr\u00e0 invece un viaggio tra magia, ironia e riflessioni sulla condizione umana, mentre <strong><em>Tre Storie<\/em><\/strong>, il 19 e 20 settembre, rilegger\u00e0 in chiave contemporanea il teatro di figura.<\/p>\n<p>Torna anche <strong>Circo Madera,<\/strong> con <strong><em>L\u2019Orfeo \u2013 Epic Night Show,<\/em> <\/strong>rilettura del mito di Orfeo ed Euridice tra musica, circo e teatro, e con la nuova creazione Scartabaret. Per un\u2019ecologia artistica, dedicata al riuso creativo. Nel programma anche <strong>Bip, Cheap Chips e A ruota libera di Roberto Sblattero.<\/strong><\/p>\n<figure id=\"post-440535 media-440535\" class=\"align-none\"><img decoding=\"async\" src=\"https:\/\/www.intoscana.it\/wp-content\/uploads\/MyLaika-_-Winter-2-1.jpg\" alt=\"\" \/><\/figure>\n<div class=\"titleimg\">MyLaika _ Winter<\/div>\n<h3>Le partecipazioni internazionali<\/h3>\n<p><strong>Numerose le presenze internazionali<\/strong>. La<strong> compagnia svizzera Tita8lou<\/strong> porter\u00e0<strong><em> Siku. Vita e morte al Polo Nord,<\/em><\/strong> spettacolo tra clownerie e riflessione sulla cultura Inuit e sulla storia delle esplorazioni artiche.<\/p>\n<p>Dalla Spagna arrivano <strong>Cia Memoria de Pez<\/strong>, con l\u2019omonimo spettacolo in anteprima nazionale, e<strong> Los Colga-Dos<\/strong>, mentre dalla Francia arriv<strong>a Cia Frutillas<\/strong> con Petit. Dal Sudamerica torna invece la compagnia<strong> A Tope,<\/strong> con <strong><em>Prova di una catastrofe <\/em><\/strong>e<strong><em> Shhh! Una onomatopea fisica.<\/em><\/strong><\/p>\n<p>Spazio anche alle nuove generazioni del circo contemporaneo, con <strong>Lupa Maimone <\/strong>della compagnia Oltrenotte, che presenter\u00e0<strong><em> Finzioni,<\/em> <\/strong>progetto multidisciplinare vincitore del Bando Trampolino Vetrina 2025.<\/p>\n<p>Tra gli altri appuntamenti figurano <strong>Bruna per carit\u00e0 di Tedavi\u201998,<\/strong> le performance del <strong>Duo CIRCOlante e di Circo Bottoni<\/strong>, oltre a numerosi spettacoli di circo di strada, acrobatica, giocoleria e clownerie.<\/p>\n<p>Il festival non sar\u00e0 per\u00f2 soltanto spettacolo. Grazie al sostegno di Fondazione CR Firenze, sar\u00e0 possibile visitare gratuitamente la mostra fotografica <strong><em>In viaggio con Cirk Fantastik! Dal 2010 a oggi<\/em><\/strong>, che ripercorre attraverso le immagini oltre quindici anni di attivit\u00e0 del festival.<\/p>\n<p><strong>Sempre gratuiti saranno i laboratori di circo dedicati a bambini e famiglie<\/strong>, in programma ogni giorno nel primo pomeriggio e pensati per avvicinare i pi\u00f9 piccoli alle discipline circensi attraverso gioco, movimento e creativit\u00e0.<\/p>\n<p>Cirk Fantastik! sar\u00e0 inoltre luogo di <strong>confronto su temi sociali e territoriali.<\/strong> Tra gli incontri in programma, quello del<strong> 12 settembre<\/strong> dedicato al <strong>futuro dell\u2019area Ex OGR<\/strong> e, il <strong>13 settembre<\/strong>,<strong> La Palestina comincia da noi: cosa possiamo fare oggi<\/strong>, un momento di ascolto e solidariet\u00e0 dedicato ai bambini e alle famiglie gazawi arrivate a Firenze attraverso i corridoi sanitari.<\/p>\n<div class=\"titleimg\">\n<figure id=\"post-440536 media-440536\" class=\"align-none\"><img decoding=\"async\" src=\"https:\/\/www.intoscana.it\/wp-content\/uploads\/Orfeos-Epic-Night-Live-Show-_-Circo-Madera-2-e1788432640760.jpeg\" alt=\"\" \/><\/figure>\n<div class=\"titleimg\">Orfeos \u2013 Epic Night Live Show _ Circo Madera (2)<\/div>\n<\/div>\n","protected":false},"excerpt":{"rendered":"<p>Dal 10 al 20 settembre alle Cascine 39 spettacoli e 73 repliche con compagnie italiane e internazionali. Anteprima il 6 settembre a Scandicci, tra acrobazie, teatro, musica e laboratori gratuiti per famiglie<\/p>\n","protected":false},"author":525,"featured_media":440532,"comment_status":"open","ping_status":"open","sticky":false,"template":"","format":"standard","meta":{"_acf_changed":false,"footnotes":""},"categories":[493],"tags":[228,202,151],"class_list":["post-440529","post","type-post","status-publish","format-standard","has-post-thumbnail","hentry","category-cultura","tag-festival","tag-firenze","tag-regione-toscana"],"acf":[],"yoast_head":"<!-- This site is optimized with the Yoast SEO Premium plugin v24.2 (Yoast SEO v25.6) - https:\/\/yoast.com\/wordpress\/plugins\/seo\/ -->\n<title>Cirk Fantastik! torna a Firenze per la 20\u00aa edizione &quot;Costellazioni&quot;: 39 spettacoli di compagnie internazionali - intoscana<\/title>\n<meta name=\"description\" content=\"Dal 10 al 20 settembre alle Cascine 39 spettacoli e 73 repliche con compagnie italiane e internazionali. Anteprima il 6 a Scandicci\" \/>\n<meta name=\"robots\" content=\"index, follow, max-snippet:-1, max-image-preview:large, max-video-preview:-1\" \/>\n<link rel=\"canonical\" href=\"https:\/\/www.intoscana.it\/it\/cirk-fantastik-torna-a-firenze-per-la-20a-edizione-costellazioni-39-spettacoli-di-compagnie-internazionali\/\" \/>\n<meta property=\"og:locale\" content=\"it_IT\" \/>\n<meta property=\"og:type\" content=\"article\" \/>\n<meta property=\"og:title\" content=\"Cirk Fantastik! torna a Firenze per la 20\u00aa edizione &quot;Costellazioni&quot;: 39 spettacoli di compagnie internazionali\" \/>\n<meta property=\"og:description\" content=\"Dal 10 al 20 settembre alle Cascine 39 spettacoli e 73 repliche con compagnie italiane e internazionali. Anteprima il 6 a Scandicci\" \/>\n<meta property=\"og:url\" content=\"https:\/\/www.intoscana.it\/it\/cirk-fantastik-torna-a-firenze-per-la-20a-edizione-costellazioni-39-spettacoli-di-compagnie-internazionali\/\" \/>\n<meta property=\"og:site_name\" content=\"intoscana\" \/>\n<meta property=\"article:publisher\" content=\"https:\/\/www.facebook.com\/intoscana.it\" \/>\n<meta property=\"article:published_time\" content=\"2026-09-03T11:10:48+00:00\" \/>\n<meta property=\"og:image\" content=\"https:\/\/www.intoscana.it\/wp-content\/uploads\/Generiche-Cirk-Fantastik-5-1.jpg\" \/>\n\t<meta property=\"og:image:width\" content=\"2000\" \/>\n\t<meta property=\"og:image:height\" content=\"1334\" \/>\n\t<meta property=\"og:image:type\" content=\"image\/jpeg\" \/>\n<meta name=\"author\" content=\"Redazione\" \/>\n<meta name=\"twitter:card\" content=\"summary_large_image\" \/>\n<meta name=\"twitter:creator\" content=\"@intoscana\" \/>\n<meta name=\"twitter:site\" content=\"@intoscana\" \/>\n<meta name=\"twitter:label1\" content=\"Written by\" \/>\n\t<meta name=\"twitter:data1\" content=\"Redazione\" \/>\n\t<meta name=\"twitter:label2\" content=\"Est. reading time\" \/>\n\t<meta name=\"twitter:data2\" content=\"4 minuti\" \/>\n<script type=\"application\/ld+json\" class=\"yoast-schema-graph\">{\"@context\":\"https:\/\/schema.org\",\"@graph\":[{\"@type\":\"WebPage\",\"@id\":\"https:\/\/www.intoscana.it\/it\/cirk-fantastik-torna-a-firenze-per-la-20a-edizione-costellazioni-39-spettacoli-di-compagnie-internazionali\/\",\"url\":\"https:\/\/www.intoscana.it\/it\/cirk-fantastik-torna-a-firenze-per-la-20a-edizione-costellazioni-39-spettacoli-di-compagnie-internazionali\/\",\"name\":\"Cirk Fantastik! torna a Firenze per la 20\u00aa edizione \\\"Costellazioni\\\": 39 spettacoli di compagnie internazionali - intoscana\",\"isPartOf\":{\"@id\":\"https:\/\/www.intoscana.it\/it\/#website\"},\"primaryImageOfPage\":{\"@id\":\"https:\/\/www.intoscana.it\/it\/cirk-fantastik-torna-a-firenze-per-la-20a-edizione-costellazioni-39-spettacoli-di-compagnie-internazionali\/#primaryimage\"},\"image\":{\"@id\":\"https:\/\/www.intoscana.it\/it\/cirk-fantastik-torna-a-firenze-per-la-20a-edizione-costellazioni-39-spettacoli-di-compagnie-internazionali\/#primaryimage\"},\"thumbnailUrl\":\"https:\/\/www.intoscana.it\/wp-content\/uploads\/Generiche-Cirk-Fantastik-5-1.jpg\",\"datePublished\":\"2026-09-03T11:10:48+00:00\",\"author\":{\"@id\":\"https:\/\/www.intoscana.it\/it\/#\/schema\/person\/9223810753230f20bd670fdd322661f8\"},\"description\":\"Dal 10 al 20 settembre alle Cascine 39 spettacoli e 73 repliche con compagnie italiane e internazionali. Anteprima il 6 a Scandicci\",\"breadcrumb\":{\"@id\":\"https:\/\/www.intoscana.it\/it\/cirk-fantastik-torna-a-firenze-per-la-20a-edizione-costellazioni-39-spettacoli-di-compagnie-internazionali\/#breadcrumb\"},\"inLanguage\":\"it-IT\",\"potentialAction\":[{\"@type\":\"ReadAction\",\"target\":[\"https:\/\/www.intoscana.it\/it\/cirk-fantastik-torna-a-firenze-per-la-20a-edizione-costellazioni-39-spettacoli-di-compagnie-internazionali\/\"]}]},{\"@type\":\"ImageObject\",\"inLanguage\":\"it-IT\",\"@id\":\"https:\/\/www.intoscana.it\/it\/cirk-fantastik-torna-a-firenze-per-la-20a-edizione-costellazioni-39-spettacoli-di-compagnie-internazionali\/#primaryimage\",\"url\":\"https:\/\/www.intoscana.it\/wp-content\/uploads\/Generiche-Cirk-Fantastik-5-1.jpg\",\"contentUrl\":\"https:\/\/www.intoscana.it\/wp-content\/uploads\/Generiche-Cirk-Fantastik-5-1.jpg\",\"width\":2000,\"height\":1334},{\"@type\":\"BreadcrumbList\",\"@id\":\"https:\/\/www.intoscana.it\/it\/cirk-fantastik-torna-a-firenze-per-la-20a-edizione-costellazioni-39-spettacoli-di-compagnie-internazionali\/#breadcrumb\",\"itemListElement\":[{\"@type\":\"ListItem\",\"position\":1,\"name\":\"Home\",\"item\":\"https:\/\/www.intoscana.it\/it\/\"},{\"@type\":\"ListItem\",\"position\":2,\"name\":\"Cirk Fantastik! torna a Firenze per la 20\u00aa edizione &#8220;Costellazioni&#8221;: 39 spettacoli di compagnie internazionali\"}]},{\"@type\":\"WebSite\",\"@id\":\"https:\/\/www.intoscana.it\/it\/#website\",\"url\":\"https:\/\/www.intoscana.it\/it\/\",\"name\":\"intoscana\",\"description\":\"\",\"potentialAction\":[{\"@type\":\"SearchAction\",\"target\":{\"@type\":\"EntryPoint\",\"urlTemplate\":\"https:\/\/www.intoscana.it\/it\/?s={search_term_string}\"},\"query-input\":{\"@type\":\"PropertyValueSpecification\",\"valueRequired\":true,\"valueName\":\"search_term_string\"}}],\"inLanguage\":\"it-IT\"},{\"@type\":\"Person\",\"@id\":\"https:\/\/www.intoscana.it\/it\/#\/schema\/person\/9223810753230f20bd670fdd322661f8\",\"name\":\"Redazione\",\"url\":\"https:\/\/www.intoscana.it\/it\/author\/redazione\/\"}]}<\/script>\n<!-- \/ Yoast SEO Premium plugin. -->","yoast_head_json":{"title":"Cirk Fantastik! torna a Firenze per la 20\u00aa edizione \"Costellazioni\": 39 spettacoli di compagnie internazionali - intoscana","description":"Dal 10 al 20 settembre alle Cascine 39 spettacoli e 73 repliche con compagnie italiane e internazionali. Anteprima il 6 a Scandicci","robots":{"index":"index","follow":"follow","max-snippet":"max-snippet:-1","max-image-preview":"max-image-preview:large","max-video-preview":"max-video-preview:-1"},"canonical":"https:\/\/www.intoscana.it\/it\/cirk-fantastik-torna-a-firenze-per-la-20a-edizione-costellazioni-39-spettacoli-di-compagnie-internazionali\/","og_locale":"it_IT","og_type":"article","og_title":"Cirk Fantastik! torna a Firenze per la 20\u00aa edizione \"Costellazioni\": 39 spettacoli di compagnie internazionali","og_description":"Dal 10 al 20 settembre alle Cascine 39 spettacoli e 73 repliche con compagnie italiane e internazionali. Anteprima il 6 a Scandicci","og_url":"https:\/\/www.intoscana.it\/it\/cirk-fantastik-torna-a-firenze-per-la-20a-edizione-costellazioni-39-spettacoli-di-compagnie-internazionali\/","og_site_name":"intoscana","article_publisher":"https:\/\/www.facebook.com\/intoscana.it","article_published_time":"2026-09-03T11:10:48+00:00","og_image":[{"width":2000,"height":1334,"url":"https:\/\/www.intoscana.it\/wp-content\/uploads\/Generiche-Cirk-Fantastik-5-1.jpg","type":"image\/jpeg"}],"author":"Redazione","twitter_card":"summary_large_image","twitter_creator":"@intoscana","twitter_site":"@intoscana","twitter_misc":{"Written by":"Redazione","Est. reading time":"4 minuti"},"schema":{"@context":"https:\/\/schema.org","@graph":[{"@type":"WebPage","@id":"https:\/\/www.intoscana.it\/it\/cirk-fantastik-torna-a-firenze-per-la-20a-edizione-costellazioni-39-spettacoli-di-compagnie-internazionali\/","url":"https:\/\/www.intoscana.it\/it\/cirk-fantastik-torna-a-firenze-per-la-20a-edizione-costellazioni-39-spettacoli-di-compagnie-internazionali\/","name":"Cirk Fantastik! torna a Firenze per la 20\u00aa edizione \"Costellazioni\": 39 spettacoli di compagnie internazionali - intoscana","isPartOf":{"@id":"https:\/\/www.intoscana.it\/it\/#website"},"primaryImageOfPage":{"@id":"https:\/\/www.intoscana.it\/it\/cirk-fantastik-torna-a-firenze-per-la-20a-edizione-costellazioni-39-spettacoli-di-compagnie-internazionali\/#primaryimage"},"image":{"@id":"https:\/\/www.intoscana.it\/it\/cirk-fantastik-torna-a-firenze-per-la-20a-edizione-costellazioni-39-spettacoli-di-compagnie-internazionali\/#primaryimage"},"thumbnailUrl":"https:\/\/www.intoscana.it\/wp-content\/uploads\/Generiche-Cirk-Fantastik-5-1.jpg","datePublished":"2026-09-03T11:10:48+00:00","author":{"@id":"https:\/\/www.intoscana.it\/it\/#\/schema\/person\/9223810753230f20bd670fdd322661f8"},"description":"Dal 10 al 20 settembre alle Cascine 39 spettacoli e 73 repliche con compagnie italiane e internazionali. Anteprima il 6 a Scandicci","breadcrumb":{"@id":"https:\/\/www.intoscana.it\/it\/cirk-fantastik-torna-a-firenze-per-la-20a-edizione-costellazioni-39-spettacoli-di-compagnie-internazionali\/#breadcrumb"},"inLanguage":"it-IT","potentialAction":[{"@type":"ReadAction","target":["https:\/\/www.intoscana.it\/it\/cirk-fantastik-torna-a-firenze-per-la-20a-edizione-costellazioni-39-spettacoli-di-compagnie-internazionali\/"]}]},{"@type":"ImageObject","inLanguage":"it-IT","@id":"https:\/\/www.intoscana.it\/it\/cirk-fantastik-torna-a-firenze-per-la-20a-edizione-costellazioni-39-spettacoli-di-compagnie-internazionali\/#primaryimage","url":"https:\/\/www.intoscana.it\/wp-content\/uploads\/Generiche-Cirk-Fantastik-5-1.jpg","contentUrl":"https:\/\/www.intoscana.it\/wp-content\/uploads\/Generiche-Cirk-Fantastik-5-1.jpg","width":2000,"height":1334},{"@type":"BreadcrumbList","@id":"https:\/\/www.intoscana.it\/it\/cirk-fantastik-torna-a-firenze-per-la-20a-edizione-costellazioni-39-spettacoli-di-compagnie-internazionali\/#breadcrumb","itemListElement":[{"@type":"ListItem","position":1,"name":"Home","item":"https:\/\/www.intoscana.it\/it\/"},{"@type":"ListItem","position":2,"name":"Cirk Fantastik! torna a Firenze per la 20\u00aa edizione &#8220;Costellazioni&#8221;: 39 spettacoli di compagnie internazionali"}]},{"@type":"WebSite","@id":"https:\/\/www.intoscana.it\/it\/#website","url":"https:\/\/www.intoscana.it\/it\/","name":"intoscana","description":"","potentialAction":[{"@type":"SearchAction","target":{"@type":"EntryPoint","urlTemplate":"https:\/\/www.intoscana.it\/it\/?s={search_term_string}"},"query-input":{"@type":"PropertyValueSpecification","valueRequired":true,"valueName":"search_term_string"}}],"inLanguage":"it-IT"},{"@type":"Person","@id":"https:\/\/www.intoscana.it\/it\/#\/schema\/person\/9223810753230f20bd670fdd322661f8","name":"Redazione","url":"https:\/\/www.intoscana.it\/it\/author\/redazione\/"}]}},"_links":{"self":[{"href":"https:\/\/www.intoscana.it\/it\/wp-json\/wp\/v2\/posts\/440529","targetHints":{"allow":["GET"]}}],"collection":[{"href":"https:\/\/www.intoscana.it\/it\/wp-json\/wp\/v2\/posts"}],"about":[{"href":"https:\/\/www.intoscana.it\/it\/wp-json\/wp\/v2\/types\/post"}],"author":[{"embeddable":true,"href":"https:\/\/www.intoscana.it\/it\/wp-json\/wp\/v2\/users\/525"}],"replies":[{"embeddable":true,"href":"https:\/\/www.intoscana.it\/it\/wp-json\/wp\/v2\/comments?post=440529"}],"version-history":[{"count":5,"href":"https:\/\/www.intoscana.it\/it\/wp-json\/wp\/v2\/posts\/440529\/revisions"}],"predecessor-version":[{"id":440570,"href":"https:\/\/www.intoscana.it\/it\/wp-json\/wp\/v2\/posts\/440529\/revisions\/440570"}],"wp:featuredmedia":[{"embeddable":true,"href":"https:\/\/www.intoscana.it\/it\/wp-json\/wp\/v2\/media\/440532"}],"wp:attachment":[{"href":"https:\/\/www.intoscana.it\/it\/wp-json\/wp\/v2\/media?parent=440529"}],"wp:term":[{"taxonomy":"category","embeddable":true,"href":"https:\/\/www.intoscana.it\/it\/wp-json\/wp\/v2\/categories?post=440529"},{"taxonomy":"post_tag","embeddable":true,"href":"https:\/\/www.intoscana.it\/it\/wp-json\/wp\/v2\/tags?post=440529"}],"curies":[{"name":"wp","href":"https:\/\/api.w.org\/{rel}","templated":true}]}}