{"id":440560,"date":"2026-09-03T13:30:37","date_gmt":"2026-09-03T11:30:37","guid":{"rendered":"https:\/\/www.intoscana.it\/it\/?p=440560"},"modified":"2026-09-03T13:31:31","modified_gmt":"2026-09-03T11:31:31","slug":"sanita-eccezionale-intervento-a-siena-eseguito-un-trapianto-combinato-cuore-e-rene","status":"publish","type":"post","link":"https:\/\/www.intoscana.it\/it\/sanita-eccezionale-intervento-a-siena-eseguito-un-trapianto-combinato-cuore-e-rene\/","title":{"rendered":"Sanit\u00e0, eccezionale intervento a Siena: eseguito un trapianto combinato cuore e rene"},"content":{"rendered":"<p>Un paziente affetto da grave insufficienza cardiaca associata a insufficienza renale cronica terminale ha ricevuto ad agosto un <strong>trapianto combinato di cuore e rene all\u2019Azienda ospedaliero-universitaria Senese,<\/strong> grazie ad un grande lavoro multidisciplinare. Prima \u00e8 stato impiantato il cuore e successivamente, dopo stabilizzazione in terapia intensiva, il rene, con risposta immediata dei due organi.<\/p>\n<p>Il paziente ha affrontato un ricovero di circa sette mesi in Cardiologia, diretta dalla professoressa Serafina Valente, durante il quale ha affrontato il percorso di preparazione e gestione clinica pre-operatoria in sinergia con il professor Guido Garosi, direttore della Nefrologia, Dialisi e Trapianto e direttore del Centro Trapianti rene dell\u2019Aou Senese.<\/p>\n<h3>Un intervento complesso<\/h3>\n<p><strong>Il paziente \u00e8 stato sottoposto al trapianto di cuore,<\/strong> eseguito dal dottor Massimo Maccherini, cardiochirurgo responsabile del Centro Trapianto Cuore, in collaborazione con gli specialisti cardiochirurghi Andrea Gambacciani e Sandro Sponga. Nel frattempo il rene destinato al trapianto \u00e8 stato collocato nella macchina da perfusione per consentire di estendere i tempi di ischemia fredda senza conseguenze negative per la funzione dell\u2019organo. Tale strategia ha consentito di <strong>preservare in modo ottimale il rene in attesa di valutare e stabilizzare le condizioni del ricevente<\/strong>, che \u00e8 stato quindi trasferito in Anestesia e Rianimazione Cardio-Toraco-Vascolare, diretta dal professor Federico Franchi, per un monitoraggio emodinamico stringente post-trapianto cardiaco. Una volta accertata la stabilit\u00e0 clinica del paziente \u00e8 stato effettuato il trapianto renale, condotto dal professor Li Marzi, in collaborazione con le dottoresse Vanessa Borgogni e Giuliana Ruggieri, che si \u00e8 concluso con <strong>un&#8217;immediata ripresa funzionale del rene.\u00a0<\/strong>Un iter complesso che ha visto la sinergia di numerose figure professionali.<\/p>\n<p><em>&#8220;In Italia si eseguono pochissimi trapianti combinati cuore-rene all&#8217;anno <\/em>\u2013 spiega il professor Li Marzi &#8211;<em>. <\/em><mark><em>Questo tipo di procedura rappresenta uno degli interventi chirurgici e clinici pi\u00f9 complessi in assoluto nell&#8217;ambito della medicina dei trapianti. <\/em><\/mark><em>L\u2019utilizzo delle macchine da perfusione renale rappresenta una svolta: ci permette non solo di valutare con precisione lo stato dell\u2019organo, ma anche di ricondizionarlo e \u201cproteggerlo\u201d in modo molto pi\u00f9 efficace rispetto alla classica conservazione in ghiaccio. Un\u2019opportunit\u00e0 tecnologica che, nel nostro caso, si \u00e8 rivelata molto utile&#8221;.<\/em><\/p>\n<p><em><strong>&#8220;Entrambi gli organi hanno risposto immediatamente,<\/strong> consentendo una rapida estubazione e il trasferimento del paziente in sub-intensiva in soli quattro giorni &#8211;<\/em> sottolinea il dottor Massimo Maccherini<em> &#8211; il decorso post-operatorio \u00e8 proseguito senza complicazioni, portando a una pronta dimissione del paziente. Lo scompenso cardiaco \u00e8 la prima causa di mortalit\u00e0 nel mondo occidentale, colpisce 1 milione di persone in Italia e circa 40mila nella sola Toscana. All\u2019Aou Senese, centro di riferimento regionale per la rete trapiantologica cardiaca, dal 1994 sono stati effettuati 533 trapianti di cuore (circa 20 l&#8217;anno) e installati 75 cuori artificiali.&#8221;<\/em><\/p>\n<h3>Il ringraziamento della Regione ai professionisti e al donatore<\/h3>\n<p>Il paziente \u00e8 gi\u00e0 stato dimesso e la Regione Toscana ringrazia il donatore e la famiglia, per il gesto di generosit\u00e0 che ha reso possibile un trapianto combinato, e le professioniste e i professionisti che lo hanno reso possibile.<\/p>\n<p><em>\u201cDonare un organo &#8211; <\/em>commentano <strong>il presidente Giani e l\u2019assessora alla sanit\u00e0, Monia Monni<\/strong> <em>&#8211; \u00e8 un atto di grande valore civile: consente di trasformare un momento di dolore in una possibilit\u00e0 concreta di cura e di vita per altri pazienti. Ma serve anche competenza e preparazione e il nostro sistema sanitario e le professioniste e professionisti coinvolte, che ringraziamo, hanno dimostrato di averne&#8221;.<\/em><\/p>\n<p><mark>Il precedente trapianto combinato cuore-rene in Toscana era stato effettuato nel 2010, sempre presso le Scotte di Siena che per questo tipo di interventi il centro di riferimento regionale.<\/mark> Sono pochissimi i trapianti di questo tipo realizzati ogni anno in Italia: la difficolt\u00e0 e complessit\u00e0 sono legati alla doppia e simultanea insufficienza d\u2019organo del ricevente.<\/p>\n<p><em>\u201cQuesto successo<\/em> \u2013 aggiunge Monni &#8211; <em>dimostra la forza della rete trapiantologica regionale e l\u2019eccellenza delle professioniste e dei professionisti del nostro sistema sanitario: dietro a un trapianto di questa complessit\u00e0 ci sono competenze, coordinamento e responsabilit\u00e0 clinica continua\u201d<\/em>. Resta il fatto che, s<strong>enza il gesto di altruismo iniziale che \u00e8 la donazione<\/strong>, tutto questo non sarebbe stato possibile. \u201cP<em>er questa ragione \u2013 <\/em>ripetono Giani e Monni<em> &#8211; al donatore e ai familiari va il nostro grazie pi\u00f9 sincero\u201d.<\/em><\/p>\n<p>Con c<strong>entoquattro donatori per milione di abitanti<\/strong>, un calo delle opposizioni dal 29% al 25% e una crescita del numero di chi in vita lascia indicazioni per la donazione (che oggi rappresenta il 65 per cento dei consensi), <mark>la Toscana si conferma nei primi sei mesi del 2026 ai vertici nazionali &#8211; e tra i livelli pi\u00f9 alti di attivit\u00e0 in Europa \u2013 per generosit\u00e0 e organizzazione del proprio sistema.<\/mark> Livelli raggiunti e mantenuti da dieci anni e che hanno visto nel 2026 un aumento del 10% dei donatori rispetto al primo semestre 2025.<\/p>\n","protected":false},"excerpt":{"rendered":"<p>La Regione ringrazie l&#8217;equipe multidisciplinare dell&#8217;Aou Senese e il donatore: la Toscana anche nel 2026 si conferma al vertice in Italia per la donazione di organi<\/p>\n","protected":false},"author":525,"featured_media":440565,"comment_status":"open","ping_status":"open","sticky":false,"template":"","format":"standard","meta":{"_acf_changed":false,"footnotes":""},"categories":[18],"tags":[4465,4857,349,5314],"class_list":["post-440560","post","type-post","status-publish","format-standard","has-post-thumbnail","hentry","category-salute","tag-donazione","tag-ospedali","tag-sanita","tag-trapianti"],"acf":[],"yoast_head":"<!-- This site is optimized with the Yoast SEO Premium plugin v24.2 (Yoast SEO v25.6) - https:\/\/yoast.com\/wordpress\/plugins\/seo\/ -->\n<title>Sanit\u00e0, eccezionale intervento a Siena: eseguito un trapianto combinato cuore e rene - intoscana<\/title>\n<meta name=\"robots\" content=\"index, follow, max-snippet:-1, max-image-preview:large, max-video-preview:-1\" \/>\n<link rel=\"canonical\" href=\"https:\/\/www.intoscana.it\/it\/sanita-eccezionale-intervento-a-siena-eseguito-un-trapianto-combinato-cuore-e-rene\/\" \/>\n<meta property=\"og:locale\" content=\"it_IT\" \/>\n<meta property=\"og:type\" content=\"article\" \/>\n<meta property=\"og:title\" content=\"Sanit\u00e0, eccezionale intervento a Siena: eseguito un trapianto combinato cuore e rene\" \/>\n<meta property=\"og:description\" content=\"La Regione ringrazie l&#039;equipe multidisciplinare dell&#039;Aou Senese e il donatore: la Toscana anche nel 2026 si conferma al vertice in Italia per la donazione di organi\" \/>\n<meta property=\"og:url\" content=\"https:\/\/www.intoscana.it\/it\/sanita-eccezionale-intervento-a-siena-eseguito-un-trapianto-combinato-cuore-e-rene\/\" \/>\n<meta property=\"og:site_name\" content=\"intoscana\" \/>\n<meta property=\"article:publisher\" content=\"https:\/\/www.facebook.com\/intoscana.it\" \/>\n<meta property=\"article:published_time\" content=\"2026-09-03T11:30:37+00:00\" \/>\n<meta property=\"article:modified_time\" content=\"2026-09-03T11:31:31+00:00\" \/>\n<meta property=\"og:image\" content=\"https:\/\/www.intoscana.it\/wp-content\/uploads\/veduta-ospedale-f.jpg\" \/>\n\t<meta property=\"og:image:width\" content=\"1200\" \/>\n\t<meta property=\"og:image:height\" content=\"900\" \/>\n\t<meta property=\"og:image:type\" content=\"image\/jpeg\" \/>\n<meta name=\"author\" content=\"Redazione\" \/>\n<meta name=\"twitter:card\" content=\"summary_large_image\" \/>\n<meta name=\"twitter:creator\" content=\"@intoscana\" \/>\n<meta name=\"twitter:site\" content=\"@intoscana\" \/>\n<meta name=\"twitter:label1\" content=\"Written by\" \/>\n\t<meta name=\"twitter:data1\" content=\"Redazione\" \/>\n\t<meta name=\"twitter:label2\" content=\"Est. reading time\" \/>\n\t<meta name=\"twitter:data2\" content=\"5 minuti\" \/>\n<script type=\"application\/ld+json\" class=\"yoast-schema-graph\">{\"@context\":\"https:\/\/schema.org\",\"@graph\":[{\"@type\":\"WebPage\",\"@id\":\"https:\/\/www.intoscana.it\/it\/sanita-eccezionale-intervento-a-siena-eseguito-un-trapianto-combinato-cuore-e-rene\/\",\"url\":\"https:\/\/www.intoscana.it\/it\/sanita-eccezionale-intervento-a-siena-eseguito-un-trapianto-combinato-cuore-e-rene\/\",\"name\":\"Sanit\u00e0, eccezionale intervento a Siena: eseguito un trapianto combinato cuore e rene - intoscana\",\"isPartOf\":{\"@id\":\"https:\/\/www.intoscana.it\/it\/#website\"},\"primaryImageOfPage\":{\"@id\":\"https:\/\/www.intoscana.it\/it\/sanita-eccezionale-intervento-a-siena-eseguito-un-trapianto-combinato-cuore-e-rene\/#primaryimage\"},\"image\":{\"@id\":\"https:\/\/www.intoscana.it\/it\/sanita-eccezionale-intervento-a-siena-eseguito-un-trapianto-combinato-cuore-e-rene\/#primaryimage\"},\"thumbnailUrl\":\"https:\/\/www.intoscana.it\/wp-content\/uploads\/veduta-ospedale-f.jpg\",\"datePublished\":\"2026-09-03T11:30:37+00:00\",\"dateModified\":\"2026-09-03T11:31:31+00:00\",\"author\":{\"@id\":\"https:\/\/www.intoscana.it\/it\/#\/schema\/person\/9223810753230f20bd670fdd322661f8\"},\"breadcrumb\":{\"@id\":\"https:\/\/www.intoscana.it\/it\/sanita-eccezionale-intervento-a-siena-eseguito-un-trapianto-combinato-cuore-e-rene\/#breadcrumb\"},\"inLanguage\":\"it-IT\",\"potentialAction\":[{\"@type\":\"ReadAction\",\"target\":[\"https:\/\/www.intoscana.it\/it\/sanita-eccezionale-intervento-a-siena-eseguito-un-trapianto-combinato-cuore-e-rene\/\"]}]},{\"@type\":\"ImageObject\",\"inLanguage\":\"it-IT\",\"@id\":\"https:\/\/www.intoscana.it\/it\/sanita-eccezionale-intervento-a-siena-eseguito-un-trapianto-combinato-cuore-e-rene\/#primaryimage\",\"url\":\"https:\/\/www.intoscana.it\/wp-content\/uploads\/veduta-ospedale-f.jpg\",\"contentUrl\":\"https:\/\/www.intoscana.it\/wp-content\/uploads\/veduta-ospedale-f.jpg\",\"width\":1200,\"height\":900},{\"@type\":\"BreadcrumbList\",\"@id\":\"https:\/\/www.intoscana.it\/it\/sanita-eccezionale-intervento-a-siena-eseguito-un-trapianto-combinato-cuore-e-rene\/#breadcrumb\",\"itemListElement\":[{\"@type\":\"ListItem\",\"position\":1,\"name\":\"Home\",\"item\":\"https:\/\/www.intoscana.it\/it\/\"},{\"@type\":\"ListItem\",\"position\":2,\"name\":\"Sanit\u00e0, eccezionale intervento a Siena: eseguito un trapianto combinato cuore e rene\"}]},{\"@type\":\"WebSite\",\"@id\":\"https:\/\/www.intoscana.it\/it\/#website\",\"url\":\"https:\/\/www.intoscana.it\/it\/\",\"name\":\"intoscana\",\"description\":\"\",\"potentialAction\":[{\"@type\":\"SearchAction\",\"target\":{\"@type\":\"EntryPoint\",\"urlTemplate\":\"https:\/\/www.intoscana.it\/it\/?s={search_term_string}\"},\"query-input\":{\"@type\":\"PropertyValueSpecification\",\"valueRequired\":true,\"valueName\":\"search_term_string\"}}],\"inLanguage\":\"it-IT\"},{\"@type\":\"Person\",\"@id\":\"https:\/\/www.intoscana.it\/it\/#\/schema\/person\/9223810753230f20bd670fdd322661f8\",\"name\":\"Redazione\",\"url\":\"https:\/\/www.intoscana.it\/it\/author\/redazione\/\"}]}<\/script>\n<!-- \/ Yoast SEO Premium plugin. -->","yoast_head_json":{"title":"Sanit\u00e0, eccezionale intervento a Siena: eseguito un trapianto combinato cuore e rene - intoscana","robots":{"index":"index","follow":"follow","max-snippet":"max-snippet:-1","max-image-preview":"max-image-preview:large","max-video-preview":"max-video-preview:-1"},"canonical":"https:\/\/www.intoscana.it\/it\/sanita-eccezionale-intervento-a-siena-eseguito-un-trapianto-combinato-cuore-e-rene\/","og_locale":"it_IT","og_type":"article","og_title":"Sanit\u00e0, eccezionale intervento a Siena: eseguito un trapianto combinato cuore e rene","og_description":"La Regione ringrazie l'equipe multidisciplinare dell'Aou Senese e il donatore: la Toscana anche nel 2026 si conferma al vertice in Italia per la donazione di organi","og_url":"https:\/\/www.intoscana.it\/it\/sanita-eccezionale-intervento-a-siena-eseguito-un-trapianto-combinato-cuore-e-rene\/","og_site_name":"intoscana","article_publisher":"https:\/\/www.facebook.com\/intoscana.it","article_published_time":"2026-09-03T11:30:37+00:00","article_modified_time":"2026-09-03T11:31:31+00:00","og_image":[{"width":1200,"height":900,"url":"https:\/\/www.intoscana.it\/wp-content\/uploads\/veduta-ospedale-f.jpg","type":"image\/jpeg"}],"author":"Redazione","twitter_card":"summary_large_image","twitter_creator":"@intoscana","twitter_site":"@intoscana","twitter_misc":{"Written by":"Redazione","Est. reading time":"5 minuti"},"schema":{"@context":"https:\/\/schema.org","@graph":[{"@type":"WebPage","@id":"https:\/\/www.intoscana.it\/it\/sanita-eccezionale-intervento-a-siena-eseguito-un-trapianto-combinato-cuore-e-rene\/","url":"https:\/\/www.intoscana.it\/it\/sanita-eccezionale-intervento-a-siena-eseguito-un-trapianto-combinato-cuore-e-rene\/","name":"Sanit\u00e0, eccezionale intervento a Siena: eseguito un trapianto combinato cuore e rene - intoscana","isPartOf":{"@id":"https:\/\/www.intoscana.it\/it\/#website"},"primaryImageOfPage":{"@id":"https:\/\/www.intoscana.it\/it\/sanita-eccezionale-intervento-a-siena-eseguito-un-trapianto-combinato-cuore-e-rene\/#primaryimage"},"image":{"@id":"https:\/\/www.intoscana.it\/it\/sanita-eccezionale-intervento-a-siena-eseguito-un-trapianto-combinato-cuore-e-rene\/#primaryimage"},"thumbnailUrl":"https:\/\/www.intoscana.it\/wp-content\/uploads\/veduta-ospedale-f.jpg","datePublished":"2026-09-03T11:30:37+00:00","dateModified":"2026-09-03T11:31:31+00:00","author":{"@id":"https:\/\/www.intoscana.it\/it\/#\/schema\/person\/9223810753230f20bd670fdd322661f8"},"breadcrumb":{"@id":"https:\/\/www.intoscana.it\/it\/sanita-eccezionale-intervento-a-siena-eseguito-un-trapianto-combinato-cuore-e-rene\/#breadcrumb"},"inLanguage":"it-IT","potentialAction":[{"@type":"ReadAction","target":["https:\/\/www.intoscana.it\/it\/sanita-eccezionale-intervento-a-siena-eseguito-un-trapianto-combinato-cuore-e-rene\/"]}]},{"@type":"ImageObject","inLanguage":"it-IT","@id":"https:\/\/www.intoscana.it\/it\/sanita-eccezionale-intervento-a-siena-eseguito-un-trapianto-combinato-cuore-e-rene\/#primaryimage","url":"https:\/\/www.intoscana.it\/wp-content\/uploads\/veduta-ospedale-f.jpg","contentUrl":"https:\/\/www.intoscana.it\/wp-content\/uploads\/veduta-ospedale-f.jpg","width":1200,"height":900},{"@type":"BreadcrumbList","@id":"https:\/\/www.intoscana.it\/it\/sanita-eccezionale-intervento-a-siena-eseguito-un-trapianto-combinato-cuore-e-rene\/#breadcrumb","itemListElement":[{"@type":"ListItem","position":1,"name":"Home","item":"https:\/\/www.intoscana.it\/it\/"},{"@type":"ListItem","position":2,"name":"Sanit\u00e0, eccezionale intervento a Siena: eseguito un trapianto combinato cuore e rene"}]},{"@type":"WebSite","@id":"https:\/\/www.intoscana.it\/it\/#website","url":"https:\/\/www.intoscana.it\/it\/","name":"intoscana","description":"","potentialAction":[{"@type":"SearchAction","target":{"@type":"EntryPoint","urlTemplate":"https:\/\/www.intoscana.it\/it\/?s={search_term_string}"},"query-input":{"@type":"PropertyValueSpecification","valueRequired":true,"valueName":"search_term_string"}}],"inLanguage":"it-IT"},{"@type":"Person","@id":"https:\/\/www.intoscana.it\/it\/#\/schema\/person\/9223810753230f20bd670fdd322661f8","name":"Redazione","url":"https:\/\/www.intoscana.it\/it\/author\/redazione\/"}]}},"_links":{"self":[{"href":"https:\/\/www.intoscana.it\/it\/wp-json\/wp\/v2\/posts\/440560","targetHints":{"allow":["GET"]}}],"collection":[{"href":"https:\/\/www.intoscana.it\/it\/wp-json\/wp\/v2\/posts"}],"about":[{"href":"https:\/\/www.intoscana.it\/it\/wp-json\/wp\/v2\/types\/post"}],"author":[{"embeddable":true,"href":"https:\/\/www.intoscana.it\/it\/wp-json\/wp\/v2\/users\/525"}],"replies":[{"embeddable":true,"href":"https:\/\/www.intoscana.it\/it\/wp-json\/wp\/v2\/comments?post=440560"}],"version-history":[{"count":5,"href":"https:\/\/www.intoscana.it\/it\/wp-json\/wp\/v2\/posts\/440560\/revisions"}],"predecessor-version":[{"id":440575,"href":"https:\/\/www.intoscana.it\/it\/wp-json\/wp\/v2\/posts\/440560\/revisions\/440575"}],"wp:featuredmedia":[{"embeddable":true,"href":"https:\/\/www.intoscana.it\/it\/wp-json\/wp\/v2\/media\/440565"}],"wp:attachment":[{"href":"https:\/\/www.intoscana.it\/it\/wp-json\/wp\/v2\/media?parent=440560"}],"wp:term":[{"taxonomy":"category","embeddable":true,"href":"https:\/\/www.intoscana.it\/it\/wp-json\/wp\/v2\/categories?post=440560"},{"taxonomy":"post_tag","embeddable":true,"href":"https:\/\/www.intoscana.it\/it\/wp-json\/wp\/v2\/tags?post=440560"}],"curies":[{"name":"wp","href":"https:\/\/api.w.org\/{rel}","templated":true}]}}