{"id":440627,"date":"2026-09-04T10:20:23","date_gmt":"2026-09-04T08:20:23","guid":{"rendered":"https:\/\/www.intoscana.it\/it\/?p=440627"},"modified":"2026-09-04T10:21:02","modified_gmt":"2026-09-04T08:21:02","slug":"un-tesoro-del-300-torna-a-splendere-completato-il-restauro-della-chiesa-di-san-giovannino-dei-cavalieri","status":"publish","type":"post","link":"https:\/\/www.intoscana.it\/it\/un-tesoro-del-300-torna-a-splendere-completato-il-restauro-della-chiesa-di-san-giovannino-dei-cavalieri\/","title":{"rendered":"Un tesoro del &#8216;300 torna a splendere: completato il restauro della chiesa di San Giovannino dei Cavalieri"},"content":{"rendered":"<p>Si sono conclusi i lavori di revisione conservativa e restauro della facciata della<strong> Chiesa di San Giovannino dei Cavalieri, in via San Gallo a Firenze.<\/strong><\/p>\n<p>L\u2019intervento, finanziato dal Comune con <strong>un investimento di 116mila euro,<\/strong> \u00e8 iniziato l\u201911 dicembre 2025 e si \u00e8 concluso il 31 luglio scorso.<\/p>\n<p>Il progetto e la direzione dei lavori sono stati curati dai tecnici del <strong>Servizio Belle Arti e Fabbrica Palazzo Vecchio del Comune di Firenze,<\/strong> con l\u2019alta sorveglianza della <strong>Soprintendenza Archeologia, Belle Arti e Paesaggio.<\/strong><\/p>\n<p><em>&#8220;Questo intervento restituisce a Firenze un tassello prezioso della sua memoria storica e artistica <\/em><strong>\u2013 ha dichiarato l\u2019assessore alla Cultura Giovanni Bettarini \u2013<\/strong><em>. La cura e la valorizzazione del nostro patrimonio rappresentano un impegno costante per la nostra Amministrazione. Grazie al lavoro meticoloso dei tecnici comunali e dei restauratori specializzati, abbiamo protetto l\u2019edificio dai danni del tempo e delle intemperie e riportato alla luce lo straordinario splendore dei gruppi scultorei tardo-barocchi che impreziosiscono via San Gallo, riconsegnando alla citt\u00e0 un frammento della sua identit\u00e0 pi\u00f9 autentica&#8221;.<\/em><\/p>\n<h3>Il restauro della facciata<\/h3>\n<p>L\u2019intervento si \u00e8 reso necessario per <strong>risanare l\u2019edificio dai fenomeni di infiltrazione meteorica e dal degrado<\/strong> provocato nel tempo dall\u2019esposizione agli agenti atmosferici e all\u2019inquinamento urbano.<\/p>\n<p><strong>Uno degli interventi principali ha riguardato la copertura,<\/strong> con il ripristino di alcune porzioni del tetto e l\u2019ottimizzazione del sistema di gronde e pluviali. Le opere hanno permesso anche di eliminare le infiltrazioni provenienti dalla copertura dell\u2019attiguo Liceo Artistico \u201cAlberti-Dante\u201d.<\/p>\n<p>Per quanto riguarda la facciata, \u00e8 stata effettuata <strong>una completa campagna di saggi, seguita dal ripristino degli intonaci degradati<\/strong> e dalla successiva imbiancatura e tinteggiatura generale del prospetto.<\/p>\n<p>L\u2019intervento ha interessato anche i serramenti: <strong>sono stati revisionati i tre portali e le cinque finestre,<\/strong> con il restauro dei telai lignei, la sostituzione dei vetri e la verniciatura dei portali.<\/p>\n<p>Particolare attenzione \u00e8 stata dedicata agli <strong>elementi decorativi della facciata<\/strong>, sottoposti a un articolato intervento di restauro affidato a restauratori specializzati. Le operazioni hanno interessato il gruppo scultoreo centrale tardo-barocco<strong>, le lunette dei portali laterali, la lunetta del portale centrale e una targa commemorativa.<\/strong><\/p>\n<p>Il gruppo centrale \u00e8 costituito da un rilievo lapideo con stemma marmoreo in marmo rosso e intarsi in marmo bianco, raffigurante <strong>la croce dell\u2019Ordine di Malta<\/strong>, sormontata da una corona nobiliare e affiancata da angeli custodi. Durante i lavori \u00e8 stata inoltre eseguita la <strong>riadesione strutturale dell\u2019ala dell\u2019angelo di destra<\/strong>, che risultava sconnessa a seguito di un precedente intervento.<\/p>\n<p>Sono state restaurate anche<strong> le lunette sopra i portali laterali, con i rilievi in stucco raffiguranti cherubini alati<\/strong>, e la lunetta del portale centrale, realizzata in pietra serena e stucco e caratterizzata da uno stemma araldico inserito in un cartiglio a volute, da un mascherone antropomorfo e da festoni.<\/p>\n<p>Infine, \u00e8 stato eseguito<strong> un intervento conservativo sulla targa commemorativa<\/strong> in pietraforte, caratterizzata da una cornice modanata.<\/p>\n<h3>La storia della chiesa<\/h3>\n<p>La <strong>Chiesa di San Giovannino dei Cavalieri<\/strong> affonda le proprie origini nel XIV secolo. Fu <strong>edificata nel 1323 come oratorio dedicato a Santa Maria Maddalena<\/strong> e, nel 1327, pass\u00f2 ai <strong>monaci Celestini di San Pietro da Morrone.<\/strong><\/p>\n<p>Nel 1559 l\u2019edificio venne affidato alle<strong> monache Ospedaliere Gerosolimitane dell\u2019Ordine di Malta,<\/strong> che lo intitolarono a <strong>San Nicola di Bari<\/strong>. Il tempio \u00e8 tuttavia conosciuto storicamente come <strong>San Giovanni Battista, patrono dei Cavalieri di Malta.<\/strong><\/p>\n<p>Proprio il legame con l<strong>\u2019Ordine di Malta<\/strong> \u00e8 ancora oggi riconoscibile nella facciata, dominata al centro dall<strong>\u2019iconica croce ottagona, elemento simbolico che testimonia la lunga storia dell\u2019edificio<\/strong> e il suo legame con le istituzioni religiose e cavalleresche che ne hanno segnato la storia.<\/p>\n<p>&nbsp;<\/p>\n","protected":false},"excerpt":{"rendered":"<p>L\u2019intervento finanziato dal Comune di Firenze con un investimento di 116mila euro, \u00e8 iniziato l\u201911 dicembre 2025 e si \u00e8 concluso il 31 luglio scorso<\/p>\n","protected":false},"author":525,"featured_media":440598,"comment_status":"open","ping_status":"open","sticky":false,"template":"","format":"standard","meta":{"_acf_changed":false,"footnotes":""},"categories":[493],"tags":[202,5246],"class_list":["post-440627","post","type-post","status-publish","format-standard","has-post-thumbnail","hentry","category-cultura","tag-firenze","tag-restauro"],"acf":[],"yoast_head":"<!-- This site is optimized with the Yoast SEO Premium plugin v24.2 (Yoast SEO v25.6) - https:\/\/yoast.com\/wordpress\/plugins\/seo\/ -->\n<title>Un tesoro del &#039;300 torna a splendere: completato il restauro della chiesa di San Giovannino dei Cavalieri - intoscana<\/title>\n<meta name=\"description\" content=\"L\u2019intervento finanziato dal Comune con un investimento di 116mila euro, \u00e8 iniziato l\u201911 dicembre 2025 e si \u00e8 concluso il 31 luglio scorso\" \/>\n<meta name=\"robots\" content=\"index, follow, max-snippet:-1, max-image-preview:large, max-video-preview:-1\" \/>\n<link rel=\"canonical\" href=\"https:\/\/www.intoscana.it\/it\/un-tesoro-del-300-torna-a-splendere-completato-il-restauro-della-chiesa-di-san-giovannino-dei-cavalieri\/\" \/>\n<meta property=\"og:locale\" content=\"it_IT\" \/>\n<meta property=\"og:type\" content=\"article\" \/>\n<meta property=\"og:title\" content=\"Un tesoro del &#039;300 torna a splendere: completato il restauro della chiesa di San Giovannino dei Cavalieri\" \/>\n<meta property=\"og:description\" content=\"L\u2019intervento finanziato dal Comune con un investimento di 116mila euro, \u00e8 iniziato l\u201911 dicembre 2025 e si \u00e8 concluso il 31 luglio scorso\" \/>\n<meta property=\"og:url\" content=\"https:\/\/www.intoscana.it\/it\/un-tesoro-del-300-torna-a-splendere-completato-il-restauro-della-chiesa-di-san-giovannino-dei-cavalieri\/\" \/>\n<meta property=\"og:site_name\" content=\"intoscana\" \/>\n<meta property=\"article:publisher\" content=\"https:\/\/www.facebook.com\/intoscana.it\" \/>\n<meta property=\"article:published_time\" content=\"2026-09-04T08:20:23+00:00\" \/>\n<meta property=\"article:modified_time\" content=\"2026-09-04T08:21:02+00:00\" \/>\n<meta property=\"og:image\" content=\"https:\/\/www.intoscana.it\/wp-content\/uploads\/chiesa.jpg.webp.webp\" \/>\n\t<meta property=\"og:image:width\" content=\"1320\" \/>\n\t<meta property=\"og:image:height\" content=\"930\" \/>\n\t<meta property=\"og:image:type\" content=\"image\/webp\" \/>\n<meta name=\"author\" content=\"Redazione\" \/>\n<meta name=\"twitter:card\" content=\"summary_large_image\" \/>\n<meta name=\"twitter:creator\" content=\"@intoscana\" \/>\n<meta name=\"twitter:site\" content=\"@intoscana\" \/>\n<meta name=\"twitter:label1\" content=\"Written by\" \/>\n\t<meta name=\"twitter:data1\" content=\"Redazione\" \/>\n\t<meta name=\"twitter:label2\" content=\"Est. reading time\" \/>\n\t<meta name=\"twitter:data2\" content=\"4 minuti\" \/>\n<script type=\"application\/ld+json\" class=\"yoast-schema-graph\">{\"@context\":\"https:\/\/schema.org\",\"@graph\":[{\"@type\":\"WebPage\",\"@id\":\"https:\/\/www.intoscana.it\/it\/un-tesoro-del-300-torna-a-splendere-completato-il-restauro-della-chiesa-di-san-giovannino-dei-cavalieri\/\",\"url\":\"https:\/\/www.intoscana.it\/it\/un-tesoro-del-300-torna-a-splendere-completato-il-restauro-della-chiesa-di-san-giovannino-dei-cavalieri\/\",\"name\":\"Un tesoro del '300 torna a splendere: completato il restauro della chiesa di San Giovannino dei Cavalieri - intoscana\",\"isPartOf\":{\"@id\":\"https:\/\/www.intoscana.it\/it\/#website\"},\"primaryImageOfPage\":{\"@id\":\"https:\/\/www.intoscana.it\/it\/un-tesoro-del-300-torna-a-splendere-completato-il-restauro-della-chiesa-di-san-giovannino-dei-cavalieri\/#primaryimage\"},\"image\":{\"@id\":\"https:\/\/www.intoscana.it\/it\/un-tesoro-del-300-torna-a-splendere-completato-il-restauro-della-chiesa-di-san-giovannino-dei-cavalieri\/#primaryimage\"},\"thumbnailUrl\":\"https:\/\/www.intoscana.it\/wp-content\/uploads\/chiesa.jpg.webp.webp\",\"datePublished\":\"2026-09-04T08:20:23+00:00\",\"dateModified\":\"2026-09-04T08:21:02+00:00\",\"author\":{\"@id\":\"https:\/\/www.intoscana.it\/it\/#\/schema\/person\/9223810753230f20bd670fdd322661f8\"},\"description\":\"L\u2019intervento finanziato dal Comune con un investimento di 116mila euro, \u00e8 iniziato l\u201911 dicembre 2025 e si \u00e8 concluso il 31 luglio scorso\",\"breadcrumb\":{\"@id\":\"https:\/\/www.intoscana.it\/it\/un-tesoro-del-300-torna-a-splendere-completato-il-restauro-della-chiesa-di-san-giovannino-dei-cavalieri\/#breadcrumb\"},\"inLanguage\":\"it-IT\",\"potentialAction\":[{\"@type\":\"ReadAction\",\"target\":[\"https:\/\/www.intoscana.it\/it\/un-tesoro-del-300-torna-a-splendere-completato-il-restauro-della-chiesa-di-san-giovannino-dei-cavalieri\/\"]}]},{\"@type\":\"ImageObject\",\"inLanguage\":\"it-IT\",\"@id\":\"https:\/\/www.intoscana.it\/it\/un-tesoro-del-300-torna-a-splendere-completato-il-restauro-della-chiesa-di-san-giovannino-dei-cavalieri\/#primaryimage\",\"url\":\"https:\/\/www.intoscana.it\/wp-content\/uploads\/chiesa.jpg.webp.webp\",\"contentUrl\":\"https:\/\/www.intoscana.it\/wp-content\/uploads\/chiesa.jpg.webp.webp\",\"width\":1320,\"height\":930,\"caption\":\"chiesa di San Giovannino dei Cavalieri in via San Gallo\"},{\"@type\":\"BreadcrumbList\",\"@id\":\"https:\/\/www.intoscana.it\/it\/un-tesoro-del-300-torna-a-splendere-completato-il-restauro-della-chiesa-di-san-giovannino-dei-cavalieri\/#breadcrumb\",\"itemListElement\":[{\"@type\":\"ListItem\",\"position\":1,\"name\":\"Home\",\"item\":\"https:\/\/www.intoscana.it\/it\/\"},{\"@type\":\"ListItem\",\"position\":2,\"name\":\"Un tesoro del &#8216;300 torna a splendere: completato il restauro della chiesa di San Giovannino dei Cavalieri\"}]},{\"@type\":\"WebSite\",\"@id\":\"https:\/\/www.intoscana.it\/it\/#website\",\"url\":\"https:\/\/www.intoscana.it\/it\/\",\"name\":\"intoscana\",\"description\":\"\",\"potentialAction\":[{\"@type\":\"SearchAction\",\"target\":{\"@type\":\"EntryPoint\",\"urlTemplate\":\"https:\/\/www.intoscana.it\/it\/?s={search_term_string}\"},\"query-input\":{\"@type\":\"PropertyValueSpecification\",\"valueRequired\":true,\"valueName\":\"search_term_string\"}}],\"inLanguage\":\"it-IT\"},{\"@type\":\"Person\",\"@id\":\"https:\/\/www.intoscana.it\/it\/#\/schema\/person\/9223810753230f20bd670fdd322661f8\",\"name\":\"Redazione\",\"url\":\"https:\/\/www.intoscana.it\/it\/author\/redazione\/\"}]}<\/script>\n<!-- \/ Yoast SEO Premium plugin. -->","yoast_head_json":{"title":"Un tesoro del '300 torna a splendere: completato il restauro della chiesa di San Giovannino dei Cavalieri - intoscana","description":"L\u2019intervento finanziato dal Comune con un investimento di 116mila euro, \u00e8 iniziato l\u201911 dicembre 2025 e si \u00e8 concluso il 31 luglio scorso","robots":{"index":"index","follow":"follow","max-snippet":"max-snippet:-1","max-image-preview":"max-image-preview:large","max-video-preview":"max-video-preview:-1"},"canonical":"https:\/\/www.intoscana.it\/it\/un-tesoro-del-300-torna-a-splendere-completato-il-restauro-della-chiesa-di-san-giovannino-dei-cavalieri\/","og_locale":"it_IT","og_type":"article","og_title":"Un tesoro del '300 torna a splendere: completato il restauro della chiesa di San Giovannino dei Cavalieri","og_description":"L\u2019intervento finanziato dal Comune con un investimento di 116mila euro, \u00e8 iniziato l\u201911 dicembre 2025 e si \u00e8 concluso il 31 luglio scorso","og_url":"https:\/\/www.intoscana.it\/it\/un-tesoro-del-300-torna-a-splendere-completato-il-restauro-della-chiesa-di-san-giovannino-dei-cavalieri\/","og_site_name":"intoscana","article_publisher":"https:\/\/www.facebook.com\/intoscana.it","article_published_time":"2026-09-04T08:20:23+00:00","article_modified_time":"2026-09-04T08:21:02+00:00","og_image":[{"width":1320,"height":930,"url":"https:\/\/www.intoscana.it\/wp-content\/uploads\/chiesa.jpg.webp.webp","type":"image\/webp"}],"author":"Redazione","twitter_card":"summary_large_image","twitter_creator":"@intoscana","twitter_site":"@intoscana","twitter_misc":{"Written by":"Redazione","Est. reading time":"4 minuti"},"schema":{"@context":"https:\/\/schema.org","@graph":[{"@type":"WebPage","@id":"https:\/\/www.intoscana.it\/it\/un-tesoro-del-300-torna-a-splendere-completato-il-restauro-della-chiesa-di-san-giovannino-dei-cavalieri\/","url":"https:\/\/www.intoscana.it\/it\/un-tesoro-del-300-torna-a-splendere-completato-il-restauro-della-chiesa-di-san-giovannino-dei-cavalieri\/","name":"Un tesoro del '300 torna a splendere: completato il restauro della chiesa di San Giovannino dei Cavalieri - intoscana","isPartOf":{"@id":"https:\/\/www.intoscana.it\/it\/#website"},"primaryImageOfPage":{"@id":"https:\/\/www.intoscana.it\/it\/un-tesoro-del-300-torna-a-splendere-completato-il-restauro-della-chiesa-di-san-giovannino-dei-cavalieri\/#primaryimage"},"image":{"@id":"https:\/\/www.intoscana.it\/it\/un-tesoro-del-300-torna-a-splendere-completato-il-restauro-della-chiesa-di-san-giovannino-dei-cavalieri\/#primaryimage"},"thumbnailUrl":"https:\/\/www.intoscana.it\/wp-content\/uploads\/chiesa.jpg.webp.webp","datePublished":"2026-09-04T08:20:23+00:00","dateModified":"2026-09-04T08:21:02+00:00","author":{"@id":"https:\/\/www.intoscana.it\/it\/#\/schema\/person\/9223810753230f20bd670fdd322661f8"},"description":"L\u2019intervento finanziato dal Comune con un investimento di 116mila euro, \u00e8 iniziato l\u201911 dicembre 2025 e si \u00e8 concluso il 31 luglio scorso","breadcrumb":{"@id":"https:\/\/www.intoscana.it\/it\/un-tesoro-del-300-torna-a-splendere-completato-il-restauro-della-chiesa-di-san-giovannino-dei-cavalieri\/#breadcrumb"},"inLanguage":"it-IT","potentialAction":[{"@type":"ReadAction","target":["https:\/\/www.intoscana.it\/it\/un-tesoro-del-300-torna-a-splendere-completato-il-restauro-della-chiesa-di-san-giovannino-dei-cavalieri\/"]}]},{"@type":"ImageObject","inLanguage":"it-IT","@id":"https:\/\/www.intoscana.it\/it\/un-tesoro-del-300-torna-a-splendere-completato-il-restauro-della-chiesa-di-san-giovannino-dei-cavalieri\/#primaryimage","url":"https:\/\/www.intoscana.it\/wp-content\/uploads\/chiesa.jpg.webp.webp","contentUrl":"https:\/\/www.intoscana.it\/wp-content\/uploads\/chiesa.jpg.webp.webp","width":1320,"height":930,"caption":"chiesa di San Giovannino dei Cavalieri in via San Gallo"},{"@type":"BreadcrumbList","@id":"https:\/\/www.intoscana.it\/it\/un-tesoro-del-300-torna-a-splendere-completato-il-restauro-della-chiesa-di-san-giovannino-dei-cavalieri\/#breadcrumb","itemListElement":[{"@type":"ListItem","position":1,"name":"Home","item":"https:\/\/www.intoscana.it\/it\/"},{"@type":"ListItem","position":2,"name":"Un tesoro del &#8216;300 torna a splendere: completato il restauro della chiesa di San Giovannino dei Cavalieri"}]},{"@type":"WebSite","@id":"https:\/\/www.intoscana.it\/it\/#website","url":"https:\/\/www.intoscana.it\/it\/","name":"intoscana","description":"","potentialAction":[{"@type":"SearchAction","target":{"@type":"EntryPoint","urlTemplate":"https:\/\/www.intoscana.it\/it\/?s={search_term_string}"},"query-input":{"@type":"PropertyValueSpecification","valueRequired":true,"valueName":"search_term_string"}}],"inLanguage":"it-IT"},{"@type":"Person","@id":"https:\/\/www.intoscana.it\/it\/#\/schema\/person\/9223810753230f20bd670fdd322661f8","name":"Redazione","url":"https:\/\/www.intoscana.it\/it\/author\/redazione\/"}]}},"_links":{"self":[{"href":"https:\/\/www.intoscana.it\/it\/wp-json\/wp\/v2\/posts\/440627","targetHints":{"allow":["GET"]}}],"collection":[{"href":"https:\/\/www.intoscana.it\/it\/wp-json\/wp\/v2\/posts"}],"about":[{"href":"https:\/\/www.intoscana.it\/it\/wp-json\/wp\/v2\/types\/post"}],"author":[{"embeddable":true,"href":"https:\/\/www.intoscana.it\/it\/wp-json\/wp\/v2\/users\/525"}],"replies":[{"embeddable":true,"href":"https:\/\/www.intoscana.it\/it\/wp-json\/wp\/v2\/comments?post=440627"}],"version-history":[{"count":5,"href":"https:\/\/www.intoscana.it\/it\/wp-json\/wp\/v2\/posts\/440627\/revisions"}],"predecessor-version":[{"id":440665,"href":"https:\/\/www.intoscana.it\/it\/wp-json\/wp\/v2\/posts\/440627\/revisions\/440665"}],"wp:featuredmedia":[{"embeddable":true,"href":"https:\/\/www.intoscana.it\/it\/wp-json\/wp\/v2\/media\/440598"}],"wp:attachment":[{"href":"https:\/\/www.intoscana.it\/it\/wp-json\/wp\/v2\/media?parent=440627"}],"wp:term":[{"taxonomy":"category","embeddable":true,"href":"https:\/\/www.intoscana.it\/it\/wp-json\/wp\/v2\/categories?post=440627"},{"taxonomy":"post_tag","embeddable":true,"href":"https:\/\/www.intoscana.it\/it\/wp-json\/wp\/v2\/tags?post=440627"}],"curies":[{"name":"wp","href":"https:\/\/api.w.org\/{rel}","templated":true}]}}