{"id":440633,"date":"2026-09-04T09:45:35","date_gmt":"2026-09-04T07:45:35","guid":{"rendered":"https:\/\/www.intoscana.it\/it\/?p=440633"},"modified":"2026-09-04T09:45:35","modified_gmt":"2026-09-04T07:45:35","slug":"james-blunt-concerto-firenze-biglietti","status":"publish","type":"post","link":"https:\/\/www.intoscana.it\/it\/james-blunt-concerto-firenze-biglietti\/","title":{"rendered":"James Blunt torna a Firenze: il 28 febbraio 2027 in concerto al Nelson Mandela Forum"},"content":{"rendered":"<p>A tre anni di distanza dal suo ultimo album in studio, <strong>James Blunt torna sulla scena musicale con un nuovo progetto e un tour<\/strong> che far\u00e0 tappa anche in Italia.<\/p>\n<p><strong>Il cantautore e musicista britannico<\/strong> sar\u00e0 infatti in concerto il <strong>27 febbraio 2027 all\u2019Unipol Forum di Milano e il 28 febbraio al Nelson Mandela Forum di Firenze<\/strong>, per presentare dal vivo i brani del nuovo disco<strong><em> &#8220;Airplane Mode&#8221;,<\/em><\/strong> in uscita <strong>il prossimo 6 novembre.<\/strong><\/p>\n<p><strong>Airplane Mode raccoglie dodici brani<\/strong>, a partire dal primo singolo<strong><em> Tastes Like Summer<\/em>,<\/strong> che introduce le atmosfere del nuovo lavoro, fino a <strong><em>Weight Of It All,<\/em> <\/strong>secondo brano estratto dal disco e riflessione sulle pressioni e sul peso della vita contemporanea.<\/p>\n<p>Nel nuovo album trovano spazio anche<strong><em> Circles, Oh Daisy <\/em>e<em> Modern Love,<\/em><\/strong> accanto agli altri brani che compongono il progetto. Un lavoro nel quale Blunt sembra tornare a <strong>una dimensione pi\u00f9 intima e personale,<\/strong> anche attraverso il racconto del particolare momento creativo che ha accompagnato la nascita delle nuove canzoni.<\/p>\n<p><iframe loading=\"lazy\" title=\"YouTube video player\" src=\"https:\/\/www.youtube.com\/embed\/MHmg4hc-8jA?si=rZG69w0lNHXVGfQN\" width=\"800\" height=\"450\" frameborder=\"0\" allowfullscreen=\"allowfullscreen\"><\/iframe><\/p>\n<p><em>&#8220;A un certo punto mi ero perso, ma mi sono ritrovato in uno studio di registrazione a Banbury&#8221;,<\/em> ha raccontato l&#8217;artista parlando dei <strong>Pig Music Studios<\/strong>, dove \u00e8 stata registrata la maggior parte dell\u2019album.<\/p>\n<p>Un ritorno alla musica vissuto quindi anche come <strong>un ritrovamento personale e artistico, costruito insieme alla band<\/strong> che da tempo accompagna James Blunt nelle sue esibizioni dal vivo.<\/p>\n<p>La dimensione live resta infatti centrale nel percorso dell\u2019artista, che negli anni ha costruito un rapporto particolarmente solido con il pubblico internazionale. Le nuove canzoni di <strong><em>Airplane Mode<\/em><\/strong> arriveranno cos\u00ec sul palco insieme ai brani pi\u00f9 amati del suo repertorio, in <strong>un tour che porter\u00e0 Blunt nuovamente nei principali palazzetti europei.<\/strong><\/p>\n<p>Per i fan italiani l&#8217;appuntamento sar\u00e0 dunque doppio: dopo Milano, il cantautore arriver\u00e0 a<strong> Firenze il 28 febbraio 2027, al Nelson Mandela Forum.<\/strong><\/p>\n<p>I biglietti per le date italiane saranno disponibili in anteprima per gli iscritti alla newsletter dell\u2019artista dalle ore 10 di marted\u00ec 8 settembre, mentre <strong>la vendita generale partir\u00e0 alle ore 10 di mercoled\u00ec 9 settembre su TicketOne.<\/strong><\/p>\n<h3>James Blunt in tour, tutte le date<\/h3>\n<figure id=\"post-440640 media-440640\" class=\"align-none\"><img decoding=\"async\" src=\"https:\/\/www.intoscana.it\/wp-content\/uploads\/791145101_2312999446169316_4831887827682998440_n.png.jpeg\" alt=\"\" \/><\/figure>\n<div class=\"titleimg\">James Blunt il tour<\/div>\n","protected":false},"excerpt":{"rendered":"<p>Il cantautore britannico sar\u00e0 in Italia con il nuovo album &#8220;Airplane Mode&#8221;, in uscita il 6 novembre. Due le date italiane: il 27 febbraio a Milano e il 28 febbraio a Firenze<\/p>\n","protected":false},"author":525,"featured_media":440634,"comment_status":"open","ping_status":"open","sticky":false,"template":"","format":"standard","meta":{"_acf_changed":false,"footnotes":""},"categories":[14],"tags":[216],"class_list":["post-440633","post","type-post","status-publish","format-standard","has-post-thumbnail","hentry","category-musica","tag-concerti"],"acf":[],"yoast_head":"<!-- This site is optimized with the Yoast SEO Premium plugin v24.2 (Yoast SEO v25.6) - https:\/\/yoast.com\/wordpress\/plugins\/seo\/ -->\n<title>James Blunt torna a Firenze: il 28 febbraio 2027 in concerto al Nelson Mandela Forum - intoscana<\/title>\n<meta name=\"description\" content=\"Il cantautore britannico sar\u00e0 in Italia con il nuovo album Airplane Mode, in uscita il 6 novembre. In concerto il 28 febbraio a Firenze\" \/>\n<meta name=\"robots\" content=\"index, follow, max-snippet:-1, max-image-preview:large, max-video-preview:-1\" \/>\n<link rel=\"canonical\" href=\"https:\/\/www.intoscana.it\/it\/james-blunt-concerto-firenze-biglietti\/\" \/>\n<meta property=\"og:locale\" content=\"it_IT\" \/>\n<meta property=\"og:type\" content=\"article\" \/>\n<meta property=\"og:title\" content=\"James Blunt torna a Firenze: il 28 febbraio 2027 in concerto al Nelson Mandela Forum\" \/>\n<meta property=\"og:description\" content=\"Il cantautore britannico sar\u00e0 in Italia con il nuovo album Airplane Mode, in uscita il 6 novembre. In concerto il 28 febbraio a Firenze\" \/>\n<meta property=\"og:url\" content=\"https:\/\/www.intoscana.it\/it\/james-blunt-concerto-firenze-biglietti\/\" \/>\n<meta property=\"og:site_name\" content=\"intoscana\" \/>\n<meta property=\"article:publisher\" content=\"https:\/\/www.facebook.com\/intoscana.it\" \/>\n<meta property=\"article:published_time\" content=\"2026-09-04T07:45:35+00:00\" \/>\n<meta property=\"og:image\" content=\"https:\/\/www.intoscana.it\/wp-content\/uploads\/792717154_1584336496748049_7053260480457667421_n.png.jpeg\" \/>\n\t<meta property=\"og:image:width\" content=\"1440\" \/>\n\t<meta property=\"og:image:height\" content=\"1440\" \/>\n\t<meta property=\"og:image:type\" content=\"image\/jpeg\" \/>\n<meta name=\"author\" content=\"Redazione\" \/>\n<meta name=\"twitter:card\" content=\"summary_large_image\" \/>\n<meta name=\"twitter:creator\" content=\"@intoscana\" \/>\n<meta name=\"twitter:site\" content=\"@intoscana\" \/>\n<meta name=\"twitter:label1\" content=\"Written by\" \/>\n\t<meta name=\"twitter:data1\" content=\"Redazione\" \/>\n\t<meta name=\"twitter:label2\" content=\"Est. reading time\" \/>\n\t<meta name=\"twitter:data2\" content=\"3 minuti\" \/>\n<script type=\"application\/ld+json\" class=\"yoast-schema-graph\">{\"@context\":\"https:\/\/schema.org\",\"@graph\":[{\"@type\":\"WebPage\",\"@id\":\"https:\/\/www.intoscana.it\/it\/james-blunt-concerto-firenze-biglietti\/\",\"url\":\"https:\/\/www.intoscana.it\/it\/james-blunt-concerto-firenze-biglietti\/\",\"name\":\"James Blunt torna a Firenze: il 28 febbraio 2027 in concerto al Nelson Mandela Forum - intoscana\",\"isPartOf\":{\"@id\":\"https:\/\/www.intoscana.it\/it\/#website\"},\"primaryImageOfPage\":{\"@id\":\"https:\/\/www.intoscana.it\/it\/james-blunt-concerto-firenze-biglietti\/#primaryimage\"},\"image\":{\"@id\":\"https:\/\/www.intoscana.it\/it\/james-blunt-concerto-firenze-biglietti\/#primaryimage\"},\"thumbnailUrl\":\"https:\/\/www.intoscana.it\/wp-content\/uploads\/792717154_1584336496748049_7053260480457667421_n.png.jpeg\",\"datePublished\":\"2026-09-04T07:45:35+00:00\",\"author\":{\"@id\":\"https:\/\/www.intoscana.it\/it\/#\/schema\/person\/9223810753230f20bd670fdd322661f8\"},\"description\":\"Il cantautore britannico sar\u00e0 in Italia con il nuovo album Airplane Mode, in uscita il 6 novembre. In concerto il 28 febbraio a Firenze\",\"breadcrumb\":{\"@id\":\"https:\/\/www.intoscana.it\/it\/james-blunt-concerto-firenze-biglietti\/#breadcrumb\"},\"inLanguage\":\"it-IT\",\"potentialAction\":[{\"@type\":\"ReadAction\",\"target\":[\"https:\/\/www.intoscana.it\/it\/james-blunt-concerto-firenze-biglietti\/\"]}]},{\"@type\":\"ImageObject\",\"inLanguage\":\"it-IT\",\"@id\":\"https:\/\/www.intoscana.it\/it\/james-blunt-concerto-firenze-biglietti\/#primaryimage\",\"url\":\"https:\/\/www.intoscana.it\/wp-content\/uploads\/792717154_1584336496748049_7053260480457667421_n.png.jpeg\",\"contentUrl\":\"https:\/\/www.intoscana.it\/wp-content\/uploads\/792717154_1584336496748049_7053260480457667421_n.png.jpeg\",\"width\":1440,\"height\":1440},{\"@type\":\"BreadcrumbList\",\"@id\":\"https:\/\/www.intoscana.it\/it\/james-blunt-concerto-firenze-biglietti\/#breadcrumb\",\"itemListElement\":[{\"@type\":\"ListItem\",\"position\":1,\"name\":\"Home\",\"item\":\"https:\/\/www.intoscana.it\/it\/\"},{\"@type\":\"ListItem\",\"position\":2,\"name\":\"James Blunt torna a Firenze: il 28 febbraio 2027 in concerto al Nelson Mandela Forum\"}]},{\"@type\":\"WebSite\",\"@id\":\"https:\/\/www.intoscana.it\/it\/#website\",\"url\":\"https:\/\/www.intoscana.it\/it\/\",\"name\":\"intoscana\",\"description\":\"\",\"potentialAction\":[{\"@type\":\"SearchAction\",\"target\":{\"@type\":\"EntryPoint\",\"urlTemplate\":\"https:\/\/www.intoscana.it\/it\/?s={search_term_string}\"},\"query-input\":{\"@type\":\"PropertyValueSpecification\",\"valueRequired\":true,\"valueName\":\"search_term_string\"}}],\"inLanguage\":\"it-IT\"},{\"@type\":\"Person\",\"@id\":\"https:\/\/www.intoscana.it\/it\/#\/schema\/person\/9223810753230f20bd670fdd322661f8\",\"name\":\"Redazione\",\"url\":\"https:\/\/www.intoscana.it\/it\/author\/redazione\/\"}]}<\/script>\n<!-- \/ Yoast SEO Premium plugin. -->","yoast_head_json":{"title":"James Blunt torna a Firenze: il 28 febbraio 2027 in concerto al Nelson Mandela Forum - intoscana","description":"Il cantautore britannico sar\u00e0 in Italia con il nuovo album Airplane Mode, in uscita il 6 novembre. In concerto il 28 febbraio a Firenze","robots":{"index":"index","follow":"follow","max-snippet":"max-snippet:-1","max-image-preview":"max-image-preview:large","max-video-preview":"max-video-preview:-1"},"canonical":"https:\/\/www.intoscana.it\/it\/james-blunt-concerto-firenze-biglietti\/","og_locale":"it_IT","og_type":"article","og_title":"James Blunt torna a Firenze: il 28 febbraio 2027 in concerto al Nelson Mandela Forum","og_description":"Il cantautore britannico sar\u00e0 in Italia con il nuovo album Airplane Mode, in uscita il 6 novembre. In concerto il 28 febbraio a Firenze","og_url":"https:\/\/www.intoscana.it\/it\/james-blunt-concerto-firenze-biglietti\/","og_site_name":"intoscana","article_publisher":"https:\/\/www.facebook.com\/intoscana.it","article_published_time":"2026-09-04T07:45:35+00:00","og_image":[{"width":1440,"height":1440,"url":"https:\/\/www.intoscana.it\/wp-content\/uploads\/792717154_1584336496748049_7053260480457667421_n.png.jpeg","type":"image\/jpeg"}],"author":"Redazione","twitter_card":"summary_large_image","twitter_creator":"@intoscana","twitter_site":"@intoscana","twitter_misc":{"Written by":"Redazione","Est. reading time":"3 minuti"},"schema":{"@context":"https:\/\/schema.org","@graph":[{"@type":"WebPage","@id":"https:\/\/www.intoscana.it\/it\/james-blunt-concerto-firenze-biglietti\/","url":"https:\/\/www.intoscana.it\/it\/james-blunt-concerto-firenze-biglietti\/","name":"James Blunt torna a Firenze: il 28 febbraio 2027 in concerto al Nelson Mandela Forum - intoscana","isPartOf":{"@id":"https:\/\/www.intoscana.it\/it\/#website"},"primaryImageOfPage":{"@id":"https:\/\/www.intoscana.it\/it\/james-blunt-concerto-firenze-biglietti\/#primaryimage"},"image":{"@id":"https:\/\/www.intoscana.it\/it\/james-blunt-concerto-firenze-biglietti\/#primaryimage"},"thumbnailUrl":"https:\/\/www.intoscana.it\/wp-content\/uploads\/792717154_1584336496748049_7053260480457667421_n.png.jpeg","datePublished":"2026-09-04T07:45:35+00:00","author":{"@id":"https:\/\/www.intoscana.it\/it\/#\/schema\/person\/9223810753230f20bd670fdd322661f8"},"description":"Il cantautore britannico sar\u00e0 in Italia con il nuovo album Airplane Mode, in uscita il 6 novembre. In concerto il 28 febbraio a Firenze","breadcrumb":{"@id":"https:\/\/www.intoscana.it\/it\/james-blunt-concerto-firenze-biglietti\/#breadcrumb"},"inLanguage":"it-IT","potentialAction":[{"@type":"ReadAction","target":["https:\/\/www.intoscana.it\/it\/james-blunt-concerto-firenze-biglietti\/"]}]},{"@type":"ImageObject","inLanguage":"it-IT","@id":"https:\/\/www.intoscana.it\/it\/james-blunt-concerto-firenze-biglietti\/#primaryimage","url":"https:\/\/www.intoscana.it\/wp-content\/uploads\/792717154_1584336496748049_7053260480457667421_n.png.jpeg","contentUrl":"https:\/\/www.intoscana.it\/wp-content\/uploads\/792717154_1584336496748049_7053260480457667421_n.png.jpeg","width":1440,"height":1440},{"@type":"BreadcrumbList","@id":"https:\/\/www.intoscana.it\/it\/james-blunt-concerto-firenze-biglietti\/#breadcrumb","itemListElement":[{"@type":"ListItem","position":1,"name":"Home","item":"https:\/\/www.intoscana.it\/it\/"},{"@type":"ListItem","position":2,"name":"James Blunt torna a Firenze: il 28 febbraio 2027 in concerto al Nelson Mandela Forum"}]},{"@type":"WebSite","@id":"https:\/\/www.intoscana.it\/it\/#website","url":"https:\/\/www.intoscana.it\/it\/","name":"intoscana","description":"","potentialAction":[{"@type":"SearchAction","target":{"@type":"EntryPoint","urlTemplate":"https:\/\/www.intoscana.it\/it\/?s={search_term_string}"},"query-input":{"@type":"PropertyValueSpecification","valueRequired":true,"valueName":"search_term_string"}}],"inLanguage":"it-IT"},{"@type":"Person","@id":"https:\/\/www.intoscana.it\/it\/#\/schema\/person\/9223810753230f20bd670fdd322661f8","name":"Redazione","url":"https:\/\/www.intoscana.it\/it\/author\/redazione\/"}]}},"_links":{"self":[{"href":"https:\/\/www.intoscana.it\/it\/wp-json\/wp\/v2\/posts\/440633","targetHints":{"allow":["GET"]}}],"collection":[{"href":"https:\/\/www.intoscana.it\/it\/wp-json\/wp\/v2\/posts"}],"about":[{"href":"https:\/\/www.intoscana.it\/it\/wp-json\/wp\/v2\/types\/post"}],"author":[{"embeddable":true,"href":"https:\/\/www.intoscana.it\/it\/wp-json\/wp\/v2\/users\/525"}],"replies":[{"embeddable":true,"href":"https:\/\/www.intoscana.it\/it\/wp-json\/wp\/v2\/comments?post=440633"}],"version-history":[{"count":5,"href":"https:\/\/www.intoscana.it\/it\/wp-json\/wp\/v2\/posts\/440633\/revisions"}],"predecessor-version":[{"id":440648,"href":"https:\/\/www.intoscana.it\/it\/wp-json\/wp\/v2\/posts\/440633\/revisions\/440648"}],"wp:featuredmedia":[{"embeddable":true,"href":"https:\/\/www.intoscana.it\/it\/wp-json\/wp\/v2\/media\/440634"}],"wp:attachment":[{"href":"https:\/\/www.intoscana.it\/it\/wp-json\/wp\/v2\/media?parent=440633"}],"wp:term":[{"taxonomy":"category","embeddable":true,"href":"https:\/\/www.intoscana.it\/it\/wp-json\/wp\/v2\/categories?post=440633"},{"taxonomy":"post_tag","embeddable":true,"href":"https:\/\/www.intoscana.it\/it\/wp-json\/wp\/v2\/tags?post=440633"}],"curies":[{"name":"wp","href":"https:\/\/api.w.org\/{rel}","templated":true}]}}