{"id":440638,"date":"2026-09-04T09:52:37","date_gmt":"2026-09-04T07:52:37","guid":{"rendered":"https:\/\/www.intoscana.it\/it\/?p=440638"},"modified":"2026-09-04T09:53:10","modified_gmt":"2026-09-04T07:53:10","slug":"catherine-commisso-vicepresidente-fiorentina","status":"publish","type":"post","link":"https:\/\/www.intoscana.it\/it\/catherine-commisso-vicepresidente-fiorentina\/","title":{"rendered":"Calcio: Catherine Commisso \u00e8 la nuova vicepresidente della Fiorentina"},"content":{"rendered":"<p><strong>Catherine Commisso<\/strong> \u00e8 stata nominata<strong> vicepresidente della Fiorentina.<\/strong> Lo ha annunciato il club viola ieri nei suoi canali ufficiali: una nomina importante a pochi giorni dalla celeberazione del centenario dalla nascita della squadra, che garantir\u00e0 continuit\u00e0 e prospettiva istituzionale ai massimi livelli della societ\u00e0. Alla guida della Fiorentina, dopo la scomparsa di <a href=\"https:\/\/www.intoscana.it\/it\/addio-a-rocco-commisso-presidente-della-fiorentina\/\" target=\"_blank\" rel=\"noopener\">Rocco Commisso a gennaio di quest&#8217;anno<\/a>, c&#8217;\u00e8 adesso il figlio Joseph.<\/p>\n<h3>Catherine Commisso: &#8220;Onorare l&#8217;eredit\u00e0 di Rocco&#8221;<\/h3>\n<p>La nomina infatti ha un significato speciale perch\u00e9 Catherine sar\u00e0 profondamente impegnata a <strong>onorare l\u2019eredit\u00e0 di Rocco Commisso\u00a0e i valori che ha stabilito con la Fiorentina<\/strong>, portando avanti quanto cominciato con la creazione del Rocco B. Commisso Viola Park anche nelle nuove iniziative e sviluppi del club.<\/p>\n<p><em>\u201cSono profondamente onorata di accogliere questo nuovo ruolo per <strong>portare avanti quanto abbiamo cominciato con Rocco<\/strong> &#8211; <\/em>ha detto Catherine Commisso<em> &#8211; lo far\u00f2 con profonda umilt\u00e0 e ispirata da quanto il mio compianto marito ha voluto dare alla Fiorentina. Nei nostri 50 anni di matrimonio, ho avuto l\u2019onore di essere al suo fianco e di capire quanto lo sport e il calcio siano stati importanti per lui. Ma sono stati soprattutto la <strong>determinazione, la dedizione e lo spirito collaborativo<\/strong> a portarlo avanti nel suo percorso professionale, sempre dedicato al prossimo. Sempre con la capacit\u00e0 di ascoltare e mettere le necessit\u00e0 degli altri al primo posto. Voglio portare avanti il mio ruolo nel suo nome, dedicando la gran parte dei nostri sforzi alle future generazioni. Nel lavoro con Giuseppe e con il nostro gruppo dirigente, l\u2019esempio di Rocco continuer\u00e0 a guidare il mio giudizio e la mia visione. <\/em><mark><em>Faremo crescere la Fiorentina sotto ogni aspetto, e voglio onorare la sua eredit\u00e0 rimanendo fedele ai valori che lui ha stabilito e contribuendo al futuro del club.\u201d<\/mark><\/em><\/p>\n","protected":false},"excerpt":{"rendered":"<p>L&#8217;annuncio ieri del club viola: la nomina garantir\u00e0 continuit\u00e0 nel segno dell&#8217;eredit\u00e0 lasciata da Rocco Commisso<\/p>\n","protected":false},"author":525,"featured_media":440644,"comment_status":"open","ping_status":"open","sticky":false,"template":"","format":"standard","meta":{"_acf_changed":false,"footnotes":""},"categories":[494],"tags":[290,199,6845],"class_list":["post-440638","post","type-post","status-publish","format-standard","has-post-thumbnail","hentry","category-attualita","tag-calcio","tag-fiorentina","tag-spor"],"acf":[],"yoast_head":"<!-- This site is optimized with the Yoast SEO Premium plugin v24.2 (Yoast SEO v25.6) - https:\/\/yoast.com\/wordpress\/plugins\/seo\/ -->\n<title>Calcio: Catherine Commisso \u00e8 la nuova vicepresidente della Fiorentina - intoscana<\/title>\n<meta name=\"robots\" content=\"index, follow, max-snippet:-1, max-image-preview:large, max-video-preview:-1\" \/>\n<link rel=\"canonical\" href=\"https:\/\/www.intoscana.it\/it\/catherine-commisso-vicepresidente-fiorentina\/\" \/>\n<meta property=\"og:locale\" content=\"it_IT\" \/>\n<meta property=\"og:type\" content=\"article\" \/>\n<meta property=\"og:title\" content=\"Calcio: Catherine Commisso \u00e8 la nuova vicepresidente della Fiorentina\" \/>\n<meta property=\"og:description\" content=\"L&#039;annuncio ieri del club viola: la nomina garantir\u00e0 continuit\u00e0 nel segno dell&#039;eredit\u00e0 lasciata da Rocco Commisso\" \/>\n<meta property=\"og:url\" content=\"https:\/\/www.intoscana.it\/it\/catherine-commisso-vicepresidente-fiorentina\/\" \/>\n<meta property=\"og:site_name\" content=\"intoscana\" \/>\n<meta property=\"article:publisher\" content=\"https:\/\/www.facebook.com\/intoscana.it\" \/>\n<meta property=\"article:published_time\" content=\"2026-09-04T07:52:37+00:00\" \/>\n<meta property=\"article:modified_time\" content=\"2026-09-04T07:53:10+00:00\" \/>\n<meta property=\"og:image\" content=\"https:\/\/www.intoscana.it\/wp-content\/uploads\/Catherine-Commisso-.jpg\" \/>\n\t<meta property=\"og:image:width\" content=\"1080\" \/>\n\t<meta property=\"og:image:height\" content=\"1350\" \/>\n\t<meta property=\"og:image:type\" content=\"image\/jpeg\" \/>\n<meta name=\"author\" content=\"Redazione\" \/>\n<meta name=\"twitter:card\" content=\"summary_large_image\" \/>\n<meta name=\"twitter:creator\" content=\"@intoscana\" \/>\n<meta name=\"twitter:site\" content=\"@intoscana\" \/>\n<meta name=\"twitter:label1\" content=\"Written by\" \/>\n\t<meta name=\"twitter:data1\" content=\"Redazione\" \/>\n\t<meta name=\"twitter:label2\" content=\"Est. reading time\" \/>\n\t<meta name=\"twitter:data2\" content=\"2 minuti\" \/>\n<script type=\"application\/ld+json\" class=\"yoast-schema-graph\">{\"@context\":\"https:\/\/schema.org\",\"@graph\":[{\"@type\":\"WebPage\",\"@id\":\"https:\/\/www.intoscana.it\/it\/catherine-commisso-vicepresidente-fiorentina\/\",\"url\":\"https:\/\/www.intoscana.it\/it\/catherine-commisso-vicepresidente-fiorentina\/\",\"name\":\"Calcio: Catherine Commisso \u00e8 la nuova vicepresidente della Fiorentina - intoscana\",\"isPartOf\":{\"@id\":\"https:\/\/www.intoscana.it\/it\/#website\"},\"primaryImageOfPage\":{\"@id\":\"https:\/\/www.intoscana.it\/it\/catherine-commisso-vicepresidente-fiorentina\/#primaryimage\"},\"image\":{\"@id\":\"https:\/\/www.intoscana.it\/it\/catherine-commisso-vicepresidente-fiorentina\/#primaryimage\"},\"thumbnailUrl\":\"https:\/\/www.intoscana.it\/wp-content\/uploads\/Catherine-Commisso-.jpg\",\"datePublished\":\"2026-09-04T07:52:37+00:00\",\"dateModified\":\"2026-09-04T07:53:10+00:00\",\"author\":{\"@id\":\"https:\/\/www.intoscana.it\/it\/#\/schema\/person\/9223810753230f20bd670fdd322661f8\"},\"breadcrumb\":{\"@id\":\"https:\/\/www.intoscana.it\/it\/catherine-commisso-vicepresidente-fiorentina\/#breadcrumb\"},\"inLanguage\":\"it-IT\",\"potentialAction\":[{\"@type\":\"ReadAction\",\"target\":[\"https:\/\/www.intoscana.it\/it\/catherine-commisso-vicepresidente-fiorentina\/\"]}]},{\"@type\":\"ImageObject\",\"inLanguage\":\"it-IT\",\"@id\":\"https:\/\/www.intoscana.it\/it\/catherine-commisso-vicepresidente-fiorentina\/#primaryimage\",\"url\":\"https:\/\/www.intoscana.it\/wp-content\/uploads\/Catherine-Commisso-.jpg\",\"contentUrl\":\"https:\/\/www.intoscana.it\/wp-content\/uploads\/Catherine-Commisso-.jpg\",\"width\":1080,\"height\":1350,\"caption\":\"Catherine Commisso\"},{\"@type\":\"BreadcrumbList\",\"@id\":\"https:\/\/www.intoscana.it\/it\/catherine-commisso-vicepresidente-fiorentina\/#breadcrumb\",\"itemListElement\":[{\"@type\":\"ListItem\",\"position\":1,\"name\":\"Home\",\"item\":\"https:\/\/www.intoscana.it\/it\/\"},{\"@type\":\"ListItem\",\"position\":2,\"name\":\"Calcio: Catherine Commisso \u00e8 la nuova vicepresidente della Fiorentina\"}]},{\"@type\":\"WebSite\",\"@id\":\"https:\/\/www.intoscana.it\/it\/#website\",\"url\":\"https:\/\/www.intoscana.it\/it\/\",\"name\":\"intoscana\",\"description\":\"\",\"potentialAction\":[{\"@type\":\"SearchAction\",\"target\":{\"@type\":\"EntryPoint\",\"urlTemplate\":\"https:\/\/www.intoscana.it\/it\/?s={search_term_string}\"},\"query-input\":{\"@type\":\"PropertyValueSpecification\",\"valueRequired\":true,\"valueName\":\"search_term_string\"}}],\"inLanguage\":\"it-IT\"},{\"@type\":\"Person\",\"@id\":\"https:\/\/www.intoscana.it\/it\/#\/schema\/person\/9223810753230f20bd670fdd322661f8\",\"name\":\"Redazione\",\"url\":\"https:\/\/www.intoscana.it\/it\/author\/redazione\/\"}]}<\/script>\n<!-- \/ Yoast SEO Premium plugin. -->","yoast_head_json":{"title":"Calcio: Catherine Commisso \u00e8 la nuova vicepresidente della Fiorentina - intoscana","robots":{"index":"index","follow":"follow","max-snippet":"max-snippet:-1","max-image-preview":"max-image-preview:large","max-video-preview":"max-video-preview:-1"},"canonical":"https:\/\/www.intoscana.it\/it\/catherine-commisso-vicepresidente-fiorentina\/","og_locale":"it_IT","og_type":"article","og_title":"Calcio: Catherine Commisso \u00e8 la nuova vicepresidente della Fiorentina","og_description":"L'annuncio ieri del club viola: la nomina garantir\u00e0 continuit\u00e0 nel segno dell'eredit\u00e0 lasciata da Rocco Commisso","og_url":"https:\/\/www.intoscana.it\/it\/catherine-commisso-vicepresidente-fiorentina\/","og_site_name":"intoscana","article_publisher":"https:\/\/www.facebook.com\/intoscana.it","article_published_time":"2026-09-04T07:52:37+00:00","article_modified_time":"2026-09-04T07:53:10+00:00","og_image":[{"width":1080,"height":1350,"url":"https:\/\/www.intoscana.it\/wp-content\/uploads\/Catherine-Commisso-.jpg","type":"image\/jpeg"}],"author":"Redazione","twitter_card":"summary_large_image","twitter_creator":"@intoscana","twitter_site":"@intoscana","twitter_misc":{"Written by":"Redazione","Est. reading time":"2 minuti"},"schema":{"@context":"https:\/\/schema.org","@graph":[{"@type":"WebPage","@id":"https:\/\/www.intoscana.it\/it\/catherine-commisso-vicepresidente-fiorentina\/","url":"https:\/\/www.intoscana.it\/it\/catherine-commisso-vicepresidente-fiorentina\/","name":"Calcio: Catherine Commisso \u00e8 la nuova vicepresidente della Fiorentina - intoscana","isPartOf":{"@id":"https:\/\/www.intoscana.it\/it\/#website"},"primaryImageOfPage":{"@id":"https:\/\/www.intoscana.it\/it\/catherine-commisso-vicepresidente-fiorentina\/#primaryimage"},"image":{"@id":"https:\/\/www.intoscana.it\/it\/catherine-commisso-vicepresidente-fiorentina\/#primaryimage"},"thumbnailUrl":"https:\/\/www.intoscana.it\/wp-content\/uploads\/Catherine-Commisso-.jpg","datePublished":"2026-09-04T07:52:37+00:00","dateModified":"2026-09-04T07:53:10+00:00","author":{"@id":"https:\/\/www.intoscana.it\/it\/#\/schema\/person\/9223810753230f20bd670fdd322661f8"},"breadcrumb":{"@id":"https:\/\/www.intoscana.it\/it\/catherine-commisso-vicepresidente-fiorentina\/#breadcrumb"},"inLanguage":"it-IT","potentialAction":[{"@type":"ReadAction","target":["https:\/\/www.intoscana.it\/it\/catherine-commisso-vicepresidente-fiorentina\/"]}]},{"@type":"ImageObject","inLanguage":"it-IT","@id":"https:\/\/www.intoscana.it\/it\/catherine-commisso-vicepresidente-fiorentina\/#primaryimage","url":"https:\/\/www.intoscana.it\/wp-content\/uploads\/Catherine-Commisso-.jpg","contentUrl":"https:\/\/www.intoscana.it\/wp-content\/uploads\/Catherine-Commisso-.jpg","width":1080,"height":1350,"caption":"Catherine Commisso"},{"@type":"BreadcrumbList","@id":"https:\/\/www.intoscana.it\/it\/catherine-commisso-vicepresidente-fiorentina\/#breadcrumb","itemListElement":[{"@type":"ListItem","position":1,"name":"Home","item":"https:\/\/www.intoscana.it\/it\/"},{"@type":"ListItem","position":2,"name":"Calcio: Catherine Commisso \u00e8 la nuova vicepresidente della Fiorentina"}]},{"@type":"WebSite","@id":"https:\/\/www.intoscana.it\/it\/#website","url":"https:\/\/www.intoscana.it\/it\/","name":"intoscana","description":"","potentialAction":[{"@type":"SearchAction","target":{"@type":"EntryPoint","urlTemplate":"https:\/\/www.intoscana.it\/it\/?s={search_term_string}"},"query-input":{"@type":"PropertyValueSpecification","valueRequired":true,"valueName":"search_term_string"}}],"inLanguage":"it-IT"},{"@type":"Person","@id":"https:\/\/www.intoscana.it\/it\/#\/schema\/person\/9223810753230f20bd670fdd322661f8","name":"Redazione","url":"https:\/\/www.intoscana.it\/it\/author\/redazione\/"}]}},"_links":{"self":[{"href":"https:\/\/www.intoscana.it\/it\/wp-json\/wp\/v2\/posts\/440638","targetHints":{"allow":["GET"]}}],"collection":[{"href":"https:\/\/www.intoscana.it\/it\/wp-json\/wp\/v2\/posts"}],"about":[{"href":"https:\/\/www.intoscana.it\/it\/wp-json\/wp\/v2\/types\/post"}],"author":[{"embeddable":true,"href":"https:\/\/www.intoscana.it\/it\/wp-json\/wp\/v2\/users\/525"}],"replies":[{"embeddable":true,"href":"https:\/\/www.intoscana.it\/it\/wp-json\/wp\/v2\/comments?post=440638"}],"version-history":[{"count":5,"href":"https:\/\/www.intoscana.it\/it\/wp-json\/wp\/v2\/posts\/440638\/revisions"}],"predecessor-version":[{"id":440655,"href":"https:\/\/www.intoscana.it\/it\/wp-json\/wp\/v2\/posts\/440638\/revisions\/440655"}],"wp:featuredmedia":[{"embeddable":true,"href":"https:\/\/www.intoscana.it\/it\/wp-json\/wp\/v2\/media\/440644"}],"wp:attachment":[{"href":"https:\/\/www.intoscana.it\/it\/wp-json\/wp\/v2\/media?parent=440638"}],"wp:term":[{"taxonomy":"category","embeddable":true,"href":"https:\/\/www.intoscana.it\/it\/wp-json\/wp\/v2\/categories?post=440638"},{"taxonomy":"post_tag","embeddable":true,"href":"https:\/\/www.intoscana.it\/it\/wp-json\/wp\/v2\/tags?post=440638"}],"curies":[{"name":"wp","href":"https:\/\/api.w.org\/{rel}","templated":true}]}}