{"id":440656,"date":"2026-09-04T10:59:21","date_gmt":"2026-09-04T08:59:21","guid":{"rendered":"https:\/\/www.intoscana.it\/it\/?p=440656"},"modified":"2026-09-04T10:59:21","modified_gmt":"2026-09-04T08:59:21","slug":"nel-parco-delle-foreste-casentinesi-nasce-un-centro-per-innovare-la-comunicazione-delle-aree-protette","status":"publish","type":"post","link":"https:\/\/www.intoscana.it\/it\/nel-parco-delle-foreste-casentinesi-nasce-un-centro-per-innovare-la-comunicazione-delle-aree-protette\/","title":{"rendered":"Nel Parco delle Foreste Casentinesi nasce un centro per innovare la comunicazione delle aree protette"},"content":{"rendered":"<p>Sperimentare nuovi strumenti e linguaggi per la divulgazione dell<strong>a natura, degli cosistemi e della biodiversit\u00e0<\/strong>. \u00c8 questo l&#8217;obiettivo del<strong> progetto &#8220;Parcco&#8221;,<\/strong> acronimo inglese di &#8220;Protected Areas&#8217; Research Centre for innovative Communication&#8221;, lanciato dal <strong>Parco nazionale delle Foreste Casentinesi<\/strong> per innovare la comunicazione delle aree protette.<\/p>\n<h3>Una rete di esperti e ricercatori<\/h3>\n<p>La sede fisica del centro sar\u00e0 a Santa Sofia ma le attivit\u00e0 verranno condotte in modo virtuale e digitale per favorire un respiro internazionale e per <mark>mettere in rete esperti, ricercatori e professionisti di ogni provenienza capaci di proporre modalit\u00e0 comunicative sperimentali per le aree protette italiane ed estere.<\/mark><\/p>\n<p>&#8220;Parcco&#8221; sar\u00e0 strutturato come <strong>un vero e proprio laboratorio<\/strong> senza costi fissi, senza amministratori e senza dipendenti che potr\u00e0, di volta in volta, aggregare competenze e professionalit\u00e0 diversificate in funzione dei progetti sviluppati. La volont\u00e0 \u00e8, infatti, di prevedere una formula agile e aperta per favorire la crescita di nuove collaborazioni e generare occasioni di confronto tra le aree protette, il<strong> mondo della ricerca e le realt\u00e0 pi\u00f9 avanzate della comunicazione.<\/strong><\/p>\n<figure id=\"post-440662 media-440662\" class=\"align-none\">\n<p><figure style=\"width: 1772px\" class=\"wp-caption alignnone\"><img loading=\"lazy\" decoding=\"async\" src=\"https:\/\/www.intoscana.it\/wp-content\/uploads\/Parco-Foreste-Casentinesi-Progetto-PARCCO-foto-Matteo-Perini-1.jpg\" alt=\"\" width=\"1772\" height=\"1181\" \/><figcaption class=\"wp-caption-text\">Il Progetto \u201cPARCCO\u201d del Parco Foreste Casentinesi &#8211; \u00a9 Matteo Perini<\/figcaption><\/figure><\/figure>\n<h3>Comunicare per conservare il territorio<\/h3>\n<p>In quest&#8217;ottica, &#8220;Parcco&#8221; ha gi\u00e0 avviato accordi con esperti universitari di design per valorizzare questa forma comunicativa da declinare in grafica digitale, abbigliamento del personale, segnaletica sul territorio, arredo urbano e allestimenti di uffici e centri visita, ma anche con <strong>esperti di fotografia aturalistica etica, di marketing e di neuromarketing<\/strong> applicati alla gestione dei parchi naturali e alla diffusione dei messaggi per la conservazione.<\/p>\n<p>Un ulteriore filone riguarda la<strong> collaborazione con musicisti di livello anche internazionale<\/strong> che ha gi\u00e0 permesso di dare il via al progetto<strong> &#8220;Armonia della bellezza&#8221;<\/strong>\u00a0per la comunicazione musicale delle aree protette, mentre un altro fronte riguarda <strong>l&#8217;intelligenza artificiale<\/strong> con l&#8217;ambizione di individuare applicazioni specifiche che non sostituiscano la componente umana ma che possano supportare la comunicazione del valore della natura. Parallelamente verr\u00e0 approfondito il ruolo della comunicazione giornalistica delle attivit\u00e0 agricole e zootecniche come parti integranti degli strumenti di conservazione del territorio.<\/p>\n","protected":false},"excerpt":{"rendered":"<p>Il progetto &#8220;Parcco&#8221; mette in rete esperti e ricercatori per divulgare in modo innovativo la natura, gli ecosistemi e la biodiversit\u00e0<\/p>\n","protected":false},"author":525,"featured_media":440661,"comment_status":"open","ping_status":"open","sticky":false,"template":"","format":"standard","meta":{"_acf_changed":false,"footnotes":""},"categories":[19],"tags":[5596],"class_list":["post-440656","post","type-post","status-publish","format-standard","has-post-thumbnail","hentry","category-ambiente","tag-parco-nazionale-foreste-casentinesi"],"acf":[],"yoast_head":"<!-- This site is optimized with the Yoast SEO Premium plugin v24.2 (Yoast SEO v25.6) - https:\/\/yoast.com\/wordpress\/plugins\/seo\/ -->\n<title>Nel Parco delle Foreste Casentinesi nasce un centro per innovare la comunicazione delle aree protette - intoscana<\/title>\n<meta name=\"robots\" content=\"index, follow, max-snippet:-1, max-image-preview:large, max-video-preview:-1\" \/>\n<link rel=\"canonical\" href=\"https:\/\/www.intoscana.it\/it\/nel-parco-delle-foreste-casentinesi-nasce-un-centro-per-innovare-la-comunicazione-delle-aree-protette\/\" \/>\n<meta property=\"og:locale\" content=\"it_IT\" \/>\n<meta property=\"og:type\" content=\"article\" \/>\n<meta property=\"og:title\" content=\"Nel Parco delle Foreste Casentinesi nasce un centro per innovare la comunicazione delle aree protette\" \/>\n<meta property=\"og:description\" content=\"Il progetto &quot;Parcco&quot; mette in rete esperti e ricercatori per divulgare in modo innovativo la natura, gli ecosistemi e la biodiversit\u00e0\" \/>\n<meta property=\"og:url\" content=\"https:\/\/www.intoscana.it\/it\/nel-parco-delle-foreste-casentinesi-nasce-un-centro-per-innovare-la-comunicazione-delle-aree-protette\/\" \/>\n<meta property=\"og:site_name\" content=\"intoscana\" \/>\n<meta property=\"article:publisher\" content=\"https:\/\/www.facebook.com\/intoscana.it\" \/>\n<meta property=\"article:published_time\" content=\"2026-09-04T08:59:21+00:00\" \/>\n<meta property=\"og:image\" content=\"https:\/\/www.intoscana.it\/wp-content\/uploads\/Parco-Foreste-Casentinesi-Progetto-PARCCO-foto-Andrea-Bonavita-1.jpg\" \/>\n\t<meta property=\"og:image:width\" content=\"1772\" \/>\n\t<meta property=\"og:image:height\" content=\"1181\" \/>\n\t<meta property=\"og:image:type\" content=\"image\/jpeg\" \/>\n<meta name=\"author\" content=\"Redazione\" \/>\n<meta name=\"twitter:card\" content=\"summary_large_image\" \/>\n<meta name=\"twitter:creator\" content=\"@intoscana\" \/>\n<meta name=\"twitter:site\" content=\"@intoscana\" \/>\n<meta name=\"twitter:label1\" content=\"Written by\" \/>\n\t<meta name=\"twitter:data1\" content=\"Redazione\" \/>\n\t<meta name=\"twitter:label2\" content=\"Est. reading time\" \/>\n\t<meta name=\"twitter:data2\" content=\"3 minuti\" \/>\n<script type=\"application\/ld+json\" class=\"yoast-schema-graph\">{\"@context\":\"https:\/\/schema.org\",\"@graph\":[{\"@type\":\"WebPage\",\"@id\":\"https:\/\/www.intoscana.it\/it\/nel-parco-delle-foreste-casentinesi-nasce-un-centro-per-innovare-la-comunicazione-delle-aree-protette\/\",\"url\":\"https:\/\/www.intoscana.it\/it\/nel-parco-delle-foreste-casentinesi-nasce-un-centro-per-innovare-la-comunicazione-delle-aree-protette\/\",\"name\":\"Nel Parco delle Foreste Casentinesi nasce un centro per innovare la comunicazione delle aree protette - intoscana\",\"isPartOf\":{\"@id\":\"https:\/\/www.intoscana.it\/it\/#website\"},\"primaryImageOfPage\":{\"@id\":\"https:\/\/www.intoscana.it\/it\/nel-parco-delle-foreste-casentinesi-nasce-un-centro-per-innovare-la-comunicazione-delle-aree-protette\/#primaryimage\"},\"image\":{\"@id\":\"https:\/\/www.intoscana.it\/it\/nel-parco-delle-foreste-casentinesi-nasce-un-centro-per-innovare-la-comunicazione-delle-aree-protette\/#primaryimage\"},\"thumbnailUrl\":\"https:\/\/www.intoscana.it\/wp-content\/uploads\/Parco-Foreste-Casentinesi-Progetto-PARCCO-foto-Andrea-Bonavita-1.jpg\",\"datePublished\":\"2026-09-04T08:59:21+00:00\",\"author\":{\"@id\":\"https:\/\/www.intoscana.it\/it\/#\/schema\/person\/9223810753230f20bd670fdd322661f8\"},\"breadcrumb\":{\"@id\":\"https:\/\/www.intoscana.it\/it\/nel-parco-delle-foreste-casentinesi-nasce-un-centro-per-innovare-la-comunicazione-delle-aree-protette\/#breadcrumb\"},\"inLanguage\":\"it-IT\",\"potentialAction\":[{\"@type\":\"ReadAction\",\"target\":[\"https:\/\/www.intoscana.it\/it\/nel-parco-delle-foreste-casentinesi-nasce-un-centro-per-innovare-la-comunicazione-delle-aree-protette\/\"]}]},{\"@type\":\"ImageObject\",\"inLanguage\":\"it-IT\",\"@id\":\"https:\/\/www.intoscana.it\/it\/nel-parco-delle-foreste-casentinesi-nasce-un-centro-per-innovare-la-comunicazione-delle-aree-protette\/#primaryimage\",\"url\":\"https:\/\/www.intoscana.it\/wp-content\/uploads\/Parco-Foreste-Casentinesi-Progetto-PARCCO-foto-Andrea-Bonavita-1.jpg\",\"contentUrl\":\"https:\/\/www.intoscana.it\/wp-content\/uploads\/Parco-Foreste-Casentinesi-Progetto-PARCCO-foto-Andrea-Bonavita-1.jpg\",\"width\":1772,\"height\":1181,\"caption\":\"Il Progetto \\\"PARCCO\\\" del Parco Foreste Casentinesi\"},{\"@type\":\"BreadcrumbList\",\"@id\":\"https:\/\/www.intoscana.it\/it\/nel-parco-delle-foreste-casentinesi-nasce-un-centro-per-innovare-la-comunicazione-delle-aree-protette\/#breadcrumb\",\"itemListElement\":[{\"@type\":\"ListItem\",\"position\":1,\"name\":\"Home\",\"item\":\"https:\/\/www.intoscana.it\/it\/\"},{\"@type\":\"ListItem\",\"position\":2,\"name\":\"Nel Parco delle Foreste Casentinesi nasce un centro per innovare la comunicazione delle aree protette\"}]},{\"@type\":\"WebSite\",\"@id\":\"https:\/\/www.intoscana.it\/it\/#website\",\"url\":\"https:\/\/www.intoscana.it\/it\/\",\"name\":\"intoscana\",\"description\":\"\",\"potentialAction\":[{\"@type\":\"SearchAction\",\"target\":{\"@type\":\"EntryPoint\",\"urlTemplate\":\"https:\/\/www.intoscana.it\/it\/?s={search_term_string}\"},\"query-input\":{\"@type\":\"PropertyValueSpecification\",\"valueRequired\":true,\"valueName\":\"search_term_string\"}}],\"inLanguage\":\"it-IT\"},{\"@type\":\"Person\",\"@id\":\"https:\/\/www.intoscana.it\/it\/#\/schema\/person\/9223810753230f20bd670fdd322661f8\",\"name\":\"Redazione\",\"url\":\"https:\/\/www.intoscana.it\/it\/author\/redazione\/\"}]}<\/script>\n<!-- \/ Yoast SEO Premium plugin. -->","yoast_head_json":{"title":"Nel Parco delle Foreste Casentinesi nasce un centro per innovare la comunicazione delle aree protette - intoscana","robots":{"index":"index","follow":"follow","max-snippet":"max-snippet:-1","max-image-preview":"max-image-preview:large","max-video-preview":"max-video-preview:-1"},"canonical":"https:\/\/www.intoscana.it\/it\/nel-parco-delle-foreste-casentinesi-nasce-un-centro-per-innovare-la-comunicazione-delle-aree-protette\/","og_locale":"it_IT","og_type":"article","og_title":"Nel Parco delle Foreste Casentinesi nasce un centro per innovare la comunicazione delle aree protette","og_description":"Il progetto \"Parcco\" mette in rete esperti e ricercatori per divulgare in modo innovativo la natura, gli ecosistemi e la biodiversit\u00e0","og_url":"https:\/\/www.intoscana.it\/it\/nel-parco-delle-foreste-casentinesi-nasce-un-centro-per-innovare-la-comunicazione-delle-aree-protette\/","og_site_name":"intoscana","article_publisher":"https:\/\/www.facebook.com\/intoscana.it","article_published_time":"2026-09-04T08:59:21+00:00","og_image":[{"width":1772,"height":1181,"url":"https:\/\/www.intoscana.it\/wp-content\/uploads\/Parco-Foreste-Casentinesi-Progetto-PARCCO-foto-Andrea-Bonavita-1.jpg","type":"image\/jpeg"}],"author":"Redazione","twitter_card":"summary_large_image","twitter_creator":"@intoscana","twitter_site":"@intoscana","twitter_misc":{"Written by":"Redazione","Est. reading time":"3 minuti"},"schema":{"@context":"https:\/\/schema.org","@graph":[{"@type":"WebPage","@id":"https:\/\/www.intoscana.it\/it\/nel-parco-delle-foreste-casentinesi-nasce-un-centro-per-innovare-la-comunicazione-delle-aree-protette\/","url":"https:\/\/www.intoscana.it\/it\/nel-parco-delle-foreste-casentinesi-nasce-un-centro-per-innovare-la-comunicazione-delle-aree-protette\/","name":"Nel Parco delle Foreste Casentinesi nasce un centro per innovare la comunicazione delle aree protette - intoscana","isPartOf":{"@id":"https:\/\/www.intoscana.it\/it\/#website"},"primaryImageOfPage":{"@id":"https:\/\/www.intoscana.it\/it\/nel-parco-delle-foreste-casentinesi-nasce-un-centro-per-innovare-la-comunicazione-delle-aree-protette\/#primaryimage"},"image":{"@id":"https:\/\/www.intoscana.it\/it\/nel-parco-delle-foreste-casentinesi-nasce-un-centro-per-innovare-la-comunicazione-delle-aree-protette\/#primaryimage"},"thumbnailUrl":"https:\/\/www.intoscana.it\/wp-content\/uploads\/Parco-Foreste-Casentinesi-Progetto-PARCCO-foto-Andrea-Bonavita-1.jpg","datePublished":"2026-09-04T08:59:21+00:00","author":{"@id":"https:\/\/www.intoscana.it\/it\/#\/schema\/person\/9223810753230f20bd670fdd322661f8"},"breadcrumb":{"@id":"https:\/\/www.intoscana.it\/it\/nel-parco-delle-foreste-casentinesi-nasce-un-centro-per-innovare-la-comunicazione-delle-aree-protette\/#breadcrumb"},"inLanguage":"it-IT","potentialAction":[{"@type":"ReadAction","target":["https:\/\/www.intoscana.it\/it\/nel-parco-delle-foreste-casentinesi-nasce-un-centro-per-innovare-la-comunicazione-delle-aree-protette\/"]}]},{"@type":"ImageObject","inLanguage":"it-IT","@id":"https:\/\/www.intoscana.it\/it\/nel-parco-delle-foreste-casentinesi-nasce-un-centro-per-innovare-la-comunicazione-delle-aree-protette\/#primaryimage","url":"https:\/\/www.intoscana.it\/wp-content\/uploads\/Parco-Foreste-Casentinesi-Progetto-PARCCO-foto-Andrea-Bonavita-1.jpg","contentUrl":"https:\/\/www.intoscana.it\/wp-content\/uploads\/Parco-Foreste-Casentinesi-Progetto-PARCCO-foto-Andrea-Bonavita-1.jpg","width":1772,"height":1181,"caption":"Il Progetto \"PARCCO\" del Parco Foreste Casentinesi"},{"@type":"BreadcrumbList","@id":"https:\/\/www.intoscana.it\/it\/nel-parco-delle-foreste-casentinesi-nasce-un-centro-per-innovare-la-comunicazione-delle-aree-protette\/#breadcrumb","itemListElement":[{"@type":"ListItem","position":1,"name":"Home","item":"https:\/\/www.intoscana.it\/it\/"},{"@type":"ListItem","position":2,"name":"Nel Parco delle Foreste Casentinesi nasce un centro per innovare la comunicazione delle aree protette"}]},{"@type":"WebSite","@id":"https:\/\/www.intoscana.it\/it\/#website","url":"https:\/\/www.intoscana.it\/it\/","name":"intoscana","description":"","potentialAction":[{"@type":"SearchAction","target":{"@type":"EntryPoint","urlTemplate":"https:\/\/www.intoscana.it\/it\/?s={search_term_string}"},"query-input":{"@type":"PropertyValueSpecification","valueRequired":true,"valueName":"search_term_string"}}],"inLanguage":"it-IT"},{"@type":"Person","@id":"https:\/\/www.intoscana.it\/it\/#\/schema\/person\/9223810753230f20bd670fdd322661f8","name":"Redazione","url":"https:\/\/www.intoscana.it\/it\/author\/redazione\/"}]}},"_links":{"self":[{"href":"https:\/\/www.intoscana.it\/it\/wp-json\/wp\/v2\/posts\/440656","targetHints":{"allow":["GET"]}}],"collection":[{"href":"https:\/\/www.intoscana.it\/it\/wp-json\/wp\/v2\/posts"}],"about":[{"href":"https:\/\/www.intoscana.it\/it\/wp-json\/wp\/v2\/types\/post"}],"author":[{"embeddable":true,"href":"https:\/\/www.intoscana.it\/it\/wp-json\/wp\/v2\/users\/525"}],"replies":[{"embeddable":true,"href":"https:\/\/www.intoscana.it\/it\/wp-json\/wp\/v2\/comments?post=440656"}],"version-history":[{"count":5,"href":"https:\/\/www.intoscana.it\/it\/wp-json\/wp\/v2\/posts\/440656\/revisions"}],"predecessor-version":[{"id":440668,"href":"https:\/\/www.intoscana.it\/it\/wp-json\/wp\/v2\/posts\/440656\/revisions\/440668"}],"wp:featuredmedia":[{"embeddable":true,"href":"https:\/\/www.intoscana.it\/it\/wp-json\/wp\/v2\/media\/440661"}],"wp:attachment":[{"href":"https:\/\/www.intoscana.it\/it\/wp-json\/wp\/v2\/media?parent=440656"}],"wp:term":[{"taxonomy":"category","embeddable":true,"href":"https:\/\/www.intoscana.it\/it\/wp-json\/wp\/v2\/categories?post=440656"},{"taxonomy":"post_tag","embeddable":true,"href":"https:\/\/www.intoscana.it\/it\/wp-json\/wp\/v2\/tags?post=440656"}],"curies":[{"name":"wp","href":"https:\/\/api.w.org\/{rel}","templated":true}]}}