{"id":440676,"date":"2026-09-04T14:53:16","date_gmt":"2026-09-04T12:53:16","guid":{"rendered":"https:\/\/www.intoscana.it\/it\/?p=440676"},"modified":"2026-09-04T14:53:16","modified_gmt":"2026-09-04T12:53:16","slug":"rosa-montero-francesco-costa-e-julio-velasco-i-vincitori-del-premio-boccaccio-2026","status":"publish","type":"post","link":"https:\/\/www.intoscana.it\/it\/rosa-montero-francesco-costa-e-julio-velasco-i-vincitori-del-premio-boccaccio-2026\/","title":{"rendered":"Rosa Montero, Francesco Costa e Julio Velasco i vincitori del Premio Boccaccio 2026"},"content":{"rendered":"<p>Dall&#8217;11 al 13 settembre <strong>Certaldo<\/strong> ospita tre giornate di incontri dedicati alla letteratura, al giornalismo, al cinema e alla musica per l&#8217;edizione 2026 del <strong>Premio Letterario Giovanni Boccaccio<\/strong>.<\/p>\n<p>Protagonisti dell&#8217;edizione 2026 saranno <strong>Rosa Montero<\/strong> (Premio Boccaccio per la Letteratura) <strong>Francesco Costa<\/strong> (Premio Boccaccio per il Giornalismo) e <strong>Julio Velasco<\/strong> (Premio Boccaccio per l&#8217;Etica della Comunicazione).<\/p>\n<p>&#8220;La quarantacinquesima edizione il Premio Boccaccio \u00e8 ormai un punto di riferimento nel panorama culturale nazionale, con una capacit\u00e0 di richiamo che va anche oltre i confini italiani \u2013 sottolinea il presidente della Regione Toscana <strong>Eugenio Giani<\/strong>, nel corso della conferenza stampa di presentazione a Firenze, nella sede della Presidenza della Regione Toscana \u2013. I riconoscimenti assegnati quest\u2019anno confermano il prestigio raggiunto dalla manifestazione. Un risultato che deve molto al lavoro di Simona Dei, che ha saputo far crescere il Premio e <mark>attualizzare la straordinaria eredit\u00e0 di Giovanni Boccaccio, primo grande prosatore della nostra letteratura e protagonista della diffusione dell\u2019opera di Dante attraverso le sue letture pubbliche.<\/mark> Un patrimonio che richiama il primato della Toscana nella storia della lingua e della letteratura italiana e che, grazie al Premio, continua a dialogare con il presente\u201d.<\/p>\n<figure id=\"post-440727 media-440727\" class=\"align-none\"><img decoding=\"async\" src=\"https:\/\/www.intoscana.it\/wp-content\/uploads\/boccaccio.jpg\" alt=\"\" \/><\/figure>\n<p>&#8220;La quarantacinquesima edizione racconta bene quello che il Premio Boccaccio vuole essere oggi: un luogo in cui linguaggi ed esperienze differenti possano incontrarsi e aiutarci a comprendere meglio il nostro tempo&#8221;, ha spiegato dichiara <strong>Simona Dei<\/strong>, presidente dell&#8217;Associazione Letteraria Giovanni Boccaccio.<\/p>\n<h3><em>I vincitori dell&#8217;edizione 2026<\/em><\/h3>\n<p>L&#8217;uso della parola, etico e civile, e la capacit\u00e0 di relazionarsi con il proprio pubblico: sono queste le qualit\u00e0 pricipali dei premiati.<\/p>\n<p>Scrittrice e giornalista spagnola tra le voci pi\u00f9 autorevoli della letteratura europea contemporanea,<strong> Rosa Montero<\/strong> ha costruito un&#8217;opera capace di <mark>attraversare memoria, identit\u00e0, relazioni umane e condizione femminile, intrecciando esperienza personale e immaginazione.<\/mark><\/p>\n<p><strong>Francesco Costa<\/strong>, giornalista, autore e direttore del Post, si \u00e8 distinto per <mark>un modo di fare informazione fondato sull&#8217;approfondimento, sulla contestualizzazione e sulla capacit\u00e0 di rendere accessibili fenomeni complessi.<\/mark><\/p>\n<p><strong>Julio Velasco<\/strong>, uno dei pi\u00f9 grandi allenatori della storia della pallavolo mondiale, ma il Premio riconosce\u00a0 una figura <mark>che ha saputo portare ben oltre i confini dello sport la propria riflessione sulla leadership, sulla responsabilit\u00e0 individuale e collettiva e sul valore delle relazioni.<\/mark><\/p>\n<div>\n<p>A scegliere i vincitori \u00e8 stata la giuria presieduta da<strong> Walter Veltroni<\/strong> e composta da Antonella Cilento, Marta Morazzoni, Paolo Ermini, Agnese Pini, Roberto De Ponti e dalla presidente dell&#8217;Associazione Letteraria Giovanni Boccaccio Simona Dei.<\/p>\n<p>Il Premio Boccaccio &#8211; sottolinea il sindaco di Certaldo<strong> Giovanni Campatelli<\/strong> &#8211; ha avuto negli anni un&#8217;evoluzione importante: nato come strumento per valorizzare il patrimonio culturale di Certaldo, oggi \u00e8 diventato esso stesso patrimonio culturale della nostra citt\u00e0, con una storia e un&#8217;identit\u00e0 proprie&#8221;<\/p>\n<h3><em>Il programma<\/em><\/h3>\n<p>La cerimonia del 12 settembre sar\u00e0 il momento centrale di un programma che porter\u00e0 a Certaldo incontri con autori, letture, cinema e momenti di confronto. Tra gli appuntamenti, un incontro dedicato all\u2019America con <strong>Francesco Costa e Riccardo Nencini<\/strong> e, in chiusura, <mark>un viaggio tra poesia e musica dedicato a San Francesco con Davide Rondoni e il Trio Sparagna, al Monastero di Cellole a San Gimignano.<\/mark><\/p>\n<p>La XLV edizione el Premio segna\u00a0 l&#8217;avvio di una nuova rassegna cinematografica, realizzata in collaborazione con GrandeSchermo e <mark>inaugurata dalla proiezione, l&#8217;11 settembre,\u00a0 di Una giornata particolare di Ettore Scola.<\/mark> Accanto al programma del Premio proseguono inoltre le attivit\u00e0 rivolte alle nuove generazioni, tra cui i percorsi sostenuti dal bando &#8220;Siete Presente&#8221; promosso da CESVOT e Regione Toscana.<\/p>\n<p>Tutti gli appuntamenti del programma sono a ingresso gratuito. La cerimonia di premiazione di sabato 12 settembre ha gi\u00e0 raggiunto la capienza disponibile, ma sar\u00e0 comunque possibile seguirla in diretta sul <strong>maxischermo<\/strong> allestito in Piazza Boccaccio a Certaldo e su RTV38, canale 10 del digitale terrestre.<\/p>\n<\/div>\n<div><\/div>\n","protected":false},"excerpt":{"rendered":"<p>A Certaldo, dall&#8217;11 al 13 settembre, tre giornate di incontri dedicati alla letteratura, al giornalismo, al cinema e alla musica. Giani: &#8220;Manifestazione punto di riferimento nel panorama culturale nazionale&#8221;<\/p>\n","protected":false},"author":525,"featured_media":440688,"comment_status":"open","ping_status":"open","sticky":false,"template":"","format":"standard","meta":{"_acf_changed":false,"footnotes":""},"categories":[493],"tags":[4639,158,6646],"class_list":["post-440676","post","type-post","status-publish","format-standard","has-post-thumbnail","hentry","category-cultura","tag-certaldo","tag-eugenio-giani","tag-premio-boccaccio"],"acf":[],"yoast_head":"<!-- This site is optimized with the Yoast SEO Premium plugin v24.2 (Yoast SEO v25.6) - https:\/\/yoast.com\/wordpress\/plugins\/seo\/ -->\n<title>Rosa Montero, Francesco Costa e Julio Velasco i vincitori del Premio Boccaccio 2026 - intoscana<\/title>\n<meta name=\"description\" content=\"A Certaldo, dall&#039;11 al 13 settembre, tre giornate di incontri dedicati alla letteratura, al giornalismo, al cinema e alla musica. Giani: &quot;Manifestazione punto di riferimento nel panorama culturale nazionale&quot;\" \/>\n<meta name=\"robots\" content=\"index, follow, max-snippet:-1, max-image-preview:large, max-video-preview:-1\" \/>\n<link rel=\"canonical\" href=\"https:\/\/www.intoscana.it\/it\/rosa-montero-francesco-costa-e-julio-velasco-i-vincitori-del-premio-boccaccio-2026\/\" \/>\n<meta property=\"og:locale\" content=\"it_IT\" \/>\n<meta property=\"og:type\" content=\"article\" \/>\n<meta property=\"og:title\" content=\"Rosa Montero, Francesco Costa e Julio Velasco i vincitori del Premio Boccaccio 2026\" \/>\n<meta property=\"og:description\" content=\"A Certaldo, dall&#039;11 al 13 settembre, tre giornate di incontri dedicati alla letteratura, al giornalismo, al cinema e alla musica. Giani: &quot;Manifestazione punto di riferimento nel panorama culturale nazionale&quot;\" \/>\n<meta property=\"og:url\" content=\"https:\/\/www.intoscana.it\/it\/rosa-montero-francesco-costa-e-julio-velasco-i-vincitori-del-premio-boccaccio-2026\/\" \/>\n<meta property=\"og:site_name\" content=\"intoscana\" \/>\n<meta property=\"article:publisher\" content=\"https:\/\/www.facebook.com\/intoscana.it\" \/>\n<meta property=\"article:published_time\" content=\"2026-09-04T12:53:16+00:00\" \/>\n<meta property=\"og:image\" content=\"https:\/\/www.intoscana.it\/wp-content\/uploads\/imgi_6_premiati_boccaccio2026-1080x675-1.jpg\" \/>\n\t<meta property=\"og:image:width\" content=\"1080\" \/>\n\t<meta property=\"og:image:height\" content=\"675\" \/>\n\t<meta property=\"og:image:type\" content=\"image\/jpeg\" \/>\n<meta name=\"author\" content=\"Redazione\" \/>\n<meta name=\"twitter:card\" content=\"summary_large_image\" \/>\n<meta name=\"twitter:creator\" content=\"@intoscana\" \/>\n<meta name=\"twitter:site\" content=\"@intoscana\" \/>\n<meta name=\"twitter:label1\" content=\"Written by\" \/>\n\t<meta name=\"twitter:data1\" content=\"Redazione\" \/>\n\t<meta name=\"twitter:label2\" content=\"Est. reading time\" \/>\n\t<meta name=\"twitter:data2\" content=\"4 minuti\" \/>\n<script type=\"application\/ld+json\" class=\"yoast-schema-graph\">{\"@context\":\"https:\/\/schema.org\",\"@graph\":[{\"@type\":\"WebPage\",\"@id\":\"https:\/\/www.intoscana.it\/it\/rosa-montero-francesco-costa-e-julio-velasco-i-vincitori-del-premio-boccaccio-2026\/\",\"url\":\"https:\/\/www.intoscana.it\/it\/rosa-montero-francesco-costa-e-julio-velasco-i-vincitori-del-premio-boccaccio-2026\/\",\"name\":\"Rosa Montero, Francesco Costa e Julio Velasco i vincitori del Premio Boccaccio 2026 - intoscana\",\"isPartOf\":{\"@id\":\"https:\/\/www.intoscana.it\/it\/#website\"},\"primaryImageOfPage\":{\"@id\":\"https:\/\/www.intoscana.it\/it\/rosa-montero-francesco-costa-e-julio-velasco-i-vincitori-del-premio-boccaccio-2026\/#primaryimage\"},\"image\":{\"@id\":\"https:\/\/www.intoscana.it\/it\/rosa-montero-francesco-costa-e-julio-velasco-i-vincitori-del-premio-boccaccio-2026\/#primaryimage\"},\"thumbnailUrl\":\"https:\/\/www.intoscana.it\/wp-content\/uploads\/imgi_6_premiati_boccaccio2026-1080x675-1.jpg\",\"datePublished\":\"2026-09-04T12:53:16+00:00\",\"author\":{\"@id\":\"https:\/\/www.intoscana.it\/it\/#\/schema\/person\/9223810753230f20bd670fdd322661f8\"},\"description\":\"A Certaldo, dall'11 al 13 settembre, tre giornate di incontri dedicati alla letteratura, al giornalismo, al cinema e alla musica. Giani: \\\"Manifestazione punto di riferimento nel panorama culturale nazionale\\\"\",\"breadcrumb\":{\"@id\":\"https:\/\/www.intoscana.it\/it\/rosa-montero-francesco-costa-e-julio-velasco-i-vincitori-del-premio-boccaccio-2026\/#breadcrumb\"},\"inLanguage\":\"it-IT\",\"potentialAction\":[{\"@type\":\"ReadAction\",\"target\":[\"https:\/\/www.intoscana.it\/it\/rosa-montero-francesco-costa-e-julio-velasco-i-vincitori-del-premio-boccaccio-2026\/\"]}]},{\"@type\":\"ImageObject\",\"inLanguage\":\"it-IT\",\"@id\":\"https:\/\/www.intoscana.it\/it\/rosa-montero-francesco-costa-e-julio-velasco-i-vincitori-del-premio-boccaccio-2026\/#primaryimage\",\"url\":\"https:\/\/www.intoscana.it\/wp-content\/uploads\/imgi_6_premiati_boccaccio2026-1080x675-1.jpg\",\"contentUrl\":\"https:\/\/www.intoscana.it\/wp-content\/uploads\/imgi_6_premiati_boccaccio2026-1080x675-1.jpg\",\"width\":1080,\"height\":675},{\"@type\":\"BreadcrumbList\",\"@id\":\"https:\/\/www.intoscana.it\/it\/rosa-montero-francesco-costa-e-julio-velasco-i-vincitori-del-premio-boccaccio-2026\/#breadcrumb\",\"itemListElement\":[{\"@type\":\"ListItem\",\"position\":1,\"name\":\"Home\",\"item\":\"https:\/\/www.intoscana.it\/it\/\"},{\"@type\":\"ListItem\",\"position\":2,\"name\":\"Rosa Montero, Francesco Costa e Julio Velasco i vincitori del Premio Boccaccio 2026\"}]},{\"@type\":\"WebSite\",\"@id\":\"https:\/\/www.intoscana.it\/it\/#website\",\"url\":\"https:\/\/www.intoscana.it\/it\/\",\"name\":\"intoscana\",\"description\":\"\",\"potentialAction\":[{\"@type\":\"SearchAction\",\"target\":{\"@type\":\"EntryPoint\",\"urlTemplate\":\"https:\/\/www.intoscana.it\/it\/?s={search_term_string}\"},\"query-input\":{\"@type\":\"PropertyValueSpecification\",\"valueRequired\":true,\"valueName\":\"search_term_string\"}}],\"inLanguage\":\"it-IT\"},{\"@type\":\"Person\",\"@id\":\"https:\/\/www.intoscana.it\/it\/#\/schema\/person\/9223810753230f20bd670fdd322661f8\",\"name\":\"Redazione\",\"url\":\"https:\/\/www.intoscana.it\/it\/author\/redazione\/\"}]}<\/script>\n<!-- \/ Yoast SEO Premium plugin. -->","yoast_head_json":{"title":"Rosa Montero, Francesco Costa e Julio Velasco i vincitori del Premio Boccaccio 2026 - intoscana","description":"A Certaldo, dall'11 al 13 settembre, tre giornate di incontri dedicati alla letteratura, al giornalismo, al cinema e alla musica. Giani: \"Manifestazione punto di riferimento nel panorama culturale nazionale\"","robots":{"index":"index","follow":"follow","max-snippet":"max-snippet:-1","max-image-preview":"max-image-preview:large","max-video-preview":"max-video-preview:-1"},"canonical":"https:\/\/www.intoscana.it\/it\/rosa-montero-francesco-costa-e-julio-velasco-i-vincitori-del-premio-boccaccio-2026\/","og_locale":"it_IT","og_type":"article","og_title":"Rosa Montero, Francesco Costa e Julio Velasco i vincitori del Premio Boccaccio 2026","og_description":"A Certaldo, dall'11 al 13 settembre, tre giornate di incontri dedicati alla letteratura, al giornalismo, al cinema e alla musica. Giani: \"Manifestazione punto di riferimento nel panorama culturale nazionale\"","og_url":"https:\/\/www.intoscana.it\/it\/rosa-montero-francesco-costa-e-julio-velasco-i-vincitori-del-premio-boccaccio-2026\/","og_site_name":"intoscana","article_publisher":"https:\/\/www.facebook.com\/intoscana.it","article_published_time":"2026-09-04T12:53:16+00:00","og_image":[{"width":1080,"height":675,"url":"https:\/\/www.intoscana.it\/wp-content\/uploads\/imgi_6_premiati_boccaccio2026-1080x675-1.jpg","type":"image\/jpeg"}],"author":"Redazione","twitter_card":"summary_large_image","twitter_creator":"@intoscana","twitter_site":"@intoscana","twitter_misc":{"Written by":"Redazione","Est. reading time":"4 minuti"},"schema":{"@context":"https:\/\/schema.org","@graph":[{"@type":"WebPage","@id":"https:\/\/www.intoscana.it\/it\/rosa-montero-francesco-costa-e-julio-velasco-i-vincitori-del-premio-boccaccio-2026\/","url":"https:\/\/www.intoscana.it\/it\/rosa-montero-francesco-costa-e-julio-velasco-i-vincitori-del-premio-boccaccio-2026\/","name":"Rosa Montero, Francesco Costa e Julio Velasco i vincitori del Premio Boccaccio 2026 - intoscana","isPartOf":{"@id":"https:\/\/www.intoscana.it\/it\/#website"},"primaryImageOfPage":{"@id":"https:\/\/www.intoscana.it\/it\/rosa-montero-francesco-costa-e-julio-velasco-i-vincitori-del-premio-boccaccio-2026\/#primaryimage"},"image":{"@id":"https:\/\/www.intoscana.it\/it\/rosa-montero-francesco-costa-e-julio-velasco-i-vincitori-del-premio-boccaccio-2026\/#primaryimage"},"thumbnailUrl":"https:\/\/www.intoscana.it\/wp-content\/uploads\/imgi_6_premiati_boccaccio2026-1080x675-1.jpg","datePublished":"2026-09-04T12:53:16+00:00","author":{"@id":"https:\/\/www.intoscana.it\/it\/#\/schema\/person\/9223810753230f20bd670fdd322661f8"},"description":"A Certaldo, dall'11 al 13 settembre, tre giornate di incontri dedicati alla letteratura, al giornalismo, al cinema e alla musica. Giani: \"Manifestazione punto di riferimento nel panorama culturale nazionale\"","breadcrumb":{"@id":"https:\/\/www.intoscana.it\/it\/rosa-montero-francesco-costa-e-julio-velasco-i-vincitori-del-premio-boccaccio-2026\/#breadcrumb"},"inLanguage":"it-IT","potentialAction":[{"@type":"ReadAction","target":["https:\/\/www.intoscana.it\/it\/rosa-montero-francesco-costa-e-julio-velasco-i-vincitori-del-premio-boccaccio-2026\/"]}]},{"@type":"ImageObject","inLanguage":"it-IT","@id":"https:\/\/www.intoscana.it\/it\/rosa-montero-francesco-costa-e-julio-velasco-i-vincitori-del-premio-boccaccio-2026\/#primaryimage","url":"https:\/\/www.intoscana.it\/wp-content\/uploads\/imgi_6_premiati_boccaccio2026-1080x675-1.jpg","contentUrl":"https:\/\/www.intoscana.it\/wp-content\/uploads\/imgi_6_premiati_boccaccio2026-1080x675-1.jpg","width":1080,"height":675},{"@type":"BreadcrumbList","@id":"https:\/\/www.intoscana.it\/it\/rosa-montero-francesco-costa-e-julio-velasco-i-vincitori-del-premio-boccaccio-2026\/#breadcrumb","itemListElement":[{"@type":"ListItem","position":1,"name":"Home","item":"https:\/\/www.intoscana.it\/it\/"},{"@type":"ListItem","position":2,"name":"Rosa Montero, Francesco Costa e Julio Velasco i vincitori del Premio Boccaccio 2026"}]},{"@type":"WebSite","@id":"https:\/\/www.intoscana.it\/it\/#website","url":"https:\/\/www.intoscana.it\/it\/","name":"intoscana","description":"","potentialAction":[{"@type":"SearchAction","target":{"@type":"EntryPoint","urlTemplate":"https:\/\/www.intoscana.it\/it\/?s={search_term_string}"},"query-input":{"@type":"PropertyValueSpecification","valueRequired":true,"valueName":"search_term_string"}}],"inLanguage":"it-IT"},{"@type":"Person","@id":"https:\/\/www.intoscana.it\/it\/#\/schema\/person\/9223810753230f20bd670fdd322661f8","name":"Redazione","url":"https:\/\/www.intoscana.it\/it\/author\/redazione\/"}]}},"_links":{"self":[{"href":"https:\/\/www.intoscana.it\/it\/wp-json\/wp\/v2\/posts\/440676","targetHints":{"allow":["GET"]}}],"collection":[{"href":"https:\/\/www.intoscana.it\/it\/wp-json\/wp\/v2\/posts"}],"about":[{"href":"https:\/\/www.intoscana.it\/it\/wp-json\/wp\/v2\/types\/post"}],"author":[{"embeddable":true,"href":"https:\/\/www.intoscana.it\/it\/wp-json\/wp\/v2\/users\/525"}],"replies":[{"embeddable":true,"href":"https:\/\/www.intoscana.it\/it\/wp-json\/wp\/v2\/comments?post=440676"}],"version-history":[{"count":5,"href":"https:\/\/www.intoscana.it\/it\/wp-json\/wp\/v2\/posts\/440676\/revisions"}],"predecessor-version":[{"id":440729,"href":"https:\/\/www.intoscana.it\/it\/wp-json\/wp\/v2\/posts\/440676\/revisions\/440729"}],"wp:featuredmedia":[{"embeddable":true,"href":"https:\/\/www.intoscana.it\/it\/wp-json\/wp\/v2\/media\/440688"}],"wp:attachment":[{"href":"https:\/\/www.intoscana.it\/it\/wp-json\/wp\/v2\/media?parent=440676"}],"wp:term":[{"taxonomy":"category","embeddable":true,"href":"https:\/\/www.intoscana.it\/it\/wp-json\/wp\/v2\/categories?post=440676"},{"taxonomy":"post_tag","embeddable":true,"href":"https:\/\/www.intoscana.it\/it\/wp-json\/wp\/v2\/tags?post=440676"}],"curies":[{"name":"wp","href":"https:\/\/api.w.org\/{rel}","templated":true}]}}