{"id":440718,"date":"2026-09-04T15:15:44","date_gmt":"2026-09-04T13:15:44","guid":{"rendered":"https:\/\/www.intoscana.it\/it\/?p=440718"},"modified":"2026-09-04T15:18:30","modified_gmt":"2026-09-04T13:18:30","slug":"premio-pieve-2026-ottanta-anni-repubblica","status":"publish","type":"post","link":"https:\/\/www.intoscana.it\/it\/premio-pieve-2026-ottanta-anni-repubblica\/","title":{"rendered":"Ottanta anni di Repubblica nelle autobiografie degli italiani al Premio Pieve. Giani: &#8220;Il valore della memoria&#8221;"},"content":{"rendered":"<p><strong>Gli ottant\u2019anni della Repubblica<\/strong> descritti dalle parole di chi li ha vissuti diventano lo scenario personale di una storia collettiva pi\u00f9 grande e condivisa. Raccontate da soldati, partigiani, donne e uomini che lavorano in fabbrica, migranti in Italia ed emigrati italiani negli Stati Uniti, le vicende delle persone che hanno affidato alla scrittura diaristica il loro tempo sono oggi custodite nell\u2019<mark>Archivio Diaristico Nazionale a Pieve Santo Stefano, in provincia di Arezzo, che dal 17 al 20 settembre ospiter\u00e0 la 42esima edizione del Premio Pieve dedicata all\u2019ottantesimo anniversario della Repubblica Italiana.<\/mark><\/p>\n<p>La nuova edizione del Premio, che si vale della media partnership di InToscana e il patrocinio di RAI Toscana e Radio Rai3, \u00e8 stata presentata oggi nella sede della Giunta regionale dal presidente Eugenio Giani assieme ad Albano Bragagni e Natalia Cangi, presidente e direttrice organizzativa dall\u2019Archivio dedicato al ricordo di <strong>Saverio Tutino giornalista e scrittore morto nel 2011<\/strong>, che nel 1984 ebbe l&#8217;idea di creare proprio nella cittadina aretina un Archivio Diaristico Nazionale in cui accogliere le scritture autobiografiche degli italiani.<\/p>\n<p><em>\u201cL&#8217;Archivio di Pieve Santo Stefano \u00e8 unico in Italia &#8211;<\/em> ha sottolineato il <strong>presidente della Regione Eugenio Giani<\/strong>\u00a0 &#8211; <em>un vero giacimento culturale legato al profilo ed all\u2019essenza della Toscana della Cultura. Ricordo che ne parlammo anni fa con l&#8217;allora ministro dei Beni culturali Dario Franceschini, che aveva l\u2019intenzione di farne un esempio virtuoso strettamente collegato con i progetti di rilancio a livello europeo della cultura italiana. Come Regione Toscana abbiamo cercato in questi anni di avvicinarci sempre di pi\u00f9 alle iniziative dell\u2019Archivio e ora che siamo parte della Fondazione stiamo pensando a nuovi progetti per poter dare sempre pi\u00f9 spazio a questa esperienza che unisce memoria e letteratura popolare. Ogni anno arrivano nuovi contributi diaristici e questo ricorda quella bella frase del presidente della Repubblica Sergio Mattarella che, venendo a Civitella Val di Chiana per gli 80 anni dalla Liberazione, concluse il suo intervento ricordando che \u201cLa memoria \u00e8 il futuro\u201d.<\/em><\/p>\n<p><em>\u00a0\u201cL\u2019Archivio rinnova oggi &#8211;<\/em> ha spiegato il <strong>presidente dell\u2019Archivio Diaristico Albano Bragagni<\/strong> <em>&#8211; i principi di Saverio Tutino, giornalista sensibile e visionario, cercando sempre di pi\u00f9 di allargare linguaggi, strumenti e opportunit\u00e0 in grado di stimolare un dibattito sulla memoria, che non \u00e8 una cosa polverosa ma qualcosa di vivo che ci aiuta a capire il nostro passato e anche leggere in modo diverso il futuro\u201d.<\/em><\/p>\n<p><em> \u201c\u00c8 quello che faremo con la Repubblica nelle Memorie<\/em> &#8211; ha aggiunto la <strong>direttrice dell&#8217;Archivio Natalia Cangi<\/strong> &#8211; <em>a 80 anni dal voto, che trasforma l\u2019Italia in democrazia pensando a come questa data \u00e8 rimasta incisa nella vita delle persone. Mantenerne vivo il ricordo \u00e8 anche scegliere come immagine simbolo di questa edizione un volto di donna accostato a una matita copiativa, simbolica di quel momento storico. Da l\u00ec siamo partiti per costruire un programma che vede protagonisti gli scritti delle donne\u201d.<\/em><\/p>\n<h3>Gli otto finalisti<\/h3>\n<p><strong>Sono otto le opere finaliste candidate al premio 2026<\/strong>: le memorie <em>Saturnia <\/em>di Olga Ajello (1941-1942, da Addis Abeba verso la citt\u00e0 di Pola), <em>Pagine bianche con fiori marci all\u2019interno<\/em> di Nicol\u00f2 Augelli (2025-2026, dalla provincia di Como), <em>Lidia <\/em>di Angela Coletta (1940-1945 Piccolo archivio di una giovinezza diario 1941-1949, dalla Sicilia alle file della Resistenza lombarda), <em>Tricita <\/em>di Patrizia D\u2019Alterio (1958-2010, dalla Colombia all\u2019Italia), <em>Tutto vene recompenzato <\/em>di Placido Priscimone (1895-1946, dalla Sicilia al fronte nord-est della Seconda guerra), la memoria-diario<em> Una via che in principio credevo la buona <\/em>di Mario Barbieri (1897-1945, dal Veneto ai due fronti bellici del Novecento), il diario<em> Carissima bandiera <\/em>di Fernanda Capece Minutolo (1946, dall\u2019Italia post referendaria al Portogallo) e l\u2019autobiografia <em>Clandestino. Una vita non prevista<\/em> di Nedal Cini Al Zyod (1966-2025, dalla Giordania all\u2019Italia).<\/p>\n<p><mark>L\u2019opera giudicata vincitrice dalla giuria nazionale sar\u00e0 annunciata nella manifestazione conclusiva del 20 settembre, <\/mark>condotta da Guido Barbieri e Monica D\u2019Onofrio, affiancati da Paola Roscioli e Mario Perrotta per le letture.<\/p>\n<figure id=\"post-440714 media-440714\" class=\"align-none\">\n<p><figure style=\"width: 2048px\" class=\"wp-caption alignnone\"><img loading=\"lazy\" decoding=\"async\" src=\"https:\/\/www.intoscana.it\/wp-content\/uploads\/Finalisti-Premio-Pieve-2026-scaled.jpeg\" alt=\"\" width=\"2048\" height=\"1281\" \/><figcaption class=\"wp-caption-text\">I finalisti del Premio Pieve 2026<\/figcaption><\/figure><\/figure>\n<h3>Il programma del Premio Pieve<\/h3>\n<p>Tanti gli altri appuntamenti nelle <a href=\"https:\/\/www.premiopieve.it\/\" target=\"_blank\" rel=\"noopener\">quattro giornate del Premio Pieve<\/a> consacrate alla scrittura autobiografica, con numerosi ospiti: scrittori, storici, autori. Come <strong>Sara Manisera<\/strong>,\u00a0<strong>Premio Tutino Giornalista<\/strong>, reporter che racconta le contraddizioni, le disuguaglianze, le ferite della storia pi\u00f9 recente, e <a href=\"https:\/\/www.intoscana.it\/it\/a-lella-costa-il-premio-citta-del-diario-2026-la-memoria-come-responsabilita-civile\/\" target=\"_blank\" rel=\"noopener\"><strong>Lella Costa<\/strong>,\u00a0<strong>Premio Citt\u00e0 del diario<\/strong>,<\/a> attrice e drammaturga che nei suoi spettacoli trasforma il palcoscenico in uno spazio di memoria condivisa.<\/p>\n<p>Nello spazio Progetti e racconti si segnalano il<strong> film autobiografico <em>Doppio sguardo<\/em>. <em>Il mondo di Spartaco Scarpellini filmato tra l\u2019Italia e l\u2019America<\/em><\/strong>, un diario filmato in 8 mm dove la vita del protagonista, italo americano nato a Boston nel 1919, dialoga idealmente con le numerose testimonianze custodite dall\u2019Archivio Diaristico.<\/p>\n<p>Tra i progetti in corso prosegue <strong><em>I muri parlano<\/em>, ideato da Diego Dalla Ragione: un percorso urbano della memoria<\/strong> che, attraverso le parole dei testimoni geo localizzate in installazioni dotate di QR code, restituisce voce alla Pieve Santo Stefano distrutta nel 1944 e alla sua rinascita.<\/p>\n<p>Nel programma dell\u2019edizione 2026 del Premio Pieve anche terza edizione del <strong>premio speciale Barnaba, concorso letterario<\/strong> ideato per incentivare il racconto delle esperienze vissute nelle sale dei musei, promosso dal Museo Galileo di Firenze, il premio Giuseppe Bartolomei attribuito dalla Commissione di lettura a <em>La mia America, epistolario 1970-1999 <\/em>di Anna Maccari White, e il riconoscimento per il miglior manoscritto originale assegnato ex-equo dall\u2019Archivio Diaristico a <em>Piccolo archivio di una giovinezza diario 1941-1949 <\/em>di Paola Lancellotti e <em>Chiaroscuro, memoria 1921-1945 <\/em>di Bruno Masnaga.<\/p>\n<p>Le esposizioni inserite nel programma raccontano la memoria con le pagine pi\u00f9 belle arrivate a Pieve ne<strong> &#8220;Il tesoro dell\u2019Archivio&#8221; a cura di Cristina Cangi, mentre i diari migranti sono in mostra con &#8220;disegnami<\/strong>&#8221; a cura di Cristina Carraro, Fabrizia Carraro, Giovanni Cocco, Lorenzo Marcolin, Marina Marin, Maddalena Nava, Ilaria Petrussa e Fausto Tormen. Particolare attenzione \u00e8 dedicata al territorio, protagonista della mostra fotografica &#8220;<em>120 Volti e Storie intra Tevero et Arno&#8221;<\/em> curata da Federico Emmi che mette l\u2019accento sul lavoro di donne, uomini e imprese delle zone limitrofe agli argini toscani dei due fiumi ed Elette ed eletti \u00e8 la mostra documentaria per una riflessione sul rapporto tra genere, cittadinanza e partecipazione politica attraverso documenti, immagini e testimonianze.<\/p>\n","protected":false},"excerpt":{"rendered":"<p>Dal 17 al 20 settembre a Pieve Santo Stefano, la citt\u00e0 che dal 1984 ospita l&#8217;Archivio Diaristico Nazionale, la 42esima edizione del premio intitolato a Saverio Tutino<\/p>\n","protected":false},"author":525,"featured_media":86468,"comment_status":"open","ping_status":"open","sticky":false,"template":"","format":"standard","meta":{"_acf_changed":false,"footnotes":""},"categories":[493],"tags":[293,138],"class_list":["post-440718","post","type-post","status-publish","format-standard","has-post-thumbnail","hentry","category-cultura","tag-archivio-diari-pieve-santo-stefano","tag-premio-pieve"],"acf":[],"yoast_head":"<!-- This site is optimized with the Yoast SEO Premium plugin v24.2 (Yoast SEO v25.6) - https:\/\/yoast.com\/wordpress\/plugins\/seo\/ -->\n<title>Ottanta anni di Repubblica nelle autobiografie degli italiani al Premio Pieve. Giani: &quot;Il valore della memoria&quot; - intoscana<\/title>\n<meta name=\"robots\" content=\"index, follow, max-snippet:-1, max-image-preview:large, max-video-preview:-1\" \/>\n<link rel=\"canonical\" href=\"https:\/\/www.intoscana.it\/it\/premio-pieve-2026-ottanta-anni-repubblica\/\" \/>\n<meta property=\"og:locale\" content=\"it_IT\" \/>\n<meta property=\"og:type\" content=\"article\" \/>\n<meta property=\"og:title\" content=\"Ottanta anni di Repubblica nelle autobiografie degli italiani al Premio Pieve. Giani: &quot;Il valore della memoria&quot;\" \/>\n<meta property=\"og:description\" content=\"Dal 17 al 20 settembre a Pieve Santo Stefano, la citt\u00e0 che dal 1984 ospita l&#039;Archivio Diaristico Nazionale, la 42esima edizione del premio intitolato a Saverio Tutino\" \/>\n<meta property=\"og:url\" content=\"https:\/\/www.intoscana.it\/it\/premio-pieve-2026-ottanta-anni-repubblica\/\" \/>\n<meta property=\"og:site_name\" content=\"intoscana\" \/>\n<meta property=\"article:publisher\" content=\"https:\/\/www.facebook.com\/intoscana.it\" \/>\n<meta property=\"article:published_time\" content=\"2026-09-04T13:15:44+00:00\" \/>\n<meta property=\"article:modified_time\" content=\"2026-09-04T13:18:30+00:00\" \/>\n<meta property=\"og:image\" content=\"https:\/\/www.intoscana.it\/wp-content\/uploads\/43823099_2038204039552676_8590076716762791936_o.jpg\" \/>\n\t<meta property=\"og:image:width\" content=\"1772\" \/>\n\t<meta property=\"og:image:height\" content=\"1178\" \/>\n\t<meta property=\"og:image:type\" content=\"image\/jpeg\" \/>\n<meta name=\"author\" content=\"Redazione\" \/>\n<meta name=\"twitter:card\" content=\"summary_large_image\" \/>\n<meta name=\"twitter:creator\" content=\"@intoscana\" \/>\n<meta name=\"twitter:site\" content=\"@intoscana\" \/>\n<meta name=\"twitter:label1\" content=\"Written by\" \/>\n\t<meta name=\"twitter:data1\" content=\"Redazione\" \/>\n\t<meta name=\"twitter:label2\" content=\"Est. reading time\" \/>\n\t<meta name=\"twitter:data2\" content=\"6 minuti\" \/>\n<script type=\"application\/ld+json\" class=\"yoast-schema-graph\">{\"@context\":\"https:\/\/schema.org\",\"@graph\":[{\"@type\":\"WebPage\",\"@id\":\"https:\/\/www.intoscana.it\/it\/premio-pieve-2026-ottanta-anni-repubblica\/\",\"url\":\"https:\/\/www.intoscana.it\/it\/premio-pieve-2026-ottanta-anni-repubblica\/\",\"name\":\"Ottanta anni di Repubblica nelle autobiografie degli italiani al Premio Pieve. Giani: \\\"Il valore della memoria\\\" - intoscana\",\"isPartOf\":{\"@id\":\"https:\/\/www.intoscana.it\/it\/#website\"},\"primaryImageOfPage\":{\"@id\":\"https:\/\/www.intoscana.it\/it\/premio-pieve-2026-ottanta-anni-repubblica\/#primaryimage\"},\"image\":{\"@id\":\"https:\/\/www.intoscana.it\/it\/premio-pieve-2026-ottanta-anni-repubblica\/#primaryimage\"},\"thumbnailUrl\":\"https:\/\/www.intoscana.it\/wp-content\/uploads\/43823099_2038204039552676_8590076716762791936_o.jpg\",\"datePublished\":\"2026-09-04T13:15:44+00:00\",\"dateModified\":\"2026-09-04T13:18:30+00:00\",\"author\":{\"@id\":\"https:\/\/www.intoscana.it\/it\/#\/schema\/person\/9223810753230f20bd670fdd322661f8\"},\"breadcrumb\":{\"@id\":\"https:\/\/www.intoscana.it\/it\/premio-pieve-2026-ottanta-anni-repubblica\/#breadcrumb\"},\"inLanguage\":\"it-IT\",\"potentialAction\":[{\"@type\":\"ReadAction\",\"target\":[\"https:\/\/www.intoscana.it\/it\/premio-pieve-2026-ottanta-anni-repubblica\/\"]}]},{\"@type\":\"ImageObject\",\"inLanguage\":\"it-IT\",\"@id\":\"https:\/\/www.intoscana.it\/it\/premio-pieve-2026-ottanta-anni-repubblica\/#primaryimage\",\"url\":\"https:\/\/www.intoscana.it\/wp-content\/uploads\/43823099_2038204039552676_8590076716762791936_o.jpg\",\"contentUrl\":\"https:\/\/www.intoscana.it\/wp-content\/uploads\/43823099_2038204039552676_8590076716762791936_o.jpg\",\"width\":1772,\"height\":1178,\"caption\":\"Archivio dei diari di Pieve Santo Stefano\"},{\"@type\":\"BreadcrumbList\",\"@id\":\"https:\/\/www.intoscana.it\/it\/premio-pieve-2026-ottanta-anni-repubblica\/#breadcrumb\",\"itemListElement\":[{\"@type\":\"ListItem\",\"position\":1,\"name\":\"Home\",\"item\":\"https:\/\/www.intoscana.it\/it\/\"},{\"@type\":\"ListItem\",\"position\":2,\"name\":\"Ottanta anni di Repubblica nelle autobiografie degli italiani al Premio Pieve. Giani: &#8220;Il valore della memoria&#8221;\"}]},{\"@type\":\"WebSite\",\"@id\":\"https:\/\/www.intoscana.it\/it\/#website\",\"url\":\"https:\/\/www.intoscana.it\/it\/\",\"name\":\"intoscana\",\"description\":\"\",\"potentialAction\":[{\"@type\":\"SearchAction\",\"target\":{\"@type\":\"EntryPoint\",\"urlTemplate\":\"https:\/\/www.intoscana.it\/it\/?s={search_term_string}\"},\"query-input\":{\"@type\":\"PropertyValueSpecification\",\"valueRequired\":true,\"valueName\":\"search_term_string\"}}],\"inLanguage\":\"it-IT\"},{\"@type\":\"Person\",\"@id\":\"https:\/\/www.intoscana.it\/it\/#\/schema\/person\/9223810753230f20bd670fdd322661f8\",\"name\":\"Redazione\",\"url\":\"https:\/\/www.intoscana.it\/it\/author\/redazione\/\"}]}<\/script>\n<!-- \/ Yoast SEO Premium plugin. -->","yoast_head_json":{"title":"Ottanta anni di Repubblica nelle autobiografie degli italiani al Premio Pieve. Giani: \"Il valore della memoria\" - intoscana","robots":{"index":"index","follow":"follow","max-snippet":"max-snippet:-1","max-image-preview":"max-image-preview:large","max-video-preview":"max-video-preview:-1"},"canonical":"https:\/\/www.intoscana.it\/it\/premio-pieve-2026-ottanta-anni-repubblica\/","og_locale":"it_IT","og_type":"article","og_title":"Ottanta anni di Repubblica nelle autobiografie degli italiani al Premio Pieve. Giani: \"Il valore della memoria\"","og_description":"Dal 17 al 20 settembre a Pieve Santo Stefano, la citt\u00e0 che dal 1984 ospita l'Archivio Diaristico Nazionale, la 42esima edizione del premio intitolato a Saverio Tutino","og_url":"https:\/\/www.intoscana.it\/it\/premio-pieve-2026-ottanta-anni-repubblica\/","og_site_name":"intoscana","article_publisher":"https:\/\/www.facebook.com\/intoscana.it","article_published_time":"2026-09-04T13:15:44+00:00","article_modified_time":"2026-09-04T13:18:30+00:00","og_image":[{"width":1772,"height":1178,"url":"https:\/\/www.intoscana.it\/wp-content\/uploads\/43823099_2038204039552676_8590076716762791936_o.jpg","type":"image\/jpeg"}],"author":"Redazione","twitter_card":"summary_large_image","twitter_creator":"@intoscana","twitter_site":"@intoscana","twitter_misc":{"Written by":"Redazione","Est. reading time":"6 minuti"},"schema":{"@context":"https:\/\/schema.org","@graph":[{"@type":"WebPage","@id":"https:\/\/www.intoscana.it\/it\/premio-pieve-2026-ottanta-anni-repubblica\/","url":"https:\/\/www.intoscana.it\/it\/premio-pieve-2026-ottanta-anni-repubblica\/","name":"Ottanta anni di Repubblica nelle autobiografie degli italiani al Premio Pieve. Giani: \"Il valore della memoria\" - intoscana","isPartOf":{"@id":"https:\/\/www.intoscana.it\/it\/#website"},"primaryImageOfPage":{"@id":"https:\/\/www.intoscana.it\/it\/premio-pieve-2026-ottanta-anni-repubblica\/#primaryimage"},"image":{"@id":"https:\/\/www.intoscana.it\/it\/premio-pieve-2026-ottanta-anni-repubblica\/#primaryimage"},"thumbnailUrl":"https:\/\/www.intoscana.it\/wp-content\/uploads\/43823099_2038204039552676_8590076716762791936_o.jpg","datePublished":"2026-09-04T13:15:44+00:00","dateModified":"2026-09-04T13:18:30+00:00","author":{"@id":"https:\/\/www.intoscana.it\/it\/#\/schema\/person\/9223810753230f20bd670fdd322661f8"},"breadcrumb":{"@id":"https:\/\/www.intoscana.it\/it\/premio-pieve-2026-ottanta-anni-repubblica\/#breadcrumb"},"inLanguage":"it-IT","potentialAction":[{"@type":"ReadAction","target":["https:\/\/www.intoscana.it\/it\/premio-pieve-2026-ottanta-anni-repubblica\/"]}]},{"@type":"ImageObject","inLanguage":"it-IT","@id":"https:\/\/www.intoscana.it\/it\/premio-pieve-2026-ottanta-anni-repubblica\/#primaryimage","url":"https:\/\/www.intoscana.it\/wp-content\/uploads\/43823099_2038204039552676_8590076716762791936_o.jpg","contentUrl":"https:\/\/www.intoscana.it\/wp-content\/uploads\/43823099_2038204039552676_8590076716762791936_o.jpg","width":1772,"height":1178,"caption":"Archivio dei diari di Pieve Santo Stefano"},{"@type":"BreadcrumbList","@id":"https:\/\/www.intoscana.it\/it\/premio-pieve-2026-ottanta-anni-repubblica\/#breadcrumb","itemListElement":[{"@type":"ListItem","position":1,"name":"Home","item":"https:\/\/www.intoscana.it\/it\/"},{"@type":"ListItem","position":2,"name":"Ottanta anni di Repubblica nelle autobiografie degli italiani al Premio Pieve. Giani: &#8220;Il valore della memoria&#8221;"}]},{"@type":"WebSite","@id":"https:\/\/www.intoscana.it\/it\/#website","url":"https:\/\/www.intoscana.it\/it\/","name":"intoscana","description":"","potentialAction":[{"@type":"SearchAction","target":{"@type":"EntryPoint","urlTemplate":"https:\/\/www.intoscana.it\/it\/?s={search_term_string}"},"query-input":{"@type":"PropertyValueSpecification","valueRequired":true,"valueName":"search_term_string"}}],"inLanguage":"it-IT"},{"@type":"Person","@id":"https:\/\/www.intoscana.it\/it\/#\/schema\/person\/9223810753230f20bd670fdd322661f8","name":"Redazione","url":"https:\/\/www.intoscana.it\/it\/author\/redazione\/"}]}},"_links":{"self":[{"href":"https:\/\/www.intoscana.it\/it\/wp-json\/wp\/v2\/posts\/440718","targetHints":{"allow":["GET"]}}],"collection":[{"href":"https:\/\/www.intoscana.it\/it\/wp-json\/wp\/v2\/posts"}],"about":[{"href":"https:\/\/www.intoscana.it\/it\/wp-json\/wp\/v2\/types\/post"}],"author":[{"embeddable":true,"href":"https:\/\/www.intoscana.it\/it\/wp-json\/wp\/v2\/users\/525"}],"replies":[{"embeddable":true,"href":"https:\/\/www.intoscana.it\/it\/wp-json\/wp\/v2\/comments?post=440718"}],"version-history":[{"count":5,"href":"https:\/\/www.intoscana.it\/it\/wp-json\/wp\/v2\/posts\/440718\/revisions"}],"predecessor-version":[{"id":440751,"href":"https:\/\/www.intoscana.it\/it\/wp-json\/wp\/v2\/posts\/440718\/revisions\/440751"}],"wp:featuredmedia":[{"embeddable":true,"href":"https:\/\/www.intoscana.it\/it\/wp-json\/wp\/v2\/media\/86468"}],"wp:attachment":[{"href":"https:\/\/www.intoscana.it\/it\/wp-json\/wp\/v2\/media?parent=440718"}],"wp:term":[{"taxonomy":"category","embeddable":true,"href":"https:\/\/www.intoscana.it\/it\/wp-json\/wp\/v2\/categories?post=440718"},{"taxonomy":"post_tag","embeddable":true,"href":"https:\/\/www.intoscana.it\/it\/wp-json\/wp\/v2\/tags?post=440718"}],"curies":[{"name":"wp","href":"https:\/\/api.w.org\/{rel}","templated":true}]}}