{"id":440754,"date":"2026-09-04T15:58:58","date_gmt":"2026-09-04T13:58:58","guid":{"rendered":"https:\/\/www.intoscana.it\/it\/?p=440754"},"modified":"2026-09-04T15:58:58","modified_gmt":"2026-09-04T13:58:58","slug":"in-sostenibile-la-cucina-che-crea-una-rete-a-villa-bardini-il-festival-green-guarda-al-futuro","status":"publish","type":"post","link":"https:\/\/www.intoscana.it\/it\/in-sostenibile-la-cucina-che-crea-una-rete-a-villa-bardini-il-festival-green-guarda-al-futuro\/","title":{"rendered":"IN-Sostenibile, la cucina che crea una rete: a Villa Bardini il festival green guarda al futuro"},"content":{"rendered":"<p>Non solo un festival dedicato alla sostenibilit\u00e0, ma<strong> una comunit\u00e0<\/strong> che negli anni ha scelto di interrogarsi sul modo in cui abitiamo il pianeta, partendo da ci\u00f2 che arriva sulle nostre tavole: \u00e8 questa l&#8217;idea alla base di <strong>IN-Sostenibile,<\/strong> il progetto nato dall&#8217;incontro tra gli chef<strong> Simone Cipriani e Fabrizio Bartoli<\/strong> e arrivato quest&#8217;anno alla sua quinta edizione.<\/p>\n<p><strong>Un percorso iniziato quasi in sordina nel 2022<\/strong>, subito dopo la pandemia, quando il bisogno di tornare a stare insieme e di recuperare il rapporto con gli spazi aperti si intrecciava con la volont\u00e0 di costruire qualcosa di concreto intorno al tema della <strong>sostenibilit\u00e0.<\/strong><\/p>\n<p><strong>Il 6 settembre IN-Sostenibile arriva a Villa Bardini<\/strong> con la sua <strong><em>Urban Edition,<\/em><\/strong> un luogo particolarmente suggestivo per una manifestazione che vuole parlare di natura, citt\u00e0 e comunit\u00e0, ad affiancare <strong>Simone Cipriani<\/strong> nell&#8217;organizzazione di questa seconda tappa sar\u00e0 <strong>Filippo Saporito.<\/strong><\/p>\n<p>Il programma comincia<strong> alle 11 con una lezione gratuita di yoga<\/strong> sul prato della villa, per poi lasciare spazio, <strong>dalle 12 alle 20, al cuore gastronomico della manifestazione: il picnic.<\/strong><\/p>\n<p><strong>Saranno otto i banchi allestiti nel parco.<\/strong> In ciascuno, <strong>uno chef proporr\u00e0 un piatto costruito intorno al prodotto di un&#8217;azienda agricola<\/strong> partner. Al suo fianco ci sar\u00e0 il produttore, chiamato a raccontare direttamente la propria realt\u00e0 e il lavoro che c&#8217;\u00e8 dietro ci\u00f2 che finisce nel piatto. A completare l&#8217;esperienza sar\u00e0 <strong>un vignaiolo, con un calice scelto in abbinamento.<\/strong><\/p>\n<p>Una formula che mette sullo stesso piano chi cucina e chi coltiva, restituendo valore alla storia degli ingredienti e alla relazione tra prodotto, territorio e persone.<\/p>\n<p>Tra gli chef protagonisti ci saranno <strong>Emanuele e Marlene<\/strong> di Manifattura Culinaria, <strong>Elisa Masoni<\/strong> di Molino Trattoria,<strong> Alessio e Lorenzo<\/strong> di Santabarbara, <strong>Gaetano Trovato<\/strong> di Bis Osteria,<strong> Manuel Innocenzi<\/strong> di Corale, <strong>Matteo Giaconi<\/strong> di Underground, <strong>Simone Gambini<\/strong> di Azzighe e<strong> Giuseppe Polzinetti<\/strong> di Emidio Pepe.<\/p>\n<p>L<strong>a selezione dei vini e dei vignaioli sar\u00e0 curata da BIBO,<\/strong> mentre tra le aziende agricole coinvolte ci saranno <strong>Circular Farm<\/strong> di Scandicci, <strong>Bucolica<\/strong> di Firenze, <strong>Siro Petracchi<\/strong> di Carmignano, <strong>Le Caprine<\/strong> di Gambassi Terme, <strong>Caseificio Leoni<\/strong> di Livorno, <strong>Cavolo a Merenda<\/strong> di Colle Val d&#8217;Elsa, <strong>Fattoria di Triboli<\/strong> di Impruneta e <strong>Formaveg<\/strong> di Livorno.<\/p>\n<p><strong>Non mancher\u00e0 il bar curato da Julian Biondi,<\/strong> che per l&#8217;occasione proporr\u00e0 una carta di cocktail e analcolici studiata appositamente per il festival.<\/p>\n<p>A tenere insieme i diversi momenti della giornata saranno anche le parole. <strong>Simona Bellocci condurr\u00e0 interviste e momenti di confronto con i protagonisti,<\/strong> mentre il collettivo di dj Introspettiva accompagner\u00e0 la giornata con la musica.<\/p>\n<h3>La cena alla Leggenda dei Frati<\/h3>\n<p><strong>Dalle 20.30 prender\u00e0 il via la cena alla Leggenda dei Frati,<\/strong> il ristorante di Filippo Saporito. In cucina si incontreranno <strong>Gaetano Trovato di Arnolfo, Marco Stabile di Ora d&#8217;Aria, Simone Cipriani di Underground, Filippo Bartoli di Osteria Ancestrale e Damiano Donati di Fattoria Sardi.<\/strong><\/p>\n<p>Ad aprire la serata saranno<strong> i tre fondatori del festival,<\/strong> che presenteranno il progetto e lasceranno poi spazio agli chef, protagonisti di una cena costruita intorno alla loro ricerca sulla cucina vegetale. Un percorso che accomuna da anni <strong>Saporito, Stabile e Trovato<\/strong>, impegnati a dimostrare come la cucina vegetale possa essere non soltanto una scelta etica, ma anche un terreno di sperimentazione gastronomica.<\/p>\n<p><strong>IN-Sostenibile Urban Edition<\/strong> diventa cos\u00ec molto pi\u00f9 di una manifestazione gastronomica, \u00e8 <strong>una giornata in cui il cibo diventa il punto di partenza per parlare di agricoltura, territorio, vino, creativit\u00e0 e futuro.<\/strong><\/p>\n<p>Ma anche un modo per conoscere direttamente chi produce,<strong> scoprire ingredienti e realt\u00e0 spesso lontane dai circuiti pi\u00f9 commerciali<\/strong> e incontrare chef che hanno scelto di mettere la sostenibilit\u00e0 al centro della propria ricerca.<\/p>\n<p>Per chi vorr\u00e0 proseguire la serata, <strong>Villa Bardini ospiter\u00e0 nello stesso giorno, in orario serale, anche il <a href=\"https:\/\/www.intoscana.it\/it\/firenze-jazz-festival-festeggia-dieci-anni-a-settembre-un-viaggio-tra-jazz-reggae-ed-elettronica\/\" target=\"_blank\" rel=\"noopener\">Jazz Festival,<\/a><\/strong> creando una ideale continuit\u00e0 tra<strong> gastronomia e musica.<\/strong><\/p>\n<figure id=\"post-440756 media-440756\" class=\"align-none\"><img decoding=\"async\" src=\"https:\/\/www.intoscana.it\/wp-content\/uploads\/in-sostenibile-scaled.jpeg\" alt=\"\" \/><\/figure>\n<div class=\"titleimg\">in-sostenibile<\/div>\n","protected":false},"excerpt":{"rendered":"<p>Il 6 settembre a Firenze la quinta edizione della manifestazione nata dall&#8217;incontro fra chef, contadini, vignaioli e professionisti della cultura gastronomica. Dallo yoga al picnic, dai talk alla cena con i grandi nomi della cucina toscana: una giornata per mangiare, ascoltare e riflettere sul rapporto con il pianeta<\/p>\n","protected":false},"author":525,"featured_media":440755,"comment_status":"open","ping_status":"open","sticky":false,"template":"","format":"standard","meta":{"_acf_changed":false,"footnotes":""},"categories":[8],"tags":[4474,202,6782],"class_list":["post-440754","post","type-post","status-publish","format-standard","has-post-thumbnail","hentry","category-enogastronomia","tag-eventi","tag-firenze","tag-villa-bardini"],"acf":[],"yoast_head":"<!-- This site is optimized with the Yoast SEO Premium plugin v24.2 (Yoast SEO v25.6) - https:\/\/yoast.com\/wordpress\/plugins\/seo\/ -->\n<title>IN-Sostenibile, la cucina che crea una rete: a Villa Bardini il festival green guarda al futuro - intoscana<\/title>\n<meta name=\"description\" content=\"Il 6 settembre a Firenze la quinta edizione della manifestazione nata dall&#039;incontro fra chef, contadini, vignaioli e professionisti\" \/>\n<meta name=\"robots\" content=\"index, follow, max-snippet:-1, max-image-preview:large, max-video-preview:-1\" \/>\n<link rel=\"canonical\" href=\"https:\/\/www.intoscana.it\/it\/in-sostenibile-la-cucina-che-crea-una-rete-a-villa-bardini-il-festival-green-guarda-al-futuro\/\" \/>\n<meta property=\"og:locale\" content=\"it_IT\" \/>\n<meta property=\"og:type\" content=\"article\" \/>\n<meta property=\"og:title\" content=\"IN-Sostenibile, la cucina che crea una rete: a Villa Bardini il festival green guarda al futuro\" \/>\n<meta property=\"og:description\" content=\"Il 6 settembre a Firenze la quinta edizione della manifestazione nata dall&#039;incontro fra chef, contadini, vignaioli e professionisti\" \/>\n<meta property=\"og:url\" content=\"https:\/\/www.intoscana.it\/it\/in-sostenibile-la-cucina-che-crea-una-rete-a-villa-bardini-il-festival-green-guarda-al-futuro\/\" \/>\n<meta property=\"og:site_name\" content=\"intoscana\" \/>\n<meta property=\"article:publisher\" content=\"https:\/\/www.facebook.com\/intoscana.it\" \/>\n<meta property=\"article:published_time\" content=\"2026-09-04T13:58:58+00:00\" \/>\n<meta property=\"og:image\" content=\"https:\/\/www.intoscana.it\/wp-content\/uploads\/Schermata-2025-09-15-alle-10.28.42-1024x622-1.png\" \/>\n\t<meta property=\"og:image:width\" content=\"1024\" \/>\n\t<meta property=\"og:image:height\" content=\"622\" \/>\n\t<meta property=\"og:image:type\" content=\"image\/png\" \/>\n<meta name=\"author\" content=\"Redazione\" \/>\n<meta name=\"twitter:card\" content=\"summary_large_image\" \/>\n<meta name=\"twitter:creator\" content=\"@intoscana\" \/>\n<meta name=\"twitter:site\" content=\"@intoscana\" \/>\n<meta name=\"twitter:label1\" content=\"Written by\" \/>\n\t<meta name=\"twitter:data1\" content=\"Redazione\" \/>\n\t<meta name=\"twitter:label2\" content=\"Est. reading time\" \/>\n\t<meta name=\"twitter:data2\" content=\"4 minuti\" \/>\n<script type=\"application\/ld+json\" class=\"yoast-schema-graph\">{\"@context\":\"https:\/\/schema.org\",\"@graph\":[{\"@type\":\"WebPage\",\"@id\":\"https:\/\/www.intoscana.it\/it\/in-sostenibile-la-cucina-che-crea-una-rete-a-villa-bardini-il-festival-green-guarda-al-futuro\/\",\"url\":\"https:\/\/www.intoscana.it\/it\/in-sostenibile-la-cucina-che-crea-una-rete-a-villa-bardini-il-festival-green-guarda-al-futuro\/\",\"name\":\"IN-Sostenibile, la cucina che crea una rete: a Villa Bardini il festival green guarda al futuro - intoscana\",\"isPartOf\":{\"@id\":\"https:\/\/www.intoscana.it\/it\/#website\"},\"primaryImageOfPage\":{\"@id\":\"https:\/\/www.intoscana.it\/it\/in-sostenibile-la-cucina-che-crea-una-rete-a-villa-bardini-il-festival-green-guarda-al-futuro\/#primaryimage\"},\"image\":{\"@id\":\"https:\/\/www.intoscana.it\/it\/in-sostenibile-la-cucina-che-crea-una-rete-a-villa-bardini-il-festival-green-guarda-al-futuro\/#primaryimage\"},\"thumbnailUrl\":\"https:\/\/www.intoscana.it\/wp-content\/uploads\/Schermata-2025-09-15-alle-10.28.42-1024x622-1.png\",\"datePublished\":\"2026-09-04T13:58:58+00:00\",\"author\":{\"@id\":\"https:\/\/www.intoscana.it\/it\/#\/schema\/person\/9223810753230f20bd670fdd322661f8\"},\"description\":\"Il 6 settembre a Firenze la quinta edizione della manifestazione nata dall'incontro fra chef, contadini, vignaioli e professionisti\",\"breadcrumb\":{\"@id\":\"https:\/\/www.intoscana.it\/it\/in-sostenibile-la-cucina-che-crea-una-rete-a-villa-bardini-il-festival-green-guarda-al-futuro\/#breadcrumb\"},\"inLanguage\":\"it-IT\",\"potentialAction\":[{\"@type\":\"ReadAction\",\"target\":[\"https:\/\/www.intoscana.it\/it\/in-sostenibile-la-cucina-che-crea-una-rete-a-villa-bardini-il-festival-green-guarda-al-futuro\/\"]}]},{\"@type\":\"ImageObject\",\"inLanguage\":\"it-IT\",\"@id\":\"https:\/\/www.intoscana.it\/it\/in-sostenibile-la-cucina-che-crea-una-rete-a-villa-bardini-il-festival-green-guarda-al-futuro\/#primaryimage\",\"url\":\"https:\/\/www.intoscana.it\/wp-content\/uploads\/Schermata-2025-09-15-alle-10.28.42-1024x622-1.png\",\"contentUrl\":\"https:\/\/www.intoscana.it\/wp-content\/uploads\/Schermata-2025-09-15-alle-10.28.42-1024x622-1.png\",\"width\":1024,\"height\":622},{\"@type\":\"BreadcrumbList\",\"@id\":\"https:\/\/www.intoscana.it\/it\/in-sostenibile-la-cucina-che-crea-una-rete-a-villa-bardini-il-festival-green-guarda-al-futuro\/#breadcrumb\",\"itemListElement\":[{\"@type\":\"ListItem\",\"position\":1,\"name\":\"Home\",\"item\":\"https:\/\/www.intoscana.it\/it\/\"},{\"@type\":\"ListItem\",\"position\":2,\"name\":\"IN-Sostenibile, la cucina che crea una rete: a Villa Bardini il festival green guarda al futuro\"}]},{\"@type\":\"WebSite\",\"@id\":\"https:\/\/www.intoscana.it\/it\/#website\",\"url\":\"https:\/\/www.intoscana.it\/it\/\",\"name\":\"intoscana\",\"description\":\"\",\"potentialAction\":[{\"@type\":\"SearchAction\",\"target\":{\"@type\":\"EntryPoint\",\"urlTemplate\":\"https:\/\/www.intoscana.it\/it\/?s={search_term_string}\"},\"query-input\":{\"@type\":\"PropertyValueSpecification\",\"valueRequired\":true,\"valueName\":\"search_term_string\"}}],\"inLanguage\":\"it-IT\"},{\"@type\":\"Person\",\"@id\":\"https:\/\/www.intoscana.it\/it\/#\/schema\/person\/9223810753230f20bd670fdd322661f8\",\"name\":\"Redazione\",\"url\":\"https:\/\/www.intoscana.it\/it\/author\/redazione\/\"}]}<\/script>\n<!-- \/ Yoast SEO Premium plugin. -->","yoast_head_json":{"title":"IN-Sostenibile, la cucina che crea una rete: a Villa Bardini il festival green guarda al futuro - intoscana","description":"Il 6 settembre a Firenze la quinta edizione della manifestazione nata dall'incontro fra chef, contadini, vignaioli e professionisti","robots":{"index":"index","follow":"follow","max-snippet":"max-snippet:-1","max-image-preview":"max-image-preview:large","max-video-preview":"max-video-preview:-1"},"canonical":"https:\/\/www.intoscana.it\/it\/in-sostenibile-la-cucina-che-crea-una-rete-a-villa-bardini-il-festival-green-guarda-al-futuro\/","og_locale":"it_IT","og_type":"article","og_title":"IN-Sostenibile, la cucina che crea una rete: a Villa Bardini il festival green guarda al futuro","og_description":"Il 6 settembre a Firenze la quinta edizione della manifestazione nata dall'incontro fra chef, contadini, vignaioli e professionisti","og_url":"https:\/\/www.intoscana.it\/it\/in-sostenibile-la-cucina-che-crea-una-rete-a-villa-bardini-il-festival-green-guarda-al-futuro\/","og_site_name":"intoscana","article_publisher":"https:\/\/www.facebook.com\/intoscana.it","article_published_time":"2026-09-04T13:58:58+00:00","og_image":[{"width":1024,"height":622,"url":"https:\/\/www.intoscana.it\/wp-content\/uploads\/Schermata-2025-09-15-alle-10.28.42-1024x622-1.png","type":"image\/png"}],"author":"Redazione","twitter_card":"summary_large_image","twitter_creator":"@intoscana","twitter_site":"@intoscana","twitter_misc":{"Written by":"Redazione","Est. reading time":"4 minuti"},"schema":{"@context":"https:\/\/schema.org","@graph":[{"@type":"WebPage","@id":"https:\/\/www.intoscana.it\/it\/in-sostenibile-la-cucina-che-crea-una-rete-a-villa-bardini-il-festival-green-guarda-al-futuro\/","url":"https:\/\/www.intoscana.it\/it\/in-sostenibile-la-cucina-che-crea-una-rete-a-villa-bardini-il-festival-green-guarda-al-futuro\/","name":"IN-Sostenibile, la cucina che crea una rete: a Villa Bardini il festival green guarda al futuro - intoscana","isPartOf":{"@id":"https:\/\/www.intoscana.it\/it\/#website"},"primaryImageOfPage":{"@id":"https:\/\/www.intoscana.it\/it\/in-sostenibile-la-cucina-che-crea-una-rete-a-villa-bardini-il-festival-green-guarda-al-futuro\/#primaryimage"},"image":{"@id":"https:\/\/www.intoscana.it\/it\/in-sostenibile-la-cucina-che-crea-una-rete-a-villa-bardini-il-festival-green-guarda-al-futuro\/#primaryimage"},"thumbnailUrl":"https:\/\/www.intoscana.it\/wp-content\/uploads\/Schermata-2025-09-15-alle-10.28.42-1024x622-1.png","datePublished":"2026-09-04T13:58:58+00:00","author":{"@id":"https:\/\/www.intoscana.it\/it\/#\/schema\/person\/9223810753230f20bd670fdd322661f8"},"description":"Il 6 settembre a Firenze la quinta edizione della manifestazione nata dall'incontro fra chef, contadini, vignaioli e professionisti","breadcrumb":{"@id":"https:\/\/www.intoscana.it\/it\/in-sostenibile-la-cucina-che-crea-una-rete-a-villa-bardini-il-festival-green-guarda-al-futuro\/#breadcrumb"},"inLanguage":"it-IT","potentialAction":[{"@type":"ReadAction","target":["https:\/\/www.intoscana.it\/it\/in-sostenibile-la-cucina-che-crea-una-rete-a-villa-bardini-il-festival-green-guarda-al-futuro\/"]}]},{"@type":"ImageObject","inLanguage":"it-IT","@id":"https:\/\/www.intoscana.it\/it\/in-sostenibile-la-cucina-che-crea-una-rete-a-villa-bardini-il-festival-green-guarda-al-futuro\/#primaryimage","url":"https:\/\/www.intoscana.it\/wp-content\/uploads\/Schermata-2025-09-15-alle-10.28.42-1024x622-1.png","contentUrl":"https:\/\/www.intoscana.it\/wp-content\/uploads\/Schermata-2025-09-15-alle-10.28.42-1024x622-1.png","width":1024,"height":622},{"@type":"BreadcrumbList","@id":"https:\/\/www.intoscana.it\/it\/in-sostenibile-la-cucina-che-crea-una-rete-a-villa-bardini-il-festival-green-guarda-al-futuro\/#breadcrumb","itemListElement":[{"@type":"ListItem","position":1,"name":"Home","item":"https:\/\/www.intoscana.it\/it\/"},{"@type":"ListItem","position":2,"name":"IN-Sostenibile, la cucina che crea una rete: a Villa Bardini il festival green guarda al futuro"}]},{"@type":"WebSite","@id":"https:\/\/www.intoscana.it\/it\/#website","url":"https:\/\/www.intoscana.it\/it\/","name":"intoscana","description":"","potentialAction":[{"@type":"SearchAction","target":{"@type":"EntryPoint","urlTemplate":"https:\/\/www.intoscana.it\/it\/?s={search_term_string}"},"query-input":{"@type":"PropertyValueSpecification","valueRequired":true,"valueName":"search_term_string"}}],"inLanguage":"it-IT"},{"@type":"Person","@id":"https:\/\/www.intoscana.it\/it\/#\/schema\/person\/9223810753230f20bd670fdd322661f8","name":"Redazione","url":"https:\/\/www.intoscana.it\/it\/author\/redazione\/"}]}},"_links":{"self":[{"href":"https:\/\/www.intoscana.it\/it\/wp-json\/wp\/v2\/posts\/440754","targetHints":{"allow":["GET"]}}],"collection":[{"href":"https:\/\/www.intoscana.it\/it\/wp-json\/wp\/v2\/posts"}],"about":[{"href":"https:\/\/www.intoscana.it\/it\/wp-json\/wp\/v2\/types\/post"}],"author":[{"embeddable":true,"href":"https:\/\/www.intoscana.it\/it\/wp-json\/wp\/v2\/users\/525"}],"replies":[{"embeddable":true,"href":"https:\/\/www.intoscana.it\/it\/wp-json\/wp\/v2\/comments?post=440754"}],"version-history":[{"count":4,"href":"https:\/\/www.intoscana.it\/it\/wp-json\/wp\/v2\/posts\/440754\/revisions"}],"predecessor-version":[{"id":440765,"href":"https:\/\/www.intoscana.it\/it\/wp-json\/wp\/v2\/posts\/440754\/revisions\/440765"}],"wp:featuredmedia":[{"embeddable":true,"href":"https:\/\/www.intoscana.it\/it\/wp-json\/wp\/v2\/media\/440755"}],"wp:attachment":[{"href":"https:\/\/www.intoscana.it\/it\/wp-json\/wp\/v2\/media?parent=440754"}],"wp:term":[{"taxonomy":"category","embeddable":true,"href":"https:\/\/www.intoscana.it\/it\/wp-json\/wp\/v2\/categories?post=440754"},{"taxonomy":"post_tag","embeddable":true,"href":"https:\/\/www.intoscana.it\/it\/wp-json\/wp\/v2\/tags?post=440754"}],"curies":[{"name":"wp","href":"https:\/\/api.w.org\/{rel}","templated":true}]}}