{"id":440771,"date":"2026-09-04T16:23:53","date_gmt":"2026-09-04T14:23:53","guid":{"rendered":"https:\/\/www.intoscana.it\/it\/?p=440771"},"modified":"2026-09-04T16:23:53","modified_gmt":"2026-09-04T14:23:53","slug":"assessora-manetti-visita-elba","status":"publish","type":"post","link":"https:\/\/www.intoscana.it\/it\/assessora-manetti-visita-elba\/","title":{"rendered":"Manetti in visita all\u2019Elba: \u201cPatrimonio straordinario, lavoriamo a un grande progetto anche con risorse europee\u201d"},"content":{"rendered":"<p>Dalle testimonianze napoleoniche alle fortificazioni medicee, passando per un patrimonio che racconta secoli di storia e l\u2019incontro tra popoli e culture del Mediterraneo. Ha fatto tappa oggi <strong>all\u2019Isola d\u2019Elba il tour di &#8220;Cultura diffusa&#8221; dell\u2019assessora regionale alla cultura Cristina Manetti,<\/strong> dedicato alla conoscenza e alla valorizzazione dei luoghi che custodiscono il patrimonio storico, artistico e identitario della Toscana.<\/p>\n<p>A Portoferraio Manetti, accolta da Valentina Anselmi, direttrice scientifica del Sistema Museale dell\u2019Arcipelago Toscano \u2013 S.M.AR.T., e dall\u2019assessora alla cultura del Comune di Portoferraio Lorenza Burrelli, ha visitato<mark> la Villa dei Mulini, residenza napoleonica nel centro storico, e Forte Falcone, con la sua esposizione permanente. La visita \u00e8 poi proseguita alla Villa di San Martino, l\u2019altra residenza di Napoleone sull\u2019isola.<\/mark><\/p>\n<p><em>\u201cL\u2019Elba ha un patrimonio culturale straordinario e un potenziale ancora enorme \u2013 <\/em>ha sottolineato <strong>Manetti<\/strong> \u2013<em>. \u00c8 conosciuta in tutto il mondo per il mare e per la bellezza del suo territorio, ma qui troviamo una concentrazione di storia e cultura davvero particolare. \u00c8 stata per secoli un crocevia di popoli nel Mediterraneo e conserva testimonianze che vanno<strong> dall\u2019antichit\u00e0 agli Etruschi e ai Romani, fino alla presenza dei Medici e a Napoleone<\/strong>. Un patrimonio in parte gi\u00e0 molto valorizzato grazie al lavoro dei musei e delle istituzioni locali, ma sul quale possiamo costruire ancora mo<\/em>lto\u201d.<\/p>\n<h3>I progetti di valorizzazione per il futuro<\/h3>\n<p>Un legame particolarmente forte \u00e8 quello tra l\u2019Elba e la storia della Toscana,<mark> a partire dalla presenza di Cosimo I de\u2019 Medici e dalla nascita di Cosmopoli, l\u2019attuale Portoferraio.<\/mark><br \/>\n<em>\u201cL\u2019impronta lasciata da Cosimo I sull\u2019isola \u00e8 ancora oggi incredibilmente evidente \u2013<\/em> ha aggiunto l\u2019assessora \u2013<em>. Sarebbe bello, in occasione dei prossimi anniversari e delle future iniziative culturali, costruire un <strong>ponte ancora pi\u00f9 forte tra l\u2019Elba, Firenze e il resto della Toscana<\/strong>. Cosimo I, che ha contribuito a disegnare la Toscana moderna, e Napoleone sono due straordinari ambasciatori culturali dell\u2019Elba, figure capaci di parlare non soltanto alla Toscana ma al mondo intero\u201d.<\/em><\/p>\n<figure id=\"post-440773 media-440773\" class=\"align-none\">\n<p><figure style=\"width: 1000px\" class=\"wp-caption alignnone\"><img loading=\"lazy\" decoding=\"async\" src=\"https:\/\/www.intoscana.it\/wp-content\/uploads\/elba-2-e1788531600795.jpg\" alt=\"\" width=\"1000\" height=\"1120\" \/><figcaption class=\"wp-caption-text\">La visita dell\u2019assessora Manetti all\u2019Isola d\u2019Elba<\/figcaption><\/figure><\/figure>\n<p>La visita \u00e8 stata anche l\u2019occasione per ragionare sulle <strong>prospettive future di valorizzazione dell\u2019isola,<\/strong> coinvolgendo cultura, formazione e opportunit\u00e0 offerte dall\u2019Unione europea.<\/p>\n<p><mark><em>\u201cPenso che si possa lavorare a un grande progetto che metta insieme le diverse realt\u00e0 dell\u2019isola e dell\u2019intero Arcipelago \u2013<\/em> ha spiegato Manetti \u2013 <em>coinvolgendo Comuni, istituzioni culturali, associazioni e categorie economiche per intercettare le opportunit\u00e0 offerte dai finanziamenti europei. <\/em><\/mark><em>L\u2019Europa presta particolare attenzione ai territori insulari e programmi come Interreg rappresentano un\u2019opportunit\u00e0 importante. Con l\u2019avvio della nuova programmazione europea sar\u00e0 sempre pi\u00f9 importante essere capaci di costruire progetti forti e presentarli direttamente a Bruxelles. La Regione pu\u00f2 mettere a disposizione le proprie competenze e anche il proprio ufficio di Bruxelles per accompagnare questo percorso\u201d.<\/em><\/p>\n<p>Tra le ipotesi emerse anche quella di rafforzare il<strong> rapporto con il mondo universitario e della formazione<\/strong>, con percorsi post laurea e master collegati alle specificit\u00e0 dell\u2019isola, dal patrimonio culturale al turismo e al mare, offrendo nuove opportunit\u00e0 anche ai giovani elbani.<br \/>\nNel pomeriggio il tour di Cultura diffusa \u00e8 proseguito con l\u2019incontro nella Sala della Gattaia di Portoferraio con i<strong> sindaci e gli assessori alla cultura dei Comuni dell\u2019Elb<\/strong>a, per un confronto sulle esigenze dei territori, sui progetti in corso e sulle prospettive di valorizzazione del patrimonio culturale dell\u2019isola.<\/p>\n","protected":false},"excerpt":{"rendered":"<p>Il tour sui territori dell\u2019assessora alla cultura della Regione Toscana ha fatto tappa a Portoferraio tra le ville napoleoniche e Forte Falcone. Nel pomeriggio l\u2019incontro con sindaci e assessori alla cultura dei Comuni elbani<\/p>\n","protected":false},"author":525,"featured_media":432078,"comment_status":"open","ping_status":"open","sticky":false,"template":"","format":"standard","meta":{"_acf_changed":false,"footnotes":""},"categories":[494],"tags":[6652,1965,151],"class_list":["post-440771","post","type-post","status-publish","format-standard","has-post-thumbnail","hentry","category-attualita","tag-cristina-manetti","tag-isola-delba","tag-regione-toscana"],"acf":[],"yoast_head":"<!-- This site is optimized with the Yoast SEO Premium plugin v24.2 (Yoast SEO v25.6) - https:\/\/yoast.com\/wordpress\/plugins\/seo\/ -->\n<title>Manetti in visita all\u2019Elba: \u201cPatrimonio straordinario, lavoriamo a un grande progetto anche con risorse europee\u201d - intoscana<\/title>\n<meta name=\"robots\" content=\"index, follow, max-snippet:-1, max-image-preview:large, max-video-preview:-1\" \/>\n<link rel=\"canonical\" href=\"https:\/\/www.intoscana.it\/it\/assessora-manetti-visita-elba\/\" \/>\n<meta property=\"og:locale\" content=\"it_IT\" \/>\n<meta property=\"og:type\" content=\"article\" \/>\n<meta property=\"og:title\" content=\"Manetti in visita all\u2019Elba: \u201cPatrimonio straordinario, lavoriamo a un grande progetto anche con risorse europee\u201d\" \/>\n<meta property=\"og:description\" content=\"Il tour sui territori dell\u2019assessora alla cultura della Regione Toscana ha fatto tappa a Portoferraio tra le ville napoleoniche e Forte Falcone. Nel pomeriggio l\u2019incontro con sindaci e assessori alla cultura dei Comuni elbani\" \/>\n<meta property=\"og:url\" content=\"https:\/\/www.intoscana.it\/it\/assessora-manetti-visita-elba\/\" \/>\n<meta property=\"og:site_name\" content=\"intoscana\" \/>\n<meta property=\"article:publisher\" content=\"https:\/\/www.facebook.com\/intoscana.it\" \/>\n<meta property=\"article:published_time\" content=\"2026-09-04T14:23:53+00:00\" \/>\n<meta property=\"og:image\" content=\"https:\/\/www.intoscana.it\/wp-content\/uploads\/Ville-napoleoniche-allisola-delba-1-ph.Comune-Portoferraio.jpeg\" \/>\n\t<meta property=\"og:image:width\" content=\"2040\" \/>\n\t<meta property=\"og:image:height\" content=\"1536\" \/>\n\t<meta property=\"og:image:type\" content=\"image\/jpeg\" \/>\n<meta name=\"author\" content=\"Redazione\" \/>\n<meta name=\"twitter:card\" content=\"summary_large_image\" \/>\n<meta name=\"twitter:creator\" content=\"@intoscana\" \/>\n<meta name=\"twitter:site\" content=\"@intoscana\" \/>\n<meta name=\"twitter:label1\" content=\"Written by\" \/>\n\t<meta name=\"twitter:data1\" content=\"Redazione\" \/>\n\t<meta name=\"twitter:label2\" content=\"Est. reading time\" \/>\n\t<meta name=\"twitter:data2\" content=\"4 minuti\" \/>\n<script type=\"application\/ld+json\" class=\"yoast-schema-graph\">{\"@context\":\"https:\/\/schema.org\",\"@graph\":[{\"@type\":\"WebPage\",\"@id\":\"https:\/\/www.intoscana.it\/it\/assessora-manetti-visita-elba\/\",\"url\":\"https:\/\/www.intoscana.it\/it\/assessora-manetti-visita-elba\/\",\"name\":\"Manetti in visita all\u2019Elba: \u201cPatrimonio straordinario, lavoriamo a un grande progetto anche con risorse europee\u201d - intoscana\",\"isPartOf\":{\"@id\":\"https:\/\/www.intoscana.it\/it\/#website\"},\"primaryImageOfPage\":{\"@id\":\"https:\/\/www.intoscana.it\/it\/assessora-manetti-visita-elba\/#primaryimage\"},\"image\":{\"@id\":\"https:\/\/www.intoscana.it\/it\/assessora-manetti-visita-elba\/#primaryimage\"},\"thumbnailUrl\":\"https:\/\/www.intoscana.it\/wp-content\/uploads\/Ville-napoleoniche-allisola-delba-1-ph.Comune-Portoferraio.jpeg\",\"datePublished\":\"2026-09-04T14:23:53+00:00\",\"author\":{\"@id\":\"https:\/\/www.intoscana.it\/it\/#\/schema\/person\/9223810753230f20bd670fdd322661f8\"},\"breadcrumb\":{\"@id\":\"https:\/\/www.intoscana.it\/it\/assessora-manetti-visita-elba\/#breadcrumb\"},\"inLanguage\":\"it-IT\",\"potentialAction\":[{\"@type\":\"ReadAction\",\"target\":[\"https:\/\/www.intoscana.it\/it\/assessora-manetti-visita-elba\/\"]}]},{\"@type\":\"ImageObject\",\"inLanguage\":\"it-IT\",\"@id\":\"https:\/\/www.intoscana.it\/it\/assessora-manetti-visita-elba\/#primaryimage\",\"url\":\"https:\/\/www.intoscana.it\/wp-content\/uploads\/Ville-napoleoniche-allisola-delba-1-ph.Comune-Portoferraio.jpeg\",\"contentUrl\":\"https:\/\/www.intoscana.it\/wp-content\/uploads\/Ville-napoleoniche-allisola-delba-1-ph.Comune-Portoferraio.jpeg\",\"width\":2040,\"height\":1536,\"caption\":\"Ville napoleoniche all'Isola d'Elba\"},{\"@type\":\"BreadcrumbList\",\"@id\":\"https:\/\/www.intoscana.it\/it\/assessora-manetti-visita-elba\/#breadcrumb\",\"itemListElement\":[{\"@type\":\"ListItem\",\"position\":1,\"name\":\"Home\",\"item\":\"https:\/\/www.intoscana.it\/it\/\"},{\"@type\":\"ListItem\",\"position\":2,\"name\":\"Manetti in visita all\u2019Elba: \u201cPatrimonio straordinario, lavoriamo a un grande progetto anche con risorse europee\u201d\"}]},{\"@type\":\"WebSite\",\"@id\":\"https:\/\/www.intoscana.it\/it\/#website\",\"url\":\"https:\/\/www.intoscana.it\/it\/\",\"name\":\"intoscana\",\"description\":\"\",\"potentialAction\":[{\"@type\":\"SearchAction\",\"target\":{\"@type\":\"EntryPoint\",\"urlTemplate\":\"https:\/\/www.intoscana.it\/it\/?s={search_term_string}\"},\"query-input\":{\"@type\":\"PropertyValueSpecification\",\"valueRequired\":true,\"valueName\":\"search_term_string\"}}],\"inLanguage\":\"it-IT\"},{\"@type\":\"Person\",\"@id\":\"https:\/\/www.intoscana.it\/it\/#\/schema\/person\/9223810753230f20bd670fdd322661f8\",\"name\":\"Redazione\",\"url\":\"https:\/\/www.intoscana.it\/it\/author\/redazione\/\"}]}<\/script>\n<!-- \/ Yoast SEO Premium plugin. -->","yoast_head_json":{"title":"Manetti in visita all\u2019Elba: \u201cPatrimonio straordinario, lavoriamo a un grande progetto anche con risorse europee\u201d - intoscana","robots":{"index":"index","follow":"follow","max-snippet":"max-snippet:-1","max-image-preview":"max-image-preview:large","max-video-preview":"max-video-preview:-1"},"canonical":"https:\/\/www.intoscana.it\/it\/assessora-manetti-visita-elba\/","og_locale":"it_IT","og_type":"article","og_title":"Manetti in visita all\u2019Elba: \u201cPatrimonio straordinario, lavoriamo a un grande progetto anche con risorse europee\u201d","og_description":"Il tour sui territori dell\u2019assessora alla cultura della Regione Toscana ha fatto tappa a Portoferraio tra le ville napoleoniche e Forte Falcone. Nel pomeriggio l\u2019incontro con sindaci e assessori alla cultura dei Comuni elbani","og_url":"https:\/\/www.intoscana.it\/it\/assessora-manetti-visita-elba\/","og_site_name":"intoscana","article_publisher":"https:\/\/www.facebook.com\/intoscana.it","article_published_time":"2026-09-04T14:23:53+00:00","og_image":[{"width":2040,"height":1536,"url":"https:\/\/www.intoscana.it\/wp-content\/uploads\/Ville-napoleoniche-allisola-delba-1-ph.Comune-Portoferraio.jpeg","type":"image\/jpeg"}],"author":"Redazione","twitter_card":"summary_large_image","twitter_creator":"@intoscana","twitter_site":"@intoscana","twitter_misc":{"Written by":"Redazione","Est. reading time":"4 minuti"},"schema":{"@context":"https:\/\/schema.org","@graph":[{"@type":"WebPage","@id":"https:\/\/www.intoscana.it\/it\/assessora-manetti-visita-elba\/","url":"https:\/\/www.intoscana.it\/it\/assessora-manetti-visita-elba\/","name":"Manetti in visita all\u2019Elba: \u201cPatrimonio straordinario, lavoriamo a un grande progetto anche con risorse europee\u201d - intoscana","isPartOf":{"@id":"https:\/\/www.intoscana.it\/it\/#website"},"primaryImageOfPage":{"@id":"https:\/\/www.intoscana.it\/it\/assessora-manetti-visita-elba\/#primaryimage"},"image":{"@id":"https:\/\/www.intoscana.it\/it\/assessora-manetti-visita-elba\/#primaryimage"},"thumbnailUrl":"https:\/\/www.intoscana.it\/wp-content\/uploads\/Ville-napoleoniche-allisola-delba-1-ph.Comune-Portoferraio.jpeg","datePublished":"2026-09-04T14:23:53+00:00","author":{"@id":"https:\/\/www.intoscana.it\/it\/#\/schema\/person\/9223810753230f20bd670fdd322661f8"},"breadcrumb":{"@id":"https:\/\/www.intoscana.it\/it\/assessora-manetti-visita-elba\/#breadcrumb"},"inLanguage":"it-IT","potentialAction":[{"@type":"ReadAction","target":["https:\/\/www.intoscana.it\/it\/assessora-manetti-visita-elba\/"]}]},{"@type":"ImageObject","inLanguage":"it-IT","@id":"https:\/\/www.intoscana.it\/it\/assessora-manetti-visita-elba\/#primaryimage","url":"https:\/\/www.intoscana.it\/wp-content\/uploads\/Ville-napoleoniche-allisola-delba-1-ph.Comune-Portoferraio.jpeg","contentUrl":"https:\/\/www.intoscana.it\/wp-content\/uploads\/Ville-napoleoniche-allisola-delba-1-ph.Comune-Portoferraio.jpeg","width":2040,"height":1536,"caption":"Ville napoleoniche all'Isola d'Elba"},{"@type":"BreadcrumbList","@id":"https:\/\/www.intoscana.it\/it\/assessora-manetti-visita-elba\/#breadcrumb","itemListElement":[{"@type":"ListItem","position":1,"name":"Home","item":"https:\/\/www.intoscana.it\/it\/"},{"@type":"ListItem","position":2,"name":"Manetti in visita all\u2019Elba: \u201cPatrimonio straordinario, lavoriamo a un grande progetto anche con risorse europee\u201d"}]},{"@type":"WebSite","@id":"https:\/\/www.intoscana.it\/it\/#website","url":"https:\/\/www.intoscana.it\/it\/","name":"intoscana","description":"","potentialAction":[{"@type":"SearchAction","target":{"@type":"EntryPoint","urlTemplate":"https:\/\/www.intoscana.it\/it\/?s={search_term_string}"},"query-input":{"@type":"PropertyValueSpecification","valueRequired":true,"valueName":"search_term_string"}}],"inLanguage":"it-IT"},{"@type":"Person","@id":"https:\/\/www.intoscana.it\/it\/#\/schema\/person\/9223810753230f20bd670fdd322661f8","name":"Redazione","url":"https:\/\/www.intoscana.it\/it\/author\/redazione\/"}]}},"_links":{"self":[{"href":"https:\/\/www.intoscana.it\/it\/wp-json\/wp\/v2\/posts\/440771","targetHints":{"allow":["GET"]}}],"collection":[{"href":"https:\/\/www.intoscana.it\/it\/wp-json\/wp\/v2\/posts"}],"about":[{"href":"https:\/\/www.intoscana.it\/it\/wp-json\/wp\/v2\/types\/post"}],"author":[{"embeddable":true,"href":"https:\/\/www.intoscana.it\/it\/wp-json\/wp\/v2\/users\/525"}],"replies":[{"embeddable":true,"href":"https:\/\/www.intoscana.it\/it\/wp-json\/wp\/v2\/comments?post=440771"}],"version-history":[{"count":5,"href":"https:\/\/www.intoscana.it\/it\/wp-json\/wp\/v2\/posts\/440771\/revisions"}],"predecessor-version":[{"id":440777,"href":"https:\/\/www.intoscana.it\/it\/wp-json\/wp\/v2\/posts\/440771\/revisions\/440777"}],"wp:featuredmedia":[{"embeddable":true,"href":"https:\/\/www.intoscana.it\/it\/wp-json\/wp\/v2\/media\/432078"}],"wp:attachment":[{"href":"https:\/\/www.intoscana.it\/it\/wp-json\/wp\/v2\/media?parent=440771"}],"wp:term":[{"taxonomy":"category","embeddable":true,"href":"https:\/\/www.intoscana.it\/it\/wp-json\/wp\/v2\/categories?post=440771"},{"taxonomy":"post_tag","embeddable":true,"href":"https:\/\/www.intoscana.it\/it\/wp-json\/wp\/v2\/tags?post=440771"}],"curies":[{"name":"wp","href":"https:\/\/api.w.org\/{rel}","templated":true}]}}