{"id":440786,"date":"2026-09-05T09:23:45","date_gmt":"2026-09-05T07:23:45","guid":{"rendered":"https:\/\/www.intoscana.it\/it\/?p=440786"},"modified":"2026-09-05T09:23:45","modified_gmt":"2026-09-05T07:23:45","slug":"dalle-sorgenti-di-radda-in-chianti-alla-foce-nellarno-oltre-40-studenti-studiano-il-torrente-pesa","status":"publish","type":"post","link":"https:\/\/www.intoscana.it\/it\/dalle-sorgenti-di-radda-in-chianti-alla-foce-nellarno-oltre-40-studenti-studiano-il-torrente-pesa\/","title":{"rendered":"Dalle sorgenti di Radda in Chianti alla foce nell\u2019Arno: oltre 40 studenti studiano il torrente Pesa"},"content":{"rendered":"<p>Si \u00e8 conclusa al <strong>Dipartimento di Architettura dell\u2019Universit\u00e0 degli Studi di Firenze<\/strong> la nona edizione di <strong>Take me to the river<\/strong>, la Summer School itinerante promossa dal Laboratorio del Cammino con il contributo del <strong>Consiglio regionale della Toscana. <\/strong><\/p>\n<p><strong>Oltre quaranta studentesse e studenti<\/strong> hanno percorso a piedi il territorio attraversato dal torrente Pesa, trasformando il cammino in uno strumento di <strong>studio e conoscenza del paesaggio.<\/strong><\/p>\n<p><strong>Dal 25 agosto al 4 settembre<\/strong>, con le attivit\u00e0 sul campo concentrate tra il 26 agosto e il 2 settembre, il gruppo ha seguito il corso della Pesa lungo l\u2019asse <strong>Radda in Chianti-Castellina in Chianti-Montelupo Fiorentino<\/strong>, attraversando un territorio fatto di aree naturali e agricole, zone produttive e contesti urbanizzati<strong>. <\/strong><\/p>\n<p><strong>Un viaggio dalle sorgenti fino alla confluenza con l\u2019Arno<\/strong>, pensato per osservare da vicino le trasformazioni del paesaggio fluviale e interrogarsi sulle sue possibilit\u00e0 di rigenerazione.<\/p>\n<p>Nel corso dell\u2019esperienza gli studenti hanno incontrato i sindaci dei Comuni della valle e diversi firmatari del <strong>Contratto di Fiume della Pesa,<\/strong> entrando in contatto con chi quotidianamente si occupa della gestione e della progettazione del territorio. Il percorso ha incluso anche visite alle <strong>cantine Antinori nel Chianti Classico, a San Michele a Torri<\/strong> e ad altre realt\u00e0 vitivinicole del Chianti senese e fiorentino, mettendo in relazione il paesaggio agricolo storico con le attivit\u00e0 economiche che lo caratterizzano.<\/p>\n<p>La <strong>summer school,<\/strong> realizzata attraverso una rete di universit\u00e0 italiane e internazionali, punta cos\u00ec a <strong>superare una lettura del fiume come semplice elemento geografico<\/strong>, riconoscendogli il ruolo di infrastruttura ecologica strategica, capace di mettere in relazione ambiente, biodiversit\u00e0, agricoltura, insediamenti e comunit\u00e0.<\/p>\n<p><em>\u201cLa Toscana sta investendo con decisione sulla rigenerazione dei paesaggi fluviali, riconoscendo nei fiumi infrastrutture ambientali fondamentali per l\u2019adattamento climatico, la biodiversit\u00e0 e la qualit\u00e0 della vita delle comunit\u00e0 \u2013 <\/em><strong>ha detto il presidente della Regione Toscana Eugenio Giani <\/strong><em>\u2013 In questo quadro, l\u2019iniziativa formativa sul torrente Pesa rappresenta un tassello importante per formare nuove competenze e consolidare una visione territoriale condivisa. Formazione in cammino significa dotare i progettisti di domani degli strumenti necessari per comprendere la complessit\u00e0 dei paesaggi contemporanei e assumere nuove responsabilit\u00e0 tecniche.\u201d<\/em><\/p>\n<p><em>\u201cIl torrente Pesa \u00e8 un esempio emblematico delle sfide e delle opportunit\u00e0 che attraversano i paesaggi toscani \u2013<\/em><strong> ha detto il sottosegretario alla Presidenza della Regione Bernard Dika \u2013<\/strong><em> Seguirne il corso significa comprendere le trasformazioni in atto e immaginare interventi capaci di coniugare tutela, rispetto della biodiversit\u00e0 e fruizione dell\u2019ambiente fluviale. L\u2019esperienza sul campo \u00e8 importante per la Regione Toscana, perch\u00e9 rafforza il nostro impegno per una pianificazione che nasce dall\u2019ascolto dei luoghi e delle comunit\u00e0.\u201d<\/em><\/p>\n<p>&nbsp;<\/p>\n","protected":false},"excerpt":{"rendered":"<p>&#8220;Take me to the river&#8221; \u00e8 il titolo della summer school che ha coinvolto oltre 40 studenti e studentesse che hanno studiato il territorio attraversato dal torrente Pesa<\/p>\n","protected":false},"author":525,"featured_media":440787,"comment_status":"open","ping_status":"open","sticky":false,"template":"","format":"standard","meta":{"_acf_changed":false,"footnotes":""},"categories":[494],"tags":[221,151],"class_list":["post-440786","post","type-post","status-publish","format-standard","has-post-thumbnail","hentry","category-attualita","tag-giovani","tag-regione-toscana"],"acf":[],"yoast_head":"<!-- This site is optimized with the Yoast SEO Premium plugin v24.2 (Yoast SEO v25.6) - https:\/\/yoast.com\/wordpress\/plugins\/seo\/ -->\n<title>Dalle sorgenti di Radda in Chianti alla foce nell\u2019Arno: oltre 40 studenti studiano il torrente Pesa - intoscana<\/title>\n<meta name=\"description\" content=\"&quot;Take me to the river&quot; \u00e8 il titolo della summer school che ha coinvolto oltre 40 studenti e studentesse per un&#039;estate\" \/>\n<meta name=\"robots\" content=\"index, follow, max-snippet:-1, max-image-preview:large, max-video-preview:-1\" \/>\n<link rel=\"canonical\" href=\"https:\/\/www.intoscana.it\/it\/dalle-sorgenti-di-radda-in-chianti-alla-foce-nellarno-oltre-40-studenti-studiano-il-torrente-pesa\/\" \/>\n<meta property=\"og:locale\" content=\"it_IT\" \/>\n<meta property=\"og:type\" content=\"article\" \/>\n<meta property=\"og:title\" content=\"Dalle sorgenti di Radda in Chianti alla foce nell\u2019Arno: oltre 40 studenti studiano il torrente Pesa\" \/>\n<meta property=\"og:description\" content=\"&quot;Take me to the river&quot; \u00e8 il titolo della summer school che ha coinvolto oltre 40 studenti e studentesse per un&#039;estate\" \/>\n<meta property=\"og:url\" content=\"https:\/\/www.intoscana.it\/it\/dalle-sorgenti-di-radda-in-chianti-alla-foce-nellarno-oltre-40-studenti-studiano-il-torrente-pesa\/\" \/>\n<meta property=\"og:site_name\" content=\"intoscana\" \/>\n<meta property=\"article:publisher\" content=\"https:\/\/www.facebook.com\/intoscana.it\" \/>\n<meta property=\"article:published_time\" content=\"2026-09-05T07:23:45+00:00\" \/>\n<meta property=\"og:image\" content=\"https:\/\/www.intoscana.it\/wp-content\/uploads\/take-me-to-river.jpg\" \/>\n\t<meta property=\"og:image:width\" content=\"1600\" \/>\n\t<meta property=\"og:image:height\" content=\"1200\" \/>\n\t<meta property=\"og:image:type\" content=\"image\/jpeg\" \/>\n<meta name=\"author\" content=\"Redazione\" \/>\n<meta name=\"twitter:card\" content=\"summary_large_image\" \/>\n<meta name=\"twitter:creator\" content=\"@intoscana\" \/>\n<meta name=\"twitter:site\" content=\"@intoscana\" \/>\n<meta name=\"twitter:label1\" content=\"Written by\" \/>\n\t<meta name=\"twitter:data1\" content=\"Redazione\" \/>\n\t<meta name=\"twitter:label2\" content=\"Est. reading time\" \/>\n\t<meta name=\"twitter:data2\" content=\"3 minuti\" \/>\n<script type=\"application\/ld+json\" class=\"yoast-schema-graph\">{\"@context\":\"https:\/\/schema.org\",\"@graph\":[{\"@type\":\"WebPage\",\"@id\":\"https:\/\/www.intoscana.it\/it\/dalle-sorgenti-di-radda-in-chianti-alla-foce-nellarno-oltre-40-studenti-studiano-il-torrente-pesa\/\",\"url\":\"https:\/\/www.intoscana.it\/it\/dalle-sorgenti-di-radda-in-chianti-alla-foce-nellarno-oltre-40-studenti-studiano-il-torrente-pesa\/\",\"name\":\"Dalle sorgenti di Radda in Chianti alla foce nell\u2019Arno: oltre 40 studenti studiano il torrente Pesa - intoscana\",\"isPartOf\":{\"@id\":\"https:\/\/www.intoscana.it\/it\/#website\"},\"primaryImageOfPage\":{\"@id\":\"https:\/\/www.intoscana.it\/it\/dalle-sorgenti-di-radda-in-chianti-alla-foce-nellarno-oltre-40-studenti-studiano-il-torrente-pesa\/#primaryimage\"},\"image\":{\"@id\":\"https:\/\/www.intoscana.it\/it\/dalle-sorgenti-di-radda-in-chianti-alla-foce-nellarno-oltre-40-studenti-studiano-il-torrente-pesa\/#primaryimage\"},\"thumbnailUrl\":\"https:\/\/www.intoscana.it\/wp-content\/uploads\/take-me-to-river.jpg\",\"datePublished\":\"2026-09-05T07:23:45+00:00\",\"author\":{\"@id\":\"https:\/\/www.intoscana.it\/it\/#\/schema\/person\/9223810753230f20bd670fdd322661f8\"},\"description\":\"\\\"Take me to the river\\\" \u00e8 il titolo della summer school che ha coinvolto oltre 40 studenti e studentesse per un'estate\",\"breadcrumb\":{\"@id\":\"https:\/\/www.intoscana.it\/it\/dalle-sorgenti-di-radda-in-chianti-alla-foce-nellarno-oltre-40-studenti-studiano-il-torrente-pesa\/#breadcrumb\"},\"inLanguage\":\"it-IT\",\"potentialAction\":[{\"@type\":\"ReadAction\",\"target\":[\"https:\/\/www.intoscana.it\/it\/dalle-sorgenti-di-radda-in-chianti-alla-foce-nellarno-oltre-40-studenti-studiano-il-torrente-pesa\/\"]}]},{\"@type\":\"ImageObject\",\"inLanguage\":\"it-IT\",\"@id\":\"https:\/\/www.intoscana.it\/it\/dalle-sorgenti-di-radda-in-chianti-alla-foce-nellarno-oltre-40-studenti-studiano-il-torrente-pesa\/#primaryimage\",\"url\":\"https:\/\/www.intoscana.it\/wp-content\/uploads\/take-me-to-river.jpg\",\"contentUrl\":\"https:\/\/www.intoscana.it\/wp-content\/uploads\/take-me-to-river.jpg\",\"width\":1600,\"height\":1200},{\"@type\":\"BreadcrumbList\",\"@id\":\"https:\/\/www.intoscana.it\/it\/dalle-sorgenti-di-radda-in-chianti-alla-foce-nellarno-oltre-40-studenti-studiano-il-torrente-pesa\/#breadcrumb\",\"itemListElement\":[{\"@type\":\"ListItem\",\"position\":1,\"name\":\"Home\",\"item\":\"https:\/\/www.intoscana.it\/it\/\"},{\"@type\":\"ListItem\",\"position\":2,\"name\":\"Dalle sorgenti di Radda in Chianti alla foce nell\u2019Arno: oltre 40 studenti studiano il torrente Pesa\"}]},{\"@type\":\"WebSite\",\"@id\":\"https:\/\/www.intoscana.it\/it\/#website\",\"url\":\"https:\/\/www.intoscana.it\/it\/\",\"name\":\"intoscana\",\"description\":\"\",\"potentialAction\":[{\"@type\":\"SearchAction\",\"target\":{\"@type\":\"EntryPoint\",\"urlTemplate\":\"https:\/\/www.intoscana.it\/it\/?s={search_term_string}\"},\"query-input\":{\"@type\":\"PropertyValueSpecification\",\"valueRequired\":true,\"valueName\":\"search_term_string\"}}],\"inLanguage\":\"it-IT\"},{\"@type\":\"Person\",\"@id\":\"https:\/\/www.intoscana.it\/it\/#\/schema\/person\/9223810753230f20bd670fdd322661f8\",\"name\":\"Redazione\",\"url\":\"https:\/\/www.intoscana.it\/it\/author\/redazione\/\"}]}<\/script>\n<!-- \/ Yoast SEO Premium plugin. -->","yoast_head_json":{"title":"Dalle sorgenti di Radda in Chianti alla foce nell\u2019Arno: oltre 40 studenti studiano il torrente Pesa - intoscana","description":"\"Take me to the river\" \u00e8 il titolo della summer school che ha coinvolto oltre 40 studenti e studentesse per un'estate","robots":{"index":"index","follow":"follow","max-snippet":"max-snippet:-1","max-image-preview":"max-image-preview:large","max-video-preview":"max-video-preview:-1"},"canonical":"https:\/\/www.intoscana.it\/it\/dalle-sorgenti-di-radda-in-chianti-alla-foce-nellarno-oltre-40-studenti-studiano-il-torrente-pesa\/","og_locale":"it_IT","og_type":"article","og_title":"Dalle sorgenti di Radda in Chianti alla foce nell\u2019Arno: oltre 40 studenti studiano il torrente Pesa","og_description":"\"Take me to the river\" \u00e8 il titolo della summer school che ha coinvolto oltre 40 studenti e studentesse per un'estate","og_url":"https:\/\/www.intoscana.it\/it\/dalle-sorgenti-di-radda-in-chianti-alla-foce-nellarno-oltre-40-studenti-studiano-il-torrente-pesa\/","og_site_name":"intoscana","article_publisher":"https:\/\/www.facebook.com\/intoscana.it","article_published_time":"2026-09-05T07:23:45+00:00","og_image":[{"width":1600,"height":1200,"url":"https:\/\/www.intoscana.it\/wp-content\/uploads\/take-me-to-river.jpg","type":"image\/jpeg"}],"author":"Redazione","twitter_card":"summary_large_image","twitter_creator":"@intoscana","twitter_site":"@intoscana","twitter_misc":{"Written by":"Redazione","Est. reading time":"3 minuti"},"schema":{"@context":"https:\/\/schema.org","@graph":[{"@type":"WebPage","@id":"https:\/\/www.intoscana.it\/it\/dalle-sorgenti-di-radda-in-chianti-alla-foce-nellarno-oltre-40-studenti-studiano-il-torrente-pesa\/","url":"https:\/\/www.intoscana.it\/it\/dalle-sorgenti-di-radda-in-chianti-alla-foce-nellarno-oltre-40-studenti-studiano-il-torrente-pesa\/","name":"Dalle sorgenti di Radda in Chianti alla foce nell\u2019Arno: oltre 40 studenti studiano il torrente Pesa - intoscana","isPartOf":{"@id":"https:\/\/www.intoscana.it\/it\/#website"},"primaryImageOfPage":{"@id":"https:\/\/www.intoscana.it\/it\/dalle-sorgenti-di-radda-in-chianti-alla-foce-nellarno-oltre-40-studenti-studiano-il-torrente-pesa\/#primaryimage"},"image":{"@id":"https:\/\/www.intoscana.it\/it\/dalle-sorgenti-di-radda-in-chianti-alla-foce-nellarno-oltre-40-studenti-studiano-il-torrente-pesa\/#primaryimage"},"thumbnailUrl":"https:\/\/www.intoscana.it\/wp-content\/uploads\/take-me-to-river.jpg","datePublished":"2026-09-05T07:23:45+00:00","author":{"@id":"https:\/\/www.intoscana.it\/it\/#\/schema\/person\/9223810753230f20bd670fdd322661f8"},"description":"\"Take me to the river\" \u00e8 il titolo della summer school che ha coinvolto oltre 40 studenti e studentesse per un'estate","breadcrumb":{"@id":"https:\/\/www.intoscana.it\/it\/dalle-sorgenti-di-radda-in-chianti-alla-foce-nellarno-oltre-40-studenti-studiano-il-torrente-pesa\/#breadcrumb"},"inLanguage":"it-IT","potentialAction":[{"@type":"ReadAction","target":["https:\/\/www.intoscana.it\/it\/dalle-sorgenti-di-radda-in-chianti-alla-foce-nellarno-oltre-40-studenti-studiano-il-torrente-pesa\/"]}]},{"@type":"ImageObject","inLanguage":"it-IT","@id":"https:\/\/www.intoscana.it\/it\/dalle-sorgenti-di-radda-in-chianti-alla-foce-nellarno-oltre-40-studenti-studiano-il-torrente-pesa\/#primaryimage","url":"https:\/\/www.intoscana.it\/wp-content\/uploads\/take-me-to-river.jpg","contentUrl":"https:\/\/www.intoscana.it\/wp-content\/uploads\/take-me-to-river.jpg","width":1600,"height":1200},{"@type":"BreadcrumbList","@id":"https:\/\/www.intoscana.it\/it\/dalle-sorgenti-di-radda-in-chianti-alla-foce-nellarno-oltre-40-studenti-studiano-il-torrente-pesa\/#breadcrumb","itemListElement":[{"@type":"ListItem","position":1,"name":"Home","item":"https:\/\/www.intoscana.it\/it\/"},{"@type":"ListItem","position":2,"name":"Dalle sorgenti di Radda in Chianti alla foce nell\u2019Arno: oltre 40 studenti studiano il torrente Pesa"}]},{"@type":"WebSite","@id":"https:\/\/www.intoscana.it\/it\/#website","url":"https:\/\/www.intoscana.it\/it\/","name":"intoscana","description":"","potentialAction":[{"@type":"SearchAction","target":{"@type":"EntryPoint","urlTemplate":"https:\/\/www.intoscana.it\/it\/?s={search_term_string}"},"query-input":{"@type":"PropertyValueSpecification","valueRequired":true,"valueName":"search_term_string"}}],"inLanguage":"it-IT"},{"@type":"Person","@id":"https:\/\/www.intoscana.it\/it\/#\/schema\/person\/9223810753230f20bd670fdd322661f8","name":"Redazione","url":"https:\/\/www.intoscana.it\/it\/author\/redazione\/"}]}},"_links":{"self":[{"href":"https:\/\/www.intoscana.it\/it\/wp-json\/wp\/v2\/posts\/440786","targetHints":{"allow":["GET"]}}],"collection":[{"href":"https:\/\/www.intoscana.it\/it\/wp-json\/wp\/v2\/posts"}],"about":[{"href":"https:\/\/www.intoscana.it\/it\/wp-json\/wp\/v2\/types\/post"}],"author":[{"embeddable":true,"href":"https:\/\/www.intoscana.it\/it\/wp-json\/wp\/v2\/users\/525"}],"replies":[{"embeddable":true,"href":"https:\/\/www.intoscana.it\/it\/wp-json\/wp\/v2\/comments?post=440786"}],"version-history":[{"count":1,"href":"https:\/\/www.intoscana.it\/it\/wp-json\/wp\/v2\/posts\/440786\/revisions"}],"predecessor-version":[{"id":440788,"href":"https:\/\/www.intoscana.it\/it\/wp-json\/wp\/v2\/posts\/440786\/revisions\/440788"}],"wp:featuredmedia":[{"embeddable":true,"href":"https:\/\/www.intoscana.it\/it\/wp-json\/wp\/v2\/media\/440787"}],"wp:attachment":[{"href":"https:\/\/www.intoscana.it\/it\/wp-json\/wp\/v2\/media?parent=440786"}],"wp:term":[{"taxonomy":"category","embeddable":true,"href":"https:\/\/www.intoscana.it\/it\/wp-json\/wp\/v2\/categories?post=440786"},{"taxonomy":"post_tag","embeddable":true,"href":"https:\/\/www.intoscana.it\/it\/wp-json\/wp\/v2\/tags?post=440786"}],"curies":[{"name":"wp","href":"https:\/\/api.w.org\/{rel}","templated":true}]}}