{"id":440792,"date":"2026-09-05T09:55:40","date_gmt":"2026-09-05T07:55:40","guid":{"rendered":"https:\/\/www.intoscana.it\/it\/?p=440792"},"modified":"2026-09-05T09:55:40","modified_gmt":"2026-09-05T07:55:40","slug":"da-gaza-a-bagno-a-ripoli-una-famiglia-trova-una-casa-per-ricominciare","status":"publish","type":"post","link":"https:\/\/www.intoscana.it\/it\/da-gaza-a-bagno-a-ripoli-una-famiglia-trova-una-casa-per-ricominciare\/","title":{"rendered":"Da Gaza a Bagno a Ripoli, una famiglia trova una casa per ricominciare"},"content":{"rendered":"<p><strong>Una casa<\/strong> dove tornare ogni sera, <strong>una scuola per i bambini, le cure necessarie e una comunit\u00e0<\/strong> pronta ad accompagnarli nella vita quotidiana. Dopo la fuga dalla guerra, per <strong>una famiglia arrivata da Gaza<\/strong> il nuovo inizio passa da <strong>Antella, nel territorio di Bagno a Ripo<\/strong>li.<\/p>\n<p>Il Comune ha deciso di mettere a disposizione <strong>per tre anni un appartamento di sua propriet\u00e0<\/strong> per accogliere una giovane madre, i suoi quattro figli e il nonno, costruendo attorno a loro un progetto di accoglienza che coinvolge istituzioni, sanit\u00e0, associazioni e volontariato.<\/p>\n<p>La famiglia si trova in Italia da circa un anno. <strong>Uno dei bambini, rimasto con una grave disabilit\u00e0 motoria<\/strong> dopo essere stato coinvolto in un bombardamento, \u00e8 seguito dall&#8217;<strong>ospedale pediatrico Meyer di Firenze.<\/strong> Proprio il percorso di cura del piccolo ha rappresentato il primo legame con la Toscana e ora, grazie al progetto messo in campo dal Comune, quella permanenza potr\u00e0 trasformarsi in un percorso pi\u00f9 stabile.<\/p>\n<p>L&#8217;appartamento individuato dall&#8217;amministrazione si trova in una zona centrale di Antella, vicino ai principali servizi. Prima dell&#8217;ingresso della famiglia saranno realizzati alcuni interventi per migliorarne l&#8217;accessibilit\u00e0. Ma<strong> l&#8217;alloggio \u00e8 soltanto il primo tassello di un progetto pi\u00f9 ampio,<\/strong> costruito insieme alla <strong>Fondazione Giovanni Paolo II, al Meyer, alla Regione Toscana, al Calcit Chianti Fiorentino<\/strong> e alle numerose realt\u00e0 associative del territorio.<\/p>\n<p>&#8220;Accogliere questa famiglia non significa solo mettere a disposizione una casa \u2013 ha sottolineato <strong>il sindaco di Bagno a Ripoli Francesco Pignotti<\/strong> \u2013. Stiamo costruendo una comunit\u00e0 capace di prendersi cura di questo nucleo familiare, di sostenerlo e accompagnarlo rispettandone l&#8217;autonomia&#8221;. L&#8217;obiettivo, ha aggiunto l&#8217;<strong>assessora al Welfare Sandra Baragli,<\/strong> \u00e8 trasformare una situazione di emergenza in \u00abun percorso di autonomia e integrazione&#8221;.<\/p>\n<p><strong>Attorno alla famiglia nascer\u00e0 cos\u00ec una vera e propria rete territoriale.<\/strong> Ci saranno la scuola, i servizi sanitari, le realt\u00e0 sportive ed educative, il volontariato e l&#8217;associazionismo. Hanno gi\u00e0 dato la propria disponibilit\u00e0 il <strong>Calcit, la Misericordia di Antella, la Croce Rossa di Bagno a Ripoli, la Fratellanza Popolare di Grassina, la Caritas e il doposcuola di Antella.<\/strong><\/p>\n<p>Tra le priorit\u00e0 c&#8217;\u00e8 <strong>l&#8217;inserimento scolastico dei quattro bambini<\/strong>, per il quale sono gi\u00e0 in corso le verifiche necessarie. Particolare attenzione sar\u00e0 riservata anche agli<strong> spostamenti del bambino con disabilit\u00e0 motoria<\/strong>. Per gli adulti saranno invece organizzati percorsi per l&#8217;apprendimento dell&#8217;italiano, mentre attivit\u00e0 culturali, sportive e di volontariato potranno favorire la socializzazione e la conoscenza del territorio.<\/p>\n<p>Un ruolo centrale sar\u00e0 svolto dalla <strong>Fondazione Giovanni Paolo II,<\/strong> che da dieci anni porta avanti <strong>progetti di accoglienza in Italia e di cooperazione internazionale<\/strong> in diverse aree del mondo, tra cui <strong>Palestina, Libano, Iraq e Siria.<\/strong> La Fondazione seguir\u00e0 la famiglia nelle pratiche burocratiche e nelle necessit\u00e0 quotidiane e metter\u00e0 a disposizione anche un&#8217;operatrice di origine palestinese, che sar\u00e0 mediatrice linguistica e culturale.<\/p>\n<p>Non \u00e8 la prima esperienza di questo tipo per la Fondazione in Toscana. Dallo scorso ottobre, in collaborazione con la Prefettura di Firenze e con il Comune di Reggello,<strong> sono gi\u00e0 accolte tre famiglie provenienti dalla Striscia di Gaza: complessivamente 14 persone, tra cui otto minorenni.<\/strong><\/p>\n<p>Il progetto \u00e8 stato ufficializzato al <strong>Meyer<\/strong> con la <strong>firma del protocollo di collaborazione tra Comune e Fondazione,<\/strong> alla presenza della famiglia, del <strong>sindaco Pignotti<\/strong>, del presidente della <strong>Fondazione Giovanni Paolo II Damiano Bettoni,<\/strong> della <strong>vicepresidente della Regione Toscana Mia Diop<\/strong> e del <strong>direttore generale del Meyer Federico Gelli.<\/strong><\/p>\n<p><em>\u201cL\u2019intreccio di solidariet\u00e0 internazionale, anelito di pace, welfare di comunit\u00e0<\/em> \u2013 <strong>ha dichiarato la vicepresidente della Regione Toscana Mia Diop<\/strong> &#8211; <em>rende questo progetto preziosissimo. L&#8217;impegno del Comune di Bagno a Ripoli, insieme alla Fondazione Giovanni Paolo II e a tutte le realt\u00e0 del territorio, punta a realizzare una rete stabile di accoglienza e accompagnamento, capace di durare nel tempo. E la Regione Toscana guarda con convinzione a questo modello, dando la disponibilit\u00e0 a restare al fianco di una famiglia e di un bambino fuggiti dalla bombe e in cerca di serenit\u00e0\u201d.<\/em><\/p>\n<figure id=\"post-440794 media-440794\" class=\"align-none\"><img decoding=\"async\" src=\"https:\/\/www.intoscana.it\/wp-content\/uploads\/foto_gaza_bagnoaripoli2.jpeg\" alt=\"\" \/><\/figure>\n<div class=\"titleimg\"><\/div>\n<p>&nbsp;<\/p>\n","protected":false},"excerpt":{"rendered":"<p>Una famiglia palestinese, mamma, quattro figli e il nonno, sar\u00e0 accolta in un appartamento comunale ad Antella, grazie a un lavoro di squadra tra Regione Toscana, Meyer, Comune di Bagno a Ripoli, Calcit Chianti Fiorentino e Fondazione Giovanni Paolo II<\/p>\n","protected":false},"author":525,"featured_media":440793,"comment_status":"open","ping_status":"open","sticky":false,"template":"","format":"standard","meta":{"_acf_changed":false,"footnotes":""},"categories":[494],"tags":[4937,408,6913,151],"class_list":["post-440792","post","type-post","status-publish","format-standard","has-post-thumbnail","hentry","category-attualita","tag-bagno-a-ripoli","tag-meyer","tag-mia-bintou-diop","tag-regione-toscana"],"acf":[],"yoast_head":"<!-- This site is optimized with the Yoast SEO Premium plugin v24.2 (Yoast SEO v25.6) - https:\/\/yoast.com\/wordpress\/plugins\/seo\/ -->\n<title>Da Gaza a Bagno a Ripoli, una famiglia trova una casa per ricominciare - intoscana<\/title>\n<meta name=\"description\" content=\"Una famiglia palestinese, mamma, quattro figli e il nonno, sar\u00e0 accolta per tre anni in un appartamento comunale ad Antella\" \/>\n<meta name=\"robots\" content=\"index, follow, max-snippet:-1, max-image-preview:large, max-video-preview:-1\" \/>\n<link rel=\"canonical\" href=\"https:\/\/www.intoscana.it\/it\/da-gaza-a-bagno-a-ripoli-una-famiglia-trova-una-casa-per-ricominciare\/\" \/>\n<meta property=\"og:locale\" content=\"it_IT\" \/>\n<meta property=\"og:type\" content=\"article\" \/>\n<meta property=\"og:title\" content=\"Da Gaza a Bagno a Ripoli, una famiglia trova una casa per ricominciare\" \/>\n<meta property=\"og:description\" content=\"Una famiglia palestinese, mamma, quattro figli e il nonno, sar\u00e0 accolta per tre anni in un appartamento comunale ad Antella\" \/>\n<meta property=\"og:url\" content=\"https:\/\/www.intoscana.it\/it\/da-gaza-a-bagno-a-ripoli-una-famiglia-trova-una-casa-per-ricominciare\/\" \/>\n<meta property=\"og:site_name\" content=\"intoscana\" \/>\n<meta property=\"article:publisher\" content=\"https:\/\/www.facebook.com\/intoscana.it\" \/>\n<meta property=\"article:published_time\" content=\"2026-09-05T07:55:40+00:00\" \/>\n<meta property=\"og:image\" content=\"https:\/\/www.intoscana.it\/wp-content\/uploads\/foto_gaza_bagnoaripoli-e1788594372653.jpeg\" \/>\n\t<meta property=\"og:image:width\" content=\"1600\" \/>\n\t<meta property=\"og:image:height\" content=\"915\" \/>\n\t<meta property=\"og:image:type\" content=\"image\/jpeg\" \/>\n<meta name=\"author\" content=\"Redazione\" \/>\n<meta name=\"twitter:card\" content=\"summary_large_image\" \/>\n<meta name=\"twitter:creator\" content=\"@intoscana\" \/>\n<meta name=\"twitter:site\" content=\"@intoscana\" \/>\n<meta name=\"twitter:label1\" content=\"Written by\" \/>\n\t<meta name=\"twitter:data1\" content=\"Redazione\" \/>\n\t<meta name=\"twitter:label2\" content=\"Est. reading time\" \/>\n\t<meta name=\"twitter:data2\" content=\"4 minuti\" \/>\n<script type=\"application\/ld+json\" class=\"yoast-schema-graph\">{\"@context\":\"https:\/\/schema.org\",\"@graph\":[{\"@type\":\"WebPage\",\"@id\":\"https:\/\/www.intoscana.it\/it\/da-gaza-a-bagno-a-ripoli-una-famiglia-trova-una-casa-per-ricominciare\/\",\"url\":\"https:\/\/www.intoscana.it\/it\/da-gaza-a-bagno-a-ripoli-una-famiglia-trova-una-casa-per-ricominciare\/\",\"name\":\"Da Gaza a Bagno a Ripoli, una famiglia trova una casa per ricominciare - intoscana\",\"isPartOf\":{\"@id\":\"https:\/\/www.intoscana.it\/it\/#website\"},\"primaryImageOfPage\":{\"@id\":\"https:\/\/www.intoscana.it\/it\/da-gaza-a-bagno-a-ripoli-una-famiglia-trova-una-casa-per-ricominciare\/#primaryimage\"},\"image\":{\"@id\":\"https:\/\/www.intoscana.it\/it\/da-gaza-a-bagno-a-ripoli-una-famiglia-trova-una-casa-per-ricominciare\/#primaryimage\"},\"thumbnailUrl\":\"https:\/\/www.intoscana.it\/wp-content\/uploads\/foto_gaza_bagnoaripoli-e1788594372653.jpeg\",\"datePublished\":\"2026-09-05T07:55:40+00:00\",\"author\":{\"@id\":\"https:\/\/www.intoscana.it\/it\/#\/schema\/person\/9223810753230f20bd670fdd322661f8\"},\"description\":\"Una famiglia palestinese, mamma, quattro figli e il nonno, sar\u00e0 accolta per tre anni in un appartamento comunale ad Antella\",\"breadcrumb\":{\"@id\":\"https:\/\/www.intoscana.it\/it\/da-gaza-a-bagno-a-ripoli-una-famiglia-trova-una-casa-per-ricominciare\/#breadcrumb\"},\"inLanguage\":\"it-IT\",\"potentialAction\":[{\"@type\":\"ReadAction\",\"target\":[\"https:\/\/www.intoscana.it\/it\/da-gaza-a-bagno-a-ripoli-una-famiglia-trova-una-casa-per-ricominciare\/\"]}]},{\"@type\":\"ImageObject\",\"inLanguage\":\"it-IT\",\"@id\":\"https:\/\/www.intoscana.it\/it\/da-gaza-a-bagno-a-ripoli-una-famiglia-trova-una-casa-per-ricominciare\/#primaryimage\",\"url\":\"https:\/\/www.intoscana.it\/wp-content\/uploads\/foto_gaza_bagnoaripoli-e1788594372653.jpeg\",\"contentUrl\":\"https:\/\/www.intoscana.it\/wp-content\/uploads\/foto_gaza_bagnoaripoli-e1788594372653.jpeg\",\"width\":1600,\"height\":915},{\"@type\":\"BreadcrumbList\",\"@id\":\"https:\/\/www.intoscana.it\/it\/da-gaza-a-bagno-a-ripoli-una-famiglia-trova-una-casa-per-ricominciare\/#breadcrumb\",\"itemListElement\":[{\"@type\":\"ListItem\",\"position\":1,\"name\":\"Home\",\"item\":\"https:\/\/www.intoscana.it\/it\/\"},{\"@type\":\"ListItem\",\"position\":2,\"name\":\"Da Gaza a Bagno a Ripoli, una famiglia trova una casa per ricominciare\"}]},{\"@type\":\"WebSite\",\"@id\":\"https:\/\/www.intoscana.it\/it\/#website\",\"url\":\"https:\/\/www.intoscana.it\/it\/\",\"name\":\"intoscana\",\"description\":\"\",\"potentialAction\":[{\"@type\":\"SearchAction\",\"target\":{\"@type\":\"EntryPoint\",\"urlTemplate\":\"https:\/\/www.intoscana.it\/it\/?s={search_term_string}\"},\"query-input\":{\"@type\":\"PropertyValueSpecification\",\"valueRequired\":true,\"valueName\":\"search_term_string\"}}],\"inLanguage\":\"it-IT\"},{\"@type\":\"Person\",\"@id\":\"https:\/\/www.intoscana.it\/it\/#\/schema\/person\/9223810753230f20bd670fdd322661f8\",\"name\":\"Redazione\",\"url\":\"https:\/\/www.intoscana.it\/it\/author\/redazione\/\"}]}<\/script>\n<!-- \/ Yoast SEO Premium plugin. -->","yoast_head_json":{"title":"Da Gaza a Bagno a Ripoli, una famiglia trova una casa per ricominciare - intoscana","description":"Una famiglia palestinese, mamma, quattro figli e il nonno, sar\u00e0 accolta per tre anni in un appartamento comunale ad Antella","robots":{"index":"index","follow":"follow","max-snippet":"max-snippet:-1","max-image-preview":"max-image-preview:large","max-video-preview":"max-video-preview:-1"},"canonical":"https:\/\/www.intoscana.it\/it\/da-gaza-a-bagno-a-ripoli-una-famiglia-trova-una-casa-per-ricominciare\/","og_locale":"it_IT","og_type":"article","og_title":"Da Gaza a Bagno a Ripoli, una famiglia trova una casa per ricominciare","og_description":"Una famiglia palestinese, mamma, quattro figli e il nonno, sar\u00e0 accolta per tre anni in un appartamento comunale ad Antella","og_url":"https:\/\/www.intoscana.it\/it\/da-gaza-a-bagno-a-ripoli-una-famiglia-trova-una-casa-per-ricominciare\/","og_site_name":"intoscana","article_publisher":"https:\/\/www.facebook.com\/intoscana.it","article_published_time":"2026-09-05T07:55:40+00:00","og_image":[{"width":1600,"height":915,"url":"https:\/\/www.intoscana.it\/wp-content\/uploads\/foto_gaza_bagnoaripoli-e1788594372653.jpeg","type":"image\/jpeg"}],"author":"Redazione","twitter_card":"summary_large_image","twitter_creator":"@intoscana","twitter_site":"@intoscana","twitter_misc":{"Written by":"Redazione","Est. reading time":"4 minuti"},"schema":{"@context":"https:\/\/schema.org","@graph":[{"@type":"WebPage","@id":"https:\/\/www.intoscana.it\/it\/da-gaza-a-bagno-a-ripoli-una-famiglia-trova-una-casa-per-ricominciare\/","url":"https:\/\/www.intoscana.it\/it\/da-gaza-a-bagno-a-ripoli-una-famiglia-trova-una-casa-per-ricominciare\/","name":"Da Gaza a Bagno a Ripoli, una famiglia trova una casa per ricominciare - intoscana","isPartOf":{"@id":"https:\/\/www.intoscana.it\/it\/#website"},"primaryImageOfPage":{"@id":"https:\/\/www.intoscana.it\/it\/da-gaza-a-bagno-a-ripoli-una-famiglia-trova-una-casa-per-ricominciare\/#primaryimage"},"image":{"@id":"https:\/\/www.intoscana.it\/it\/da-gaza-a-bagno-a-ripoli-una-famiglia-trova-una-casa-per-ricominciare\/#primaryimage"},"thumbnailUrl":"https:\/\/www.intoscana.it\/wp-content\/uploads\/foto_gaza_bagnoaripoli-e1788594372653.jpeg","datePublished":"2026-09-05T07:55:40+00:00","author":{"@id":"https:\/\/www.intoscana.it\/it\/#\/schema\/person\/9223810753230f20bd670fdd322661f8"},"description":"Una famiglia palestinese, mamma, quattro figli e il nonno, sar\u00e0 accolta per tre anni in un appartamento comunale ad Antella","breadcrumb":{"@id":"https:\/\/www.intoscana.it\/it\/da-gaza-a-bagno-a-ripoli-una-famiglia-trova-una-casa-per-ricominciare\/#breadcrumb"},"inLanguage":"it-IT","potentialAction":[{"@type":"ReadAction","target":["https:\/\/www.intoscana.it\/it\/da-gaza-a-bagno-a-ripoli-una-famiglia-trova-una-casa-per-ricominciare\/"]}]},{"@type":"ImageObject","inLanguage":"it-IT","@id":"https:\/\/www.intoscana.it\/it\/da-gaza-a-bagno-a-ripoli-una-famiglia-trova-una-casa-per-ricominciare\/#primaryimage","url":"https:\/\/www.intoscana.it\/wp-content\/uploads\/foto_gaza_bagnoaripoli-e1788594372653.jpeg","contentUrl":"https:\/\/www.intoscana.it\/wp-content\/uploads\/foto_gaza_bagnoaripoli-e1788594372653.jpeg","width":1600,"height":915},{"@type":"BreadcrumbList","@id":"https:\/\/www.intoscana.it\/it\/da-gaza-a-bagno-a-ripoli-una-famiglia-trova-una-casa-per-ricominciare\/#breadcrumb","itemListElement":[{"@type":"ListItem","position":1,"name":"Home","item":"https:\/\/www.intoscana.it\/it\/"},{"@type":"ListItem","position":2,"name":"Da Gaza a Bagno a Ripoli, una famiglia trova una casa per ricominciare"}]},{"@type":"WebSite","@id":"https:\/\/www.intoscana.it\/it\/#website","url":"https:\/\/www.intoscana.it\/it\/","name":"intoscana","description":"","potentialAction":[{"@type":"SearchAction","target":{"@type":"EntryPoint","urlTemplate":"https:\/\/www.intoscana.it\/it\/?s={search_term_string}"},"query-input":{"@type":"PropertyValueSpecification","valueRequired":true,"valueName":"search_term_string"}}],"inLanguage":"it-IT"},{"@type":"Person","@id":"https:\/\/www.intoscana.it\/it\/#\/schema\/person\/9223810753230f20bd670fdd322661f8","name":"Redazione","url":"https:\/\/www.intoscana.it\/it\/author\/redazione\/"}]}},"_links":{"self":[{"href":"https:\/\/www.intoscana.it\/it\/wp-json\/wp\/v2\/posts\/440792","targetHints":{"allow":["GET"]}}],"collection":[{"href":"https:\/\/www.intoscana.it\/it\/wp-json\/wp\/v2\/posts"}],"about":[{"href":"https:\/\/www.intoscana.it\/it\/wp-json\/wp\/v2\/types\/post"}],"author":[{"embeddable":true,"href":"https:\/\/www.intoscana.it\/it\/wp-json\/wp\/v2\/users\/525"}],"replies":[{"embeddable":true,"href":"https:\/\/www.intoscana.it\/it\/wp-json\/wp\/v2\/comments?post=440792"}],"version-history":[{"count":4,"href":"https:\/\/www.intoscana.it\/it\/wp-json\/wp\/v2\/posts\/440792\/revisions"}],"predecessor-version":[{"id":440799,"href":"https:\/\/www.intoscana.it\/it\/wp-json\/wp\/v2\/posts\/440792\/revisions\/440799"}],"wp:featuredmedia":[{"embeddable":true,"href":"https:\/\/www.intoscana.it\/it\/wp-json\/wp\/v2\/media\/440793"}],"wp:attachment":[{"href":"https:\/\/www.intoscana.it\/it\/wp-json\/wp\/v2\/media?parent=440792"}],"wp:term":[{"taxonomy":"category","embeddable":true,"href":"https:\/\/www.intoscana.it\/it\/wp-json\/wp\/v2\/categories?post=440792"},{"taxonomy":"post_tag","embeddable":true,"href":"https:\/\/www.intoscana.it\/it\/wp-json\/wp\/v2\/tags?post=440792"}],"curies":[{"name":"wp","href":"https:\/\/api.w.org\/{rel}","templated":true}]}}