{"id":440802,"date":"2026-09-05T10:15:31","date_gmt":"2026-09-05T08:15:31","guid":{"rendered":"https:\/\/www.intoscana.it\/it\/?p=440802"},"modified":"2026-09-05T10:15:31","modified_gmt":"2026-09-05T08:15:31","slug":"elio-bambole-di-pezza-virginia-benzi-e-sofia-viscardi-al-next-generation-fest","status":"publish","type":"post","link":"https:\/\/www.intoscana.it\/it\/elio-bambole-di-pezza-virginia-benzi-e-sofia-viscardi-al-next-generation-fest\/","title":{"rendered":"Elio, Bambole di Pezza, Virginia Benzi e Sofia Viscardi al Next Generation Fest"},"content":{"rendered":"<p>Tutto pronto per la quinta edizione del <strong>Next Generation Fest,<\/strong> in programma il <strong>10 ottobre al Teatro del Maggio di Firenze<\/strong>, con una grande partecipazione di <strong>big del mondo dello spettacolo e del web.<\/strong><\/p>\n<p>Tra le ultime adesioni ci sono quelle di <strong>Elio, Bambole di Pezza, Virginia Benzi (Quantum Girl), Marta Filippi, The Journalai e Sofia Viscardi.<\/strong><\/p>\n<p>Vanno ad infittire la gi\u00e0 ricca squadra di speaker, composta anche da <strong>Antonella Arpa &#8211; Himorta<\/strong> (con oltre 1 milione di follower, \u00e8 la cosplayer pi\u00f9 seguita d&#8217;Europa), <strong>Manuel Agnelli<\/strong> (leader degli Afterhours, figura centrale dell\u2019alt-rock italiano: cantautore, produttore, autore TV e giudice di X Factor), <strong>Eddie Brock<\/strong> (cantautore classe 1997, dopo \u201cNon \u00e8 mica te\u201d, nel 2026 debutta a Sanremo con Avvoltoi).<\/p>\n<p><strong>Saranno oltre 60 gli ospiti a calcare il main stage di NGF26<\/strong>, prendendo parte alla giornata senza alcuna forma di compenso. Ognuno di loro ricever\u00e0 il premio <strong>Regione Toscana \u2013 Giovanis\u00ec<\/strong>, il riconoscimento verr\u00e0 consegnato alle personalit\u00e0 che con il proprio impegno e testimonianza sono esempio e modello positivo di cittadinanza nel presente del nostro Paese.<\/p>\n<p>Tra gli ospiti premiati durante la quinta edizione del <strong>Next Generation Fest<\/strong> ci sar\u00e0 anche <strong>Elio,<\/strong> artista, attore e fondatore degli Elio e le Storie Tese. E poi sempre tra le ultime adesioni ci sono le <strong>Bambole di Pezza,<\/strong> da Sanremo 2026 fino ai loro travolgenti live, la rock band tutta al femminile che d\u00e0 voce a libert\u00e0, parit\u00e0 e autodeterminazione.<\/p>\n<p>E ancora: <strong>Virginia Benzi &#8211; Quantum Girl,<\/strong> fisica, divulgatrice, content creator e ambassador di Generazione STEM, <strong>Marta Filippi,<\/strong> attrice, doppiatrice e comica, protagonista sul web ed in tv da LOL ai Cesaroni.<\/p>\n<p>La satira politica e sociale approder\u00e0 a NGF con <strong>The Journalai,<\/strong> giornalisti, creator e videomaker e poi con<strong> Sofia Viscardi,<\/strong> storyteller, scrittrice e youtuber che parla di relazioni e crescita con autenticit\u00e0, connettendosi alla Gen Z.<\/p>\n<figure id=\"post-233587 media-233587\" class=\"align-none\"><img decoding=\"async\" src=\"https:\/\/www.intoscana.it\/wp-content\/uploads\/ELIO-scaled.jpeg\" alt=\"\" \/><\/figure>\n<div class=\"titleimg\">ELIO<\/div>\n<p><strong>Secondo il presidente Eugenio Giani:<\/strong> <em>\u201cLa presenza cos\u00ec ampia di creator, artisti e professionisti che dialogano ogni giorno con milioni di giovani dimostra quanto il Next Generation Fest sia diventato un punto di riferimento nazionale per il protagonismo delle nuove generazioni. Qui ragazze e ragazzi trovano uno spazio in cui esprimere idee, creativit\u00e0 e responsabilit\u00e0 civica, contribuendo alla costruzione di una societ\u00e0 pi\u00f9 aperta, consapevole e partecipata\u201d.<\/em><\/p>\n<p><em>\u201cCi stiamo avvicinando al traguardo dei primi 5 anni di storia del Next Generation Fest, che \u00e8 sempre pi\u00f9 capace di coinvolgere tante voci del panorama pubblico che sanno parlare alle nuove generazioni \u2013 <\/em><strong>ha detto Bernard Dika sottosegretario alla Presidenza della Regione, ideatore della manifestazione e coordinatore di Giovanis\u00ec <\/strong><em>\u2013. Questo \u00e8 il luogo in cui le giovani generazioni possono raccontarsi, confrontarsi e immaginare il futuro. \u00c8 un appuntamento che valorizza la creativit\u00e0 dei ragazzi e delle ragazze e riconosce il loro ruolo fondamentale nello sviluppo di una comunit\u00e0 democratica, inclusiva e capace di innovare, nel presente\u201d.<\/em><\/p>\n<p>Alla conduzione, fin dalla prima edizione <strong>Veronica Maffei, giornalista corrispondente da Los Angeles,<\/strong> punto fermo al quale si affiancheranno altri nomi nel corso della giornata sul main stage. Torneranno anche i <strong>Phrones che come \u201cinviati speciali\u201d.<\/strong><\/p>\n<p>La quinta edizione del <strong>Next Generation Fest anticipa il Festival delle Regioni,<\/strong> che sar\u00e0 organizzato nel mese di ottobre dalla Regione Toscana e sar\u00e0 dedicato al tema del rapporto tra territori, giovani e futuro.<\/p>\n<p>L\u2019iniziativa si inserisce nel quadro della <strong>Giornata regionale dei giovani,<\/strong> istituita dalla Legge regionale 81\/2020, confermando l\u2019impegno della Regione nel valorizzare il protagonismo delle nuove generazioni.<\/p>\n<p>L\u2019iniziativa \u00e8 organizzata dalla<strong> Presidenza della Regione Toscana e da Giovanis\u00ec,<\/strong> con la collaborazione di ARTI e <strong>Teatro del Maggio Musicale Fiorentino<\/strong>, ed \u00e8 finanziata interamente dal <strong>Ministro per lo Sport e i Giovani, Andrea Abodi,<\/strong> attraverso il Dipartimento per le Politiche Giovanili e il Servizio civile universale in attuazione dell\u2019accordo FPG 2024-2026, Intesa 127\/2024. L\u2019evento gode del patrocinio della Conferenza delle Regioni e delle Province autonome.<\/p>\n<p><strong>Per iscriversi gratuitamente al Next Generation Fest 2026<\/strong> (posti limitati), giovanisi: <a href=\"https:\/\/giovanisi.it\/nextgenerationfest\/\" target=\"_blank\" rel=\"noopener\"><strong>https:\/\/giovanisi.it\/nextgenerationfest\/<\/strong><\/a><br \/>\nPer info: 800.098.719 (lun-ven. 9.30-16) \u2013 ngf@giovanisi.it<\/p>\n<figure id=\"post-375763 media-375763\" class=\"align-none\"><img decoding=\"async\" src=\"https:\/\/www.intoscana.it\/wp-content\/uploads\/Lazarus-Agnelli\u00a9Laila-Pozzo01-scaled.jpeg\" alt=\"\" \/><\/figure>\n<div class=\"titleimg\">Manuel Agnelli, Lazarus &#8211; \u00a9 Laila Pozzo<\/div>\n","protected":false},"excerpt":{"rendered":"<p>Il 10 ottobre al teatro del Maggio Musicale Fiorentino un ricchissimo programma con big della cultura e dello spettacolo, tra cui: Manuel Agnelli, Eddie Brock, Antonella Arpa, The Journalai e molti altri. L&#8217;evento \u00e8 a ingresso libero su prenotazione<\/p>\n","protected":false},"author":525,"featured_media":270160,"comment_status":"open","ping_status":"open","sticky":false,"template":"","format":"standard","meta":{"_acf_changed":false,"footnotes":""},"categories":[494],"tags":[5146,221,244,6547,151],"class_list":["post-440802","post","type-post","status-publish","format-standard","has-post-thumbnail","hentry","category-attualita","tag-bernard-dika","tag-giovani","tag-giovanisi","tag-next-generation-fest","tag-regione-toscana"],"acf":[],"yoast_head":"<!-- This site is optimized with the Yoast SEO Premium plugin v24.2 (Yoast SEO v25.6) - https:\/\/yoast.com\/wordpress\/plugins\/seo\/ -->\n<title>Elio, Bambole di Pezza, Virginia Benzi e Sofia Viscardi al Next Generation Fest - intoscana<\/title>\n<meta name=\"description\" content=\"Il 10 ottobre al teatro del Maggio Musicale Fiorentino un ricchissimo programma con big della cultura e dello spettacolo\" \/>\n<meta name=\"robots\" content=\"index, follow, max-snippet:-1, max-image-preview:large, max-video-preview:-1\" \/>\n<link rel=\"canonical\" href=\"https:\/\/www.intoscana.it\/it\/elio-bambole-di-pezza-virginia-benzi-e-sofia-viscardi-al-next-generation-fest\/\" \/>\n<meta property=\"og:locale\" content=\"it_IT\" \/>\n<meta property=\"og:type\" content=\"article\" \/>\n<meta property=\"og:title\" content=\"Elio, Bambole di Pezza, Virginia Benzi e Sofia Viscardi al Next Generation Fest\" \/>\n<meta property=\"og:description\" content=\"Il 10 ottobre al teatro del Maggio Musicale Fiorentino un ricchissimo programma con big della cultura e dello spettacolo\" \/>\n<meta property=\"og:url\" content=\"https:\/\/www.intoscana.it\/it\/elio-bambole-di-pezza-virginia-benzi-e-sofia-viscardi-al-next-generation-fest\/\" \/>\n<meta property=\"og:site_name\" content=\"intoscana\" \/>\n<meta property=\"article:publisher\" content=\"https:\/\/www.facebook.com\/intoscana.it\" \/>\n<meta property=\"article:published_time\" content=\"2026-09-05T08:15:31+00:00\" \/>\n<meta property=\"og:image\" content=\"https:\/\/www.intoscana.it\/wp-content\/uploads\/Bambole-di-Pezza-scaled.jpg\" \/>\n\t<meta property=\"og:image:width\" content=\"2048\" \/>\n\t<meta property=\"og:image:height\" content=\"1365\" \/>\n\t<meta property=\"og:image:type\" content=\"image\/jpeg\" \/>\n<meta name=\"author\" content=\"Redazione\" \/>\n<meta name=\"twitter:card\" content=\"summary_large_image\" \/>\n<meta name=\"twitter:creator\" content=\"@intoscana\" \/>\n<meta name=\"twitter:site\" content=\"@intoscana\" \/>\n<meta name=\"twitter:label1\" content=\"Written by\" \/>\n\t<meta name=\"twitter:data1\" content=\"Redazione\" \/>\n\t<meta name=\"twitter:label2\" content=\"Est. reading time\" \/>\n\t<meta name=\"twitter:data2\" content=\"5 minuti\" \/>\n<script type=\"application\/ld+json\" class=\"yoast-schema-graph\">{\"@context\":\"https:\/\/schema.org\",\"@graph\":[{\"@type\":\"WebPage\",\"@id\":\"https:\/\/www.intoscana.it\/it\/elio-bambole-di-pezza-virginia-benzi-e-sofia-viscardi-al-next-generation-fest\/\",\"url\":\"https:\/\/www.intoscana.it\/it\/elio-bambole-di-pezza-virginia-benzi-e-sofia-viscardi-al-next-generation-fest\/\",\"name\":\"Elio, Bambole di Pezza, Virginia Benzi e Sofia Viscardi al Next Generation Fest - intoscana\",\"isPartOf\":{\"@id\":\"https:\/\/www.intoscana.it\/it\/#website\"},\"primaryImageOfPage\":{\"@id\":\"https:\/\/www.intoscana.it\/it\/elio-bambole-di-pezza-virginia-benzi-e-sofia-viscardi-al-next-generation-fest\/#primaryimage\"},\"image\":{\"@id\":\"https:\/\/www.intoscana.it\/it\/elio-bambole-di-pezza-virginia-benzi-e-sofia-viscardi-al-next-generation-fest\/#primaryimage\"},\"thumbnailUrl\":\"https:\/\/www.intoscana.it\/wp-content\/uploads\/Bambole-di-Pezza-scaled.jpg\",\"datePublished\":\"2026-09-05T08:15:31+00:00\",\"author\":{\"@id\":\"https:\/\/www.intoscana.it\/it\/#\/schema\/person\/9223810753230f20bd670fdd322661f8\"},\"description\":\"Il 10 ottobre al teatro del Maggio Musicale Fiorentino un ricchissimo programma con big della cultura e dello spettacolo\",\"breadcrumb\":{\"@id\":\"https:\/\/www.intoscana.it\/it\/elio-bambole-di-pezza-virginia-benzi-e-sofia-viscardi-al-next-generation-fest\/#breadcrumb\"},\"inLanguage\":\"it-IT\",\"potentialAction\":[{\"@type\":\"ReadAction\",\"target\":[\"https:\/\/www.intoscana.it\/it\/elio-bambole-di-pezza-virginia-benzi-e-sofia-viscardi-al-next-generation-fest\/\"]}]},{\"@type\":\"ImageObject\",\"inLanguage\":\"it-IT\",\"@id\":\"https:\/\/www.intoscana.it\/it\/elio-bambole-di-pezza-virginia-benzi-e-sofia-viscardi-al-next-generation-fest\/#primaryimage\",\"url\":\"https:\/\/www.intoscana.it\/wp-content\/uploads\/Bambole-di-Pezza-scaled.jpg\",\"contentUrl\":\"https:\/\/www.intoscana.it\/wp-content\/uploads\/Bambole-di-Pezza-scaled.jpg\",\"width\":2048,\"height\":1365},{\"@type\":\"BreadcrumbList\",\"@id\":\"https:\/\/www.intoscana.it\/it\/elio-bambole-di-pezza-virginia-benzi-e-sofia-viscardi-al-next-generation-fest\/#breadcrumb\",\"itemListElement\":[{\"@type\":\"ListItem\",\"position\":1,\"name\":\"Home\",\"item\":\"https:\/\/www.intoscana.it\/it\/\"},{\"@type\":\"ListItem\",\"position\":2,\"name\":\"Elio, Bambole di Pezza, Virginia Benzi e Sofia Viscardi al Next Generation Fest\"}]},{\"@type\":\"WebSite\",\"@id\":\"https:\/\/www.intoscana.it\/it\/#website\",\"url\":\"https:\/\/www.intoscana.it\/it\/\",\"name\":\"intoscana\",\"description\":\"\",\"potentialAction\":[{\"@type\":\"SearchAction\",\"target\":{\"@type\":\"EntryPoint\",\"urlTemplate\":\"https:\/\/www.intoscana.it\/it\/?s={search_term_string}\"},\"query-input\":{\"@type\":\"PropertyValueSpecification\",\"valueRequired\":true,\"valueName\":\"search_term_string\"}}],\"inLanguage\":\"it-IT\"},{\"@type\":\"Person\",\"@id\":\"https:\/\/www.intoscana.it\/it\/#\/schema\/person\/9223810753230f20bd670fdd322661f8\",\"name\":\"Redazione\",\"url\":\"https:\/\/www.intoscana.it\/it\/author\/redazione\/\"}]}<\/script>\n<!-- \/ Yoast SEO Premium plugin. -->","yoast_head_json":{"title":"Elio, Bambole di Pezza, Virginia Benzi e Sofia Viscardi al Next Generation Fest - intoscana","description":"Il 10 ottobre al teatro del Maggio Musicale Fiorentino un ricchissimo programma con big della cultura e dello spettacolo","robots":{"index":"index","follow":"follow","max-snippet":"max-snippet:-1","max-image-preview":"max-image-preview:large","max-video-preview":"max-video-preview:-1"},"canonical":"https:\/\/www.intoscana.it\/it\/elio-bambole-di-pezza-virginia-benzi-e-sofia-viscardi-al-next-generation-fest\/","og_locale":"it_IT","og_type":"article","og_title":"Elio, Bambole di Pezza, Virginia Benzi e Sofia Viscardi al Next Generation Fest","og_description":"Il 10 ottobre al teatro del Maggio Musicale Fiorentino un ricchissimo programma con big della cultura e dello spettacolo","og_url":"https:\/\/www.intoscana.it\/it\/elio-bambole-di-pezza-virginia-benzi-e-sofia-viscardi-al-next-generation-fest\/","og_site_name":"intoscana","article_publisher":"https:\/\/www.facebook.com\/intoscana.it","article_published_time":"2026-09-05T08:15:31+00:00","og_image":[{"width":2048,"height":1365,"url":"https:\/\/www.intoscana.it\/wp-content\/uploads\/Bambole-di-Pezza-scaled.jpg","type":"image\/jpeg"}],"author":"Redazione","twitter_card":"summary_large_image","twitter_creator":"@intoscana","twitter_site":"@intoscana","twitter_misc":{"Written by":"Redazione","Est. reading time":"5 minuti"},"schema":{"@context":"https:\/\/schema.org","@graph":[{"@type":"WebPage","@id":"https:\/\/www.intoscana.it\/it\/elio-bambole-di-pezza-virginia-benzi-e-sofia-viscardi-al-next-generation-fest\/","url":"https:\/\/www.intoscana.it\/it\/elio-bambole-di-pezza-virginia-benzi-e-sofia-viscardi-al-next-generation-fest\/","name":"Elio, Bambole di Pezza, Virginia Benzi e Sofia Viscardi al Next Generation Fest - intoscana","isPartOf":{"@id":"https:\/\/www.intoscana.it\/it\/#website"},"primaryImageOfPage":{"@id":"https:\/\/www.intoscana.it\/it\/elio-bambole-di-pezza-virginia-benzi-e-sofia-viscardi-al-next-generation-fest\/#primaryimage"},"image":{"@id":"https:\/\/www.intoscana.it\/it\/elio-bambole-di-pezza-virginia-benzi-e-sofia-viscardi-al-next-generation-fest\/#primaryimage"},"thumbnailUrl":"https:\/\/www.intoscana.it\/wp-content\/uploads\/Bambole-di-Pezza-scaled.jpg","datePublished":"2026-09-05T08:15:31+00:00","author":{"@id":"https:\/\/www.intoscana.it\/it\/#\/schema\/person\/9223810753230f20bd670fdd322661f8"},"description":"Il 10 ottobre al teatro del Maggio Musicale Fiorentino un ricchissimo programma con big della cultura e dello spettacolo","breadcrumb":{"@id":"https:\/\/www.intoscana.it\/it\/elio-bambole-di-pezza-virginia-benzi-e-sofia-viscardi-al-next-generation-fest\/#breadcrumb"},"inLanguage":"it-IT","potentialAction":[{"@type":"ReadAction","target":["https:\/\/www.intoscana.it\/it\/elio-bambole-di-pezza-virginia-benzi-e-sofia-viscardi-al-next-generation-fest\/"]}]},{"@type":"ImageObject","inLanguage":"it-IT","@id":"https:\/\/www.intoscana.it\/it\/elio-bambole-di-pezza-virginia-benzi-e-sofia-viscardi-al-next-generation-fest\/#primaryimage","url":"https:\/\/www.intoscana.it\/wp-content\/uploads\/Bambole-di-Pezza-scaled.jpg","contentUrl":"https:\/\/www.intoscana.it\/wp-content\/uploads\/Bambole-di-Pezza-scaled.jpg","width":2048,"height":1365},{"@type":"BreadcrumbList","@id":"https:\/\/www.intoscana.it\/it\/elio-bambole-di-pezza-virginia-benzi-e-sofia-viscardi-al-next-generation-fest\/#breadcrumb","itemListElement":[{"@type":"ListItem","position":1,"name":"Home","item":"https:\/\/www.intoscana.it\/it\/"},{"@type":"ListItem","position":2,"name":"Elio, Bambole di Pezza, Virginia Benzi e Sofia Viscardi al Next Generation Fest"}]},{"@type":"WebSite","@id":"https:\/\/www.intoscana.it\/it\/#website","url":"https:\/\/www.intoscana.it\/it\/","name":"intoscana","description":"","potentialAction":[{"@type":"SearchAction","target":{"@type":"EntryPoint","urlTemplate":"https:\/\/www.intoscana.it\/it\/?s={search_term_string}"},"query-input":{"@type":"PropertyValueSpecification","valueRequired":true,"valueName":"search_term_string"}}],"inLanguage":"it-IT"},{"@type":"Person","@id":"https:\/\/www.intoscana.it\/it\/#\/schema\/person\/9223810753230f20bd670fdd322661f8","name":"Redazione","url":"https:\/\/www.intoscana.it\/it\/author\/redazione\/"}]}},"_links":{"self":[{"href":"https:\/\/www.intoscana.it\/it\/wp-json\/wp\/v2\/posts\/440802","targetHints":{"allow":["GET"]}}],"collection":[{"href":"https:\/\/www.intoscana.it\/it\/wp-json\/wp\/v2\/posts"}],"about":[{"href":"https:\/\/www.intoscana.it\/it\/wp-json\/wp\/v2\/types\/post"}],"author":[{"embeddable":true,"href":"https:\/\/www.intoscana.it\/it\/wp-json\/wp\/v2\/users\/525"}],"replies":[{"embeddable":true,"href":"https:\/\/www.intoscana.it\/it\/wp-json\/wp\/v2\/comments?post=440802"}],"version-history":[{"count":1,"href":"https:\/\/www.intoscana.it\/it\/wp-json\/wp\/v2\/posts\/440802\/revisions"}],"predecessor-version":[{"id":440803,"href":"https:\/\/www.intoscana.it\/it\/wp-json\/wp\/v2\/posts\/440802\/revisions\/440803"}],"wp:featuredmedia":[{"embeddable":true,"href":"https:\/\/www.intoscana.it\/it\/wp-json\/wp\/v2\/media\/270160"}],"wp:attachment":[{"href":"https:\/\/www.intoscana.it\/it\/wp-json\/wp\/v2\/media?parent=440802"}],"wp:term":[{"taxonomy":"category","embeddable":true,"href":"https:\/\/www.intoscana.it\/it\/wp-json\/wp\/v2\/categories?post=440802"},{"taxonomy":"post_tag","embeddable":true,"href":"https:\/\/www.intoscana.it\/it\/wp-json\/wp\/v2\/tags?post=440802"}],"curies":[{"name":"wp","href":"https:\/\/api.w.org\/{rel}","templated":true}]}}