{"id":440836,"date":"2026-09-05T12:58:44","date_gmt":"2026-09-05T10:58:44","guid":{"rendered":"https:\/\/www.intoscana.it\/it\/?p=440836"},"modified":"2026-09-05T12:58:44","modified_gmt":"2026-09-05T10:58:44","slug":"toscana-diffusa-dalla-regione-in-arrivo-una-legge-speciale-per-larcipelago-toscano","status":"publish","type":"post","link":"https:\/\/www.intoscana.it\/it\/toscana-diffusa-dalla-regione-in-arrivo-una-legge-speciale-per-larcipelago-toscano\/","title":{"rendered":"Toscana diffusa, dalla Regione in arrivo una legge speciale per l\u2019Arcipelago toscano"},"content":{"rendered":"<p>Una legge speciale per \u00a0l&#8217;<strong>Arcipelago Toscano: <\/strong>\u00e8 l\u2019annuncio del <strong>presidente della Regione Toscana Eugenio Giani durante la sua visita all\u2019Elba,<\/strong> con l\u2019obiettivo di riconoscere e sostenere le <strong>esigenze specifiche dei territori insulari.<\/strong><\/p>\n<p>La proposta punta a <strong>garantire risorse dedicate, servizi pi\u00f9 efficienti e nuove politiche di sviluppo<\/strong>, equiparando le opportunit\u00e0 dell\u2019arcipelago a quelle delle citt\u00e0 d\u2019arte, delle aree industriali e dei territori della <strong>Toscana diffusa.<\/strong><\/p>\n<p><em>\u201cAbbiamo intenzione di arrivare ad una legge speciale che possa offrire risorse e garantire servizi all\u2019Isola d\u2019Elba e al contesto dell\u2019arcipelago, affinch\u00e9 possano crescere in base alle loro esigenze e specificit\u00e0 al pari delle nostre citt\u00e0 d\u2019arte, aree industriali e territori della Toscana diffusa\u201d<\/em>,<strong> ha detto il presidente Giani.<\/strong><\/p>\n<p>Tra gli obiettivi prioritari della misura, il <strong>rafforzamento dei servizi per i residenti,<\/strong> la creazione di condizioni favorevoli al <strong>contrasto dello spopolamento insulare<\/strong> e il <strong>consolidamento dell\u2019attrattivit\u00e0 turistica e culturale del territorio<\/strong> in una chiave di <strong>sostenibilit\u00e0.<\/strong><\/p>\n<p><em>\u201cUna legge che contribuir\u00e0 a rendere sempre pi\u00f9 attrattiva la nostra Regione &#8211;<\/em><strong> ha proseguito Giani &#8211;<\/strong><em>, ma soprattutto ad offrire servizi e benessere ai cittadini e a contrastare lo spopolamento. Un passo decisivo verso il riconoscimento formale delle specificit\u00e0 insulari e l\u2019avvio di un percorso per un quadro normativo destinato a sostenere concretamente la comunit\u00e0 elbana e l\u2019intero sistema arcipelago. La Toscana \u00e8 orgogliosa del proprio arcipelago e vogliamo dimostrarlo coi fatti\u201d.<\/em><\/p>\n","protected":false},"excerpt":{"rendered":"<p>La proposta punta a garantire risorse dedicate, servizi pi\u00f9 efficienti e nuove politiche di sviluppo, equiparando le opportunit\u00e0 dell\u2019arcipelago a quelle delle citt\u00e0 d\u2019arte, delle aree industriali e dei territori della Toscana diffusa<\/p>\n","protected":false},"author":525,"featured_media":434262,"comment_status":"open","ping_status":"open","sticky":false,"template":"","format":"standard","meta":{"_acf_changed":false,"footnotes":""},"categories":[494],"tags":[6608,4655,5194,158,1965,4394,151,6642],"class_list":["post-440836","post","type-post","status-publish","format-standard","has-post-thumbnail","hentry","category-attualita","tag-arcipelago-toscano","tag-costa-toscana","tag-elba","tag-eugenio-giani","tag-isola-delba","tag-parco-nazionale-dellarcipelago-toscano","tag-regione-toscana","tag-toscana-diffusa"],"acf":[],"yoast_head":"<!-- This site is optimized with the Yoast SEO Premium plugin v24.2 (Yoast SEO v25.6) - https:\/\/yoast.com\/wordpress\/plugins\/seo\/ -->\n<title>Toscana diffusa, dalla Regione in arrivo una legge speciale per l\u2019Arcipelago toscano - intoscana<\/title>\n<meta name=\"description\" content=\"La proposta punta a garantire risorse dedicate, servizi pi\u00f9 efficienti e nuove politiche di sviluppo per l\u2019arcipelago\" \/>\n<meta name=\"robots\" content=\"index, follow, max-snippet:-1, max-image-preview:large, max-video-preview:-1\" \/>\n<link rel=\"canonical\" href=\"https:\/\/www.intoscana.it\/it\/toscana-diffusa-dalla-regione-in-arrivo-una-legge-speciale-per-larcipelago-toscano\/\" \/>\n<meta property=\"og:locale\" content=\"it_IT\" \/>\n<meta property=\"og:type\" content=\"article\" \/>\n<meta property=\"og:title\" content=\"Toscana diffusa, dalla Regione in arrivo una legge speciale per l\u2019Arcipelago toscano\" \/>\n<meta property=\"og:description\" content=\"La proposta punta a garantire risorse dedicate, servizi pi\u00f9 efficienti e nuove politiche di sviluppo per l\u2019arcipelago\" \/>\n<meta property=\"og:url\" content=\"https:\/\/www.intoscana.it\/it\/toscana-diffusa-dalla-regione-in-arrivo-una-legge-speciale-per-larcipelago-toscano\/\" \/>\n<meta property=\"og:site_name\" content=\"intoscana\" \/>\n<meta property=\"article:publisher\" content=\"https:\/\/www.facebook.com\/intoscana.it\" \/>\n<meta property=\"article:published_time\" content=\"2026-09-05T10:58:44+00:00\" \/>\n<meta property=\"og:image\" content=\"https:\/\/www.intoscana.it\/wp-content\/uploads\/Isola-dElba_1.jpg\" \/>\n\t<meta property=\"og:image:width\" content=\"1434\" \/>\n\t<meta property=\"og:image:height\" content=\"1075\" \/>\n\t<meta property=\"og:image:type\" content=\"image\/jpeg\" \/>\n<meta name=\"author\" content=\"Redazione\" \/>\n<meta name=\"twitter:card\" content=\"summary_large_image\" \/>\n<meta name=\"twitter:creator\" content=\"@intoscana\" \/>\n<meta name=\"twitter:site\" content=\"@intoscana\" \/>\n<meta name=\"twitter:label1\" content=\"Written by\" \/>\n\t<meta name=\"twitter:data1\" content=\"Redazione\" \/>\n\t<meta name=\"twitter:label2\" content=\"Est. reading time\" \/>\n\t<meta name=\"twitter:data2\" content=\"2 minuti\" \/>\n<script type=\"application\/ld+json\" class=\"yoast-schema-graph\">{\"@context\":\"https:\/\/schema.org\",\"@graph\":[{\"@type\":\"WebPage\",\"@id\":\"https:\/\/www.intoscana.it\/it\/toscana-diffusa-dalla-regione-in-arrivo-una-legge-speciale-per-larcipelago-toscano\/\",\"url\":\"https:\/\/www.intoscana.it\/it\/toscana-diffusa-dalla-regione-in-arrivo-una-legge-speciale-per-larcipelago-toscano\/\",\"name\":\"Toscana diffusa, dalla Regione in arrivo una legge speciale per l\u2019Arcipelago toscano - intoscana\",\"isPartOf\":{\"@id\":\"https:\/\/www.intoscana.it\/it\/#website\"},\"primaryImageOfPage\":{\"@id\":\"https:\/\/www.intoscana.it\/it\/toscana-diffusa-dalla-regione-in-arrivo-una-legge-speciale-per-larcipelago-toscano\/#primaryimage\"},\"image\":{\"@id\":\"https:\/\/www.intoscana.it\/it\/toscana-diffusa-dalla-regione-in-arrivo-una-legge-speciale-per-larcipelago-toscano\/#primaryimage\"},\"thumbnailUrl\":\"https:\/\/www.intoscana.it\/wp-content\/uploads\/Isola-dElba_1.jpg\",\"datePublished\":\"2026-09-05T10:58:44+00:00\",\"author\":{\"@id\":\"https:\/\/www.intoscana.it\/it\/#\/schema\/person\/9223810753230f20bd670fdd322661f8\"},\"description\":\"La proposta punta a garantire risorse dedicate, servizi pi\u00f9 efficienti e nuove politiche di sviluppo per l\u2019arcipelago\",\"breadcrumb\":{\"@id\":\"https:\/\/www.intoscana.it\/it\/toscana-diffusa-dalla-regione-in-arrivo-una-legge-speciale-per-larcipelago-toscano\/#breadcrumb\"},\"inLanguage\":\"it-IT\",\"potentialAction\":[{\"@type\":\"ReadAction\",\"target\":[\"https:\/\/www.intoscana.it\/it\/toscana-diffusa-dalla-regione-in-arrivo-una-legge-speciale-per-larcipelago-toscano\/\"]}]},{\"@type\":\"ImageObject\",\"inLanguage\":\"it-IT\",\"@id\":\"https:\/\/www.intoscana.it\/it\/toscana-diffusa-dalla-regione-in-arrivo-una-legge-speciale-per-larcipelago-toscano\/#primaryimage\",\"url\":\"https:\/\/www.intoscana.it\/wp-content\/uploads\/Isola-dElba_1.jpg\",\"contentUrl\":\"https:\/\/www.intoscana.it\/wp-content\/uploads\/Isola-dElba_1.jpg\",\"width\":1434,\"height\":1075,\"caption\":\"Isola d'Elba\"},{\"@type\":\"BreadcrumbList\",\"@id\":\"https:\/\/www.intoscana.it\/it\/toscana-diffusa-dalla-regione-in-arrivo-una-legge-speciale-per-larcipelago-toscano\/#breadcrumb\",\"itemListElement\":[{\"@type\":\"ListItem\",\"position\":1,\"name\":\"Home\",\"item\":\"https:\/\/www.intoscana.it\/it\/\"},{\"@type\":\"ListItem\",\"position\":2,\"name\":\"Toscana diffusa, dalla Regione in arrivo una legge speciale per l\u2019Arcipelago toscano\"}]},{\"@type\":\"WebSite\",\"@id\":\"https:\/\/www.intoscana.it\/it\/#website\",\"url\":\"https:\/\/www.intoscana.it\/it\/\",\"name\":\"intoscana\",\"description\":\"\",\"potentialAction\":[{\"@type\":\"SearchAction\",\"target\":{\"@type\":\"EntryPoint\",\"urlTemplate\":\"https:\/\/www.intoscana.it\/it\/?s={search_term_string}\"},\"query-input\":{\"@type\":\"PropertyValueSpecification\",\"valueRequired\":true,\"valueName\":\"search_term_string\"}}],\"inLanguage\":\"it-IT\"},{\"@type\":\"Person\",\"@id\":\"https:\/\/www.intoscana.it\/it\/#\/schema\/person\/9223810753230f20bd670fdd322661f8\",\"name\":\"Redazione\",\"url\":\"https:\/\/www.intoscana.it\/it\/author\/redazione\/\"}]}<\/script>\n<!-- \/ Yoast SEO Premium plugin. -->","yoast_head_json":{"title":"Toscana diffusa, dalla Regione in arrivo una legge speciale per l\u2019Arcipelago toscano - intoscana","description":"La proposta punta a garantire risorse dedicate, servizi pi\u00f9 efficienti e nuove politiche di sviluppo per l\u2019arcipelago","robots":{"index":"index","follow":"follow","max-snippet":"max-snippet:-1","max-image-preview":"max-image-preview:large","max-video-preview":"max-video-preview:-1"},"canonical":"https:\/\/www.intoscana.it\/it\/toscana-diffusa-dalla-regione-in-arrivo-una-legge-speciale-per-larcipelago-toscano\/","og_locale":"it_IT","og_type":"article","og_title":"Toscana diffusa, dalla Regione in arrivo una legge speciale per l\u2019Arcipelago toscano","og_description":"La proposta punta a garantire risorse dedicate, servizi pi\u00f9 efficienti e nuove politiche di sviluppo per l\u2019arcipelago","og_url":"https:\/\/www.intoscana.it\/it\/toscana-diffusa-dalla-regione-in-arrivo-una-legge-speciale-per-larcipelago-toscano\/","og_site_name":"intoscana","article_publisher":"https:\/\/www.facebook.com\/intoscana.it","article_published_time":"2026-09-05T10:58:44+00:00","og_image":[{"width":1434,"height":1075,"url":"https:\/\/www.intoscana.it\/wp-content\/uploads\/Isola-dElba_1.jpg","type":"image\/jpeg"}],"author":"Redazione","twitter_card":"summary_large_image","twitter_creator":"@intoscana","twitter_site":"@intoscana","twitter_misc":{"Written by":"Redazione","Est. reading time":"2 minuti"},"schema":{"@context":"https:\/\/schema.org","@graph":[{"@type":"WebPage","@id":"https:\/\/www.intoscana.it\/it\/toscana-diffusa-dalla-regione-in-arrivo-una-legge-speciale-per-larcipelago-toscano\/","url":"https:\/\/www.intoscana.it\/it\/toscana-diffusa-dalla-regione-in-arrivo-una-legge-speciale-per-larcipelago-toscano\/","name":"Toscana diffusa, dalla Regione in arrivo una legge speciale per l\u2019Arcipelago toscano - intoscana","isPartOf":{"@id":"https:\/\/www.intoscana.it\/it\/#website"},"primaryImageOfPage":{"@id":"https:\/\/www.intoscana.it\/it\/toscana-diffusa-dalla-regione-in-arrivo-una-legge-speciale-per-larcipelago-toscano\/#primaryimage"},"image":{"@id":"https:\/\/www.intoscana.it\/it\/toscana-diffusa-dalla-regione-in-arrivo-una-legge-speciale-per-larcipelago-toscano\/#primaryimage"},"thumbnailUrl":"https:\/\/www.intoscana.it\/wp-content\/uploads\/Isola-dElba_1.jpg","datePublished":"2026-09-05T10:58:44+00:00","author":{"@id":"https:\/\/www.intoscana.it\/it\/#\/schema\/person\/9223810753230f20bd670fdd322661f8"},"description":"La proposta punta a garantire risorse dedicate, servizi pi\u00f9 efficienti e nuove politiche di sviluppo per l\u2019arcipelago","breadcrumb":{"@id":"https:\/\/www.intoscana.it\/it\/toscana-diffusa-dalla-regione-in-arrivo-una-legge-speciale-per-larcipelago-toscano\/#breadcrumb"},"inLanguage":"it-IT","potentialAction":[{"@type":"ReadAction","target":["https:\/\/www.intoscana.it\/it\/toscana-diffusa-dalla-regione-in-arrivo-una-legge-speciale-per-larcipelago-toscano\/"]}]},{"@type":"ImageObject","inLanguage":"it-IT","@id":"https:\/\/www.intoscana.it\/it\/toscana-diffusa-dalla-regione-in-arrivo-una-legge-speciale-per-larcipelago-toscano\/#primaryimage","url":"https:\/\/www.intoscana.it\/wp-content\/uploads\/Isola-dElba_1.jpg","contentUrl":"https:\/\/www.intoscana.it\/wp-content\/uploads\/Isola-dElba_1.jpg","width":1434,"height":1075,"caption":"Isola d'Elba"},{"@type":"BreadcrumbList","@id":"https:\/\/www.intoscana.it\/it\/toscana-diffusa-dalla-regione-in-arrivo-una-legge-speciale-per-larcipelago-toscano\/#breadcrumb","itemListElement":[{"@type":"ListItem","position":1,"name":"Home","item":"https:\/\/www.intoscana.it\/it\/"},{"@type":"ListItem","position":2,"name":"Toscana diffusa, dalla Regione in arrivo una legge speciale per l\u2019Arcipelago toscano"}]},{"@type":"WebSite","@id":"https:\/\/www.intoscana.it\/it\/#website","url":"https:\/\/www.intoscana.it\/it\/","name":"intoscana","description":"","potentialAction":[{"@type":"SearchAction","target":{"@type":"EntryPoint","urlTemplate":"https:\/\/www.intoscana.it\/it\/?s={search_term_string}"},"query-input":{"@type":"PropertyValueSpecification","valueRequired":true,"valueName":"search_term_string"}}],"inLanguage":"it-IT"},{"@type":"Person","@id":"https:\/\/www.intoscana.it\/it\/#\/schema\/person\/9223810753230f20bd670fdd322661f8","name":"Redazione","url":"https:\/\/www.intoscana.it\/it\/author\/redazione\/"}]}},"_links":{"self":[{"href":"https:\/\/www.intoscana.it\/it\/wp-json\/wp\/v2\/posts\/440836","targetHints":{"allow":["GET"]}}],"collection":[{"href":"https:\/\/www.intoscana.it\/it\/wp-json\/wp\/v2\/posts"}],"about":[{"href":"https:\/\/www.intoscana.it\/it\/wp-json\/wp\/v2\/types\/post"}],"author":[{"embeddable":true,"href":"https:\/\/www.intoscana.it\/it\/wp-json\/wp\/v2\/users\/525"}],"replies":[{"embeddable":true,"href":"https:\/\/www.intoscana.it\/it\/wp-json\/wp\/v2\/comments?post=440836"}],"version-history":[{"count":6,"href":"https:\/\/www.intoscana.it\/it\/wp-json\/wp\/v2\/posts\/440836\/revisions"}],"predecessor-version":[{"id":440844,"href":"https:\/\/www.intoscana.it\/it\/wp-json\/wp\/v2\/posts\/440836\/revisions\/440844"}],"wp:featuredmedia":[{"embeddable":true,"href":"https:\/\/www.intoscana.it\/it\/wp-json\/wp\/v2\/media\/434262"}],"wp:attachment":[{"href":"https:\/\/www.intoscana.it\/it\/wp-json\/wp\/v2\/media?parent=440836"}],"wp:term":[{"taxonomy":"category","embeddable":true,"href":"https:\/\/www.intoscana.it\/it\/wp-json\/wp\/v2\/categories?post=440836"},{"taxonomy":"post_tag","embeddable":true,"href":"https:\/\/www.intoscana.it\/it\/wp-json\/wp\/v2\/tags?post=440836"}],"curies":[{"name":"wp","href":"https:\/\/api.w.org\/{rel}","templated":true}]}}