{"id":44725,"date":"2019-12-13T16:18:56","date_gmt":"2019-12-13T16:18:56","guid":{"rendered":"http:\/\/www.intoscana.it\/internet-veloce-la-fibra-ottica-arriva-anche-a-montopoli-val-darno\/"},"modified":"2020-05-19T15:25:31","modified_gmt":"2020-05-19T13:25:31","slug":"fibra-ottica-montopoli","status":"publish","type":"post","link":"https:\/\/www.intoscana.it\/it\/fibra-ottica-montopoli\/","title":{"rendered":"Internet veloce: la fibra ottica arriva anche a Montopoli Val d&#8217;Arno"},"content":{"rendered":"<p><strong>Internet veloce sta arrivando anche a Montopoli Val d&#8217;Arno, in provincia di Pisa. I lavori sono iniziati da poco e si concluderanno entro luglio del 2020:<\/strong> un altro cantiere aperto per portare la fibra ottica anche nei paesi e territori pi\u00f9 isolati grazie <strong>all\u2019intervento finanziato dalla Regione Toscana,<\/strong> impegnata nelle cosiddette aree bianche, ovvero i territori dove i gestori, per la presenza magari di troppi pochi abitanti o attivit\u00e0 economiche, hanno deciso di non voler investire.<\/p>\n<p><strong>\u201cPortare la fibra ottica ovunque e garantire la possibilit\u00e0 di navigare in rete a grande velocit\u00e0<\/strong> \u2013 spiega l\u2019assessore all\u2019innovazione della Toscana, Vittorio Bugli &#8211; vuol dire per le aziende essere pi\u00f9 competitive e per la famiglie poter usufruire di servizi migliori. E nell\u2019uno e nell\u2019altro caso i territori si rivelano pi\u00f9 attrattivi. Ma occorre marciare veloci, per non perdere l\u2019eventuale vantaggio\u201d.<\/p>\n<p><strong>A Montopoli Val d\u2019Arno i lavori interesseranno 6.280 edifici<\/strong> \u2013 tutti raggiunti dalla fibra tranne settantacinque, per cui saranno utilizzati ponti radio &#8211; e oltre <strong>11mila abitanti, <\/strong>per un investimento totale di un milione e 400 mila euro. <br \/><strong>\u201cSiamo una delle Regioni pi\u00f9 avanti in questo processo, forse quella pi\u00f9 avanti\u201d<\/strong> spiega ancora Bugli. \u201cMa il Paese \u00e8 certamente indietro ed \u00e8 importante intervenire \u2013 si sofferma \u2013 perch\u00e9 la differenza che pu\u00f2 fare la fibra per lo sviluppo economico ma anche per la vita dei cittadini \u00e8 evidente\u201d.<\/p>\n<p><strong>In Toscana sono 268 i comuni interessati: praticamente tutti, pure i pi\u00f9 grandi, anche se solo magari per qualche borgo o gruppo di case sparse.<\/strong> La rete stesa rimarr\u00e0 di propriet\u00e0 pubblica e sar\u00e0 affidata in concessione per venti anni a Open Fiber, vincitrice del bando di gara, la quale offrir\u00e0 l&#8217;accesso a tutti gli operatori interessati, visto che la societ\u00e0 opera nel solo mercato all&#8217;ingrosso. Cittadini e imprese dovranno dunque contattare i gestori presenti sul loro territorio per attivare la linea.<\/p>\n<p><strong>\u201cQuando abbiamo iniziato a ragionarci, oltre un anno fa, avevamo stimato in 784mila i toscani che potenzialmente avrebbe potuto beneficiare di un simile intervento<\/strong> \u2013 racconta Bugli &#8211; abbiamo investito 80 milioni su un&#8217;infrastruttura che ne vale 200, la pi\u00f9 grande e diffusa che oggi abbiamo, e l\u2019obiettivo \u00e8 chiudere tutti i cantieri entro il 2020\u201d.<\/p>\n<p>&nbsp;<\/p>\n","protected":false},"excerpt":{"rendered":"<p>Entro luglio del 2020 si navigher\u00e0 a mille megabit al secondo grazie all&#8217;intervento finanziato dalla Regione nelle aree bianche, dove i gestori non investirebbero<\/p>\n","protected":false},"author":525,"featured_media":78298,"comment_status":"open","ping_status":"open","sticky":false,"template":"","format":"standard","meta":{"_acf_changed":false,"footnotes":""},"categories":[475,15],"tags":[139],"class_list":["post-44725","post","type-post","status-publish","format-standard","has-post-thumbnail","hentry","category-innovazione","category-tecnologia","tag-internet"],"acf":[],"yoast_head":"<!-- This site is optimized with the Yoast SEO Premium plugin v24.2 (Yoast SEO v25.6) - https:\/\/yoast.com\/wordpress\/plugins\/seo\/ -->\n<title>Internet veloce: la fibra ottica arriva anche a Montopoli Val d&#039;Arno - intoscana<\/title>\n<meta name=\"robots\" content=\"index, follow, max-snippet:-1, max-image-preview:large, max-video-preview:-1\" \/>\n<link rel=\"canonical\" href=\"https:\/\/www.intoscana.it\/it\/fibra-ottica-montopoli\/\" \/>\n<meta property=\"og:locale\" content=\"it_IT\" \/>\n<meta property=\"og:type\" content=\"article\" \/>\n<meta property=\"og:title\" content=\"Internet veloce: la fibra ottica arriva anche a Montopoli Val d&#039;Arno\" \/>\n<meta property=\"og:description\" content=\"Entro luglio del 2020 si navigher\u00e0 a mille megabit al secondo grazie all&#039;intervento finanziato dalla Regione nelle aree bianche, dove i gestori non investirebbero\" \/>\n<meta property=\"og:url\" content=\"https:\/\/www.intoscana.it\/it\/fibra-ottica-montopoli\/\" \/>\n<meta property=\"og:site_name\" content=\"intoscana\" \/>\n<meta property=\"article:publisher\" content=\"https:\/\/www.facebook.com\/intoscana.it\" \/>\n<meta property=\"article:published_time\" content=\"2019-12-13T16:18:56+00:00\" \/>\n<meta property=\"article:modified_time\" content=\"2020-05-19T13:25:31+00:00\" \/>\n<meta property=\"og:image\" content=\"https:\/\/www.intoscana.it\/wp-content\/uploads\/cbebb41b9143d98901a8bebb914ead7f-3.jpg\" \/>\n\t<meta property=\"og:image:width\" content=\"259\" \/>\n\t<meta property=\"og:image:height\" content=\"194\" \/>\n\t<meta property=\"og:image:type\" content=\"image\/jpeg\" \/>\n<meta name=\"author\" content=\"Redazione\" \/>\n<meta name=\"twitter:card\" content=\"summary_large_image\" \/>\n<meta name=\"twitter:creator\" content=\"@intoscana\" \/>\n<meta name=\"twitter:site\" content=\"@intoscana\" \/>\n<meta name=\"twitter:label1\" content=\"Written by\" \/>\n\t<meta name=\"twitter:data1\" content=\"Redazione\" \/>\n\t<meta name=\"twitter:label2\" content=\"Est. reading time\" \/>\n\t<meta name=\"twitter:data2\" content=\"2 minuti\" \/>\n<script type=\"application\/ld+json\" class=\"yoast-schema-graph\">{\"@context\":\"https:\/\/schema.org\",\"@graph\":[{\"@type\":\"WebPage\",\"@id\":\"https:\/\/www.intoscana.it\/it\/fibra-ottica-montopoli\/\",\"url\":\"https:\/\/www.intoscana.it\/it\/fibra-ottica-montopoli\/\",\"name\":\"Internet veloce: la fibra ottica arriva anche a Montopoli Val d'Arno - intoscana\",\"isPartOf\":{\"@id\":\"https:\/\/www.intoscana.it\/it\/#website\"},\"primaryImageOfPage\":{\"@id\":\"https:\/\/www.intoscana.it\/it\/fibra-ottica-montopoli\/#primaryimage\"},\"image\":{\"@id\":\"https:\/\/www.intoscana.it\/it\/fibra-ottica-montopoli\/#primaryimage\"},\"thumbnailUrl\":\"https:\/\/www.intoscana.it\/wp-content\/uploads\/cbebb41b9143d98901a8bebb914ead7f-3.jpg\",\"datePublished\":\"2019-12-13T16:18:56+00:00\",\"dateModified\":\"2020-05-19T13:25:31+00:00\",\"author\":{\"@id\":\"https:\/\/www.intoscana.it\/it\/#\/schema\/person\/9223810753230f20bd670fdd322661f8\"},\"breadcrumb\":{\"@id\":\"https:\/\/www.intoscana.it\/it\/fibra-ottica-montopoli\/#breadcrumb\"},\"inLanguage\":\"it-IT\",\"potentialAction\":[{\"@type\":\"ReadAction\",\"target\":[\"https:\/\/www.intoscana.it\/it\/fibra-ottica-montopoli\/\"]}]},{\"@type\":\"ImageObject\",\"inLanguage\":\"it-IT\",\"@id\":\"https:\/\/www.intoscana.it\/it\/fibra-ottica-montopoli\/#primaryimage\",\"url\":\"https:\/\/www.intoscana.it\/wp-content\/uploads\/cbebb41b9143d98901a8bebb914ead7f-3.jpg\",\"contentUrl\":\"https:\/\/www.intoscana.it\/wp-content\/uploads\/cbebb41b9143d98901a8bebb914ead7f-3.jpg\",\"width\":259,\"height\":194},{\"@type\":\"BreadcrumbList\",\"@id\":\"https:\/\/www.intoscana.it\/it\/fibra-ottica-montopoli\/#breadcrumb\",\"itemListElement\":[{\"@type\":\"ListItem\",\"position\":1,\"name\":\"Home\",\"item\":\"https:\/\/www.intoscana.it\/it\/\"},{\"@type\":\"ListItem\",\"position\":2,\"name\":\"Internet veloce: la fibra ottica arriva anche a Montopoli Val d&#8217;Arno\"}]},{\"@type\":\"WebSite\",\"@id\":\"https:\/\/www.intoscana.it\/it\/#website\",\"url\":\"https:\/\/www.intoscana.it\/it\/\",\"name\":\"intoscana\",\"description\":\"\",\"potentialAction\":[{\"@type\":\"SearchAction\",\"target\":{\"@type\":\"EntryPoint\",\"urlTemplate\":\"https:\/\/www.intoscana.it\/it\/?s={search_term_string}\"},\"query-input\":{\"@type\":\"PropertyValueSpecification\",\"valueRequired\":true,\"valueName\":\"search_term_string\"}}],\"inLanguage\":\"it-IT\"},{\"@type\":\"Person\",\"@id\":\"https:\/\/www.intoscana.it\/it\/#\/schema\/person\/9223810753230f20bd670fdd322661f8\",\"name\":\"Redazione\",\"url\":\"https:\/\/www.intoscana.it\/it\/author\/redazione\/\"}]}<\/script>\n<!-- \/ Yoast SEO Premium plugin. -->","yoast_head_json":{"title":"Internet veloce: la fibra ottica arriva anche a Montopoli Val d'Arno - intoscana","robots":{"index":"index","follow":"follow","max-snippet":"max-snippet:-1","max-image-preview":"max-image-preview:large","max-video-preview":"max-video-preview:-1"},"canonical":"https:\/\/www.intoscana.it\/it\/fibra-ottica-montopoli\/","og_locale":"it_IT","og_type":"article","og_title":"Internet veloce: la fibra ottica arriva anche a Montopoli Val d'Arno","og_description":"Entro luglio del 2020 si navigher\u00e0 a mille megabit al secondo grazie all'intervento finanziato dalla Regione nelle aree bianche, dove i gestori non investirebbero","og_url":"https:\/\/www.intoscana.it\/it\/fibra-ottica-montopoli\/","og_site_name":"intoscana","article_publisher":"https:\/\/www.facebook.com\/intoscana.it","article_published_time":"2019-12-13T16:18:56+00:00","article_modified_time":"2020-05-19T13:25:31+00:00","og_image":[{"width":259,"height":194,"url":"https:\/\/www.intoscana.it\/wp-content\/uploads\/cbebb41b9143d98901a8bebb914ead7f-3.jpg","type":"image\/jpeg"}],"author":"Redazione","twitter_card":"summary_large_image","twitter_creator":"@intoscana","twitter_site":"@intoscana","twitter_misc":{"Written by":"Redazione","Est. reading time":"2 minuti"},"schema":{"@context":"https:\/\/schema.org","@graph":[{"@type":"WebPage","@id":"https:\/\/www.intoscana.it\/it\/fibra-ottica-montopoli\/","url":"https:\/\/www.intoscana.it\/it\/fibra-ottica-montopoli\/","name":"Internet veloce: la fibra ottica arriva anche a Montopoli Val d'Arno - intoscana","isPartOf":{"@id":"https:\/\/www.intoscana.it\/it\/#website"},"primaryImageOfPage":{"@id":"https:\/\/www.intoscana.it\/it\/fibra-ottica-montopoli\/#primaryimage"},"image":{"@id":"https:\/\/www.intoscana.it\/it\/fibra-ottica-montopoli\/#primaryimage"},"thumbnailUrl":"https:\/\/www.intoscana.it\/wp-content\/uploads\/cbebb41b9143d98901a8bebb914ead7f-3.jpg","datePublished":"2019-12-13T16:18:56+00:00","dateModified":"2020-05-19T13:25:31+00:00","author":{"@id":"https:\/\/www.intoscana.it\/it\/#\/schema\/person\/9223810753230f20bd670fdd322661f8"},"breadcrumb":{"@id":"https:\/\/www.intoscana.it\/it\/fibra-ottica-montopoli\/#breadcrumb"},"inLanguage":"it-IT","potentialAction":[{"@type":"ReadAction","target":["https:\/\/www.intoscana.it\/it\/fibra-ottica-montopoli\/"]}]},{"@type":"ImageObject","inLanguage":"it-IT","@id":"https:\/\/www.intoscana.it\/it\/fibra-ottica-montopoli\/#primaryimage","url":"https:\/\/www.intoscana.it\/wp-content\/uploads\/cbebb41b9143d98901a8bebb914ead7f-3.jpg","contentUrl":"https:\/\/www.intoscana.it\/wp-content\/uploads\/cbebb41b9143d98901a8bebb914ead7f-3.jpg","width":259,"height":194},{"@type":"BreadcrumbList","@id":"https:\/\/www.intoscana.it\/it\/fibra-ottica-montopoli\/#breadcrumb","itemListElement":[{"@type":"ListItem","position":1,"name":"Home","item":"https:\/\/www.intoscana.it\/it\/"},{"@type":"ListItem","position":2,"name":"Internet veloce: la fibra ottica arriva anche a Montopoli Val d&#8217;Arno"}]},{"@type":"WebSite","@id":"https:\/\/www.intoscana.it\/it\/#website","url":"https:\/\/www.intoscana.it\/it\/","name":"intoscana","description":"","potentialAction":[{"@type":"SearchAction","target":{"@type":"EntryPoint","urlTemplate":"https:\/\/www.intoscana.it\/it\/?s={search_term_string}"},"query-input":{"@type":"PropertyValueSpecification","valueRequired":true,"valueName":"search_term_string"}}],"inLanguage":"it-IT"},{"@type":"Person","@id":"https:\/\/www.intoscana.it\/it\/#\/schema\/person\/9223810753230f20bd670fdd322661f8","name":"Redazione","url":"https:\/\/www.intoscana.it\/it\/author\/redazione\/"}]}},"_links":{"self":[{"href":"https:\/\/www.intoscana.it\/it\/wp-json\/wp\/v2\/posts\/44725","targetHints":{"allow":["GET"]}}],"collection":[{"href":"https:\/\/www.intoscana.it\/it\/wp-json\/wp\/v2\/posts"}],"about":[{"href":"https:\/\/www.intoscana.it\/it\/wp-json\/wp\/v2\/types\/post"}],"author":[{"embeddable":true,"href":"https:\/\/www.intoscana.it\/it\/wp-json\/wp\/v2\/users\/525"}],"replies":[{"embeddable":true,"href":"https:\/\/www.intoscana.it\/it\/wp-json\/wp\/v2\/comments?post=44725"}],"version-history":[{"count":0,"href":"https:\/\/www.intoscana.it\/it\/wp-json\/wp\/v2\/posts\/44725\/revisions"}],"wp:featuredmedia":[{"embeddable":true,"href":"https:\/\/www.intoscana.it\/it\/wp-json\/wp\/v2\/media\/78298"}],"wp:attachment":[{"href":"https:\/\/www.intoscana.it\/it\/wp-json\/wp\/v2\/media?parent=44725"}],"wp:term":[{"taxonomy":"category","embeddable":true,"href":"https:\/\/www.intoscana.it\/it\/wp-json\/wp\/v2\/categories?post=44725"},{"taxonomy":"post_tag","embeddable":true,"href":"https:\/\/www.intoscana.it\/it\/wp-json\/wp\/v2\/tags?post=44725"}],"curies":[{"name":"wp","href":"https:\/\/api.w.org\/{rel}","templated":true}]}}