{"id":44752,"date":"2020-03-20T13:17:01","date_gmt":"2020-03-20T13:17:01","guid":{"rendered":"http:\/\/www.intoscana.it\/perche-dobbiamo-stare-a-casa-il-video-degli-studenti-di-pisa\/"},"modified":"2020-05-19T15:25:37","modified_gmt":"2020-05-19T13:25:37","slug":"stopcovid19-campagna-social","status":"publish","type":"post","link":"https:\/\/www.intoscana.it\/it\/stopcovid19-campagna-social\/","title":{"rendered":"Perch\u00e8 dobbiamo stare a casa? Il video degli studenti di Pisa"},"content":{"rendered":"<p>Gli studenti di Universit\u00e0 di Pisa, Scuola Superiore Sant\u2019Anna, Scuola Normale Superiore anche se in isolamento non hanno rallentato il loro lavoro e, anzi, hanno intensificato le attivit\u00e0 di divulgazione scientifica sui social.&nbsp;In particolare, <strong>un gruppo costituito da allieve e allievi di Medicina e Biotecnologie della Scuola Superiore Sant&#8217;Anna<\/strong> ha lanciato l\u2019hashtag <strong>#stopcovid19<\/strong>, che ha assunto una sua identit\u00e0 e autonomia comunicativa, soprattutto grazie al successo del recente video contraddistinto dall\u2019hashtag <strong>#gimme6challenge<\/strong>, per \u201cfar vedere\u201d e per insegnare in maniera divertente<strong> i sei movimenti consigliati dall\u2019Organizzazione Mondiale della Sanit\u00e0 (OMS) per lavarsi in maniera corretta le mani.<\/strong><\/p>\n<p>Il successo di questo video \u00e8 stato la scintilla che ha dato vita al<strong> gruppo #stopcovid19<\/strong>. La clip accompagnata da questo hashtag doveva essere una rubrica di transizione e invece il gruppo di allieve e allievi ha deciso di continuare a mettere in gioco le proprie conoscenze e la propria fantasia per aiutare a fronteggiare l&#8217;emergenza coronavirus e <strong>continuare nelle attivit\u00e0 di divulgazione scientifica.<\/strong><\/p>\n<p>Ora il team sta preparando <strong>nuovi video, sempre da far circolare sui social per richiamare l&#8217;attenzione<\/strong> ora sull&#8217;importanza di restare a casa, ora sui suggerimenti per gestire la quarantena, ora <strong>sulle \u201cbufale\u201d che rischiano di rendere ancora pi\u00f9 difficile la lotta contro il virus.<\/strong> Il gruppo sta dunque proponendo <strong>un \u201cmanuale social di sopravvivenza\u201d e di debunking<\/strong>, come contributo alla battaglia comune per prevenire il contagio da<strong> Sars-CoV-2.<\/strong><\/p>\n<p>La strategia di divulgazione scientifica \u00e8 semplice:<strong> raccogliere le informazioni da fonti autorevoli<\/strong>, come l&#8217;OMS, i siti ministeriali, le riviste scientifiche,<strong> riassumere i punti fondamentali e raccontarli in maniera accattivante in video pensati su misura per i social.<\/strong> Il team cerca di spiegare la logica e la biologia alla base della lotta al virus e delle misure di sicurezza, sapendo che questo render\u00e0 pi\u00f9 facile accettarle e metterle in pratica. Non \u00e8 un caso se la prima clip \u00e8 dedicata proprio alla necessit\u00e0 di restare a casa, una necessit\u00e0 talvolta difficile da accettare ma che ha un suo fondamento scientifico, per rallentare e poi bloccare il contagio da <strong>Sars-CoV-2.<\/strong><\/p>\n<p><iframe loading=\"lazy\" style=\"border: none; overflow: hidden;\" src=\"https:\/\/www.facebook.com\/plugins\/video.php?href=https%3A%2F%2Fwww.facebook.com%2Fscuolasuperioresantanna%2Fvideos%2F286077359043152%2F&amp;show_text=0&amp;width=560\" width=\"560\" height=\"315\" frameborder=\"0\" scrolling=\"no\" allowfullscreen=\"allowfullscreen\"><\/iframe><\/p>\n","protected":false},"excerpt":{"rendered":"<p>Su Facebook \u00e8 stato pubblicato un video che spiega le motivazioni scientifiche dell&#8217;isolamento, fa parte della campagna social #stopcovid19<\/p>\n","protected":false},"author":525,"featured_media":78324,"comment_status":"open","ping_status":"open","sticky":false,"template":"","format":"standard","meta":{"_acf_changed":false,"footnotes":""},"categories":[475,12],"tags":[],"class_list":["post-44752","post","type-post","status-publish","format-standard","has-post-thumbnail","hentry","category-innovazione","category-universita"],"acf":[],"yoast_head":"<!-- This site is optimized with the Yoast SEO Premium plugin v24.2 (Yoast SEO v25.6) - https:\/\/yoast.com\/wordpress\/plugins\/seo\/ -->\n<title>Perch\u00e8 dobbiamo stare a casa? Il video degli studenti di Pisa - intoscana<\/title>\n<meta name=\"robots\" content=\"index, follow, max-snippet:-1, max-image-preview:large, max-video-preview:-1\" \/>\n<link rel=\"canonical\" href=\"https:\/\/www.intoscana.it\/it\/stopcovid19-campagna-social\/\" \/>\n<meta property=\"og:locale\" content=\"it_IT\" \/>\n<meta property=\"og:type\" content=\"article\" \/>\n<meta property=\"og:title\" content=\"Perch\u00e8 dobbiamo stare a casa? Il video degli studenti di Pisa\" \/>\n<meta property=\"og:description\" content=\"Su Facebook \u00e8 stato pubblicato un video che spiega le motivazioni scientifiche dell&#039;isolamento, fa parte della campagna social #stopcovid19\" \/>\n<meta property=\"og:url\" content=\"https:\/\/www.intoscana.it\/it\/stopcovid19-campagna-social\/\" \/>\n<meta property=\"og:site_name\" content=\"intoscana\" \/>\n<meta property=\"article:publisher\" content=\"https:\/\/www.facebook.com\/intoscana.it\" \/>\n<meta property=\"article:published_time\" content=\"2020-03-20T13:17:01+00:00\" \/>\n<meta property=\"article:modified_time\" content=\"2020-05-19T13:25:37+00:00\" \/>\n<meta property=\"og:image\" content=\"https:\/\/www.intoscana.it\/wp-content\/uploads\/schermata-2020-03-20-alle-13.08.08.jpeg\" \/>\n\t<meta property=\"og:image:width\" content=\"1215\" \/>\n\t<meta property=\"og:image:height\" content=\"891\" \/>\n\t<meta property=\"og:image:type\" content=\"image\/jpeg\" \/>\n<meta name=\"author\" content=\"Redazione\" \/>\n<meta name=\"twitter:card\" content=\"summary_large_image\" \/>\n<meta name=\"twitter:creator\" content=\"@intoscana\" \/>\n<meta name=\"twitter:site\" content=\"@intoscana\" \/>\n<meta name=\"twitter:label1\" content=\"Written by\" \/>\n\t<meta name=\"twitter:data1\" content=\"Redazione\" \/>\n\t<meta name=\"twitter:label2\" content=\"Est. reading time\" \/>\n\t<meta name=\"twitter:data2\" content=\"2 minuti\" \/>\n<script type=\"application\/ld+json\" class=\"yoast-schema-graph\">{\"@context\":\"https:\/\/schema.org\",\"@graph\":[{\"@type\":\"WebPage\",\"@id\":\"https:\/\/www.intoscana.it\/it\/stopcovid19-campagna-social\/\",\"url\":\"https:\/\/www.intoscana.it\/it\/stopcovid19-campagna-social\/\",\"name\":\"Perch\u00e8 dobbiamo stare a casa? Il video degli studenti di Pisa - intoscana\",\"isPartOf\":{\"@id\":\"https:\/\/www.intoscana.it\/it\/#website\"},\"primaryImageOfPage\":{\"@id\":\"https:\/\/www.intoscana.it\/it\/stopcovid19-campagna-social\/#primaryimage\"},\"image\":{\"@id\":\"https:\/\/www.intoscana.it\/it\/stopcovid19-campagna-social\/#primaryimage\"},\"thumbnailUrl\":\"https:\/\/www.intoscana.it\/wp-content\/uploads\/schermata-2020-03-20-alle-13.08.08.jpeg\",\"datePublished\":\"2020-03-20T13:17:01+00:00\",\"dateModified\":\"2020-05-19T13:25:37+00:00\",\"author\":{\"@id\":\"https:\/\/www.intoscana.it\/it\/#\/schema\/person\/9223810753230f20bd670fdd322661f8\"},\"breadcrumb\":{\"@id\":\"https:\/\/www.intoscana.it\/it\/stopcovid19-campagna-social\/#breadcrumb\"},\"inLanguage\":\"it-IT\",\"potentialAction\":[{\"@type\":\"ReadAction\",\"target\":[\"https:\/\/www.intoscana.it\/it\/stopcovid19-campagna-social\/\"]}]},{\"@type\":\"ImageObject\",\"inLanguage\":\"it-IT\",\"@id\":\"https:\/\/www.intoscana.it\/it\/stopcovid19-campagna-social\/#primaryimage\",\"url\":\"https:\/\/www.intoscana.it\/wp-content\/uploads\/schermata-2020-03-20-alle-13.08.08.jpeg\",\"contentUrl\":\"https:\/\/www.intoscana.it\/wp-content\/uploads\/schermata-2020-03-20-alle-13.08.08.jpeg\",\"width\":1215,\"height\":891,\"caption\":\"Perch\u00e8 si deve restare a casa? Il video degli studenti della Sant'Anna\"},{\"@type\":\"BreadcrumbList\",\"@id\":\"https:\/\/www.intoscana.it\/it\/stopcovid19-campagna-social\/#breadcrumb\",\"itemListElement\":[{\"@type\":\"ListItem\",\"position\":1,\"name\":\"Home\",\"item\":\"https:\/\/www.intoscana.it\/it\/\"},{\"@type\":\"ListItem\",\"position\":2,\"name\":\"Perch\u00e8 dobbiamo stare a casa? Il video degli studenti di Pisa\"}]},{\"@type\":\"WebSite\",\"@id\":\"https:\/\/www.intoscana.it\/it\/#website\",\"url\":\"https:\/\/www.intoscana.it\/it\/\",\"name\":\"intoscana\",\"description\":\"\",\"potentialAction\":[{\"@type\":\"SearchAction\",\"target\":{\"@type\":\"EntryPoint\",\"urlTemplate\":\"https:\/\/www.intoscana.it\/it\/?s={search_term_string}\"},\"query-input\":{\"@type\":\"PropertyValueSpecification\",\"valueRequired\":true,\"valueName\":\"search_term_string\"}}],\"inLanguage\":\"it-IT\"},{\"@type\":\"Person\",\"@id\":\"https:\/\/www.intoscana.it\/it\/#\/schema\/person\/9223810753230f20bd670fdd322661f8\",\"name\":\"Redazione\",\"url\":\"https:\/\/www.intoscana.it\/it\/author\/redazione\/\"}]}<\/script>\n<!-- \/ Yoast SEO Premium plugin. -->","yoast_head_json":{"title":"Perch\u00e8 dobbiamo stare a casa? Il video degli studenti di Pisa - intoscana","robots":{"index":"index","follow":"follow","max-snippet":"max-snippet:-1","max-image-preview":"max-image-preview:large","max-video-preview":"max-video-preview:-1"},"canonical":"https:\/\/www.intoscana.it\/it\/stopcovid19-campagna-social\/","og_locale":"it_IT","og_type":"article","og_title":"Perch\u00e8 dobbiamo stare a casa? Il video degli studenti di Pisa","og_description":"Su Facebook \u00e8 stato pubblicato un video che spiega le motivazioni scientifiche dell'isolamento, fa parte della campagna social #stopcovid19","og_url":"https:\/\/www.intoscana.it\/it\/stopcovid19-campagna-social\/","og_site_name":"intoscana","article_publisher":"https:\/\/www.facebook.com\/intoscana.it","article_published_time":"2020-03-20T13:17:01+00:00","article_modified_time":"2020-05-19T13:25:37+00:00","og_image":[{"width":1215,"height":891,"url":"https:\/\/www.intoscana.it\/wp-content\/uploads\/schermata-2020-03-20-alle-13.08.08.jpeg","type":"image\/jpeg"}],"author":"Redazione","twitter_card":"summary_large_image","twitter_creator":"@intoscana","twitter_site":"@intoscana","twitter_misc":{"Written by":"Redazione","Est. reading time":"2 minuti"},"schema":{"@context":"https:\/\/schema.org","@graph":[{"@type":"WebPage","@id":"https:\/\/www.intoscana.it\/it\/stopcovid19-campagna-social\/","url":"https:\/\/www.intoscana.it\/it\/stopcovid19-campagna-social\/","name":"Perch\u00e8 dobbiamo stare a casa? Il video degli studenti di Pisa - intoscana","isPartOf":{"@id":"https:\/\/www.intoscana.it\/it\/#website"},"primaryImageOfPage":{"@id":"https:\/\/www.intoscana.it\/it\/stopcovid19-campagna-social\/#primaryimage"},"image":{"@id":"https:\/\/www.intoscana.it\/it\/stopcovid19-campagna-social\/#primaryimage"},"thumbnailUrl":"https:\/\/www.intoscana.it\/wp-content\/uploads\/schermata-2020-03-20-alle-13.08.08.jpeg","datePublished":"2020-03-20T13:17:01+00:00","dateModified":"2020-05-19T13:25:37+00:00","author":{"@id":"https:\/\/www.intoscana.it\/it\/#\/schema\/person\/9223810753230f20bd670fdd322661f8"},"breadcrumb":{"@id":"https:\/\/www.intoscana.it\/it\/stopcovid19-campagna-social\/#breadcrumb"},"inLanguage":"it-IT","potentialAction":[{"@type":"ReadAction","target":["https:\/\/www.intoscana.it\/it\/stopcovid19-campagna-social\/"]}]},{"@type":"ImageObject","inLanguage":"it-IT","@id":"https:\/\/www.intoscana.it\/it\/stopcovid19-campagna-social\/#primaryimage","url":"https:\/\/www.intoscana.it\/wp-content\/uploads\/schermata-2020-03-20-alle-13.08.08.jpeg","contentUrl":"https:\/\/www.intoscana.it\/wp-content\/uploads\/schermata-2020-03-20-alle-13.08.08.jpeg","width":1215,"height":891,"caption":"Perch\u00e8 si deve restare a casa? Il video degli studenti della Sant'Anna"},{"@type":"BreadcrumbList","@id":"https:\/\/www.intoscana.it\/it\/stopcovid19-campagna-social\/#breadcrumb","itemListElement":[{"@type":"ListItem","position":1,"name":"Home","item":"https:\/\/www.intoscana.it\/it\/"},{"@type":"ListItem","position":2,"name":"Perch\u00e8 dobbiamo stare a casa? Il video degli studenti di Pisa"}]},{"@type":"WebSite","@id":"https:\/\/www.intoscana.it\/it\/#website","url":"https:\/\/www.intoscana.it\/it\/","name":"intoscana","description":"","potentialAction":[{"@type":"SearchAction","target":{"@type":"EntryPoint","urlTemplate":"https:\/\/www.intoscana.it\/it\/?s={search_term_string}"},"query-input":{"@type":"PropertyValueSpecification","valueRequired":true,"valueName":"search_term_string"}}],"inLanguage":"it-IT"},{"@type":"Person","@id":"https:\/\/www.intoscana.it\/it\/#\/schema\/person\/9223810753230f20bd670fdd322661f8","name":"Redazione","url":"https:\/\/www.intoscana.it\/it\/author\/redazione\/"}]}},"_links":{"self":[{"href":"https:\/\/www.intoscana.it\/it\/wp-json\/wp\/v2\/posts\/44752","targetHints":{"allow":["GET"]}}],"collection":[{"href":"https:\/\/www.intoscana.it\/it\/wp-json\/wp\/v2\/posts"}],"about":[{"href":"https:\/\/www.intoscana.it\/it\/wp-json\/wp\/v2\/types\/post"}],"author":[{"embeddable":true,"href":"https:\/\/www.intoscana.it\/it\/wp-json\/wp\/v2\/users\/525"}],"replies":[{"embeddable":true,"href":"https:\/\/www.intoscana.it\/it\/wp-json\/wp\/v2\/comments?post=44752"}],"version-history":[{"count":0,"href":"https:\/\/www.intoscana.it\/it\/wp-json\/wp\/v2\/posts\/44752\/revisions"}],"wp:featuredmedia":[{"embeddable":true,"href":"https:\/\/www.intoscana.it\/it\/wp-json\/wp\/v2\/media\/78324"}],"wp:attachment":[{"href":"https:\/\/www.intoscana.it\/it\/wp-json\/wp\/v2\/media?parent=44752"}],"wp:term":[{"taxonomy":"category","embeddable":true,"href":"https:\/\/www.intoscana.it\/it\/wp-json\/wp\/v2\/categories?post=44752"},{"taxonomy":"post_tag","embeddable":true,"href":"https:\/\/www.intoscana.it\/it\/wp-json\/wp\/v2\/tags?post=44752"}],"curies":[{"name":"wp","href":"https:\/\/api.w.org\/{rel}","templated":true}]}}