{"id":46754,"date":"2019-08-08T10:07:00","date_gmt":"2019-08-08T10:07:00","guid":{"rendered":"http:\/\/www.intoscana.it\/prato-sempre-piu-green-lue-premia-il-progetto-sulle-giungle-urbane\/"},"modified":"2020-05-19T15:27:06","modified_gmt":"2020-05-19T13:27:06","slug":"prato-giungle-urbane","status":"publish","type":"post","link":"https:\/\/www.intoscana.it\/it\/prato-giungle-urbane\/","title":{"rendered":"Prato sempre pi\u00f9 green: l&#8217;Ue premia il progetto sulle Giungle Urbane"},"content":{"rendered":"<p><strong>Prato si prepara a diventare una citt\u00e0 sempre pi\u00f9 verde, con un progetto innovativo che adesso \u00e8 stato premiato anche dall\u2019Europa.<\/strong> Il Comune infatti \u00e8 stato selezionati dalla Commissione Europea nell\u2019ambito del programma \u201cAzioni Innovative Urbane\u201d, che ha la scopo di identificare nuove soluzioni per lo sviluppo urbano sostenibile che possano essere testate in alcune citt\u00e0 e quindi replicate in altri contesti urbani.<\/p>\n<p><strong>Prato, insieme alle altre citt\u00e0 vincitrici, ricever\u00e0 cos\u00ec un finanziamento europeo fino a 5 milioni di euro per il suo progetto Urban Jungle, che si concentra sull\u2019uso sostenibile del territorio, l\u2019aumento del verde,<\/strong> e la sperimentazione di nuove soluzioni valutate fra le pi\u00f9 innovative a livello europeo. Prendendo spunto dal piano di forestazione urbana adottato dal Comune attraverso il nuovo piano operativo, <strong>saranno realizzati numerose Giungle Urbane, ovvero aree ad altissima densit\u00e0 di verde che possano cos\u00ec bilanciare le zone di maggiore congestione abitativa e produttiva.<\/strong><\/p>\n<p>&#8220;Sono orgoglioso di questo premio &#8211; ha dichiarato il sindaco Matteo Biffoni &#8211; Ur<strong>ban Jungle \u00e8 uno dei primi progetti organici finalizzati ad elaborare le future strategie europee sul climate change<\/strong>, un tema che come amministrazione abbiamo affrontato negli ultimi cinque anni e che nei prossimi cinque affronteremo con pi\u00f9 forza. Inoltre vorrei ringraziare e complimentarmi per il grande risultato tutti i consulenti e gli uffici del comune che hanno lavorato a questo progetto&#8221;.<\/p>\n<p>Tra gli elementi di eccellenza del progetto valutati positivamente dalla Commissione Europea vi sono una partnership inedita e altamente competente sui temi del verde urbano che include anche lo s<strong>pin-off universitario Pnat guidato dal professore Stefano Mancuso,<\/strong> ormai considerato un massima autorit\u00e0 nell&#8217;uso delle piante per aumentare il benessere umano e ambientale. &#8220;Grazie al progetto Urban Jungle &#8211; ha dichiarato il professore Mancuso &#8211; <strong>Prato sar\u00e0 in grado di rinaturalizzare intere aree urbane utilizzando le piante in maniera innovativa per rispondere alle esigenze dell\u2019ambiente, della societ\u00e0 e della salute dei cittadini.<\/strong> Sono molto orgoglioso che questo possa trasformarsi oggi in realt\u00e0 facendo di Prato un esempio per l\u2019Europa di come sia possibile affrontare i temi dell\u2019ambiente in maniera originale.&#8221;<\/p>\n<p>Inoltre sono coinvolti nel progetto lo studio di architettura Stefano Boeri Architetti, che ha realizzato il primo bosco verticale a Milano e che \u00e8 impegnato nella sensibilizzazione dei temi della forestazione urbana, il centro di ricerca Cnr Ibimet, che vanta una pluriennale esperienza in sistemi salvaguardia e monitoraggio dell\u2019ambiente, la societ\u00e0 di servizi Estra e Legambiente.<\/p>\n<p>Il progetto rinnover\u00e0 i quartieri di Prato a maggior criticit\u00e0 sociale, produttiva e ambientale in modo sostenibile e inclusivo sviluppando zone ad alta densit\u00e0 verde. <strong>Le Giungle Urbane si innesteranno nel paesaggio urbano moltiplicando la naturale capacit\u00e0 delle piante di abbattere le sostanze inquinanti, e restituendo il territorio alla fruizione delle persone,<\/strong> trasformando le aree di marginalit\u00e0 in veri e propri punti di benessere verde all\u2019interno della citt\u00e0. Questi spazi verdi verranno progettati con l\u2019aiuto dei cittadini, attraverso una pianificazione urbana condivisa facilitata dall\u2019uso delle piattaforme digitali, che ne aprir\u00e0 la gestione alla comunit\u00e0, aumentando l\u2019inclusivit\u00e0.<\/p>\n","protected":false},"excerpt":{"rendered":"<p>Il Comune \u00e8 stato selezionato dalla Commissione Europea con il suo progetto che punta a creare delle aree verdi nei quartieri a maggiore criticit\u00e0 sociale, produttiva e ambientale<\/p>\n","protected":false},"author":525,"featured_media":80177,"comment_status":"open","ping_status":"open","sticky":false,"template":"","format":"standard","meta":{"_acf_changed":false,"footnotes":""},"categories":[19],"tags":[177,259],"class_list":["post-46754","post","type-post","status-publish","format-standard","has-post-thumbnail","hentry","category-ambiente","tag-ambiente","tag-prato"],"acf":[],"yoast_head":"<!-- This site is optimized with the Yoast SEO Premium plugin v24.2 (Yoast SEO v25.6) - https:\/\/yoast.com\/wordpress\/plugins\/seo\/ -->\n<title>Prato sempre pi\u00f9 green: l&#039;Ue premia il progetto sulle Giungle Urbane - intoscana<\/title>\n<meta name=\"robots\" content=\"index, follow, max-snippet:-1, max-image-preview:large, max-video-preview:-1\" \/>\n<link rel=\"canonical\" href=\"https:\/\/www.intoscana.it\/it\/prato-giungle-urbane\/\" \/>\n<meta property=\"og:locale\" content=\"it_IT\" \/>\n<meta property=\"og:type\" content=\"article\" \/>\n<meta property=\"og:title\" content=\"Prato sempre pi\u00f9 green: l&#039;Ue premia il progetto sulle Giungle Urbane\" \/>\n<meta property=\"og:description\" content=\"Il Comune \u00e8 stato selezionato dalla Commissione Europea con il suo progetto che punta a creare delle aree verdi nei quartieri a maggiore criticit\u00e0 sociale, produttiva e ambientale\" \/>\n<meta property=\"og:url\" content=\"https:\/\/www.intoscana.it\/it\/prato-giungle-urbane\/\" \/>\n<meta property=\"og:site_name\" content=\"intoscana\" \/>\n<meta property=\"article:publisher\" content=\"https:\/\/www.facebook.com\/intoscana.it\" \/>\n<meta property=\"article:published_time\" content=\"2019-08-08T10:07:00+00:00\" \/>\n<meta property=\"article:modified_time\" content=\"2020-05-19T13:27:06+00:00\" \/>\n<meta property=\"og:image\" content=\"https:\/\/www.intoscana.it\/wp-content\/uploads\/Prato-5.jpg\" \/>\n\t<meta property=\"og:image:width\" content=\"900\" \/>\n\t<meta property=\"og:image:height\" content=\"599\" \/>\n\t<meta property=\"og:image:type\" content=\"image\/jpeg\" \/>\n<meta name=\"author\" content=\"Redazione\" \/>\n<meta name=\"twitter:card\" content=\"summary_large_image\" \/>\n<meta name=\"twitter:creator\" content=\"@intoscana\" \/>\n<meta name=\"twitter:site\" content=\"@intoscana\" \/>\n<meta name=\"twitter:label1\" content=\"Written by\" \/>\n\t<meta name=\"twitter:data1\" content=\"Redazione\" \/>\n\t<meta name=\"twitter:label2\" content=\"Est. reading time\" \/>\n\t<meta name=\"twitter:data2\" content=\"3 minuti\" \/>\n<script type=\"application\/ld+json\" class=\"yoast-schema-graph\">{\"@context\":\"https:\/\/schema.org\",\"@graph\":[{\"@type\":\"WebPage\",\"@id\":\"https:\/\/www.intoscana.it\/it\/prato-giungle-urbane\/\",\"url\":\"https:\/\/www.intoscana.it\/it\/prato-giungle-urbane\/\",\"name\":\"Prato sempre pi\u00f9 green: l'Ue premia il progetto sulle Giungle Urbane - intoscana\",\"isPartOf\":{\"@id\":\"https:\/\/www.intoscana.it\/it\/#website\"},\"primaryImageOfPage\":{\"@id\":\"https:\/\/www.intoscana.it\/it\/prato-giungle-urbane\/#primaryimage\"},\"image\":{\"@id\":\"https:\/\/www.intoscana.it\/it\/prato-giungle-urbane\/#primaryimage\"},\"thumbnailUrl\":\"https:\/\/www.intoscana.it\/wp-content\/uploads\/Prato-5.jpg\",\"datePublished\":\"2019-08-08T10:07:00+00:00\",\"dateModified\":\"2020-05-19T13:27:06+00:00\",\"author\":{\"@id\":\"https:\/\/www.intoscana.it\/it\/#\/schema\/person\/9223810753230f20bd670fdd322661f8\"},\"breadcrumb\":{\"@id\":\"https:\/\/www.intoscana.it\/it\/prato-giungle-urbane\/#breadcrumb\"},\"inLanguage\":\"it-IT\",\"potentialAction\":[{\"@type\":\"ReadAction\",\"target\":[\"https:\/\/www.intoscana.it\/it\/prato-giungle-urbane\/\"]}]},{\"@type\":\"ImageObject\",\"inLanguage\":\"it-IT\",\"@id\":\"https:\/\/www.intoscana.it\/it\/prato-giungle-urbane\/#primaryimage\",\"url\":\"https:\/\/www.intoscana.it\/wp-content\/uploads\/Prato-5.jpg\",\"contentUrl\":\"https:\/\/www.intoscana.it\/wp-content\/uploads\/Prato-5.jpg\",\"width\":900,\"height\":599,\"caption\":\"Prato\"},{\"@type\":\"BreadcrumbList\",\"@id\":\"https:\/\/www.intoscana.it\/it\/prato-giungle-urbane\/#breadcrumb\",\"itemListElement\":[{\"@type\":\"ListItem\",\"position\":1,\"name\":\"Home\",\"item\":\"https:\/\/www.intoscana.it\/it\/\"},{\"@type\":\"ListItem\",\"position\":2,\"name\":\"Prato sempre pi\u00f9 green: l&#8217;Ue premia il progetto sulle Giungle Urbane\"}]},{\"@type\":\"WebSite\",\"@id\":\"https:\/\/www.intoscana.it\/it\/#website\",\"url\":\"https:\/\/www.intoscana.it\/it\/\",\"name\":\"intoscana\",\"description\":\"\",\"potentialAction\":[{\"@type\":\"SearchAction\",\"target\":{\"@type\":\"EntryPoint\",\"urlTemplate\":\"https:\/\/www.intoscana.it\/it\/?s={search_term_string}\"},\"query-input\":{\"@type\":\"PropertyValueSpecification\",\"valueRequired\":true,\"valueName\":\"search_term_string\"}}],\"inLanguage\":\"it-IT\"},{\"@type\":\"Person\",\"@id\":\"https:\/\/www.intoscana.it\/it\/#\/schema\/person\/9223810753230f20bd670fdd322661f8\",\"name\":\"Redazione\",\"url\":\"https:\/\/www.intoscana.it\/it\/author\/redazione\/\"}]}<\/script>\n<!-- \/ Yoast SEO Premium plugin. -->","yoast_head_json":{"title":"Prato sempre pi\u00f9 green: l'Ue premia il progetto sulle Giungle Urbane - intoscana","robots":{"index":"index","follow":"follow","max-snippet":"max-snippet:-1","max-image-preview":"max-image-preview:large","max-video-preview":"max-video-preview:-1"},"canonical":"https:\/\/www.intoscana.it\/it\/prato-giungle-urbane\/","og_locale":"it_IT","og_type":"article","og_title":"Prato sempre pi\u00f9 green: l'Ue premia il progetto sulle Giungle Urbane","og_description":"Il Comune \u00e8 stato selezionato dalla Commissione Europea con il suo progetto che punta a creare delle aree verdi nei quartieri a maggiore criticit\u00e0 sociale, produttiva e ambientale","og_url":"https:\/\/www.intoscana.it\/it\/prato-giungle-urbane\/","og_site_name":"intoscana","article_publisher":"https:\/\/www.facebook.com\/intoscana.it","article_published_time":"2019-08-08T10:07:00+00:00","article_modified_time":"2020-05-19T13:27:06+00:00","og_image":[{"width":900,"height":599,"url":"https:\/\/www.intoscana.it\/wp-content\/uploads\/Prato-5.jpg","type":"image\/jpeg"}],"author":"Redazione","twitter_card":"summary_large_image","twitter_creator":"@intoscana","twitter_site":"@intoscana","twitter_misc":{"Written by":"Redazione","Est. reading time":"3 minuti"},"schema":{"@context":"https:\/\/schema.org","@graph":[{"@type":"WebPage","@id":"https:\/\/www.intoscana.it\/it\/prato-giungle-urbane\/","url":"https:\/\/www.intoscana.it\/it\/prato-giungle-urbane\/","name":"Prato sempre pi\u00f9 green: l'Ue premia il progetto sulle Giungle Urbane - intoscana","isPartOf":{"@id":"https:\/\/www.intoscana.it\/it\/#website"},"primaryImageOfPage":{"@id":"https:\/\/www.intoscana.it\/it\/prato-giungle-urbane\/#primaryimage"},"image":{"@id":"https:\/\/www.intoscana.it\/it\/prato-giungle-urbane\/#primaryimage"},"thumbnailUrl":"https:\/\/www.intoscana.it\/wp-content\/uploads\/Prato-5.jpg","datePublished":"2019-08-08T10:07:00+00:00","dateModified":"2020-05-19T13:27:06+00:00","author":{"@id":"https:\/\/www.intoscana.it\/it\/#\/schema\/person\/9223810753230f20bd670fdd322661f8"},"breadcrumb":{"@id":"https:\/\/www.intoscana.it\/it\/prato-giungle-urbane\/#breadcrumb"},"inLanguage":"it-IT","potentialAction":[{"@type":"ReadAction","target":["https:\/\/www.intoscana.it\/it\/prato-giungle-urbane\/"]}]},{"@type":"ImageObject","inLanguage":"it-IT","@id":"https:\/\/www.intoscana.it\/it\/prato-giungle-urbane\/#primaryimage","url":"https:\/\/www.intoscana.it\/wp-content\/uploads\/Prato-5.jpg","contentUrl":"https:\/\/www.intoscana.it\/wp-content\/uploads\/Prato-5.jpg","width":900,"height":599,"caption":"Prato"},{"@type":"BreadcrumbList","@id":"https:\/\/www.intoscana.it\/it\/prato-giungle-urbane\/#breadcrumb","itemListElement":[{"@type":"ListItem","position":1,"name":"Home","item":"https:\/\/www.intoscana.it\/it\/"},{"@type":"ListItem","position":2,"name":"Prato sempre pi\u00f9 green: l&#8217;Ue premia il progetto sulle Giungle Urbane"}]},{"@type":"WebSite","@id":"https:\/\/www.intoscana.it\/it\/#website","url":"https:\/\/www.intoscana.it\/it\/","name":"intoscana","description":"","potentialAction":[{"@type":"SearchAction","target":{"@type":"EntryPoint","urlTemplate":"https:\/\/www.intoscana.it\/it\/?s={search_term_string}"},"query-input":{"@type":"PropertyValueSpecification","valueRequired":true,"valueName":"search_term_string"}}],"inLanguage":"it-IT"},{"@type":"Person","@id":"https:\/\/www.intoscana.it\/it\/#\/schema\/person\/9223810753230f20bd670fdd322661f8","name":"Redazione","url":"https:\/\/www.intoscana.it\/it\/author\/redazione\/"}]}},"_links":{"self":[{"href":"https:\/\/www.intoscana.it\/it\/wp-json\/wp\/v2\/posts\/46754","targetHints":{"allow":["GET"]}}],"collection":[{"href":"https:\/\/www.intoscana.it\/it\/wp-json\/wp\/v2\/posts"}],"about":[{"href":"https:\/\/www.intoscana.it\/it\/wp-json\/wp\/v2\/types\/post"}],"author":[{"embeddable":true,"href":"https:\/\/www.intoscana.it\/it\/wp-json\/wp\/v2\/users\/525"}],"replies":[{"embeddable":true,"href":"https:\/\/www.intoscana.it\/it\/wp-json\/wp\/v2\/comments?post=46754"}],"version-history":[{"count":0,"href":"https:\/\/www.intoscana.it\/it\/wp-json\/wp\/v2\/posts\/46754\/revisions"}],"wp:featuredmedia":[{"embeddable":true,"href":"https:\/\/www.intoscana.it\/it\/wp-json\/wp\/v2\/media\/80177"}],"wp:attachment":[{"href":"https:\/\/www.intoscana.it\/it\/wp-json\/wp\/v2\/media?parent=46754"}],"wp:term":[{"taxonomy":"category","embeddable":true,"href":"https:\/\/www.intoscana.it\/it\/wp-json\/wp\/v2\/categories?post=46754"},{"taxonomy":"post_tag","embeddable":true,"href":"https:\/\/www.intoscana.it\/it\/wp-json\/wp\/v2\/tags?post=46754"}],"curies":[{"name":"wp","href":"https:\/\/api.w.org\/{rel}","templated":true}]}}