{"id":46778,"date":"2019-09-13T15:48:44","date_gmt":"2019-09-13T15:48:44","guid":{"rendered":"http:\/\/www.intoscana.it\/un-albero-in-piu-anci-toscana-aderisce-alla-campagna-ambientale\/"},"modified":"2020-05-19T15:27:14","modified_gmt":"2020-05-19T13:27:14","slug":"albero-piu-toscana","status":"publish","type":"post","link":"https:\/\/www.intoscana.it\/it\/albero-piu-toscana\/","title":{"rendered":"Un albero in pi\u00f9: Anci Toscana aderisce alla campagna ambientale"},"content":{"rendered":"<p><strong>Piantare alberi contro il cambiamento climatico. Questo l&#8217;obiettivo della campagna <a href=\"https:\/\/comunitalaudatosi.org\/un-albero-in-piu\/\" target=\"_blank\" rel=\"noopener noreferrer\">&#8220;Un albero in pi\u00f9&#8221;<\/a>, che punta a raggiungere 60 milioni di nuovi alberi<\/strong> su tutto il territorio italiano, uno per ciascun abitante del nostro paese, combattendo cos\u00ec la crisi climatica. <br \/><strong>Anche Anci Toscana ha aderito alla campagna<\/strong> promossa da Stefano Mancuso, scienziato e direttore Linv (International Laboratory for Plant Neurobiology) a nome delle Comunit\u00e0 Laudato s\u00ec, da Carlo Petrini, presidente Slow Food e dal vescovo di Rieti, Domenico Pompili.&nbsp;<\/p>\n<p><strong>Tra i sindaci toscani che hanno gi\u00e0 dato la loro adesione Dario Nardella, primo cittadino di Firenze, e Alessandro Ghinelli, sindaco di Arezzo.<\/strong> L&#8217;iniziativa si rivolge ad ogni cittadino di buona volont\u00e0, ad ogni organizzazione di qualunque natura e orientamento, ad ogni azienda pubblica o privata, alla straordinaria rete di comuni e regioni d&#8217;Italia e al governo nazionale.<\/p>\n<p>Tra le finalit\u00e0 della campagna anche quella di far s\u00ec che questa buona pratica cresca di anno in anno su scala mondiale, per arrivare al 2030 in condizioni atmosferiche non irreversibili. Da parte sua, <strong>Anci Toscana invita tutti i Comuni della regione ad aderire e a mettere in atto politiche e iniziative che portino a piantare nuovi alberi nei loro territori<\/strong> e alla salvaguardia dell&#8217;ambiente.<\/p>\n","protected":false},"excerpt":{"rendered":"<p>Anci rivolge un appello ai comuni toscani perch\u00e9 partecipino all&#8217;iniziativa che vuole combattere con pi\u00f9 verde sul territorio la crisi climatica<\/p>\n","protected":false},"author":525,"featured_media":80201,"comment_status":"open","ping_status":"open","sticky":false,"template":"","format":"standard","meta":{"_acf_changed":false,"footnotes":""},"categories":[19],"tags":[177],"class_list":["post-46778","post","type-post","status-publish","format-standard","has-post-thumbnail","hentry","category-ambiente","tag-ambiente"],"acf":[],"yoast_head":"<!-- This site is optimized with the Yoast SEO Premium plugin v24.2 (Yoast SEO v25.6) - https:\/\/yoast.com\/wordpress\/plugins\/seo\/ -->\n<title>Un albero in pi\u00f9: Anci Toscana aderisce alla campagna ambientale - intoscana<\/title>\n<meta name=\"robots\" content=\"index, follow, max-snippet:-1, max-image-preview:large, max-video-preview:-1\" \/>\n<link rel=\"canonical\" href=\"https:\/\/www.intoscana.it\/it\/albero-piu-toscana\/\" \/>\n<meta property=\"og:locale\" content=\"it_IT\" \/>\n<meta property=\"og:type\" content=\"article\" \/>\n<meta property=\"og:title\" content=\"Un albero in pi\u00f9: Anci Toscana aderisce alla campagna ambientale\" \/>\n<meta property=\"og:description\" content=\"Anci rivolge un appello ai comuni toscani perch\u00e9 partecipino all&#039;iniziativa che vuole combattere con pi\u00f9 verde sul territorio la crisi climatica\" \/>\n<meta property=\"og:url\" content=\"https:\/\/www.intoscana.it\/it\/albero-piu-toscana\/\" \/>\n<meta property=\"og:site_name\" content=\"intoscana\" \/>\n<meta property=\"article:publisher\" content=\"https:\/\/www.facebook.com\/intoscana.it\" \/>\n<meta property=\"article:published_time\" content=\"2019-09-13T15:48:44+00:00\" \/>\n<meta property=\"article:modified_time\" content=\"2020-05-19T13:27:14+00:00\" \/>\n<meta property=\"og:image\" content=\"https:\/\/www.intoscana.it\/wp-content\/uploads\/piantare-albero-natura-ambiente.jpg\" \/>\n\t<meta property=\"og:image:width\" content=\"2000\" \/>\n\t<meta property=\"og:image:height\" content=\"1333\" \/>\n\t<meta property=\"og:image:type\" content=\"image\/jpeg\" \/>\n<meta name=\"author\" content=\"Redazione\" \/>\n<meta name=\"twitter:card\" content=\"summary_large_image\" \/>\n<meta name=\"twitter:creator\" content=\"@intoscana\" \/>\n<meta name=\"twitter:site\" content=\"@intoscana\" \/>\n<meta name=\"twitter:label1\" content=\"Written by\" \/>\n\t<meta name=\"twitter:data1\" content=\"Redazione\" \/>\n\t<meta name=\"twitter:label2\" content=\"Est. reading time\" \/>\n\t<meta name=\"twitter:data2\" content=\"1 minuto\" \/>\n<script type=\"application\/ld+json\" class=\"yoast-schema-graph\">{\"@context\":\"https:\/\/schema.org\",\"@graph\":[{\"@type\":\"WebPage\",\"@id\":\"https:\/\/www.intoscana.it\/it\/albero-piu-toscana\/\",\"url\":\"https:\/\/www.intoscana.it\/it\/albero-piu-toscana\/\",\"name\":\"Un albero in pi\u00f9: Anci Toscana aderisce alla campagna ambientale - intoscana\",\"isPartOf\":{\"@id\":\"https:\/\/www.intoscana.it\/it\/#website\"},\"primaryImageOfPage\":{\"@id\":\"https:\/\/www.intoscana.it\/it\/albero-piu-toscana\/#primaryimage\"},\"image\":{\"@id\":\"https:\/\/www.intoscana.it\/it\/albero-piu-toscana\/#primaryimage\"},\"thumbnailUrl\":\"https:\/\/www.intoscana.it\/wp-content\/uploads\/piantare-albero-natura-ambiente.jpg\",\"datePublished\":\"2019-09-13T15:48:44+00:00\",\"dateModified\":\"2020-05-19T13:27:14+00:00\",\"author\":{\"@id\":\"https:\/\/www.intoscana.it\/it\/#\/schema\/person\/9223810753230f20bd670fdd322661f8\"},\"breadcrumb\":{\"@id\":\"https:\/\/www.intoscana.it\/it\/albero-piu-toscana\/#breadcrumb\"},\"inLanguage\":\"it-IT\",\"potentialAction\":[{\"@type\":\"ReadAction\",\"target\":[\"https:\/\/www.intoscana.it\/it\/albero-piu-toscana\/\"]}]},{\"@type\":\"ImageObject\",\"inLanguage\":\"it-IT\",\"@id\":\"https:\/\/www.intoscana.it\/it\/albero-piu-toscana\/#primaryimage\",\"url\":\"https:\/\/www.intoscana.it\/wp-content\/uploads\/piantare-albero-natura-ambiente.jpg\",\"contentUrl\":\"https:\/\/www.intoscana.it\/wp-content\/uploads\/piantare-albero-natura-ambiente.jpg\",\"width\":2000,\"height\":1333,\"caption\":\"Piantare un albero\"},{\"@type\":\"BreadcrumbList\",\"@id\":\"https:\/\/www.intoscana.it\/it\/albero-piu-toscana\/#breadcrumb\",\"itemListElement\":[{\"@type\":\"ListItem\",\"position\":1,\"name\":\"Home\",\"item\":\"https:\/\/www.intoscana.it\/it\/\"},{\"@type\":\"ListItem\",\"position\":2,\"name\":\"Un albero in pi\u00f9: Anci Toscana aderisce alla campagna ambientale\"}]},{\"@type\":\"WebSite\",\"@id\":\"https:\/\/www.intoscana.it\/it\/#website\",\"url\":\"https:\/\/www.intoscana.it\/it\/\",\"name\":\"intoscana\",\"description\":\"\",\"potentialAction\":[{\"@type\":\"SearchAction\",\"target\":{\"@type\":\"EntryPoint\",\"urlTemplate\":\"https:\/\/www.intoscana.it\/it\/?s={search_term_string}\"},\"query-input\":{\"@type\":\"PropertyValueSpecification\",\"valueRequired\":true,\"valueName\":\"search_term_string\"}}],\"inLanguage\":\"it-IT\"},{\"@type\":\"Person\",\"@id\":\"https:\/\/www.intoscana.it\/it\/#\/schema\/person\/9223810753230f20bd670fdd322661f8\",\"name\":\"Redazione\",\"url\":\"https:\/\/www.intoscana.it\/it\/author\/redazione\/\"}]}<\/script>\n<!-- \/ Yoast SEO Premium plugin. -->","yoast_head_json":{"title":"Un albero in pi\u00f9: Anci Toscana aderisce alla campagna ambientale - intoscana","robots":{"index":"index","follow":"follow","max-snippet":"max-snippet:-1","max-image-preview":"max-image-preview:large","max-video-preview":"max-video-preview:-1"},"canonical":"https:\/\/www.intoscana.it\/it\/albero-piu-toscana\/","og_locale":"it_IT","og_type":"article","og_title":"Un albero in pi\u00f9: Anci Toscana aderisce alla campagna ambientale","og_description":"Anci rivolge un appello ai comuni toscani perch\u00e9 partecipino all'iniziativa che vuole combattere con pi\u00f9 verde sul territorio la crisi climatica","og_url":"https:\/\/www.intoscana.it\/it\/albero-piu-toscana\/","og_site_name":"intoscana","article_publisher":"https:\/\/www.facebook.com\/intoscana.it","article_published_time":"2019-09-13T15:48:44+00:00","article_modified_time":"2020-05-19T13:27:14+00:00","og_image":[{"width":2000,"height":1333,"url":"https:\/\/www.intoscana.it\/wp-content\/uploads\/piantare-albero-natura-ambiente.jpg","type":"image\/jpeg"}],"author":"Redazione","twitter_card":"summary_large_image","twitter_creator":"@intoscana","twitter_site":"@intoscana","twitter_misc":{"Written by":"Redazione","Est. reading time":"1 minuto"},"schema":{"@context":"https:\/\/schema.org","@graph":[{"@type":"WebPage","@id":"https:\/\/www.intoscana.it\/it\/albero-piu-toscana\/","url":"https:\/\/www.intoscana.it\/it\/albero-piu-toscana\/","name":"Un albero in pi\u00f9: Anci Toscana aderisce alla campagna ambientale - intoscana","isPartOf":{"@id":"https:\/\/www.intoscana.it\/it\/#website"},"primaryImageOfPage":{"@id":"https:\/\/www.intoscana.it\/it\/albero-piu-toscana\/#primaryimage"},"image":{"@id":"https:\/\/www.intoscana.it\/it\/albero-piu-toscana\/#primaryimage"},"thumbnailUrl":"https:\/\/www.intoscana.it\/wp-content\/uploads\/piantare-albero-natura-ambiente.jpg","datePublished":"2019-09-13T15:48:44+00:00","dateModified":"2020-05-19T13:27:14+00:00","author":{"@id":"https:\/\/www.intoscana.it\/it\/#\/schema\/person\/9223810753230f20bd670fdd322661f8"},"breadcrumb":{"@id":"https:\/\/www.intoscana.it\/it\/albero-piu-toscana\/#breadcrumb"},"inLanguage":"it-IT","potentialAction":[{"@type":"ReadAction","target":["https:\/\/www.intoscana.it\/it\/albero-piu-toscana\/"]}]},{"@type":"ImageObject","inLanguage":"it-IT","@id":"https:\/\/www.intoscana.it\/it\/albero-piu-toscana\/#primaryimage","url":"https:\/\/www.intoscana.it\/wp-content\/uploads\/piantare-albero-natura-ambiente.jpg","contentUrl":"https:\/\/www.intoscana.it\/wp-content\/uploads\/piantare-albero-natura-ambiente.jpg","width":2000,"height":1333,"caption":"Piantare un albero"},{"@type":"BreadcrumbList","@id":"https:\/\/www.intoscana.it\/it\/albero-piu-toscana\/#breadcrumb","itemListElement":[{"@type":"ListItem","position":1,"name":"Home","item":"https:\/\/www.intoscana.it\/it\/"},{"@type":"ListItem","position":2,"name":"Un albero in pi\u00f9: Anci Toscana aderisce alla campagna ambientale"}]},{"@type":"WebSite","@id":"https:\/\/www.intoscana.it\/it\/#website","url":"https:\/\/www.intoscana.it\/it\/","name":"intoscana","description":"","potentialAction":[{"@type":"SearchAction","target":{"@type":"EntryPoint","urlTemplate":"https:\/\/www.intoscana.it\/it\/?s={search_term_string}"},"query-input":{"@type":"PropertyValueSpecification","valueRequired":true,"valueName":"search_term_string"}}],"inLanguage":"it-IT"},{"@type":"Person","@id":"https:\/\/www.intoscana.it\/it\/#\/schema\/person\/9223810753230f20bd670fdd322661f8","name":"Redazione","url":"https:\/\/www.intoscana.it\/it\/author\/redazione\/"}]}},"_links":{"self":[{"href":"https:\/\/www.intoscana.it\/it\/wp-json\/wp\/v2\/posts\/46778","targetHints":{"allow":["GET"]}}],"collection":[{"href":"https:\/\/www.intoscana.it\/it\/wp-json\/wp\/v2\/posts"}],"about":[{"href":"https:\/\/www.intoscana.it\/it\/wp-json\/wp\/v2\/types\/post"}],"author":[{"embeddable":true,"href":"https:\/\/www.intoscana.it\/it\/wp-json\/wp\/v2\/users\/525"}],"replies":[{"embeddable":true,"href":"https:\/\/www.intoscana.it\/it\/wp-json\/wp\/v2\/comments?post=46778"}],"version-history":[{"count":0,"href":"https:\/\/www.intoscana.it\/it\/wp-json\/wp\/v2\/posts\/46778\/revisions"}],"wp:featuredmedia":[{"embeddable":true,"href":"https:\/\/www.intoscana.it\/it\/wp-json\/wp\/v2\/media\/80201"}],"wp:attachment":[{"href":"https:\/\/www.intoscana.it\/it\/wp-json\/wp\/v2\/media?parent=46778"}],"wp:term":[{"taxonomy":"category","embeddable":true,"href":"https:\/\/www.intoscana.it\/it\/wp-json\/wp\/v2\/categories?post=46778"},{"taxonomy":"post_tag","embeddable":true,"href":"https:\/\/www.intoscana.it\/it\/wp-json\/wp\/v2\/tags?post=46778"}],"curies":[{"name":"wp","href":"https:\/\/api.w.org\/{rel}","templated":true}]}}