{"id":46782,"date":"2019-10-10T10:54:14","date_gmt":"2019-10-10T10:54:14","guid":{"rendered":"http:\/\/www.intoscana.it\/premio-paesaggio-della-toscana-cosi-si-valorizza-la-bellezza\/"},"modified":"2020-05-19T15:27:15","modified_gmt":"2020-05-19T13:27:15","slug":"premio-paesaggio-toscana-2019","status":"publish","type":"post","link":"https:\/\/www.intoscana.it\/it\/premio-paesaggio-toscana-2019\/","title":{"rendered":"Premio paesaggio della Toscana, cos\u00ec si valorizza la bellezza"},"content":{"rendered":"<p><strong>La bellezza del paesaggio toscano \u00e8 un bene prezioso, da difendere, conservare e tutelare.<\/strong> Ma cosa facciamo perch\u00e9 questo accada? Quali sono i progetti, le politiche e le azioni che proteggono e valorizzano questo immenso e unico bene comune? L&#8217;Osservatorio regionale del paesaggio &#8211; che \u00e8 nato proprio per tutelare, valorizzare, promuovere e migliorare le trasformazioni dei territori &#8211; insieme a Regione Toscana e alla Fondazione Sistema Toscana ha realizzato e promosso un premio per far emergere le migliori progettualit\u00e0 in ambito paesaggistico.<\/p>\n<p><strong>Del resto negli anni la Toscana ha saputo declinare il suo sviluppo urbano, economico, produttivo e sociale assecondando la naturale conformazione del territorio<\/strong>, cos\u00ec straordinariamente variegato. Ha cercato un equilibrio di diffuso benessere, esaltandone a tratti la bellezza. La definizione di un futuro paesaggistico toscano ancora capace di mantenere l&#8217;armonia tra la natura, l&#8217;uomo e le sue attivit\u00e0, passa necessariamente da una progettazione ispirata dalla sostenibilit\u00e0 e da una lettura contemporanea dei bisogni. Un obiettivo, quello della tutela del bene comune, che passa attraverso la consapevolezza e l&#8217;impegno di tutti i soggetti della societ\u00e0 civile.<\/p>\n<p><strong>\u00c8 in questo contesto che nasce il Premio del paesaggio.<\/strong> A promuovere la prima edizione del &#8220;Premio del Paesaggio della Toscana&#8221; \u00e8 appunto l\u2019Osservatorio regionale del paesaggio della toscana. L\u2019obiettivo \u00e8 sostenere e diffondere iniziative mirate alle tutela e alla valorizzazione dei paesaggi regionali. E cos\u00ec, nel rispetto di questi principi &#8211; coerentemente con le finalit\u00e0 del Pit (Piano d&#8217;indirizzo territoriale con valenza di piano paesaggistico della Regione Toscana) e in linea con la Convenzione europea del paesaggio che non a caso, lo ricordiamo, \u00e8 stata sottoscritta dal Consiglio d&#8217;Europa proprio a Firenze nell&#8217;ottobre del 2000, l&#8217;Osservatorio ha promosso il Premio per far emergere e riconoscere formalmente i progetti, le politiche e tutte le iniziative in grado di favorire la conoscenza, la salvaguardia, la tutela, la gestione, la pianificazione e la trasformazione sostenibile del paesaggio toscano.<\/p>\n<p><strong>Possono partecipare al bando tutti coloro che in Toscana hanno progettato e attuato strumenti di programmazione, atti di pianificazione, processi gestionali, iniziative economiche, progetti di opere o interventi, studi, ricerche e azioni culturali.<\/strong> Sono quindi ammessi alla selezione enti pubblici, enti privati, amministrazioni pubbliche, istituzioni, agenzie scientifiche, osservatori locali, associazioni, organizzazioni non governative, cittadini, professionisti, studiosi e operatori.<\/p>\n<p><strong>L&#8217;Osservatorio premier\u00e0 i progetti che si distingueranno innovazione, utilit\u00e0 e qualit\u00e0, sia tecnico-scientifica sia estetica.<\/strong> La valutazione delle proposte avverr\u00e0 in base a quattro criteri specifici: efficacia, esemplarit\u00e0, partecipazione e sensibilizzazione. Ai primi tre classificati sar\u00e0 consegnato un attestato; avranno inoltre l&#8217;opportunit\u00e0 di poter realizzare un video divulgativo dell&#8217;opera grazie a una produzione curata da Fondazione Sistema Toscana. Il progetto vincitore sar\u00e0 premiato nel corso di uno specifico evento sul paesaggio curato da Regione Toscana e, qualora in possesso dei requisiti necessari, sar\u00e0 presentato da Regione Toscana alla candidatura italiana per il Premio del Paesaggio del Consiglio d\u2019Europa curata da Mibact.<\/p>\n<p>Le proposte dovranno essere spedite alla segreteria organizzativa del Premio in formato elettronico, all&#8217;indirizzo <a href=\"mailto:premio@paesaggiotoscana.it\" target=\"_blank\" rel=\"noopener noreferrer\">premio@paesaggiotoscana.it<\/a>, entro le ore 12 del 7 gennaio 2020.<\/p>\n<p><strong>Info, schede e regolamento<\/strong><br \/><a href=\"https:\/\/www.osservatorio.paesaggiotoscana.it\/-\/premio-paesaggio-della-toscana-2019-prima-edizione-bando\" target=\"_blank\" rel=\"noopener noreferrer\" class=\"broken_link\">www.osservatorio.paesaggiotoscana.it<\/a><\/p>\n","protected":false},"excerpt":{"rendered":"<p>Il Premio ha l&#8217;obiettivo di sostenere e diffondere la tutela e la valorizzazione dei paesaggi regionali. Promosso dall&#8217;Osservatorio regionale del paesaggio, scade il 7 gennaio 2020<\/p>\n","protected":false},"author":525,"featured_media":80205,"comment_status":"open","ping_status":"open","sticky":false,"template":"","format":"standard","meta":{"_acf_changed":false,"footnotes":""},"categories":[19],"tags":[177,168,351,151],"class_list":["post-46782","post","type-post","status-publish","format-standard","has-post-thumbnail","hentry","category-ambiente","tag-ambiente","tag-fondazione-sistema-toscana","tag-premio","tag-regione-toscana"],"acf":[],"yoast_head":"<!-- This site is optimized with the Yoast SEO Premium plugin v24.2 (Yoast SEO v25.6) - https:\/\/yoast.com\/wordpress\/plugins\/seo\/ -->\n<title>Premio paesaggio della Toscana, cos\u00ec si valorizza la bellezza - intoscana<\/title>\n<meta name=\"robots\" content=\"index, follow, max-snippet:-1, max-image-preview:large, max-video-preview:-1\" \/>\n<link rel=\"canonical\" href=\"https:\/\/www.intoscana.it\/it\/premio-paesaggio-toscana-2019\/\" \/>\n<meta property=\"og:locale\" content=\"it_IT\" \/>\n<meta property=\"og:type\" content=\"article\" \/>\n<meta property=\"og:title\" content=\"Premio paesaggio della Toscana, cos\u00ec si valorizza la bellezza\" \/>\n<meta property=\"og:description\" content=\"Il Premio ha l&#039;obiettivo di sostenere e diffondere la tutela e la valorizzazione dei paesaggi regionali. Promosso dall&#039;Osservatorio regionale del paesaggio, scade il 7 gennaio 2020\" \/>\n<meta property=\"og:url\" content=\"https:\/\/www.intoscana.it\/it\/premio-paesaggio-toscana-2019\/\" \/>\n<meta property=\"og:site_name\" content=\"intoscana\" \/>\n<meta property=\"article:publisher\" content=\"https:\/\/www.facebook.com\/intoscana.it\" \/>\n<meta property=\"article:published_time\" content=\"2019-10-10T10:54:14+00:00\" \/>\n<meta property=\"article:modified_time\" content=\"2020-05-19T13:27:15+00:00\" \/>\n<meta property=\"og:image\" content=\"https:\/\/www.intoscana.it\/wp-content\/uploads\/premio_paesaggio_toscana_2019.jpg\" \/>\n\t<meta property=\"og:image:width\" content=\"1200\" \/>\n\t<meta property=\"og:image:height\" content=\"788\" \/>\n\t<meta property=\"og:image:type\" content=\"image\/jpeg\" \/>\n<meta name=\"author\" content=\"Redazione\" \/>\n<meta name=\"twitter:card\" content=\"summary_large_image\" \/>\n<meta name=\"twitter:creator\" content=\"@intoscana\" \/>\n<meta name=\"twitter:site\" content=\"@intoscana\" \/>\n<meta name=\"twitter:label1\" content=\"Written by\" \/>\n\t<meta name=\"twitter:data1\" content=\"Redazione\" \/>\n\t<meta name=\"twitter:label2\" content=\"Est. reading time\" \/>\n\t<meta name=\"twitter:data2\" content=\"2 minuti\" \/>\n<script type=\"application\/ld+json\" class=\"yoast-schema-graph\">{\"@context\":\"https:\/\/schema.org\",\"@graph\":[{\"@type\":\"WebPage\",\"@id\":\"https:\/\/www.intoscana.it\/it\/premio-paesaggio-toscana-2019\/\",\"url\":\"https:\/\/www.intoscana.it\/it\/premio-paesaggio-toscana-2019\/\",\"name\":\"Premio paesaggio della Toscana, cos\u00ec si valorizza la bellezza - intoscana\",\"isPartOf\":{\"@id\":\"https:\/\/www.intoscana.it\/it\/#website\"},\"primaryImageOfPage\":{\"@id\":\"https:\/\/www.intoscana.it\/it\/premio-paesaggio-toscana-2019\/#primaryimage\"},\"image\":{\"@id\":\"https:\/\/www.intoscana.it\/it\/premio-paesaggio-toscana-2019\/#primaryimage\"},\"thumbnailUrl\":\"https:\/\/www.intoscana.it\/wp-content\/uploads\/premio_paesaggio_toscana_2019.jpg\",\"datePublished\":\"2019-10-10T10:54:14+00:00\",\"dateModified\":\"2020-05-19T13:27:15+00:00\",\"author\":{\"@id\":\"https:\/\/www.intoscana.it\/it\/#\/schema\/person\/9223810753230f20bd670fdd322661f8\"},\"breadcrumb\":{\"@id\":\"https:\/\/www.intoscana.it\/it\/premio-paesaggio-toscana-2019\/#breadcrumb\"},\"inLanguage\":\"it-IT\",\"potentialAction\":[{\"@type\":\"ReadAction\",\"target\":[\"https:\/\/www.intoscana.it\/it\/premio-paesaggio-toscana-2019\/\"]}]},{\"@type\":\"ImageObject\",\"inLanguage\":\"it-IT\",\"@id\":\"https:\/\/www.intoscana.it\/it\/premio-paesaggio-toscana-2019\/#primaryimage\",\"url\":\"https:\/\/www.intoscana.it\/wp-content\/uploads\/premio_paesaggio_toscana_2019.jpg\",\"contentUrl\":\"https:\/\/www.intoscana.it\/wp-content\/uploads\/premio_paesaggio_toscana_2019.jpg\",\"width\":1200,\"height\":788,\"caption\":\"Premio paesaggio della Toscana 2019\"},{\"@type\":\"BreadcrumbList\",\"@id\":\"https:\/\/www.intoscana.it\/it\/premio-paesaggio-toscana-2019\/#breadcrumb\",\"itemListElement\":[{\"@type\":\"ListItem\",\"position\":1,\"name\":\"Home\",\"item\":\"https:\/\/www.intoscana.it\/it\/\"},{\"@type\":\"ListItem\",\"position\":2,\"name\":\"Premio paesaggio della Toscana, cos\u00ec si valorizza la bellezza\"}]},{\"@type\":\"WebSite\",\"@id\":\"https:\/\/www.intoscana.it\/it\/#website\",\"url\":\"https:\/\/www.intoscana.it\/it\/\",\"name\":\"intoscana\",\"description\":\"\",\"potentialAction\":[{\"@type\":\"SearchAction\",\"target\":{\"@type\":\"EntryPoint\",\"urlTemplate\":\"https:\/\/www.intoscana.it\/it\/?s={search_term_string}\"},\"query-input\":{\"@type\":\"PropertyValueSpecification\",\"valueRequired\":true,\"valueName\":\"search_term_string\"}}],\"inLanguage\":\"it-IT\"},{\"@type\":\"Person\",\"@id\":\"https:\/\/www.intoscana.it\/it\/#\/schema\/person\/9223810753230f20bd670fdd322661f8\",\"name\":\"Redazione\",\"url\":\"https:\/\/www.intoscana.it\/it\/author\/redazione\/\"}]}<\/script>\n<!-- \/ Yoast SEO Premium plugin. -->","yoast_head_json":{"title":"Premio paesaggio della Toscana, cos\u00ec si valorizza la bellezza - intoscana","robots":{"index":"index","follow":"follow","max-snippet":"max-snippet:-1","max-image-preview":"max-image-preview:large","max-video-preview":"max-video-preview:-1"},"canonical":"https:\/\/www.intoscana.it\/it\/premio-paesaggio-toscana-2019\/","og_locale":"it_IT","og_type":"article","og_title":"Premio paesaggio della Toscana, cos\u00ec si valorizza la bellezza","og_description":"Il Premio ha l'obiettivo di sostenere e diffondere la tutela e la valorizzazione dei paesaggi regionali. Promosso dall'Osservatorio regionale del paesaggio, scade il 7 gennaio 2020","og_url":"https:\/\/www.intoscana.it\/it\/premio-paesaggio-toscana-2019\/","og_site_name":"intoscana","article_publisher":"https:\/\/www.facebook.com\/intoscana.it","article_published_time":"2019-10-10T10:54:14+00:00","article_modified_time":"2020-05-19T13:27:15+00:00","og_image":[{"width":1200,"height":788,"url":"https:\/\/www.intoscana.it\/wp-content\/uploads\/premio_paesaggio_toscana_2019.jpg","type":"image\/jpeg"}],"author":"Redazione","twitter_card":"summary_large_image","twitter_creator":"@intoscana","twitter_site":"@intoscana","twitter_misc":{"Written by":"Redazione","Est. reading time":"2 minuti"},"schema":{"@context":"https:\/\/schema.org","@graph":[{"@type":"WebPage","@id":"https:\/\/www.intoscana.it\/it\/premio-paesaggio-toscana-2019\/","url":"https:\/\/www.intoscana.it\/it\/premio-paesaggio-toscana-2019\/","name":"Premio paesaggio della Toscana, cos\u00ec si valorizza la bellezza - intoscana","isPartOf":{"@id":"https:\/\/www.intoscana.it\/it\/#website"},"primaryImageOfPage":{"@id":"https:\/\/www.intoscana.it\/it\/premio-paesaggio-toscana-2019\/#primaryimage"},"image":{"@id":"https:\/\/www.intoscana.it\/it\/premio-paesaggio-toscana-2019\/#primaryimage"},"thumbnailUrl":"https:\/\/www.intoscana.it\/wp-content\/uploads\/premio_paesaggio_toscana_2019.jpg","datePublished":"2019-10-10T10:54:14+00:00","dateModified":"2020-05-19T13:27:15+00:00","author":{"@id":"https:\/\/www.intoscana.it\/it\/#\/schema\/person\/9223810753230f20bd670fdd322661f8"},"breadcrumb":{"@id":"https:\/\/www.intoscana.it\/it\/premio-paesaggio-toscana-2019\/#breadcrumb"},"inLanguage":"it-IT","potentialAction":[{"@type":"ReadAction","target":["https:\/\/www.intoscana.it\/it\/premio-paesaggio-toscana-2019\/"]}]},{"@type":"ImageObject","inLanguage":"it-IT","@id":"https:\/\/www.intoscana.it\/it\/premio-paesaggio-toscana-2019\/#primaryimage","url":"https:\/\/www.intoscana.it\/wp-content\/uploads\/premio_paesaggio_toscana_2019.jpg","contentUrl":"https:\/\/www.intoscana.it\/wp-content\/uploads\/premio_paesaggio_toscana_2019.jpg","width":1200,"height":788,"caption":"Premio paesaggio della Toscana 2019"},{"@type":"BreadcrumbList","@id":"https:\/\/www.intoscana.it\/it\/premio-paesaggio-toscana-2019\/#breadcrumb","itemListElement":[{"@type":"ListItem","position":1,"name":"Home","item":"https:\/\/www.intoscana.it\/it\/"},{"@type":"ListItem","position":2,"name":"Premio paesaggio della Toscana, cos\u00ec si valorizza la bellezza"}]},{"@type":"WebSite","@id":"https:\/\/www.intoscana.it\/it\/#website","url":"https:\/\/www.intoscana.it\/it\/","name":"intoscana","description":"","potentialAction":[{"@type":"SearchAction","target":{"@type":"EntryPoint","urlTemplate":"https:\/\/www.intoscana.it\/it\/?s={search_term_string}"},"query-input":{"@type":"PropertyValueSpecification","valueRequired":true,"valueName":"search_term_string"}}],"inLanguage":"it-IT"},{"@type":"Person","@id":"https:\/\/www.intoscana.it\/it\/#\/schema\/person\/9223810753230f20bd670fdd322661f8","name":"Redazione","url":"https:\/\/www.intoscana.it\/it\/author\/redazione\/"}]}},"_links":{"self":[{"href":"https:\/\/www.intoscana.it\/it\/wp-json\/wp\/v2\/posts\/46782","targetHints":{"allow":["GET"]}}],"collection":[{"href":"https:\/\/www.intoscana.it\/it\/wp-json\/wp\/v2\/posts"}],"about":[{"href":"https:\/\/www.intoscana.it\/it\/wp-json\/wp\/v2\/types\/post"}],"author":[{"embeddable":true,"href":"https:\/\/www.intoscana.it\/it\/wp-json\/wp\/v2\/users\/525"}],"replies":[{"embeddable":true,"href":"https:\/\/www.intoscana.it\/it\/wp-json\/wp\/v2\/comments?post=46782"}],"version-history":[{"count":0,"href":"https:\/\/www.intoscana.it\/it\/wp-json\/wp\/v2\/posts\/46782\/revisions"}],"wp:featuredmedia":[{"embeddable":true,"href":"https:\/\/www.intoscana.it\/it\/wp-json\/wp\/v2\/media\/80205"}],"wp:attachment":[{"href":"https:\/\/www.intoscana.it\/it\/wp-json\/wp\/v2\/media?parent=46782"}],"wp:term":[{"taxonomy":"category","embeddable":true,"href":"https:\/\/www.intoscana.it\/it\/wp-json\/wp\/v2\/categories?post=46782"},{"taxonomy":"post_tag","embeddable":true,"href":"https:\/\/www.intoscana.it\/it\/wp-json\/wp\/v2\/tags?post=46782"}],"curies":[{"name":"wp","href":"https:\/\/api.w.org\/{rel}","templated":true}]}}