{"id":46786,"date":"2019-09-27T12:20:09","date_gmt":"2019-09-27T12:20:09","guid":{"rendered":"http:\/\/www.intoscana.it\/la-quercia-delle-checche-candidata-a-diventare-tree-of-the-year-2019\/"},"modified":"2020-05-19T15:27:16","modified_gmt":"2020-05-19T13:27:16","slug":"quercia-checche","status":"publish","type":"post","link":"https:\/\/www.intoscana.it\/it\/quercia-checche\/","title":{"rendered":"La Quercia delle Checche candidata a diventare Tree of the year 2019"},"content":{"rendered":"<p><strong>La maestosa Quercia delle Checche, l&#8217;albero monumentale che ha circa 350 anni e si trova nel comune di Pienza, \u00e8 stata scelta per rappresentare la Toscana e l&#8217;Italia Centrale<\/strong> alla rassegna &#8220;Tree of the Year ITALIA 2019&#8221;, il concorso lanciato dalla Giant Trees Foundation che elegger\u00e0 la quercia italiana che parteciper\u00e0 al concorso europeo Tree Of The Year 2020.<\/p>\n<p><strong>La quercia vincitrice non solo sar\u00e0 eletta &#8220;quercia dell&#8217;anno per l&#8217;Italia&#8221;<\/strong> e ricever\u00e0 il supporto tecnico gratuito da parte del comitato scientifico nazionale ed internazionale di Giant Trees Foundation per la sua salvaguardia, tutela e benessere, ma verr\u00e0 presentata a livello europeo ed entrer\u00e0 in gara con gli alberi vincitori dei contest internazionali per l&#8217;elezione dell&#8217;albero europeo pi\u00f9 importante nel 2020.<\/p>\n<p><img decoding=\"async\" style=\"width: 600px;\" title=\"quercia della checche\" src=\"https:\/\/www.intoscana.it\/shared\/intoscana\/immagini\/ambiente\/quercia-della-checche.jpg\" alt=\"quercia della checche\" height=\"402\" \/><\/p>\n<p>&#8220;Un&#8217;occasione da non perdere \u2013 sottolinea l&#8217;assessore all&#8217;ambiente della Toscana, Federica Fratoni \u2013 che coinvolge uno tra i nostri tesori, la <strong>Quercia delle Checche, riconosciuta come il primo monumento verde in Italia dal Ministero dell&#8217;Ambiente nel 2017<\/strong> e che negli ultimi anni \u00e8 stata purtroppo interessata da una serie di eventi che le hanno provocato danni. Anche per questo facciamo il tifo per lei, fiore all&#8217;occhiello del nostro patrimonio verde, e saremmo davvero lieti di inserirla in un percorso che la tuteli e la valorizzi ancora di pi\u00f9 di quanto gi\u00e0 stiamo facendo noi&#8221;.<\/p>\n<p><strong>La Quercia delle Checche prende il nome dalla grande quantit\u00e0 di gazze che trovano riparo tra i suoi rami, la leggenda popolare la chiama anche Quercia delle Streghe <\/strong>perch\u00e9 sotto le sue chiome si teneva i sabba. \u00c8 <strong>alta quasi 20 metri<\/strong> e allunga le sue braccia per oltre 25 metri. Un tempo faceva parte di un intero bosco di querce ed \u00e8 sopravvisuta al taglio solo per la sua imponente mole. Ha conosciuto ben pi\u00f9 di una guerra, ed \u00e8 stata utilizzata anche come nascondiglio da parte dei partigiani durante il secondo conflitto mondiale.<\/p>\n","protected":false},"excerpt":{"rendered":"<p>Il monumentale albero vecchio 350 anni, che si trova nel comune di Pienza, rappresenta la Toscana e l&#8217;Italia Centrale al concorso europeo<\/p>\n","protected":false},"author":525,"featured_media":80209,"comment_status":"open","ping_status":"open","sticky":false,"template":"","format":"standard","meta":{"_acf_changed":false,"footnotes":""},"categories":[19],"tags":[177,372],"class_list":["post-46786","post","type-post","status-publish","format-standard","has-post-thumbnail","hentry","category-ambiente","tag-ambiente","tag-natura"],"acf":[],"yoast_head":"<!-- This site is optimized with the Yoast SEO Premium plugin v24.2 (Yoast SEO v25.6) - https:\/\/yoast.com\/wordpress\/plugins\/seo\/ -->\n<title>La Quercia delle Checche candidata a diventare Tree of the year 2019 - intoscana<\/title>\n<meta name=\"robots\" content=\"index, follow, max-snippet:-1, max-image-preview:large, max-video-preview:-1\" \/>\n<link rel=\"canonical\" href=\"https:\/\/www.intoscana.it\/it\/quercia-checche\/\" \/>\n<meta property=\"og:locale\" content=\"it_IT\" \/>\n<meta property=\"og:type\" content=\"article\" \/>\n<meta property=\"og:title\" content=\"La Quercia delle Checche candidata a diventare Tree of the year 2019\" \/>\n<meta property=\"og:description\" content=\"Il monumentale albero vecchio 350 anni, che si trova nel comune di Pienza, rappresenta la Toscana e l&#039;Italia Centrale al concorso europeo\" \/>\n<meta property=\"og:url\" content=\"https:\/\/www.intoscana.it\/it\/quercia-checche\/\" \/>\n<meta property=\"og:site_name\" content=\"intoscana\" \/>\n<meta property=\"article:publisher\" content=\"https:\/\/www.facebook.com\/intoscana.it\" \/>\n<meta property=\"article:published_time\" content=\"2019-09-27T12:20:09+00:00\" \/>\n<meta property=\"article:modified_time\" content=\"2020-05-19T13:27:16+00:00\" \/>\n<meta property=\"og:image\" content=\"https:\/\/www.intoscana.it\/wp-content\/uploads\/IMG_5379-1.jpg\" \/>\n\t<meta property=\"og:image:width\" content=\"1000\" \/>\n\t<meta property=\"og:image:height\" content=\"666\" \/>\n\t<meta property=\"og:image:type\" content=\"image\/jpeg\" \/>\n<meta name=\"author\" content=\"Redazione\" \/>\n<meta name=\"twitter:card\" content=\"summary_large_image\" \/>\n<meta name=\"twitter:creator\" content=\"@intoscana\" \/>\n<meta name=\"twitter:site\" content=\"@intoscana\" \/>\n<meta name=\"twitter:label1\" content=\"Written by\" \/>\n\t<meta name=\"twitter:data1\" content=\"Redazione\" \/>\n\t<meta name=\"twitter:label2\" content=\"Est. reading time\" \/>\n\t<meta name=\"twitter:data2\" content=\"1 minuto\" \/>\n<script type=\"application\/ld+json\" class=\"yoast-schema-graph\">{\"@context\":\"https:\/\/schema.org\",\"@graph\":[{\"@type\":\"WebPage\",\"@id\":\"https:\/\/www.intoscana.it\/it\/quercia-checche\/\",\"url\":\"https:\/\/www.intoscana.it\/it\/quercia-checche\/\",\"name\":\"La Quercia delle Checche candidata a diventare Tree of the year 2019 - intoscana\",\"isPartOf\":{\"@id\":\"https:\/\/www.intoscana.it\/it\/#website\"},\"primaryImageOfPage\":{\"@id\":\"https:\/\/www.intoscana.it\/it\/quercia-checche\/#primaryimage\"},\"image\":{\"@id\":\"https:\/\/www.intoscana.it\/it\/quercia-checche\/#primaryimage\"},\"thumbnailUrl\":\"https:\/\/www.intoscana.it\/wp-content\/uploads\/IMG_5379-1.jpg\",\"datePublished\":\"2019-09-27T12:20:09+00:00\",\"dateModified\":\"2020-05-19T13:27:16+00:00\",\"author\":{\"@id\":\"https:\/\/www.intoscana.it\/it\/#\/schema\/person\/9223810753230f20bd670fdd322661f8\"},\"breadcrumb\":{\"@id\":\"https:\/\/www.intoscana.it\/it\/quercia-checche\/#breadcrumb\"},\"inLanguage\":\"it-IT\",\"potentialAction\":[{\"@type\":\"ReadAction\",\"target\":[\"https:\/\/www.intoscana.it\/it\/quercia-checche\/\"]}]},{\"@type\":\"ImageObject\",\"inLanguage\":\"it-IT\",\"@id\":\"https:\/\/www.intoscana.it\/it\/quercia-checche\/#primaryimage\",\"url\":\"https:\/\/www.intoscana.it\/wp-content\/uploads\/IMG_5379-1.jpg\",\"contentUrl\":\"https:\/\/www.intoscana.it\/wp-content\/uploads\/IMG_5379-1.jpg\",\"width\":1000,\"height\":666,\"caption\":\"La Quercia delle Checche\"},{\"@type\":\"BreadcrumbList\",\"@id\":\"https:\/\/www.intoscana.it\/it\/quercia-checche\/#breadcrumb\",\"itemListElement\":[{\"@type\":\"ListItem\",\"position\":1,\"name\":\"Home\",\"item\":\"https:\/\/www.intoscana.it\/it\/\"},{\"@type\":\"ListItem\",\"position\":2,\"name\":\"La Quercia delle Checche candidata a diventare Tree of the year 2019\"}]},{\"@type\":\"WebSite\",\"@id\":\"https:\/\/www.intoscana.it\/it\/#website\",\"url\":\"https:\/\/www.intoscana.it\/it\/\",\"name\":\"intoscana\",\"description\":\"\",\"potentialAction\":[{\"@type\":\"SearchAction\",\"target\":{\"@type\":\"EntryPoint\",\"urlTemplate\":\"https:\/\/www.intoscana.it\/it\/?s={search_term_string}\"},\"query-input\":{\"@type\":\"PropertyValueSpecification\",\"valueRequired\":true,\"valueName\":\"search_term_string\"}}],\"inLanguage\":\"it-IT\"},{\"@type\":\"Person\",\"@id\":\"https:\/\/www.intoscana.it\/it\/#\/schema\/person\/9223810753230f20bd670fdd322661f8\",\"name\":\"Redazione\",\"url\":\"https:\/\/www.intoscana.it\/it\/author\/redazione\/\"}]}<\/script>\n<!-- \/ Yoast SEO Premium plugin. -->","yoast_head_json":{"title":"La Quercia delle Checche candidata a diventare Tree of the year 2019 - intoscana","robots":{"index":"index","follow":"follow","max-snippet":"max-snippet:-1","max-image-preview":"max-image-preview:large","max-video-preview":"max-video-preview:-1"},"canonical":"https:\/\/www.intoscana.it\/it\/quercia-checche\/","og_locale":"it_IT","og_type":"article","og_title":"La Quercia delle Checche candidata a diventare Tree of the year 2019","og_description":"Il monumentale albero vecchio 350 anni, che si trova nel comune di Pienza, rappresenta la Toscana e l'Italia Centrale al concorso europeo","og_url":"https:\/\/www.intoscana.it\/it\/quercia-checche\/","og_site_name":"intoscana","article_publisher":"https:\/\/www.facebook.com\/intoscana.it","article_published_time":"2019-09-27T12:20:09+00:00","article_modified_time":"2020-05-19T13:27:16+00:00","og_image":[{"width":1000,"height":666,"url":"https:\/\/www.intoscana.it\/wp-content\/uploads\/IMG_5379-1.jpg","type":"image\/jpeg"}],"author":"Redazione","twitter_card":"summary_large_image","twitter_creator":"@intoscana","twitter_site":"@intoscana","twitter_misc":{"Written by":"Redazione","Est. reading time":"1 minuto"},"schema":{"@context":"https:\/\/schema.org","@graph":[{"@type":"WebPage","@id":"https:\/\/www.intoscana.it\/it\/quercia-checche\/","url":"https:\/\/www.intoscana.it\/it\/quercia-checche\/","name":"La Quercia delle Checche candidata a diventare Tree of the year 2019 - intoscana","isPartOf":{"@id":"https:\/\/www.intoscana.it\/it\/#website"},"primaryImageOfPage":{"@id":"https:\/\/www.intoscana.it\/it\/quercia-checche\/#primaryimage"},"image":{"@id":"https:\/\/www.intoscana.it\/it\/quercia-checche\/#primaryimage"},"thumbnailUrl":"https:\/\/www.intoscana.it\/wp-content\/uploads\/IMG_5379-1.jpg","datePublished":"2019-09-27T12:20:09+00:00","dateModified":"2020-05-19T13:27:16+00:00","author":{"@id":"https:\/\/www.intoscana.it\/it\/#\/schema\/person\/9223810753230f20bd670fdd322661f8"},"breadcrumb":{"@id":"https:\/\/www.intoscana.it\/it\/quercia-checche\/#breadcrumb"},"inLanguage":"it-IT","potentialAction":[{"@type":"ReadAction","target":["https:\/\/www.intoscana.it\/it\/quercia-checche\/"]}]},{"@type":"ImageObject","inLanguage":"it-IT","@id":"https:\/\/www.intoscana.it\/it\/quercia-checche\/#primaryimage","url":"https:\/\/www.intoscana.it\/wp-content\/uploads\/IMG_5379-1.jpg","contentUrl":"https:\/\/www.intoscana.it\/wp-content\/uploads\/IMG_5379-1.jpg","width":1000,"height":666,"caption":"La Quercia delle Checche"},{"@type":"BreadcrumbList","@id":"https:\/\/www.intoscana.it\/it\/quercia-checche\/#breadcrumb","itemListElement":[{"@type":"ListItem","position":1,"name":"Home","item":"https:\/\/www.intoscana.it\/it\/"},{"@type":"ListItem","position":2,"name":"La Quercia delle Checche candidata a diventare Tree of the year 2019"}]},{"@type":"WebSite","@id":"https:\/\/www.intoscana.it\/it\/#website","url":"https:\/\/www.intoscana.it\/it\/","name":"intoscana","description":"","potentialAction":[{"@type":"SearchAction","target":{"@type":"EntryPoint","urlTemplate":"https:\/\/www.intoscana.it\/it\/?s={search_term_string}"},"query-input":{"@type":"PropertyValueSpecification","valueRequired":true,"valueName":"search_term_string"}}],"inLanguage":"it-IT"},{"@type":"Person","@id":"https:\/\/www.intoscana.it\/it\/#\/schema\/person\/9223810753230f20bd670fdd322661f8","name":"Redazione","url":"https:\/\/www.intoscana.it\/it\/author\/redazione\/"}]}},"_links":{"self":[{"href":"https:\/\/www.intoscana.it\/it\/wp-json\/wp\/v2\/posts\/46786","targetHints":{"allow":["GET"]}}],"collection":[{"href":"https:\/\/www.intoscana.it\/it\/wp-json\/wp\/v2\/posts"}],"about":[{"href":"https:\/\/www.intoscana.it\/it\/wp-json\/wp\/v2\/types\/post"}],"author":[{"embeddable":true,"href":"https:\/\/www.intoscana.it\/it\/wp-json\/wp\/v2\/users\/525"}],"replies":[{"embeddable":true,"href":"https:\/\/www.intoscana.it\/it\/wp-json\/wp\/v2\/comments?post=46786"}],"version-history":[{"count":0,"href":"https:\/\/www.intoscana.it\/it\/wp-json\/wp\/v2\/posts\/46786\/revisions"}],"wp:featuredmedia":[{"embeddable":true,"href":"https:\/\/www.intoscana.it\/it\/wp-json\/wp\/v2\/media\/80209"}],"wp:attachment":[{"href":"https:\/\/www.intoscana.it\/it\/wp-json\/wp\/v2\/media?parent=46786"}],"wp:term":[{"taxonomy":"category","embeddable":true,"href":"https:\/\/www.intoscana.it\/it\/wp-json\/wp\/v2\/categories?post=46786"},{"taxonomy":"post_tag","embeddable":true,"href":"https:\/\/www.intoscana.it\/it\/wp-json\/wp\/v2\/tags?post=46786"}],"curies":[{"name":"wp","href":"https:\/\/api.w.org\/{rel}","templated":true}]}}