{"id":46789,"date":"2019-10-24T10:47:08","date_gmt":"2019-10-24T08:47:08","guid":{"rendered":"http:\/\/www.intoscana.it\/a-firenze-arrivano-alberi-mangia-smog-saranno-piantati-al-galluzzo\/"},"modified":"2021-11-18T12:51:16","modified_gmt":"2021-11-18T11:51:16","slug":"alberi-smog-firenze","status":"publish","type":"post","link":"https:\/\/www.intoscana.it\/it\/alberi-smog-firenze\/","title":{"rendered":"A Firenze arrivano alberi mangia-smog: saranno piantati al Galluzzo"},"content":{"rendered":"<p><strong>Un nuovo volto in arrivo per piazza don Pietro Puliti, la seconda piazza del Galluzzo, a Firenze.<\/strong> Diventa realt\u00e0 il progetto di riqualificazione ambientale da 100mila euro che prevede <strong>diciassetti alberi &#8216;mangia smog&#8217;:<\/strong> lo ha stabilito la Giunta di Palazzo Vecchio nel corso dell&#8217;ultima seduta, dove \u00e8 stato dato approvato il progetto definitivo presentato dall&#8217;assessore all&#8217;ambiente Cecilia Del Re. <\/p>\n<p><strong>L&#8217;area manterr\u00e0 la sua funzione di parcheggio ma sar\u00e0 riqualificata e &#8216;mitigata&#8217; con l&#8217;inserimento di un filare di 11 platani, quattro bagolari e due pioppi bianchi maschi,<\/strong> per i quali sar\u00e0 resa permeabile una parte della pavimentazione che contribuir\u00e0 a migliorare le condizioni ambientali della piazza. Il progetto prevede l&#8217;inserimento di alberi nel parcheggio e la resa permeabile di una parte della superficie per dare una buona copertura di chiome e migliorare le condizioni ambientali della piazza.<\/p>\n<p>&#8220;Un progetto di riqualificazione ambientale che dar\u00e0 un nuovo volto alla piazza <strong>migliorando non solo l&#8217;aspetto estetico, anche la qualit\u00e0 dell&#8217;aria nella zona<\/strong> &#8211; ha detto Del Re &#8211; un investimento da 100mila euro che conferma le attuali esigenze funzionali con la destinazione a parcheggio, ma va incontro alla volont\u00e0 di una mitigazione ambientale maturata per la seconda piazza del Galluzzo. Il parcheggio verde \u00e8 un indirizzo da seguire per tutte le aree destinate a parcheggio in citt\u00e0: gli alberi, oltre a migliorare l&#8217;aspetto estetico dei parcheggi, portano benefici al miglioramento della qualit\u00e0 dell&#8217;aria filtrando gli inquinanti&#8221;.<\/p>\n","protected":false},"excerpt":{"rendered":"<p>Un nuovo volto verde per piazza Puliti: qui sar\u00e0 inserito un filare di 27 piante in tutto tra platani, bagolari e pioppi bianchi<\/p>\n","protected":false},"author":525,"featured_media":80212,"comment_status":"open","ping_status":"open","sticky":false,"template":"","format":"standard","meta":{"_acf_changed":false,"footnotes":""},"categories":[19],"tags":[3566,177,202],"class_list":["post-46789","post","type-post","status-publish","format-standard","has-post-thumbnail","hentry","category-ambiente","tag-alberi","tag-ambiente","tag-firenze"],"acf":[],"yoast_head":"<!-- This site is optimized with the Yoast SEO Premium plugin v24.2 (Yoast SEO v25.6) - https:\/\/yoast.com\/wordpress\/plugins\/seo\/ -->\n<title>A Firenze arrivano alberi mangia-smog: saranno piantati al Galluzzo - intoscana<\/title>\n<meta name=\"robots\" content=\"index, follow, max-snippet:-1, max-image-preview:large, max-video-preview:-1\" \/>\n<link rel=\"canonical\" href=\"https:\/\/www.intoscana.it\/it\/alberi-smog-firenze\/\" \/>\n<meta property=\"og:locale\" content=\"it_IT\" \/>\n<meta property=\"og:type\" content=\"article\" \/>\n<meta property=\"og:title\" content=\"A Firenze arrivano alberi mangia-smog: saranno piantati al Galluzzo\" \/>\n<meta property=\"og:description\" content=\"Un nuovo volto verde per piazza Puliti: qui sar\u00e0 inserito un filare di 27 piante in tutto tra platani, bagolari e pioppi bianchi\" \/>\n<meta property=\"og:url\" content=\"https:\/\/www.intoscana.it\/it\/alberi-smog-firenze\/\" \/>\n<meta property=\"og:site_name\" content=\"intoscana\" \/>\n<meta property=\"article:publisher\" content=\"https:\/\/www.facebook.com\/intoscana.it\" \/>\n<meta property=\"article:published_time\" content=\"2019-10-24T08:47:08+00:00\" \/>\n<meta property=\"article:modified_time\" content=\"2021-11-18T11:51:16+00:00\" \/>\n<meta property=\"og:image\" content=\"https:\/\/www.intoscana.it\/wp-content\/uploads\/albero-1.jpg\" \/>\n\t<meta property=\"og:image:width\" content=\"1200\" \/>\n\t<meta property=\"og:image:height\" content=\"900\" \/>\n\t<meta property=\"og:image:type\" content=\"image\/jpeg\" \/>\n<meta name=\"author\" content=\"Redazione\" \/>\n<meta name=\"twitter:card\" content=\"summary_large_image\" \/>\n<meta name=\"twitter:creator\" content=\"@intoscana\" \/>\n<meta name=\"twitter:site\" content=\"@intoscana\" \/>\n<meta name=\"twitter:label1\" content=\"Written by\" \/>\n\t<meta name=\"twitter:data1\" content=\"Redazione\" \/>\n\t<meta name=\"twitter:label2\" content=\"Est. reading time\" \/>\n\t<meta name=\"twitter:data2\" content=\"1 minuto\" \/>\n<script type=\"application\/ld+json\" class=\"yoast-schema-graph\">{\"@context\":\"https:\/\/schema.org\",\"@graph\":[{\"@type\":\"WebPage\",\"@id\":\"https:\/\/www.intoscana.it\/it\/alberi-smog-firenze\/\",\"url\":\"https:\/\/www.intoscana.it\/it\/alberi-smog-firenze\/\",\"name\":\"A Firenze arrivano alberi mangia-smog: saranno piantati al Galluzzo - intoscana\",\"isPartOf\":{\"@id\":\"https:\/\/www.intoscana.it\/it\/#website\"},\"primaryImageOfPage\":{\"@id\":\"https:\/\/www.intoscana.it\/it\/alberi-smog-firenze\/#primaryimage\"},\"image\":{\"@id\":\"https:\/\/www.intoscana.it\/it\/alberi-smog-firenze\/#primaryimage\"},\"thumbnailUrl\":\"https:\/\/www.intoscana.it\/wp-content\/uploads\/albero-1.jpg\",\"datePublished\":\"2019-10-24T08:47:08+00:00\",\"dateModified\":\"2021-11-18T11:51:16+00:00\",\"author\":{\"@id\":\"https:\/\/www.intoscana.it\/it\/#\/schema\/person\/9223810753230f20bd670fdd322661f8\"},\"breadcrumb\":{\"@id\":\"https:\/\/www.intoscana.it\/it\/alberi-smog-firenze\/#breadcrumb\"},\"inLanguage\":\"it-IT\",\"potentialAction\":[{\"@type\":\"ReadAction\",\"target\":[\"https:\/\/www.intoscana.it\/it\/alberi-smog-firenze\/\"]}]},{\"@type\":\"ImageObject\",\"inLanguage\":\"it-IT\",\"@id\":\"https:\/\/www.intoscana.it\/it\/alberi-smog-firenze\/#primaryimage\",\"url\":\"https:\/\/www.intoscana.it\/wp-content\/uploads\/albero-1.jpg\",\"contentUrl\":\"https:\/\/www.intoscana.it\/wp-content\/uploads\/albero-1.jpg\",\"width\":1200,\"height\":900,\"caption\":\"Albero\"},{\"@type\":\"BreadcrumbList\",\"@id\":\"https:\/\/www.intoscana.it\/it\/alberi-smog-firenze\/#breadcrumb\",\"itemListElement\":[{\"@type\":\"ListItem\",\"position\":1,\"name\":\"Home\",\"item\":\"https:\/\/www.intoscana.it\/it\/\"},{\"@type\":\"ListItem\",\"position\":2,\"name\":\"A Firenze arrivano alberi mangia-smog: saranno piantati al Galluzzo\"}]},{\"@type\":\"WebSite\",\"@id\":\"https:\/\/www.intoscana.it\/it\/#website\",\"url\":\"https:\/\/www.intoscana.it\/it\/\",\"name\":\"intoscana\",\"description\":\"\",\"potentialAction\":[{\"@type\":\"SearchAction\",\"target\":{\"@type\":\"EntryPoint\",\"urlTemplate\":\"https:\/\/www.intoscana.it\/it\/?s={search_term_string}\"},\"query-input\":{\"@type\":\"PropertyValueSpecification\",\"valueRequired\":true,\"valueName\":\"search_term_string\"}}],\"inLanguage\":\"it-IT\"},{\"@type\":\"Person\",\"@id\":\"https:\/\/www.intoscana.it\/it\/#\/schema\/person\/9223810753230f20bd670fdd322661f8\",\"name\":\"Redazione\",\"url\":\"https:\/\/www.intoscana.it\/it\/author\/redazione\/\"}]}<\/script>\n<!-- \/ Yoast SEO Premium plugin. -->","yoast_head_json":{"title":"A Firenze arrivano alberi mangia-smog: saranno piantati al Galluzzo - intoscana","robots":{"index":"index","follow":"follow","max-snippet":"max-snippet:-1","max-image-preview":"max-image-preview:large","max-video-preview":"max-video-preview:-1"},"canonical":"https:\/\/www.intoscana.it\/it\/alberi-smog-firenze\/","og_locale":"it_IT","og_type":"article","og_title":"A Firenze arrivano alberi mangia-smog: saranno piantati al Galluzzo","og_description":"Un nuovo volto verde per piazza Puliti: qui sar\u00e0 inserito un filare di 27 piante in tutto tra platani, bagolari e pioppi bianchi","og_url":"https:\/\/www.intoscana.it\/it\/alberi-smog-firenze\/","og_site_name":"intoscana","article_publisher":"https:\/\/www.facebook.com\/intoscana.it","article_published_time":"2019-10-24T08:47:08+00:00","article_modified_time":"2021-11-18T11:51:16+00:00","og_image":[{"width":1200,"height":900,"url":"https:\/\/www.intoscana.it\/wp-content\/uploads\/albero-1.jpg","type":"image\/jpeg"}],"author":"Redazione","twitter_card":"summary_large_image","twitter_creator":"@intoscana","twitter_site":"@intoscana","twitter_misc":{"Written by":"Redazione","Est. reading time":"1 minuto"},"schema":{"@context":"https:\/\/schema.org","@graph":[{"@type":"WebPage","@id":"https:\/\/www.intoscana.it\/it\/alberi-smog-firenze\/","url":"https:\/\/www.intoscana.it\/it\/alberi-smog-firenze\/","name":"A Firenze arrivano alberi mangia-smog: saranno piantati al Galluzzo - intoscana","isPartOf":{"@id":"https:\/\/www.intoscana.it\/it\/#website"},"primaryImageOfPage":{"@id":"https:\/\/www.intoscana.it\/it\/alberi-smog-firenze\/#primaryimage"},"image":{"@id":"https:\/\/www.intoscana.it\/it\/alberi-smog-firenze\/#primaryimage"},"thumbnailUrl":"https:\/\/www.intoscana.it\/wp-content\/uploads\/albero-1.jpg","datePublished":"2019-10-24T08:47:08+00:00","dateModified":"2021-11-18T11:51:16+00:00","author":{"@id":"https:\/\/www.intoscana.it\/it\/#\/schema\/person\/9223810753230f20bd670fdd322661f8"},"breadcrumb":{"@id":"https:\/\/www.intoscana.it\/it\/alberi-smog-firenze\/#breadcrumb"},"inLanguage":"it-IT","potentialAction":[{"@type":"ReadAction","target":["https:\/\/www.intoscana.it\/it\/alberi-smog-firenze\/"]}]},{"@type":"ImageObject","inLanguage":"it-IT","@id":"https:\/\/www.intoscana.it\/it\/alberi-smog-firenze\/#primaryimage","url":"https:\/\/www.intoscana.it\/wp-content\/uploads\/albero-1.jpg","contentUrl":"https:\/\/www.intoscana.it\/wp-content\/uploads\/albero-1.jpg","width":1200,"height":900,"caption":"Albero"},{"@type":"BreadcrumbList","@id":"https:\/\/www.intoscana.it\/it\/alberi-smog-firenze\/#breadcrumb","itemListElement":[{"@type":"ListItem","position":1,"name":"Home","item":"https:\/\/www.intoscana.it\/it\/"},{"@type":"ListItem","position":2,"name":"A Firenze arrivano alberi mangia-smog: saranno piantati al Galluzzo"}]},{"@type":"WebSite","@id":"https:\/\/www.intoscana.it\/it\/#website","url":"https:\/\/www.intoscana.it\/it\/","name":"intoscana","description":"","potentialAction":[{"@type":"SearchAction","target":{"@type":"EntryPoint","urlTemplate":"https:\/\/www.intoscana.it\/it\/?s={search_term_string}"},"query-input":{"@type":"PropertyValueSpecification","valueRequired":true,"valueName":"search_term_string"}}],"inLanguage":"it-IT"},{"@type":"Person","@id":"https:\/\/www.intoscana.it\/it\/#\/schema\/person\/9223810753230f20bd670fdd322661f8","name":"Redazione","url":"https:\/\/www.intoscana.it\/it\/author\/redazione\/"}]}},"_links":{"self":[{"href":"https:\/\/www.intoscana.it\/it\/wp-json\/wp\/v2\/posts\/46789","targetHints":{"allow":["GET"]}}],"collection":[{"href":"https:\/\/www.intoscana.it\/it\/wp-json\/wp\/v2\/posts"}],"about":[{"href":"https:\/\/www.intoscana.it\/it\/wp-json\/wp\/v2\/types\/post"}],"author":[{"embeddable":true,"href":"https:\/\/www.intoscana.it\/it\/wp-json\/wp\/v2\/users\/525"}],"replies":[{"embeddable":true,"href":"https:\/\/www.intoscana.it\/it\/wp-json\/wp\/v2\/comments?post=46789"}],"version-history":[{"count":0,"href":"https:\/\/www.intoscana.it\/it\/wp-json\/wp\/v2\/posts\/46789\/revisions"}],"wp:featuredmedia":[{"embeddable":true,"href":"https:\/\/www.intoscana.it\/it\/wp-json\/wp\/v2\/media\/80212"}],"wp:attachment":[{"href":"https:\/\/www.intoscana.it\/it\/wp-json\/wp\/v2\/media?parent=46789"}],"wp:term":[{"taxonomy":"category","embeddable":true,"href":"https:\/\/www.intoscana.it\/it\/wp-json\/wp\/v2\/categories?post=46789"},{"taxonomy":"post_tag","embeddable":true,"href":"https:\/\/www.intoscana.it\/it\/wp-json\/wp\/v2\/tags?post=46789"}],"curies":[{"name":"wp","href":"https:\/\/api.w.org\/{rel}","templated":true}]}}