{"id":46881,"date":"2019-04-08T14:45:56","date_gmt":"2019-04-08T14:45:56","guid":{"rendered":"http:\/\/www.intoscana.it\/la-toscana-contro-il-cambiamento-climatico-obiettivo-emissioni-zero-entro-il-2050\/"},"modified":"2020-05-18T11:48:07","modified_gmt":"2020-05-18T09:48:07","slug":"la-toscana-contro-il-cambiamento-climatico-obiettivo-emissioni-zero-entro-il-2050","status":"publish","type":"post","link":"https:\/\/www.intoscana.it\/it\/la-toscana-contro-il-cambiamento-climatico-obiettivo-emissioni-zero-entro-il-2050\/","title":{"rendered":"La Toscana contro il cambiamento climatico: obiettivo emissioni zero entro il 2050"},"content":{"rendered":"<p><strong>La Toscana prende molto sul serio il problema del &#8216;global warming&#8217;<\/strong> ovvero del <strong>cambiamento climatico<\/strong> e&nbsp;in attuazione dell&#8217;<strong>Agenda 2030 delle Nazioni Unite<\/strong> ha dato il via al processo di redazione della<em><strong> Strategia regionale per la sostenibilit\u00e0<\/strong><\/em>. La Regione&nbsp;intende mettere in campo, anche con il<strong> supporto finanziario che arriva dal Ministero dell&#8217;Ambiente<\/strong>, una serie di strumenti volti a individuare gli interventi pi\u00f9 utili a raggiungere gli obiettivi di uno sviluppo che sappia associare alla crescita economica anche i temi della<strong> tutela dell&#8217;ambiente e della equit\u00e0 sociale.<\/strong>&nbsp;<\/p>\n<p><strong>Cuore della nuova strategia: i cambiamenti climatici<\/strong> con l&#8217;obiettivo di <strong>un bilancio di emissioni tendente allo zero entro il 2050<\/strong>. Le <strong>Universit\u00e0 di Firenze, Siena e Pisa, oltre alla Scuola Superiore Sant&#8217;Anna<\/strong> assisteranno la Regione da un punto di vista scientifico nella elaborazione dei contenuti della Strategia, ma grande importanza sar\u00e0 data alla <strong>implementazione di sistemi innovativi di partecipazione attiva dei cittadini<\/strong>.<\/p>\n<p>La Strategia toscana, cos\u00ec come adottata dalla Giunta regionale prevede infatti l&#8217;istituzione di un <strong>Forum della Sostenibilit\u00e0<\/strong> presieduto dall&#8217;assessore all&#8217;ambiente e difesa del suolo, quale luogo in cui sviluppare iniziative ampie di partecipazione volte a raccogliere le sollecitazioni che arriveranno dai cittadini, dalle associazioni, dalle imprese. <strong>Saranno attivati forum sia virtuali che territoriali,<\/strong> nonch\u00e9 avviato un percorso con le scuole teso a coinvolgere i giovani attraverso un utilizzo estensivo dei canali social.<\/p>\n<p><strong>Sar\u00e0 istituita una &#8216;cabina di regia&#8217; presso la Presidenza della Regione<\/strong> e sar\u00e0 composta dagli assessori competenti in materia di ambiente, sviluppo economico, e politiche sociali per definire la Strategia regionale dello sviluppo sostenibile, le azioni e le politiche inerenti la sua attuazione, il monitoraggio e gli aggiornamenti periodici. Ai lavori della cabina parteciper\u00e0<strong> il presidente dell&#8217;Anci Toscana<\/strong>. Uno dei compiti della cabina sar\u00e0 quello di curare il raccordo interistituzionale con la Commissione nazionale per lo sviluppo sostenibile istituita presso la presidenza del Consiglio dei ministri e con i tavoli di confronto per il coordinamento degli strumenti di programmazione regionale con la Strategia nazionale.<\/p>\n<p><strong>Sar\u00e0 istituito anche un tavolo tecnico<\/strong> composto dai referenti di ciascuna direzione della Giunta regionale nominati dai direttori a presidio delle tematiche settoriali afferenti l&#8217;Agenda 2030 per l&#8217;integrazione con le dimensioni chiave della sostenibilit\u00e0 e da un referente di Anci Toscana. Dovr\u00e0 gestire l&#8217;attuazione delle <strong>azioni che saranno svolte nell&#8217;ambito di specifici accordi di collaborazione scientifica da stipularsi con le Universit\u00e0 e scuole universitarie della Toscana<\/strong>, incluso quello con l&#8217;Universit\u00e0 di Pisa in relazione al progetto <strong>Toscana Green 2050,<\/strong> ovvero Forum regionale per lo sviluppo sostenibile.<\/p>\n<p>Il processo di elaborazione della strategia, che si avvarr\u00e0 anche del contributo scientifico delle Universit\u00e0 toscane, vedr\u00e0 il coinvolgimento delle istituzioni locali e, per garantire la massima partecipazione di tutta la societ\u00e0 civile, di un <strong>&#8220;Forum regionale per lo Sviluppo Sostenibile&#8221;<\/strong>, presieduto dall&#8217;assessore regionale all&#8217;ambiente.<\/p>\n","protected":false},"excerpt":{"rendered":"<p>Le Universit\u00e0 di Firenze, Siena e Pisa, oltre alla Scuola Superiore Sant&#8217;Anna assisteranno la Regione da un punto di vista scientifico nella elaborazione dei contenuti<\/p>\n","protected":false},"author":525,"featured_media":80304,"comment_status":"open","ping_status":"open","sticky":false,"template":"","format":"standard","meta":{"_acf_changed":false,"footnotes":""},"categories":[19],"tags":[],"class_list":["post-46881","post","type-post","status-publish","format-standard","has-post-thumbnail","hentry","category-ambiente"],"acf":[],"yoast_head":"<!-- This site is optimized with the Yoast SEO Premium plugin v24.2 (Yoast SEO v25.6) - https:\/\/yoast.com\/wordpress\/plugins\/seo\/ -->\n<title>La Toscana contro il cambiamento climatico: obiettivo emissioni zero entro il 2050 - intoscana<\/title>\n<meta name=\"description\" content=\"La Toscana contro il cambiamento climatico: obiettivo emissioni zero entro il 2050\" \/>\n<meta name=\"robots\" content=\"index, follow, max-snippet:-1, max-image-preview:large, max-video-preview:-1\" \/>\n<link rel=\"canonical\" href=\"https:\/\/www.intoscana.it\/it\/la-toscana-contro-il-cambiamento-climatico-obiettivo-emissioni-zero-entro-il-2050\/\" \/>\n<meta property=\"og:locale\" content=\"it_IT\" \/>\n<meta property=\"og:type\" content=\"article\" \/>\n<meta property=\"og:title\" content=\"La Toscana contro il cambiamento climatico: obiettivo emissioni zero entro il 2050\" \/>\n<meta property=\"og:description\" content=\"La Toscana contro il cambiamento climatico: obiettivo emissioni zero entro il 2050\" \/>\n<meta property=\"og:url\" content=\"https:\/\/www.intoscana.it\/it\/la-toscana-contro-il-cambiamento-climatico-obiettivo-emissioni-zero-entro-il-2050\/\" \/>\n<meta property=\"og:site_name\" content=\"intoscana\" \/>\n<meta property=\"article:publisher\" content=\"https:\/\/www.facebook.com\/intoscana.it\" \/>\n<meta property=\"article:published_time\" content=\"2019-04-08T14:45:56+00:00\" \/>\n<meta property=\"article:modified_time\" content=\"2020-05-18T09:48:07+00:00\" \/>\n<meta property=\"og:image\" content=\"https:\/\/www.intoscana.it\/wp-content\/uploads\/b20ea50875712bbcad7a6a0ada416cd7-5.jpg\" \/>\n\t<meta property=\"og:image:width\" content=\"520\" \/>\n\t<meta property=\"og:image:height\" content=\"416\" \/>\n\t<meta property=\"og:image:type\" content=\"image\/jpeg\" \/>\n<meta name=\"author\" content=\"Redazione\" \/>\n<meta name=\"twitter:card\" content=\"summary_large_image\" \/>\n<meta name=\"twitter:creator\" content=\"@intoscana\" \/>\n<meta name=\"twitter:site\" content=\"@intoscana\" \/>\n<meta name=\"twitter:label1\" content=\"Written by\" \/>\n\t<meta name=\"twitter:data1\" content=\"Redazione\" \/>\n\t<meta name=\"twitter:label2\" content=\"Est. reading time\" \/>\n\t<meta name=\"twitter:data2\" content=\"2 minuti\" \/>\n<script type=\"application\/ld+json\" class=\"yoast-schema-graph\">{\"@context\":\"https:\/\/schema.org\",\"@graph\":[{\"@type\":\"WebPage\",\"@id\":\"https:\/\/www.intoscana.it\/it\/la-toscana-contro-il-cambiamento-climatico-obiettivo-emissioni-zero-entro-il-2050\/\",\"url\":\"https:\/\/www.intoscana.it\/it\/la-toscana-contro-il-cambiamento-climatico-obiettivo-emissioni-zero-entro-il-2050\/\",\"name\":\"La Toscana contro il cambiamento climatico: obiettivo emissioni zero entro il 2050 - intoscana\",\"isPartOf\":{\"@id\":\"https:\/\/www.intoscana.it\/it\/#website\"},\"primaryImageOfPage\":{\"@id\":\"https:\/\/www.intoscana.it\/it\/la-toscana-contro-il-cambiamento-climatico-obiettivo-emissioni-zero-entro-il-2050\/#primaryimage\"},\"image\":{\"@id\":\"https:\/\/www.intoscana.it\/it\/la-toscana-contro-il-cambiamento-climatico-obiettivo-emissioni-zero-entro-il-2050\/#primaryimage\"},\"thumbnailUrl\":\"https:\/\/www.intoscana.it\/wp-content\/uploads\/b20ea50875712bbcad7a6a0ada416cd7-5.jpg\",\"datePublished\":\"2019-04-08T14:45:56+00:00\",\"dateModified\":\"2020-05-18T09:48:07+00:00\",\"author\":{\"@id\":\"https:\/\/www.intoscana.it\/it\/#\/schema\/person\/9223810753230f20bd670fdd322661f8\"},\"description\":\"La Toscana contro il cambiamento climatico: obiettivo emissioni zero entro il 2050\",\"breadcrumb\":{\"@id\":\"https:\/\/www.intoscana.it\/it\/la-toscana-contro-il-cambiamento-climatico-obiettivo-emissioni-zero-entro-il-2050\/#breadcrumb\"},\"inLanguage\":\"it-IT\",\"potentialAction\":[{\"@type\":\"ReadAction\",\"target\":[\"https:\/\/www.intoscana.it\/it\/la-toscana-contro-il-cambiamento-climatico-obiettivo-emissioni-zero-entro-il-2050\/\"]}]},{\"@type\":\"ImageObject\",\"inLanguage\":\"it-IT\",\"@id\":\"https:\/\/www.intoscana.it\/it\/la-toscana-contro-il-cambiamento-climatico-obiettivo-emissioni-zero-entro-il-2050\/#primaryimage\",\"url\":\"https:\/\/www.intoscana.it\/wp-content\/uploads\/b20ea50875712bbcad7a6a0ada416cd7-5.jpg\",\"contentUrl\":\"https:\/\/www.intoscana.it\/wp-content\/uploads\/b20ea50875712bbcad7a6a0ada416cd7-5.jpg\",\"width\":520,\"height\":416},{\"@type\":\"BreadcrumbList\",\"@id\":\"https:\/\/www.intoscana.it\/it\/la-toscana-contro-il-cambiamento-climatico-obiettivo-emissioni-zero-entro-il-2050\/#breadcrumb\",\"itemListElement\":[{\"@type\":\"ListItem\",\"position\":1,\"name\":\"Home\",\"item\":\"https:\/\/www.intoscana.it\/it\/\"},{\"@type\":\"ListItem\",\"position\":2,\"name\":\"La Toscana contro il cambiamento climatico: obiettivo emissioni zero entro il 2050\"}]},{\"@type\":\"WebSite\",\"@id\":\"https:\/\/www.intoscana.it\/it\/#website\",\"url\":\"https:\/\/www.intoscana.it\/it\/\",\"name\":\"intoscana\",\"description\":\"\",\"potentialAction\":[{\"@type\":\"SearchAction\",\"target\":{\"@type\":\"EntryPoint\",\"urlTemplate\":\"https:\/\/www.intoscana.it\/it\/?s={search_term_string}\"},\"query-input\":{\"@type\":\"PropertyValueSpecification\",\"valueRequired\":true,\"valueName\":\"search_term_string\"}}],\"inLanguage\":\"it-IT\"},{\"@type\":\"Person\",\"@id\":\"https:\/\/www.intoscana.it\/it\/#\/schema\/person\/9223810753230f20bd670fdd322661f8\",\"name\":\"Redazione\",\"url\":\"https:\/\/www.intoscana.it\/it\/author\/redazione\/\"}]}<\/script>\n<!-- \/ Yoast SEO Premium plugin. -->","yoast_head_json":{"title":"La Toscana contro il cambiamento climatico: obiettivo emissioni zero entro il 2050 - intoscana","description":"La Toscana contro il cambiamento climatico: obiettivo emissioni zero entro il 2050","robots":{"index":"index","follow":"follow","max-snippet":"max-snippet:-1","max-image-preview":"max-image-preview:large","max-video-preview":"max-video-preview:-1"},"canonical":"https:\/\/www.intoscana.it\/it\/la-toscana-contro-il-cambiamento-climatico-obiettivo-emissioni-zero-entro-il-2050\/","og_locale":"it_IT","og_type":"article","og_title":"La Toscana contro il cambiamento climatico: obiettivo emissioni zero entro il 2050","og_description":"La Toscana contro il cambiamento climatico: obiettivo emissioni zero entro il 2050","og_url":"https:\/\/www.intoscana.it\/it\/la-toscana-contro-il-cambiamento-climatico-obiettivo-emissioni-zero-entro-il-2050\/","og_site_name":"intoscana","article_publisher":"https:\/\/www.facebook.com\/intoscana.it","article_published_time":"2019-04-08T14:45:56+00:00","article_modified_time":"2020-05-18T09:48:07+00:00","og_image":[{"width":520,"height":416,"url":"https:\/\/www.intoscana.it\/wp-content\/uploads\/b20ea50875712bbcad7a6a0ada416cd7-5.jpg","type":"image\/jpeg"}],"author":"Redazione","twitter_card":"summary_large_image","twitter_creator":"@intoscana","twitter_site":"@intoscana","twitter_misc":{"Written by":"Redazione","Est. reading time":"2 minuti"},"schema":{"@context":"https:\/\/schema.org","@graph":[{"@type":"WebPage","@id":"https:\/\/www.intoscana.it\/it\/la-toscana-contro-il-cambiamento-climatico-obiettivo-emissioni-zero-entro-il-2050\/","url":"https:\/\/www.intoscana.it\/it\/la-toscana-contro-il-cambiamento-climatico-obiettivo-emissioni-zero-entro-il-2050\/","name":"La Toscana contro il cambiamento climatico: obiettivo emissioni zero entro il 2050 - intoscana","isPartOf":{"@id":"https:\/\/www.intoscana.it\/it\/#website"},"primaryImageOfPage":{"@id":"https:\/\/www.intoscana.it\/it\/la-toscana-contro-il-cambiamento-climatico-obiettivo-emissioni-zero-entro-il-2050\/#primaryimage"},"image":{"@id":"https:\/\/www.intoscana.it\/it\/la-toscana-contro-il-cambiamento-climatico-obiettivo-emissioni-zero-entro-il-2050\/#primaryimage"},"thumbnailUrl":"https:\/\/www.intoscana.it\/wp-content\/uploads\/b20ea50875712bbcad7a6a0ada416cd7-5.jpg","datePublished":"2019-04-08T14:45:56+00:00","dateModified":"2020-05-18T09:48:07+00:00","author":{"@id":"https:\/\/www.intoscana.it\/it\/#\/schema\/person\/9223810753230f20bd670fdd322661f8"},"description":"La Toscana contro il cambiamento climatico: obiettivo emissioni zero entro il 2050","breadcrumb":{"@id":"https:\/\/www.intoscana.it\/it\/la-toscana-contro-il-cambiamento-climatico-obiettivo-emissioni-zero-entro-il-2050\/#breadcrumb"},"inLanguage":"it-IT","potentialAction":[{"@type":"ReadAction","target":["https:\/\/www.intoscana.it\/it\/la-toscana-contro-il-cambiamento-climatico-obiettivo-emissioni-zero-entro-il-2050\/"]}]},{"@type":"ImageObject","inLanguage":"it-IT","@id":"https:\/\/www.intoscana.it\/it\/la-toscana-contro-il-cambiamento-climatico-obiettivo-emissioni-zero-entro-il-2050\/#primaryimage","url":"https:\/\/www.intoscana.it\/wp-content\/uploads\/b20ea50875712bbcad7a6a0ada416cd7-5.jpg","contentUrl":"https:\/\/www.intoscana.it\/wp-content\/uploads\/b20ea50875712bbcad7a6a0ada416cd7-5.jpg","width":520,"height":416},{"@type":"BreadcrumbList","@id":"https:\/\/www.intoscana.it\/it\/la-toscana-contro-il-cambiamento-climatico-obiettivo-emissioni-zero-entro-il-2050\/#breadcrumb","itemListElement":[{"@type":"ListItem","position":1,"name":"Home","item":"https:\/\/www.intoscana.it\/it\/"},{"@type":"ListItem","position":2,"name":"La Toscana contro il cambiamento climatico: obiettivo emissioni zero entro il 2050"}]},{"@type":"WebSite","@id":"https:\/\/www.intoscana.it\/it\/#website","url":"https:\/\/www.intoscana.it\/it\/","name":"intoscana","description":"","potentialAction":[{"@type":"SearchAction","target":{"@type":"EntryPoint","urlTemplate":"https:\/\/www.intoscana.it\/it\/?s={search_term_string}"},"query-input":{"@type":"PropertyValueSpecification","valueRequired":true,"valueName":"search_term_string"}}],"inLanguage":"it-IT"},{"@type":"Person","@id":"https:\/\/www.intoscana.it\/it\/#\/schema\/person\/9223810753230f20bd670fdd322661f8","name":"Redazione","url":"https:\/\/www.intoscana.it\/it\/author\/redazione\/"}]}},"_links":{"self":[{"href":"https:\/\/www.intoscana.it\/it\/wp-json\/wp\/v2\/posts\/46881","targetHints":{"allow":["GET"]}}],"collection":[{"href":"https:\/\/www.intoscana.it\/it\/wp-json\/wp\/v2\/posts"}],"about":[{"href":"https:\/\/www.intoscana.it\/it\/wp-json\/wp\/v2\/types\/post"}],"author":[{"embeddable":true,"href":"https:\/\/www.intoscana.it\/it\/wp-json\/wp\/v2\/users\/525"}],"replies":[{"embeddable":true,"href":"https:\/\/www.intoscana.it\/it\/wp-json\/wp\/v2\/comments?post=46881"}],"version-history":[{"count":0,"href":"https:\/\/www.intoscana.it\/it\/wp-json\/wp\/v2\/posts\/46881\/revisions"}],"wp:featuredmedia":[{"embeddable":true,"href":"https:\/\/www.intoscana.it\/it\/wp-json\/wp\/v2\/media\/80304"}],"wp:attachment":[{"href":"https:\/\/www.intoscana.it\/it\/wp-json\/wp\/v2\/media?parent=46881"}],"wp:term":[{"taxonomy":"category","embeddable":true,"href":"https:\/\/www.intoscana.it\/it\/wp-json\/wp\/v2\/categories?post=46881"},{"taxonomy":"post_tag","embeddable":true,"href":"https:\/\/www.intoscana.it\/it\/wp-json\/wp\/v2\/tags?post=46881"}],"curies":[{"name":"wp","href":"https:\/\/api.w.org\/{rel}","templated":true}]}}