{"id":48275,"date":"2019-02-05T09:08:56","date_gmt":"2019-02-05T09:08:56","guid":{"rendered":"http:\/\/www.intoscana.it\/san-valentino-danza-in-fiera-racconta-gli-amori-dei-ballerini\/"},"modified":"2020-05-18T11:43:42","modified_gmt":"2020-05-18T09:43:42","slug":"san-valentino-danza-in-fiera-racconta-gli-amori-dei-ballerini","status":"publish","type":"post","link":"https:\/\/www.intoscana.it\/it\/san-valentino-danza-in-fiera-racconta-gli-amori-dei-ballerini\/","title":{"rendered":"San Valentino, Danza in fiera racconta gli amori dei ballerini"},"content":{"rendered":"<p>Oltre alle lezioni, ai workshop e agli incontri, la prossima edizione di<strong> Danzainfiera<\/strong>, in programma dal 21 al 24 febbraio a Firenze, punter\u00e0 anche sulle <strong>&#8216;storie di danza&#8217;<\/strong> e soprattutto, a pochi giorni da San Valentino, su quelle dei ballerini che si sono<strong> innamorati<\/strong> portando in scena grandi opere come <strong>Romeo e Giuletta<\/strong>.<\/p>\n<p>Tra le ospiti della manifestazione che si svolger\u00e0 alla Fortezza da Basso, ci saranno infatti due indimenticabili Giulietta che incontreranno i fan. La prima \u00e8 <strong>Evgenia Obraztsova,<\/strong> classe 1984, prima ballerina del Teatro Bolshoi di Mosca. L&#8217;altra \u00e8 <strong>Lucia Lacarra<\/strong>, nata a San Sebasti\u00e1n, oggi \u00e8 una delle pi\u00f9 apprezzate ballerine a livello internazionale e direttore artistico del Victor Ullate Ballet di Madrid. L&#8217;incontro con il compagno<strong> Marlon Dino<\/strong>, ballerino di Tirana, \u00e8 avvenuto proprio danzando.<\/p>\n<p>Tra le coppie nate sul palco, e ospiti delle passate edizioni del festival, si ricordano<strong> Doroth\u00e9e Gilbert<\/strong>, \u00e9toile dell&#8217;Opera di Parigi, sposata con <strong>Alessio Carbone,<\/strong> anche lui primo ballerino della storica compagnia francese; <strong>Iana Salenko e Marian Walter<\/strong>, entrambi primi ballerini allo Staatballett di Berlino; <strong>Anbeta Toromani<\/strong>, prima ballerina del Teatro dell&#8217;Opera di Tirana, e <strong>Alessandro Macario<\/strong>, primo ballerino ospite del Teatro San Carlo di Napoli.<\/p>\n","protected":false},"excerpt":{"rendered":"<p>La manifestazione in programma dal 21 al 24 febbraio a Firenze celebra le coppie della danza<\/p>\n","protected":false},"author":525,"featured_media":81764,"comment_status":"open","ping_status":"open","sticky":false,"template":"","format":"standard","meta":{"_acf_changed":false,"footnotes":""},"categories":[493,5],"tags":[],"class_list":["post-48275","post","type-post","status-publish","format-standard","has-post-thumbnail","hentry","category-cultura","category-arte-e-cultura"],"acf":[],"yoast_head":"<!-- This site is optimized with the Yoast SEO Premium plugin v24.2 (Yoast SEO v25.6) - https:\/\/yoast.com\/wordpress\/plugins\/seo\/ -->\n<title>San Valentino, Danza in fiera racconta gli amori dei ballerini - intoscana<\/title>\n<meta name=\"description\" content=\"Danza in fiera celebra le coppie di ballerini pi\u00f9 famose in occasione di San Valentino.\" \/>\n<meta name=\"robots\" content=\"index, follow, max-snippet:-1, max-image-preview:large, max-video-preview:-1\" \/>\n<link rel=\"canonical\" href=\"https:\/\/www.intoscana.it\/it\/san-valentino-danza-in-fiera-racconta-gli-amori-dei-ballerini\/\" \/>\n<meta property=\"og:locale\" content=\"it_IT\" \/>\n<meta property=\"og:type\" content=\"article\" \/>\n<meta property=\"og:title\" content=\"San Valentino, Danza in fiera racconta gli amori dei ballerini\" \/>\n<meta property=\"og:description\" content=\"Danza in fiera celebra le coppie di ballerini pi\u00f9 famose in occasione di San Valentino.\" \/>\n<meta property=\"og:url\" content=\"https:\/\/www.intoscana.it\/it\/san-valentino-danza-in-fiera-racconta-gli-amori-dei-ballerini\/\" \/>\n<meta property=\"og:site_name\" content=\"intoscana\" \/>\n<meta property=\"article:publisher\" content=\"https:\/\/www.facebook.com\/intoscana.it\" \/>\n<meta property=\"article:published_time\" content=\"2019-02-05T09:08:56+00:00\" \/>\n<meta property=\"article:modified_time\" content=\"2020-05-18T09:43:42+00:00\" \/>\n<meta property=\"og:image\" content=\"https:\/\/www.intoscana.it\/wp-content\/uploads\/iana-salenko-e-marian-walter-mfly-1140x620-1.jpg\" \/>\n\t<meta property=\"og:image:width\" content=\"1140\" \/>\n\t<meta property=\"og:image:height\" content=\"620\" \/>\n\t<meta property=\"og:image:type\" content=\"image\/jpeg\" \/>\n<meta name=\"author\" content=\"Redazione\" \/>\n<meta name=\"twitter:card\" content=\"summary_large_image\" \/>\n<meta name=\"twitter:creator\" content=\"@intoscana\" \/>\n<meta name=\"twitter:site\" content=\"@intoscana\" \/>\n<meta name=\"twitter:label1\" content=\"Written by\" \/>\n\t<meta name=\"twitter:data1\" content=\"Redazione\" \/>\n\t<meta name=\"twitter:label2\" content=\"Est. reading time\" \/>\n\t<meta name=\"twitter:data2\" content=\"1 minuto\" \/>\n<script type=\"application\/ld+json\" class=\"yoast-schema-graph\">{\"@context\":\"https:\/\/schema.org\",\"@graph\":[{\"@type\":\"WebPage\",\"@id\":\"https:\/\/www.intoscana.it\/it\/san-valentino-danza-in-fiera-racconta-gli-amori-dei-ballerini\/\",\"url\":\"https:\/\/www.intoscana.it\/it\/san-valentino-danza-in-fiera-racconta-gli-amori-dei-ballerini\/\",\"name\":\"San Valentino, Danza in fiera racconta gli amori dei ballerini - intoscana\",\"isPartOf\":{\"@id\":\"https:\/\/www.intoscana.it\/it\/#website\"},\"primaryImageOfPage\":{\"@id\":\"https:\/\/www.intoscana.it\/it\/san-valentino-danza-in-fiera-racconta-gli-amori-dei-ballerini\/#primaryimage\"},\"image\":{\"@id\":\"https:\/\/www.intoscana.it\/it\/san-valentino-danza-in-fiera-racconta-gli-amori-dei-ballerini\/#primaryimage\"},\"thumbnailUrl\":\"https:\/\/www.intoscana.it\/wp-content\/uploads\/iana-salenko-e-marian-walter-mfly-1140x620-1.jpg\",\"datePublished\":\"2019-02-05T09:08:56+00:00\",\"dateModified\":\"2020-05-18T09:43:42+00:00\",\"author\":{\"@id\":\"https:\/\/www.intoscana.it\/it\/#\/schema\/person\/9223810753230f20bd670fdd322661f8\"},\"description\":\"Danza in fiera celebra le coppie di ballerini pi\u00f9 famose in occasione di San Valentino.\",\"breadcrumb\":{\"@id\":\"https:\/\/www.intoscana.it\/it\/san-valentino-danza-in-fiera-racconta-gli-amori-dei-ballerini\/#breadcrumb\"},\"inLanguage\":\"it-IT\",\"potentialAction\":[{\"@type\":\"ReadAction\",\"target\":[\"https:\/\/www.intoscana.it\/it\/san-valentino-danza-in-fiera-racconta-gli-amori-dei-ballerini\/\"]}]},{\"@type\":\"ImageObject\",\"inLanguage\":\"it-IT\",\"@id\":\"https:\/\/www.intoscana.it\/it\/san-valentino-danza-in-fiera-racconta-gli-amori-dei-ballerini\/#primaryimage\",\"url\":\"https:\/\/www.intoscana.it\/wp-content\/uploads\/iana-salenko-e-marian-walter-mfly-1140x620-1.jpg\",\"contentUrl\":\"https:\/\/www.intoscana.it\/wp-content\/uploads\/iana-salenko-e-marian-walter-mfly-1140x620-1.jpg\",\"width\":1140,\"height\":620,\"caption\":\"Danza in fiera celebra l'amore, ecco le coppie di ballerini pi\u00f9 famose.\"},{\"@type\":\"BreadcrumbList\",\"@id\":\"https:\/\/www.intoscana.it\/it\/san-valentino-danza-in-fiera-racconta-gli-amori-dei-ballerini\/#breadcrumb\",\"itemListElement\":[{\"@type\":\"ListItem\",\"position\":1,\"name\":\"Home\",\"item\":\"https:\/\/www.intoscana.it\/it\/\"},{\"@type\":\"ListItem\",\"position\":2,\"name\":\"San Valentino, Danza in fiera racconta gli amori dei ballerini\"}]},{\"@type\":\"WebSite\",\"@id\":\"https:\/\/www.intoscana.it\/it\/#website\",\"url\":\"https:\/\/www.intoscana.it\/it\/\",\"name\":\"intoscana\",\"description\":\"\",\"potentialAction\":[{\"@type\":\"SearchAction\",\"target\":{\"@type\":\"EntryPoint\",\"urlTemplate\":\"https:\/\/www.intoscana.it\/it\/?s={search_term_string}\"},\"query-input\":{\"@type\":\"PropertyValueSpecification\",\"valueRequired\":true,\"valueName\":\"search_term_string\"}}],\"inLanguage\":\"it-IT\"},{\"@type\":\"Person\",\"@id\":\"https:\/\/www.intoscana.it\/it\/#\/schema\/person\/9223810753230f20bd670fdd322661f8\",\"name\":\"Redazione\",\"url\":\"https:\/\/www.intoscana.it\/it\/author\/redazione\/\"}]}<\/script>\n<!-- \/ Yoast SEO Premium plugin. -->","yoast_head_json":{"title":"San Valentino, Danza in fiera racconta gli amori dei ballerini - intoscana","description":"Danza in fiera celebra le coppie di ballerini pi\u00f9 famose in occasione di San Valentino.","robots":{"index":"index","follow":"follow","max-snippet":"max-snippet:-1","max-image-preview":"max-image-preview:large","max-video-preview":"max-video-preview:-1"},"canonical":"https:\/\/www.intoscana.it\/it\/san-valentino-danza-in-fiera-racconta-gli-amori-dei-ballerini\/","og_locale":"it_IT","og_type":"article","og_title":"San Valentino, Danza in fiera racconta gli amori dei ballerini","og_description":"Danza in fiera celebra le coppie di ballerini pi\u00f9 famose in occasione di San Valentino.","og_url":"https:\/\/www.intoscana.it\/it\/san-valentino-danza-in-fiera-racconta-gli-amori-dei-ballerini\/","og_site_name":"intoscana","article_publisher":"https:\/\/www.facebook.com\/intoscana.it","article_published_time":"2019-02-05T09:08:56+00:00","article_modified_time":"2020-05-18T09:43:42+00:00","og_image":[{"width":1140,"height":620,"url":"https:\/\/www.intoscana.it\/wp-content\/uploads\/iana-salenko-e-marian-walter-mfly-1140x620-1.jpg","type":"image\/jpeg"}],"author":"Redazione","twitter_card":"summary_large_image","twitter_creator":"@intoscana","twitter_site":"@intoscana","twitter_misc":{"Written by":"Redazione","Est. reading time":"1 minuto"},"schema":{"@context":"https:\/\/schema.org","@graph":[{"@type":"WebPage","@id":"https:\/\/www.intoscana.it\/it\/san-valentino-danza-in-fiera-racconta-gli-amori-dei-ballerini\/","url":"https:\/\/www.intoscana.it\/it\/san-valentino-danza-in-fiera-racconta-gli-amori-dei-ballerini\/","name":"San Valentino, Danza in fiera racconta gli amori dei ballerini - intoscana","isPartOf":{"@id":"https:\/\/www.intoscana.it\/it\/#website"},"primaryImageOfPage":{"@id":"https:\/\/www.intoscana.it\/it\/san-valentino-danza-in-fiera-racconta-gli-amori-dei-ballerini\/#primaryimage"},"image":{"@id":"https:\/\/www.intoscana.it\/it\/san-valentino-danza-in-fiera-racconta-gli-amori-dei-ballerini\/#primaryimage"},"thumbnailUrl":"https:\/\/www.intoscana.it\/wp-content\/uploads\/iana-salenko-e-marian-walter-mfly-1140x620-1.jpg","datePublished":"2019-02-05T09:08:56+00:00","dateModified":"2020-05-18T09:43:42+00:00","author":{"@id":"https:\/\/www.intoscana.it\/it\/#\/schema\/person\/9223810753230f20bd670fdd322661f8"},"description":"Danza in fiera celebra le coppie di ballerini pi\u00f9 famose in occasione di San Valentino.","breadcrumb":{"@id":"https:\/\/www.intoscana.it\/it\/san-valentino-danza-in-fiera-racconta-gli-amori-dei-ballerini\/#breadcrumb"},"inLanguage":"it-IT","potentialAction":[{"@type":"ReadAction","target":["https:\/\/www.intoscana.it\/it\/san-valentino-danza-in-fiera-racconta-gli-amori-dei-ballerini\/"]}]},{"@type":"ImageObject","inLanguage":"it-IT","@id":"https:\/\/www.intoscana.it\/it\/san-valentino-danza-in-fiera-racconta-gli-amori-dei-ballerini\/#primaryimage","url":"https:\/\/www.intoscana.it\/wp-content\/uploads\/iana-salenko-e-marian-walter-mfly-1140x620-1.jpg","contentUrl":"https:\/\/www.intoscana.it\/wp-content\/uploads\/iana-salenko-e-marian-walter-mfly-1140x620-1.jpg","width":1140,"height":620,"caption":"Danza in fiera celebra l'amore, ecco le coppie di ballerini pi\u00f9 famose."},{"@type":"BreadcrumbList","@id":"https:\/\/www.intoscana.it\/it\/san-valentino-danza-in-fiera-racconta-gli-amori-dei-ballerini\/#breadcrumb","itemListElement":[{"@type":"ListItem","position":1,"name":"Home","item":"https:\/\/www.intoscana.it\/it\/"},{"@type":"ListItem","position":2,"name":"San Valentino, Danza in fiera racconta gli amori dei ballerini"}]},{"@type":"WebSite","@id":"https:\/\/www.intoscana.it\/it\/#website","url":"https:\/\/www.intoscana.it\/it\/","name":"intoscana","description":"","potentialAction":[{"@type":"SearchAction","target":{"@type":"EntryPoint","urlTemplate":"https:\/\/www.intoscana.it\/it\/?s={search_term_string}"},"query-input":{"@type":"PropertyValueSpecification","valueRequired":true,"valueName":"search_term_string"}}],"inLanguage":"it-IT"},{"@type":"Person","@id":"https:\/\/www.intoscana.it\/it\/#\/schema\/person\/9223810753230f20bd670fdd322661f8","name":"Redazione","url":"https:\/\/www.intoscana.it\/it\/author\/redazione\/"}]}},"_links":{"self":[{"href":"https:\/\/www.intoscana.it\/it\/wp-json\/wp\/v2\/posts\/48275","targetHints":{"allow":["GET"]}}],"collection":[{"href":"https:\/\/www.intoscana.it\/it\/wp-json\/wp\/v2\/posts"}],"about":[{"href":"https:\/\/www.intoscana.it\/it\/wp-json\/wp\/v2\/types\/post"}],"author":[{"embeddable":true,"href":"https:\/\/www.intoscana.it\/it\/wp-json\/wp\/v2\/users\/525"}],"replies":[{"embeddable":true,"href":"https:\/\/www.intoscana.it\/it\/wp-json\/wp\/v2\/comments?post=48275"}],"version-history":[{"count":0,"href":"https:\/\/www.intoscana.it\/it\/wp-json\/wp\/v2\/posts\/48275\/revisions"}],"wp:featuredmedia":[{"embeddable":true,"href":"https:\/\/www.intoscana.it\/it\/wp-json\/wp\/v2\/media\/81764"}],"wp:attachment":[{"href":"https:\/\/www.intoscana.it\/it\/wp-json\/wp\/v2\/media?parent=48275"}],"wp:term":[{"taxonomy":"category","embeddable":true,"href":"https:\/\/www.intoscana.it\/it\/wp-json\/wp\/v2\/categories?post=48275"},{"taxonomy":"post_tag","embeddable":true,"href":"https:\/\/www.intoscana.it\/it\/wp-json\/wp\/v2\/tags?post=48275"}],"curies":[{"name":"wp","href":"https:\/\/api.w.org\/{rel}","templated":true}]}}