{"id":48319,"date":"2019-03-10T20:41:03","date_gmt":"2019-03-10T20:41:03","guid":{"rendered":"http:\/\/www.intoscana.it\/toscana-allerta-gialla-per-vento-e-mareggiate\/"},"modified":"2020-05-18T11:43:57","modified_gmt":"2020-05-18T09:43:57","slug":"toscana-allerta-gialla-per-vento-e-mareggiate","status":"publish","type":"post","link":"https:\/\/www.intoscana.it\/it\/toscana-allerta-gialla-per-vento-e-mareggiate\/","title":{"rendered":"Toscana, allerta gialla per vento e mareggiate"},"content":{"rendered":"<p>Allerta con codice giallo in Toscana per<strong> vento forte e mareggiate<\/strong>: a diramare l&#8217;avviso di vigilanza \u00e8 stata la Regione Toscana, ricordando che le condizioni meteo peggioreranno dal pomeriggio di oggi con un&nbsp;rapido rinforzo dei venti da nord nord ovest. Insieme crescer\u00e0 il rischio di mareggiate, con rapido incremento delle onde fino a mare agitato al largo. Previste mareggiate sulla costa, dalla <strong>foce dell&#8217;Arno fino a Baratti<\/strong>, nelle <strong>isole dell&#8217;Arcipelago Toscano e nel Basso Grossetano.<\/strong><\/p>\n<p>Anche a Firenze allerta gialla per rischio di<strong> &#8216;vento forte&#8217;<\/strong> dalle ore 13 di oggi fino alla mezzanotte di marted\u00ec 12 marzo, come confermato dall&#8217;avviso del comune. L&#8217;allerta riguarda, oltre al capoluogo toscano anchei territori di Bagno a Ripoli, Fiesole, Greve in Chianti, Impruneta, Lastra a Signa, Pontassieve, San Casciano in Val di Pesa, Scandicci e Tavarnelle Val di Pesa.<\/p>\n<p>&nbsp;<\/p>\n","protected":false},"excerpt":{"rendered":"<p>La Regione ha diramato un bollettino di vigilanza meteo valido da oggi fino alla mezzanotte di marted\u00ec.<\/p>\n","protected":false},"author":525,"featured_media":81807,"comment_status":"open","ping_status":"open","sticky":false,"template":"","format":"standard","meta":{"_acf_changed":false,"footnotes":""},"categories":[494,7],"tags":[],"class_list":["post-48319","post","type-post","status-publish","format-standard","has-post-thumbnail","hentry","category-attualita","category-societa"],"acf":[],"yoast_head":"<!-- This site is optimized with the Yoast SEO Premium plugin v24.2 (Yoast SEO v25.6) - https:\/\/yoast.com\/wordpress\/plugins\/seo\/ -->\n<title>Toscana, allerta gialla per vento e mareggiate - intoscana<\/title>\n<meta name=\"description\" content=\"Toscana, \u00e8 allerta meteo gialle per venti forte e mareggiate da luned\u00ec 11 marzo alla mezzanotte di marted\u00ec.\" \/>\n<meta name=\"robots\" content=\"index, follow, max-snippet:-1, max-image-preview:large, max-video-preview:-1\" \/>\n<link rel=\"canonical\" href=\"https:\/\/www.intoscana.it\/it\/toscana-allerta-gialla-per-vento-e-mareggiate\/\" \/>\n<meta property=\"og:locale\" content=\"it_IT\" \/>\n<meta property=\"og:type\" content=\"article\" \/>\n<meta property=\"og:title\" content=\"Toscana, allerta gialla per vento e mareggiate\" \/>\n<meta property=\"og:description\" content=\"Toscana, \u00e8 allerta meteo gialle per venti forte e mareggiate da luned\u00ec 11 marzo alla mezzanotte di marted\u00ec.\" \/>\n<meta property=\"og:url\" content=\"https:\/\/www.intoscana.it\/it\/toscana-allerta-gialla-per-vento-e-mareggiate\/\" \/>\n<meta property=\"og:site_name\" content=\"intoscana\" \/>\n<meta property=\"article:publisher\" content=\"https:\/\/www.facebook.com\/intoscana.it\" \/>\n<meta property=\"article:published_time\" content=\"2019-03-10T20:41:03+00:00\" \/>\n<meta property=\"article:modified_time\" content=\"2020-05-18T09:43:57+00:00\" \/>\n<meta property=\"og:image\" content=\"https:\/\/www.intoscana.it\/wp-content\/uploads\/mareggiate-19-1.jpg\" \/>\n\t<meta property=\"og:image:width\" content=\"960\" \/>\n\t<meta property=\"og:image:height\" content=\"720\" \/>\n\t<meta property=\"og:image:type\" content=\"image\/jpeg\" \/>\n<meta name=\"author\" content=\"Redazione\" \/>\n<meta name=\"twitter:card\" content=\"summary_large_image\" \/>\n<meta name=\"twitter:creator\" content=\"@intoscana\" \/>\n<meta name=\"twitter:site\" content=\"@intoscana\" \/>\n<meta name=\"twitter:label1\" content=\"Written by\" \/>\n\t<meta name=\"twitter:data1\" content=\"Redazione\" \/>\n\t<meta name=\"twitter:label2\" content=\"Est. reading time\" \/>\n\t<meta name=\"twitter:data2\" content=\"1 minuto\" \/>\n<script type=\"application\/ld+json\" class=\"yoast-schema-graph\">{\"@context\":\"https:\/\/schema.org\",\"@graph\":[{\"@type\":\"WebPage\",\"@id\":\"https:\/\/www.intoscana.it\/it\/toscana-allerta-gialla-per-vento-e-mareggiate\/\",\"url\":\"https:\/\/www.intoscana.it\/it\/toscana-allerta-gialla-per-vento-e-mareggiate\/\",\"name\":\"Toscana, allerta gialla per vento e mareggiate - intoscana\",\"isPartOf\":{\"@id\":\"https:\/\/www.intoscana.it\/it\/#website\"},\"primaryImageOfPage\":{\"@id\":\"https:\/\/www.intoscana.it\/it\/toscana-allerta-gialla-per-vento-e-mareggiate\/#primaryimage\"},\"image\":{\"@id\":\"https:\/\/www.intoscana.it\/it\/toscana-allerta-gialla-per-vento-e-mareggiate\/#primaryimage\"},\"thumbnailUrl\":\"https:\/\/www.intoscana.it\/wp-content\/uploads\/mareggiate-19-1.jpg\",\"datePublished\":\"2019-03-10T20:41:03+00:00\",\"dateModified\":\"2020-05-18T09:43:57+00:00\",\"author\":{\"@id\":\"https:\/\/www.intoscana.it\/it\/#\/schema\/person\/9223810753230f20bd670fdd322661f8\"},\"description\":\"Toscana, \u00e8 allerta meteo gialle per venti forte e mareggiate da luned\u00ec 11 marzo alla mezzanotte di marted\u00ec.\",\"breadcrumb\":{\"@id\":\"https:\/\/www.intoscana.it\/it\/toscana-allerta-gialla-per-vento-e-mareggiate\/#breadcrumb\"},\"inLanguage\":\"it-IT\",\"potentialAction\":[{\"@type\":\"ReadAction\",\"target\":[\"https:\/\/www.intoscana.it\/it\/toscana-allerta-gialla-per-vento-e-mareggiate\/\"]}]},{\"@type\":\"ImageObject\",\"inLanguage\":\"it-IT\",\"@id\":\"https:\/\/www.intoscana.it\/it\/toscana-allerta-gialla-per-vento-e-mareggiate\/#primaryimage\",\"url\":\"https:\/\/www.intoscana.it\/wp-content\/uploads\/mareggiate-19-1.jpg\",\"contentUrl\":\"https:\/\/www.intoscana.it\/wp-content\/uploads\/mareggiate-19-1.jpg\",\"width\":960,\"height\":720,\"caption\":\"Mareggiata\"},{\"@type\":\"BreadcrumbList\",\"@id\":\"https:\/\/www.intoscana.it\/it\/toscana-allerta-gialla-per-vento-e-mareggiate\/#breadcrumb\",\"itemListElement\":[{\"@type\":\"ListItem\",\"position\":1,\"name\":\"Home\",\"item\":\"https:\/\/www.intoscana.it\/it\/\"},{\"@type\":\"ListItem\",\"position\":2,\"name\":\"Toscana, allerta gialla per vento e mareggiate\"}]},{\"@type\":\"WebSite\",\"@id\":\"https:\/\/www.intoscana.it\/it\/#website\",\"url\":\"https:\/\/www.intoscana.it\/it\/\",\"name\":\"intoscana\",\"description\":\"\",\"potentialAction\":[{\"@type\":\"SearchAction\",\"target\":{\"@type\":\"EntryPoint\",\"urlTemplate\":\"https:\/\/www.intoscana.it\/it\/?s={search_term_string}\"},\"query-input\":{\"@type\":\"PropertyValueSpecification\",\"valueRequired\":true,\"valueName\":\"search_term_string\"}}],\"inLanguage\":\"it-IT\"},{\"@type\":\"Person\",\"@id\":\"https:\/\/www.intoscana.it\/it\/#\/schema\/person\/9223810753230f20bd670fdd322661f8\",\"name\":\"Redazione\",\"url\":\"https:\/\/www.intoscana.it\/it\/author\/redazione\/\"}]}<\/script>\n<!-- \/ Yoast SEO Premium plugin. -->","yoast_head_json":{"title":"Toscana, allerta gialla per vento e mareggiate - intoscana","description":"Toscana, \u00e8 allerta meteo gialle per venti forte e mareggiate da luned\u00ec 11 marzo alla mezzanotte di marted\u00ec.","robots":{"index":"index","follow":"follow","max-snippet":"max-snippet:-1","max-image-preview":"max-image-preview:large","max-video-preview":"max-video-preview:-1"},"canonical":"https:\/\/www.intoscana.it\/it\/toscana-allerta-gialla-per-vento-e-mareggiate\/","og_locale":"it_IT","og_type":"article","og_title":"Toscana, allerta gialla per vento e mareggiate","og_description":"Toscana, \u00e8 allerta meteo gialle per venti forte e mareggiate da luned\u00ec 11 marzo alla mezzanotte di marted\u00ec.","og_url":"https:\/\/www.intoscana.it\/it\/toscana-allerta-gialla-per-vento-e-mareggiate\/","og_site_name":"intoscana","article_publisher":"https:\/\/www.facebook.com\/intoscana.it","article_published_time":"2019-03-10T20:41:03+00:00","article_modified_time":"2020-05-18T09:43:57+00:00","og_image":[{"width":960,"height":720,"url":"https:\/\/www.intoscana.it\/wp-content\/uploads\/mareggiate-19-1.jpg","type":"image\/jpeg"}],"author":"Redazione","twitter_card":"summary_large_image","twitter_creator":"@intoscana","twitter_site":"@intoscana","twitter_misc":{"Written by":"Redazione","Est. reading time":"1 minuto"},"schema":{"@context":"https:\/\/schema.org","@graph":[{"@type":"WebPage","@id":"https:\/\/www.intoscana.it\/it\/toscana-allerta-gialla-per-vento-e-mareggiate\/","url":"https:\/\/www.intoscana.it\/it\/toscana-allerta-gialla-per-vento-e-mareggiate\/","name":"Toscana, allerta gialla per vento e mareggiate - intoscana","isPartOf":{"@id":"https:\/\/www.intoscana.it\/it\/#website"},"primaryImageOfPage":{"@id":"https:\/\/www.intoscana.it\/it\/toscana-allerta-gialla-per-vento-e-mareggiate\/#primaryimage"},"image":{"@id":"https:\/\/www.intoscana.it\/it\/toscana-allerta-gialla-per-vento-e-mareggiate\/#primaryimage"},"thumbnailUrl":"https:\/\/www.intoscana.it\/wp-content\/uploads\/mareggiate-19-1.jpg","datePublished":"2019-03-10T20:41:03+00:00","dateModified":"2020-05-18T09:43:57+00:00","author":{"@id":"https:\/\/www.intoscana.it\/it\/#\/schema\/person\/9223810753230f20bd670fdd322661f8"},"description":"Toscana, \u00e8 allerta meteo gialle per venti forte e mareggiate da luned\u00ec 11 marzo alla mezzanotte di marted\u00ec.","breadcrumb":{"@id":"https:\/\/www.intoscana.it\/it\/toscana-allerta-gialla-per-vento-e-mareggiate\/#breadcrumb"},"inLanguage":"it-IT","potentialAction":[{"@type":"ReadAction","target":["https:\/\/www.intoscana.it\/it\/toscana-allerta-gialla-per-vento-e-mareggiate\/"]}]},{"@type":"ImageObject","inLanguage":"it-IT","@id":"https:\/\/www.intoscana.it\/it\/toscana-allerta-gialla-per-vento-e-mareggiate\/#primaryimage","url":"https:\/\/www.intoscana.it\/wp-content\/uploads\/mareggiate-19-1.jpg","contentUrl":"https:\/\/www.intoscana.it\/wp-content\/uploads\/mareggiate-19-1.jpg","width":960,"height":720,"caption":"Mareggiata"},{"@type":"BreadcrumbList","@id":"https:\/\/www.intoscana.it\/it\/toscana-allerta-gialla-per-vento-e-mareggiate\/#breadcrumb","itemListElement":[{"@type":"ListItem","position":1,"name":"Home","item":"https:\/\/www.intoscana.it\/it\/"},{"@type":"ListItem","position":2,"name":"Toscana, allerta gialla per vento e mareggiate"}]},{"@type":"WebSite","@id":"https:\/\/www.intoscana.it\/it\/#website","url":"https:\/\/www.intoscana.it\/it\/","name":"intoscana","description":"","potentialAction":[{"@type":"SearchAction","target":{"@type":"EntryPoint","urlTemplate":"https:\/\/www.intoscana.it\/it\/?s={search_term_string}"},"query-input":{"@type":"PropertyValueSpecification","valueRequired":true,"valueName":"search_term_string"}}],"inLanguage":"it-IT"},{"@type":"Person","@id":"https:\/\/www.intoscana.it\/it\/#\/schema\/person\/9223810753230f20bd670fdd322661f8","name":"Redazione","url":"https:\/\/www.intoscana.it\/it\/author\/redazione\/"}]}},"_links":{"self":[{"href":"https:\/\/www.intoscana.it\/it\/wp-json\/wp\/v2\/posts\/48319","targetHints":{"allow":["GET"]}}],"collection":[{"href":"https:\/\/www.intoscana.it\/it\/wp-json\/wp\/v2\/posts"}],"about":[{"href":"https:\/\/www.intoscana.it\/it\/wp-json\/wp\/v2\/types\/post"}],"author":[{"embeddable":true,"href":"https:\/\/www.intoscana.it\/it\/wp-json\/wp\/v2\/users\/525"}],"replies":[{"embeddable":true,"href":"https:\/\/www.intoscana.it\/it\/wp-json\/wp\/v2\/comments?post=48319"}],"version-history":[{"count":0,"href":"https:\/\/www.intoscana.it\/it\/wp-json\/wp\/v2\/posts\/48319\/revisions"}],"wp:featuredmedia":[{"embeddable":true,"href":"https:\/\/www.intoscana.it\/it\/wp-json\/wp\/v2\/media\/81807"}],"wp:attachment":[{"href":"https:\/\/www.intoscana.it\/it\/wp-json\/wp\/v2\/media?parent=48319"}],"wp:term":[{"taxonomy":"category","embeddable":true,"href":"https:\/\/www.intoscana.it\/it\/wp-json\/wp\/v2\/categories?post=48319"},{"taxonomy":"post_tag","embeddable":true,"href":"https:\/\/www.intoscana.it\/it\/wp-json\/wp\/v2\/tags?post=48319"}],"curies":[{"name":"wp","href":"https:\/\/api.w.org\/{rel}","templated":true}]}}