{"id":48324,"date":"2019-03-12T14:24:38","date_gmt":"2019-03-12T14:24:38","guid":{"rendered":"http:\/\/www.intoscana.it\/mostre-a-firenze-gli-studenti-raccontano-la-sicurezza\/"},"modified":"2020-05-18T11:43:58","modified_gmt":"2020-05-18T09:43:58","slug":"mostre-a-firenze-gli-studenti-raccontano-la-sicurezza","status":"publish","type":"post","link":"https:\/\/www.intoscana.it\/it\/mostre-a-firenze-gli-studenti-raccontano-la-sicurezza\/","title":{"rendered":"Mostre, a Firenze gli studenti raccontano la &#8216;sicurezza&#8217;"},"content":{"rendered":"<p>I temi della sicurezza sui luoghi di lavoro, sulle strade e in ogni ambito della vita quotidiana sono al centro della mostra <strong>&#8216;La scuola si-cura di te<\/strong>&#8216;, realizzata con i materiali creati negli anni scolastici 2016-2017 e 2017-2018 dalle scuole toscane vincitrici del concorso regionale <strong>&#8216;Promozione della cultura della sicurezza e della salute nei luoghi di lavoro e negli ambienti di vita tramite la scuola&#8221;<\/strong>, un progetto che ha coinvolto circa settemila studenti.<\/p>\n<p>La mostra \u00e8 stata inaugurata stamani nella sala del Gonfalone del Consiglio regionale dal<strong> presidente Eugenio Giani<\/strong>, con <strong>Ernesto Pellecchia<\/strong>, direttore dell&#8217;Ufficio scolastico regionale per la Toscana e <strong>Giovanni Asaro,<\/strong> direttore regionale Inail. Durante l&#8217;incontro \u00e8 stato proiettato un video e sono stati presentati due ebook sulla sicurezza del lavoro in agricoltura e in edilizia, realizzati dagli studenti dell&#8217;istituto Santoni di Pisa e dell&#8217;istituto tecnico Fermi di Pontedera.<\/p>\n<p><em>&#8220;Avete ben colto la sensibilit\u00e0 che si voleva educare con questa iniziativa&#8221;<\/em>, ha dett<strong>o Giani<\/strong> ricordando ai ragazzi gli incidenti che, soprattutto sui luoghi di lavoro, colpiscono centinaia di persone. <em>&#8220;La chiave di volta &#8211;<\/em> ha aggiunto il presidente dell&#8217;Assemblea toscana<em> &#8211; \u00e8 la cultura della sicurezza, che entra dentro di voi e vi consente di prevenire, perch\u00e9 l&#8217;aspetto fondamentale per evitare ogni genere di incidente \u00e8 la prevenzione&#8221;.<\/em><\/p>\n<p>L&#8217;esposizione, che raccoglie i disegni e i testi realizzati dai ragazzi delle scuole primarie, sar\u00e0 visitabile fino al <strong>18 marzo<\/strong>.<\/p>\n<p>&nbsp;<\/p>\n","protected":false},"excerpt":{"rendered":"<p>Esposizione nella sede del Consiglio Regionale della Toscana. Giani ai giovani alunni: &#8216;La chiave di volta \u00e8 la cultura della sicurezza che entra dentro di voi e vi consente di prevenire&#8217;<\/p>\n","protected":false},"author":525,"featured_media":81812,"comment_status":"open","ping_status":"open","sticky":false,"template":"","format":"standard","meta":{"_acf_changed":false,"footnotes":""},"categories":[493,5],"tags":[],"class_list":["post-48324","post","type-post","status-publish","format-standard","has-post-thumbnail","hentry","category-cultura","category-arte-e-cultura"],"acf":[],"yoast_head":"<!-- This site is optimized with the Yoast SEO Premium plugin v24.2 (Yoast SEO v25.6) - https:\/\/yoast.com\/wordpress\/plugins\/seo\/ -->\n<title>Mostre, a Firenze gli studenti raccontano la &#039;sicurezza&#039; - intoscana<\/title>\n<meta name=\"description\" content=\"Sicurezza, arriva la mostra degli studenti in Consiglio Regionale a Firenze, l&#039;inaugurazione con Eugenio Giani.\" \/>\n<meta name=\"robots\" content=\"index, follow, max-snippet:-1, max-image-preview:large, max-video-preview:-1\" \/>\n<link rel=\"canonical\" href=\"https:\/\/www.intoscana.it\/it\/mostre-a-firenze-gli-studenti-raccontano-la-sicurezza\/\" \/>\n<meta property=\"og:locale\" content=\"it_IT\" \/>\n<meta property=\"og:type\" content=\"article\" \/>\n<meta property=\"og:title\" content=\"Mostre, a Firenze gli studenti raccontano la &#039;sicurezza&#039;\" \/>\n<meta property=\"og:description\" content=\"Sicurezza, arriva la mostra degli studenti in Consiglio Regionale a Firenze, l&#039;inaugurazione con Eugenio Giani.\" \/>\n<meta property=\"og:url\" content=\"https:\/\/www.intoscana.it\/it\/mostre-a-firenze-gli-studenti-raccontano-la-sicurezza\/\" \/>\n<meta property=\"og:site_name\" content=\"intoscana\" \/>\n<meta property=\"article:publisher\" content=\"https:\/\/www.facebook.com\/intoscana.it\" \/>\n<meta property=\"article:published_time\" content=\"2019-03-12T14:24:38+00:00\" \/>\n<meta property=\"article:modified_time\" content=\"2020-05-18T09:43:58+00:00\" \/>\n<meta property=\"og:image\" content=\"https:\/\/www.intoscana.it\/wp-content\/uploads\/3b56823eaf0c242b3b7158d43bdc5041-2.jpg\" \/>\n\t<meta property=\"og:image:width\" content=\"600\" \/>\n\t<meta property=\"og:image:height\" content=\"449\" \/>\n\t<meta property=\"og:image:type\" content=\"image\/jpeg\" \/>\n<meta name=\"author\" content=\"Redazione\" \/>\n<meta name=\"twitter:card\" content=\"summary_large_image\" \/>\n<meta name=\"twitter:creator\" content=\"@intoscana\" \/>\n<meta name=\"twitter:site\" content=\"@intoscana\" \/>\n<meta name=\"twitter:label1\" content=\"Written by\" \/>\n\t<meta name=\"twitter:data1\" content=\"Redazione\" \/>\n\t<meta name=\"twitter:label2\" content=\"Est. reading time\" \/>\n\t<meta name=\"twitter:data2\" content=\"1 minuto\" \/>\n<script type=\"application\/ld+json\" class=\"yoast-schema-graph\">{\"@context\":\"https:\/\/schema.org\",\"@graph\":[{\"@type\":\"WebPage\",\"@id\":\"https:\/\/www.intoscana.it\/it\/mostre-a-firenze-gli-studenti-raccontano-la-sicurezza\/\",\"url\":\"https:\/\/www.intoscana.it\/it\/mostre-a-firenze-gli-studenti-raccontano-la-sicurezza\/\",\"name\":\"Mostre, a Firenze gli studenti raccontano la 'sicurezza' - intoscana\",\"isPartOf\":{\"@id\":\"https:\/\/www.intoscana.it\/it\/#website\"},\"primaryImageOfPage\":{\"@id\":\"https:\/\/www.intoscana.it\/it\/mostre-a-firenze-gli-studenti-raccontano-la-sicurezza\/#primaryimage\"},\"image\":{\"@id\":\"https:\/\/www.intoscana.it\/it\/mostre-a-firenze-gli-studenti-raccontano-la-sicurezza\/#primaryimage\"},\"thumbnailUrl\":\"https:\/\/www.intoscana.it\/wp-content\/uploads\/3b56823eaf0c242b3b7158d43bdc5041-2.jpg\",\"datePublished\":\"2019-03-12T14:24:38+00:00\",\"dateModified\":\"2020-05-18T09:43:58+00:00\",\"author\":{\"@id\":\"https:\/\/www.intoscana.it\/it\/#\/schema\/person\/9223810753230f20bd670fdd322661f8\"},\"description\":\"Sicurezza, arriva la mostra degli studenti in Consiglio Regionale a Firenze, l'inaugurazione con Eugenio Giani.\",\"breadcrumb\":{\"@id\":\"https:\/\/www.intoscana.it\/it\/mostre-a-firenze-gli-studenti-raccontano-la-sicurezza\/#breadcrumb\"},\"inLanguage\":\"it-IT\",\"potentialAction\":[{\"@type\":\"ReadAction\",\"target\":[\"https:\/\/www.intoscana.it\/it\/mostre-a-firenze-gli-studenti-raccontano-la-sicurezza\/\"]}]},{\"@type\":\"ImageObject\",\"inLanguage\":\"it-IT\",\"@id\":\"https:\/\/www.intoscana.it\/it\/mostre-a-firenze-gli-studenti-raccontano-la-sicurezza\/#primaryimage\",\"url\":\"https:\/\/www.intoscana.it\/wp-content\/uploads\/3b56823eaf0c242b3b7158d43bdc5041-2.jpg\",\"contentUrl\":\"https:\/\/www.intoscana.it\/wp-content\/uploads\/3b56823eaf0c242b3b7158d43bdc5041-2.jpg\",\"width\":600,\"height\":449,\"caption\":\"Sicurezza, arriva la mostra degli studenti in Consiglio Regionale.\"},{\"@type\":\"BreadcrumbList\",\"@id\":\"https:\/\/www.intoscana.it\/it\/mostre-a-firenze-gli-studenti-raccontano-la-sicurezza\/#breadcrumb\",\"itemListElement\":[{\"@type\":\"ListItem\",\"position\":1,\"name\":\"Home\",\"item\":\"https:\/\/www.intoscana.it\/it\/\"},{\"@type\":\"ListItem\",\"position\":2,\"name\":\"Mostre, a Firenze gli studenti raccontano la &#8216;sicurezza&#8217;\"}]},{\"@type\":\"WebSite\",\"@id\":\"https:\/\/www.intoscana.it\/it\/#website\",\"url\":\"https:\/\/www.intoscana.it\/it\/\",\"name\":\"intoscana\",\"description\":\"\",\"potentialAction\":[{\"@type\":\"SearchAction\",\"target\":{\"@type\":\"EntryPoint\",\"urlTemplate\":\"https:\/\/www.intoscana.it\/it\/?s={search_term_string}\"},\"query-input\":{\"@type\":\"PropertyValueSpecification\",\"valueRequired\":true,\"valueName\":\"search_term_string\"}}],\"inLanguage\":\"it-IT\"},{\"@type\":\"Person\",\"@id\":\"https:\/\/www.intoscana.it\/it\/#\/schema\/person\/9223810753230f20bd670fdd322661f8\",\"name\":\"Redazione\",\"url\":\"https:\/\/www.intoscana.it\/it\/author\/redazione\/\"}]}<\/script>\n<!-- \/ Yoast SEO Premium plugin. -->","yoast_head_json":{"title":"Mostre, a Firenze gli studenti raccontano la 'sicurezza' - intoscana","description":"Sicurezza, arriva la mostra degli studenti in Consiglio Regionale a Firenze, l'inaugurazione con Eugenio Giani.","robots":{"index":"index","follow":"follow","max-snippet":"max-snippet:-1","max-image-preview":"max-image-preview:large","max-video-preview":"max-video-preview:-1"},"canonical":"https:\/\/www.intoscana.it\/it\/mostre-a-firenze-gli-studenti-raccontano-la-sicurezza\/","og_locale":"it_IT","og_type":"article","og_title":"Mostre, a Firenze gli studenti raccontano la 'sicurezza'","og_description":"Sicurezza, arriva la mostra degli studenti in Consiglio Regionale a Firenze, l'inaugurazione con Eugenio Giani.","og_url":"https:\/\/www.intoscana.it\/it\/mostre-a-firenze-gli-studenti-raccontano-la-sicurezza\/","og_site_name":"intoscana","article_publisher":"https:\/\/www.facebook.com\/intoscana.it","article_published_time":"2019-03-12T14:24:38+00:00","article_modified_time":"2020-05-18T09:43:58+00:00","og_image":[{"width":600,"height":449,"url":"https:\/\/www.intoscana.it\/wp-content\/uploads\/3b56823eaf0c242b3b7158d43bdc5041-2.jpg","type":"image\/jpeg"}],"author":"Redazione","twitter_card":"summary_large_image","twitter_creator":"@intoscana","twitter_site":"@intoscana","twitter_misc":{"Written by":"Redazione","Est. reading time":"1 minuto"},"schema":{"@context":"https:\/\/schema.org","@graph":[{"@type":"WebPage","@id":"https:\/\/www.intoscana.it\/it\/mostre-a-firenze-gli-studenti-raccontano-la-sicurezza\/","url":"https:\/\/www.intoscana.it\/it\/mostre-a-firenze-gli-studenti-raccontano-la-sicurezza\/","name":"Mostre, a Firenze gli studenti raccontano la 'sicurezza' - intoscana","isPartOf":{"@id":"https:\/\/www.intoscana.it\/it\/#website"},"primaryImageOfPage":{"@id":"https:\/\/www.intoscana.it\/it\/mostre-a-firenze-gli-studenti-raccontano-la-sicurezza\/#primaryimage"},"image":{"@id":"https:\/\/www.intoscana.it\/it\/mostre-a-firenze-gli-studenti-raccontano-la-sicurezza\/#primaryimage"},"thumbnailUrl":"https:\/\/www.intoscana.it\/wp-content\/uploads\/3b56823eaf0c242b3b7158d43bdc5041-2.jpg","datePublished":"2019-03-12T14:24:38+00:00","dateModified":"2020-05-18T09:43:58+00:00","author":{"@id":"https:\/\/www.intoscana.it\/it\/#\/schema\/person\/9223810753230f20bd670fdd322661f8"},"description":"Sicurezza, arriva la mostra degli studenti in Consiglio Regionale a Firenze, l'inaugurazione con Eugenio Giani.","breadcrumb":{"@id":"https:\/\/www.intoscana.it\/it\/mostre-a-firenze-gli-studenti-raccontano-la-sicurezza\/#breadcrumb"},"inLanguage":"it-IT","potentialAction":[{"@type":"ReadAction","target":["https:\/\/www.intoscana.it\/it\/mostre-a-firenze-gli-studenti-raccontano-la-sicurezza\/"]}]},{"@type":"ImageObject","inLanguage":"it-IT","@id":"https:\/\/www.intoscana.it\/it\/mostre-a-firenze-gli-studenti-raccontano-la-sicurezza\/#primaryimage","url":"https:\/\/www.intoscana.it\/wp-content\/uploads\/3b56823eaf0c242b3b7158d43bdc5041-2.jpg","contentUrl":"https:\/\/www.intoscana.it\/wp-content\/uploads\/3b56823eaf0c242b3b7158d43bdc5041-2.jpg","width":600,"height":449,"caption":"Sicurezza, arriva la mostra degli studenti in Consiglio Regionale."},{"@type":"BreadcrumbList","@id":"https:\/\/www.intoscana.it\/it\/mostre-a-firenze-gli-studenti-raccontano-la-sicurezza\/#breadcrumb","itemListElement":[{"@type":"ListItem","position":1,"name":"Home","item":"https:\/\/www.intoscana.it\/it\/"},{"@type":"ListItem","position":2,"name":"Mostre, a Firenze gli studenti raccontano la &#8216;sicurezza&#8217;"}]},{"@type":"WebSite","@id":"https:\/\/www.intoscana.it\/it\/#website","url":"https:\/\/www.intoscana.it\/it\/","name":"intoscana","description":"","potentialAction":[{"@type":"SearchAction","target":{"@type":"EntryPoint","urlTemplate":"https:\/\/www.intoscana.it\/it\/?s={search_term_string}"},"query-input":{"@type":"PropertyValueSpecification","valueRequired":true,"valueName":"search_term_string"}}],"inLanguage":"it-IT"},{"@type":"Person","@id":"https:\/\/www.intoscana.it\/it\/#\/schema\/person\/9223810753230f20bd670fdd322661f8","name":"Redazione","url":"https:\/\/www.intoscana.it\/it\/author\/redazione\/"}]}},"_links":{"self":[{"href":"https:\/\/www.intoscana.it\/it\/wp-json\/wp\/v2\/posts\/48324","targetHints":{"allow":["GET"]}}],"collection":[{"href":"https:\/\/www.intoscana.it\/it\/wp-json\/wp\/v2\/posts"}],"about":[{"href":"https:\/\/www.intoscana.it\/it\/wp-json\/wp\/v2\/types\/post"}],"author":[{"embeddable":true,"href":"https:\/\/www.intoscana.it\/it\/wp-json\/wp\/v2\/users\/525"}],"replies":[{"embeddable":true,"href":"https:\/\/www.intoscana.it\/it\/wp-json\/wp\/v2\/comments?post=48324"}],"version-history":[{"count":0,"href":"https:\/\/www.intoscana.it\/it\/wp-json\/wp\/v2\/posts\/48324\/revisions"}],"wp:featuredmedia":[{"embeddable":true,"href":"https:\/\/www.intoscana.it\/it\/wp-json\/wp\/v2\/media\/81812"}],"wp:attachment":[{"href":"https:\/\/www.intoscana.it\/it\/wp-json\/wp\/v2\/media?parent=48324"}],"wp:term":[{"taxonomy":"category","embeddable":true,"href":"https:\/\/www.intoscana.it\/it\/wp-json\/wp\/v2\/categories?post=48324"},{"taxonomy":"post_tag","embeddable":true,"href":"https:\/\/www.intoscana.it\/it\/wp-json\/wp\/v2\/tags?post=48324"}],"curies":[{"name":"wp","href":"https:\/\/api.w.org\/{rel}","templated":true}]}}