{"id":48332,"date":"2019-03-22T10:09:44","date_gmt":"2019-03-22T10:09:44","guid":{"rendered":"http:\/\/www.intoscana.it\/lopificio-delle-pietre-dure-restaura-unopera-di-marcel-duchamp\/"},"modified":"2020-05-18T11:44:01","modified_gmt":"2020-05-18T09:44:01","slug":"lopificio-delle-pietre-dure-restaura-unopera-di-marcel-duchamp","status":"publish","type":"post","link":"https:\/\/www.intoscana.it\/it\/lopificio-delle-pietre-dure-restaura-unopera-di-marcel-duchamp\/","title":{"rendered":"L&#8217;Opificio delle Pietre Dure restaura un&#8217;opera di Marcel Duchamp"},"content":{"rendered":"<p>Sar\u00e0 l<strong>&#8216;Opificio delle Pietre Dure di Firenze<\/strong> ad occuparsi de restauro dell&#8217;opera di&nbsp;<strong>Marcel Duchamp, &#8216;Scatola in una valigia&#8217;<\/strong>, custodita nella Collezione Peggy Guggenheim a Venezia. L&#8217;opera, gi\u00e0 arrivata in citt\u00e0 e che sar\u00e0 dunque sottoposta dagli esperti ad un&nbsp;intervento di studio e conservazione, \u00e8 un esemplare della &#8216;Boite-en-valise&#8217;, &nbsp;<strong>il primo di un&#8217;edizione deluxe di venti valigette da viaggio Louis Vuitton<\/strong> in cui l&#8217;artista francese ha raccolto <strong>69 riproduzioni e miniaturizzazioni<\/strong> di suoi celebri lavori realizzate su supporti diversi: pelle, carta fotografica con aggiunte a matita, acquerello e inchiostro.<\/p>\n<p>Tra le riproduzioni c&#8217;\u00e8 una miniatura del famoso orinatoio rovesciato, <strong>&#8216;Fontana&#8217; del 1917,<\/strong> e una riproduzione di un &#8216;ready-made rettificato&#8217; del 1919 della Gioconda di Leonardo da Vinci, con barba e baffi. Le venti valigie contengono, oltre alle riproduzioni, un originale diverso per ogni valigetta: in quella arrivata all&#8217;Opificio c&#8217;\u00e8 la riproduzione de &#8216;Le roi et la reine entour\u00e8s de nus vites&#8217; (del 1912), colorata ex-novo dall&#8217;artista proprio per quest&#8217;opera. Presente, infine, anche una dedica a<strong> Peggy Guggenheim<\/strong>, che sostenne economicamente Duchamp.<\/p>\n<p>Con l&#8217;affidamento della &#8216;Scatola in una valigia&#8217; al laboratorio di Firenze prosegue quindi la collaborazione tra l&#8217;Opificio e la Collezione Peggy Guggenheim che nel 2013 aveva portato al restauro dell&#8217;opera di <strong>Jackson Pollock, Alchimia<\/strong>.<\/p>\n<p><em>&#8220;Quest&#8217;opera segna la seconda tappa di questa collaborazione<\/em> &#8211; ha detto <strong>Marco Ciatti,<\/strong> soprintendente dell&#8217;Opificio &#8211;<em> e come tutte le altre opere la procedura prevede di studiare attentamente l&#8217;oggetto tramite indagine diagnostica e con gli esperti approfondire lo studio dei significati. Poi sar\u00e0 questione di individuare le tecniche di intervento adeguate per il restauro&#8221;. <\/em><\/p>\n<p><em>&#8220;Per la fragilit\u00e0 dell&#8217;opera e per questioni di spazio non sar\u00e0 sempre possibile esporla<\/em> &#8211; ha spiegato la direttrice della collezione Guggenheim, <strong>Karole Vail<\/strong> &#8211; <em>ma da met\u00e0 settembre sar\u00e0 in mostra per tre mesi e poi ci saranno altre opportunit\u00e0&#8221;.<\/em><\/p>\n","protected":false},"excerpt":{"rendered":"<p>Si tratta della &#8216;Scatola in una valigia&#8217;, custodita nella Collezione Peggy Guggenheim, a Venezia<\/p>\n","protected":false},"author":525,"featured_media":81820,"comment_status":"open","ping_status":"open","sticky":false,"template":"","format":"standard","meta":{"_acf_changed":false,"footnotes":""},"categories":[493,5],"tags":[],"class_list":["post-48332","post","type-post","status-publish","format-standard","has-post-thumbnail","hentry","category-cultura","category-arte-e-cultura"],"acf":[],"yoast_head":"<!-- This site is optimized with the Yoast SEO Premium plugin v24.2 (Yoast SEO v25.6) - https:\/\/yoast.com\/wordpress\/plugins\/seo\/ -->\n<title>L&#039;Opificio delle Pietre Dure restaura un&#039;opera di Marcel Duchamp - intoscana<\/title>\n<meta name=\"description\" content=\"Scatola in una valigia, l&#039;opera di Marcel Duchamp sar\u00e0 restaurata dall&#039;Opificio delle Pietre Dure di Firenze.\" \/>\n<meta name=\"robots\" content=\"index, follow, max-snippet:-1, max-image-preview:large, max-video-preview:-1\" \/>\n<link rel=\"canonical\" href=\"https:\/\/www.intoscana.it\/it\/lopificio-delle-pietre-dure-restaura-unopera-di-marcel-duchamp\/\" \/>\n<meta property=\"og:locale\" content=\"it_IT\" \/>\n<meta property=\"og:type\" content=\"article\" \/>\n<meta property=\"og:title\" content=\"L&#039;Opificio delle Pietre Dure restaura un&#039;opera di Marcel Duchamp\" \/>\n<meta property=\"og:description\" content=\"Scatola in una valigia, l&#039;opera di Marcel Duchamp sar\u00e0 restaurata dall&#039;Opificio delle Pietre Dure di Firenze.\" \/>\n<meta property=\"og:url\" content=\"https:\/\/www.intoscana.it\/it\/lopificio-delle-pietre-dure-restaura-unopera-di-marcel-duchamp\/\" \/>\n<meta property=\"og:site_name\" content=\"intoscana\" \/>\n<meta property=\"article:publisher\" content=\"https:\/\/www.facebook.com\/intoscana.it\" \/>\n<meta property=\"article:published_time\" content=\"2019-03-22T10:09:44+00:00\" \/>\n<meta property=\"article:modified_time\" content=\"2020-05-18T09:44:01+00:00\" \/>\n<meta property=\"og:image\" content=\"https:\/\/www.intoscana.it\/wp-content\/uploads\/122g1_duchamp_valigia_553.jpg\" \/>\n\t<meta property=\"og:image:width\" content=\"553\" \/>\n\t<meta property=\"og:image:height\" content=\"398\" \/>\n\t<meta property=\"og:image:type\" content=\"image\/jpeg\" \/>\n<meta name=\"author\" content=\"Redazione\" \/>\n<meta name=\"twitter:card\" content=\"summary_large_image\" \/>\n<meta name=\"twitter:creator\" content=\"@intoscana\" \/>\n<meta name=\"twitter:site\" content=\"@intoscana\" \/>\n<meta name=\"twitter:label1\" content=\"Written by\" \/>\n\t<meta name=\"twitter:data1\" content=\"Redazione\" \/>\n\t<meta name=\"twitter:label2\" content=\"Est. reading time\" \/>\n\t<meta name=\"twitter:data2\" content=\"1 minuto\" \/>\n<script type=\"application\/ld+json\" class=\"yoast-schema-graph\">{\"@context\":\"https:\/\/schema.org\",\"@graph\":[{\"@type\":\"WebPage\",\"@id\":\"https:\/\/www.intoscana.it\/it\/lopificio-delle-pietre-dure-restaura-unopera-di-marcel-duchamp\/\",\"url\":\"https:\/\/www.intoscana.it\/it\/lopificio-delle-pietre-dure-restaura-unopera-di-marcel-duchamp\/\",\"name\":\"L'Opificio delle Pietre Dure restaura un'opera di Marcel Duchamp - intoscana\",\"isPartOf\":{\"@id\":\"https:\/\/www.intoscana.it\/it\/#website\"},\"primaryImageOfPage\":{\"@id\":\"https:\/\/www.intoscana.it\/it\/lopificio-delle-pietre-dure-restaura-unopera-di-marcel-duchamp\/#primaryimage\"},\"image\":{\"@id\":\"https:\/\/www.intoscana.it\/it\/lopificio-delle-pietre-dure-restaura-unopera-di-marcel-duchamp\/#primaryimage\"},\"thumbnailUrl\":\"https:\/\/www.intoscana.it\/wp-content\/uploads\/122g1_duchamp_valigia_553.jpg\",\"datePublished\":\"2019-03-22T10:09:44+00:00\",\"dateModified\":\"2020-05-18T09:44:01+00:00\",\"author\":{\"@id\":\"https:\/\/www.intoscana.it\/it\/#\/schema\/person\/9223810753230f20bd670fdd322661f8\"},\"description\":\"Scatola in una valigia, l'opera di Marcel Duchamp sar\u00e0 restaurata dall'Opificio delle Pietre Dure di Firenze.\",\"breadcrumb\":{\"@id\":\"https:\/\/www.intoscana.it\/it\/lopificio-delle-pietre-dure-restaura-unopera-di-marcel-duchamp\/#breadcrumb\"},\"inLanguage\":\"it-IT\",\"potentialAction\":[{\"@type\":\"ReadAction\",\"target\":[\"https:\/\/www.intoscana.it\/it\/lopificio-delle-pietre-dure-restaura-unopera-di-marcel-duchamp\/\"]}]},{\"@type\":\"ImageObject\",\"inLanguage\":\"it-IT\",\"@id\":\"https:\/\/www.intoscana.it\/it\/lopificio-delle-pietre-dure-restaura-unopera-di-marcel-duchamp\/#primaryimage\",\"url\":\"https:\/\/www.intoscana.it\/wp-content\/uploads\/122g1_duchamp_valigia_553.jpg\",\"contentUrl\":\"https:\/\/www.intoscana.it\/wp-content\/uploads\/122g1_duchamp_valigia_553.jpg\",\"width\":553,\"height\":398},{\"@type\":\"BreadcrumbList\",\"@id\":\"https:\/\/www.intoscana.it\/it\/lopificio-delle-pietre-dure-restaura-unopera-di-marcel-duchamp\/#breadcrumb\",\"itemListElement\":[{\"@type\":\"ListItem\",\"position\":1,\"name\":\"Home\",\"item\":\"https:\/\/www.intoscana.it\/it\/\"},{\"@type\":\"ListItem\",\"position\":2,\"name\":\"L&#8217;Opificio delle Pietre Dure restaura un&#8217;opera di Marcel Duchamp\"}]},{\"@type\":\"WebSite\",\"@id\":\"https:\/\/www.intoscana.it\/it\/#website\",\"url\":\"https:\/\/www.intoscana.it\/it\/\",\"name\":\"intoscana\",\"description\":\"\",\"potentialAction\":[{\"@type\":\"SearchAction\",\"target\":{\"@type\":\"EntryPoint\",\"urlTemplate\":\"https:\/\/www.intoscana.it\/it\/?s={search_term_string}\"},\"query-input\":{\"@type\":\"PropertyValueSpecification\",\"valueRequired\":true,\"valueName\":\"search_term_string\"}}],\"inLanguage\":\"it-IT\"},{\"@type\":\"Person\",\"@id\":\"https:\/\/www.intoscana.it\/it\/#\/schema\/person\/9223810753230f20bd670fdd322661f8\",\"name\":\"Redazione\",\"url\":\"https:\/\/www.intoscana.it\/it\/author\/redazione\/\"}]}<\/script>\n<!-- \/ Yoast SEO Premium plugin. -->","yoast_head_json":{"title":"L'Opificio delle Pietre Dure restaura un'opera di Marcel Duchamp - intoscana","description":"Scatola in una valigia, l'opera di Marcel Duchamp sar\u00e0 restaurata dall'Opificio delle Pietre Dure di Firenze.","robots":{"index":"index","follow":"follow","max-snippet":"max-snippet:-1","max-image-preview":"max-image-preview:large","max-video-preview":"max-video-preview:-1"},"canonical":"https:\/\/www.intoscana.it\/it\/lopificio-delle-pietre-dure-restaura-unopera-di-marcel-duchamp\/","og_locale":"it_IT","og_type":"article","og_title":"L'Opificio delle Pietre Dure restaura un'opera di Marcel Duchamp","og_description":"Scatola in una valigia, l'opera di Marcel Duchamp sar\u00e0 restaurata dall'Opificio delle Pietre Dure di Firenze.","og_url":"https:\/\/www.intoscana.it\/it\/lopificio-delle-pietre-dure-restaura-unopera-di-marcel-duchamp\/","og_site_name":"intoscana","article_publisher":"https:\/\/www.facebook.com\/intoscana.it","article_published_time":"2019-03-22T10:09:44+00:00","article_modified_time":"2020-05-18T09:44:01+00:00","og_image":[{"width":553,"height":398,"url":"https:\/\/www.intoscana.it\/wp-content\/uploads\/122g1_duchamp_valigia_553.jpg","type":"image\/jpeg"}],"author":"Redazione","twitter_card":"summary_large_image","twitter_creator":"@intoscana","twitter_site":"@intoscana","twitter_misc":{"Written by":"Redazione","Est. reading time":"1 minuto"},"schema":{"@context":"https:\/\/schema.org","@graph":[{"@type":"WebPage","@id":"https:\/\/www.intoscana.it\/it\/lopificio-delle-pietre-dure-restaura-unopera-di-marcel-duchamp\/","url":"https:\/\/www.intoscana.it\/it\/lopificio-delle-pietre-dure-restaura-unopera-di-marcel-duchamp\/","name":"L'Opificio delle Pietre Dure restaura un'opera di Marcel Duchamp - intoscana","isPartOf":{"@id":"https:\/\/www.intoscana.it\/it\/#website"},"primaryImageOfPage":{"@id":"https:\/\/www.intoscana.it\/it\/lopificio-delle-pietre-dure-restaura-unopera-di-marcel-duchamp\/#primaryimage"},"image":{"@id":"https:\/\/www.intoscana.it\/it\/lopificio-delle-pietre-dure-restaura-unopera-di-marcel-duchamp\/#primaryimage"},"thumbnailUrl":"https:\/\/www.intoscana.it\/wp-content\/uploads\/122g1_duchamp_valigia_553.jpg","datePublished":"2019-03-22T10:09:44+00:00","dateModified":"2020-05-18T09:44:01+00:00","author":{"@id":"https:\/\/www.intoscana.it\/it\/#\/schema\/person\/9223810753230f20bd670fdd322661f8"},"description":"Scatola in una valigia, l'opera di Marcel Duchamp sar\u00e0 restaurata dall'Opificio delle Pietre Dure di Firenze.","breadcrumb":{"@id":"https:\/\/www.intoscana.it\/it\/lopificio-delle-pietre-dure-restaura-unopera-di-marcel-duchamp\/#breadcrumb"},"inLanguage":"it-IT","potentialAction":[{"@type":"ReadAction","target":["https:\/\/www.intoscana.it\/it\/lopificio-delle-pietre-dure-restaura-unopera-di-marcel-duchamp\/"]}]},{"@type":"ImageObject","inLanguage":"it-IT","@id":"https:\/\/www.intoscana.it\/it\/lopificio-delle-pietre-dure-restaura-unopera-di-marcel-duchamp\/#primaryimage","url":"https:\/\/www.intoscana.it\/wp-content\/uploads\/122g1_duchamp_valigia_553.jpg","contentUrl":"https:\/\/www.intoscana.it\/wp-content\/uploads\/122g1_duchamp_valigia_553.jpg","width":553,"height":398},{"@type":"BreadcrumbList","@id":"https:\/\/www.intoscana.it\/it\/lopificio-delle-pietre-dure-restaura-unopera-di-marcel-duchamp\/#breadcrumb","itemListElement":[{"@type":"ListItem","position":1,"name":"Home","item":"https:\/\/www.intoscana.it\/it\/"},{"@type":"ListItem","position":2,"name":"L&#8217;Opificio delle Pietre Dure restaura un&#8217;opera di Marcel Duchamp"}]},{"@type":"WebSite","@id":"https:\/\/www.intoscana.it\/it\/#website","url":"https:\/\/www.intoscana.it\/it\/","name":"intoscana","description":"","potentialAction":[{"@type":"SearchAction","target":{"@type":"EntryPoint","urlTemplate":"https:\/\/www.intoscana.it\/it\/?s={search_term_string}"},"query-input":{"@type":"PropertyValueSpecification","valueRequired":true,"valueName":"search_term_string"}}],"inLanguage":"it-IT"},{"@type":"Person","@id":"https:\/\/www.intoscana.it\/it\/#\/schema\/person\/9223810753230f20bd670fdd322661f8","name":"Redazione","url":"https:\/\/www.intoscana.it\/it\/author\/redazione\/"}]}},"_links":{"self":[{"href":"https:\/\/www.intoscana.it\/it\/wp-json\/wp\/v2\/posts\/48332","targetHints":{"allow":["GET"]}}],"collection":[{"href":"https:\/\/www.intoscana.it\/it\/wp-json\/wp\/v2\/posts"}],"about":[{"href":"https:\/\/www.intoscana.it\/it\/wp-json\/wp\/v2\/types\/post"}],"author":[{"embeddable":true,"href":"https:\/\/www.intoscana.it\/it\/wp-json\/wp\/v2\/users\/525"}],"replies":[{"embeddable":true,"href":"https:\/\/www.intoscana.it\/it\/wp-json\/wp\/v2\/comments?post=48332"}],"version-history":[{"count":0,"href":"https:\/\/www.intoscana.it\/it\/wp-json\/wp\/v2\/posts\/48332\/revisions"}],"wp:featuredmedia":[{"embeddable":true,"href":"https:\/\/www.intoscana.it\/it\/wp-json\/wp\/v2\/media\/81820"}],"wp:attachment":[{"href":"https:\/\/www.intoscana.it\/it\/wp-json\/wp\/v2\/media?parent=48332"}],"wp:term":[{"taxonomy":"category","embeddable":true,"href":"https:\/\/www.intoscana.it\/it\/wp-json\/wp\/v2\/categories?post=48332"},{"taxonomy":"post_tag","embeddable":true,"href":"https:\/\/www.intoscana.it\/it\/wp-json\/wp\/v2\/tags?post=48332"}],"curies":[{"name":"wp","href":"https:\/\/api.w.org\/{rel}","templated":true}]}}