{"id":48348,"date":"2019-04-09T14:30:53","date_gmt":"2019-04-09T14:30:53","guid":{"rendered":"http:\/\/www.intoscana.it\/pistoia-e-santiago-de-compostela-insieme-nel-nome-di-san-iacopo\/"},"modified":"2020-05-18T11:44:08","modified_gmt":"2020-05-18T09:44:08","slug":"pistoia-e-santiago-de-compostela-insieme-nel-nome-di-san-iacopo","status":"publish","type":"post","link":"https:\/\/www.intoscana.it\/it\/pistoia-e-santiago-de-compostela-insieme-nel-nome-di-san-iacopo\/","title":{"rendered":"Pistoia e Santiago de Compostela insieme nel nome di San Iacopo"},"content":{"rendered":"<p>Una delegazione pistoiese, invitata ufficialmente dalla Xunta de Galicia, si \u00e8 recata a Santiago di Compostela dal 23 al 25 Marzo, per la presentazione del volume \u201cL\u2019altare argenteo di San Iacopo a Pistoia\u201d e per iniziare a lavorare ad un progetto comune per la valorizzazione del ruolo di Pistoia e dell\u2019Altare Argenteo nel Cammino di Santiago.<br \/> Il gruppo &#8211; coordinato da Paolo Caucci Von Saucken, Presidente Centro italiano Studi Compostellani e composto dall\u2019Assessore al Turismo e alle manifestazioni jacopee del Comune di Pistoia Alessandro Sabella, dall\u2019Arciprete della Cattedrale di Pistoia Don Luca Carlesi e da Nicol\u00f2 Begliomini e Fabrizio Tesi, rispettivamente Responsabile della Comunicazione e Legale Rappresentante della Giorgio Tesi Group \u2013 \u00e8 stato accolto da una delegazione ufficiale, capeggiata da Rom\u00e1n Rodr\u00edguez Gonz\u00e1lez, Conselleiro de Cultura e Turismo de Xunta de Galicia, Marta Lois Gonzalez del Concello de Santiago, M. Nava Castro Dominguez, del Dipartimento Cultura e Turismo della Xunta de Galicia, da Cecilia Pereira Marim\u00f2n, Comisaria de Xacobeo 2021 e D. Segundo P\u00e9rez, reelegido De\u00e1n de la Catedral de Santiago de Compostela.<\/p>\n<p>Durante questa visita si sono attivate importanti relazioni istituzionali tra la delegazione pistoiese, l\u2019Arcidiocesi della citt\u00e0 spagnola, la Xunta de Galicia e il Concello de Santiago tanto che il prossimo ottobre Pistoia ricambier\u00e0 l\u2019invito e una delegazione spagnola sar\u00e0 ospite della nostra citt\u00e0 per finalizzare alcuni importanti accordi gi\u00e0 presi in questo viaggio.<br \/> Nel 2020 inoltre, si svolgeranno due mostre: a Pistoia per promuovere il Cammino e la citt\u00e0 galiziana, mentre a Santiago sar\u00e0 Pistoia la protagonista assoluta, con l\u2019intento di valorizzare e rafforzare anche a livello internazionale l\u2019importante ruolo della nostra citt\u00e0 nel culto iacopeo.<\/p>\n<p><em>E\u2019 stato un viaggio molto importante<\/em> \u2013 ha dichiarato Alessandro Sabella, Assessore al Turismo e alle manifestazioni jacopee del Comune di Pistoia&nbsp; &#8211;&nbsp; <em>frutto del lavoro di squadra, che ha consentito di rafforzare in maniera significativa il legame tra Pistoia e Santiago, unite a doppio filo dalla figura di San Giacomo Apostolo e dalla reliquia che la nostra citt\u00e0 custodisce. Siamo stati accolti con grande entusiasmo e da parte nostra abbiamo immediatamente ricambiato l\u2019invito ed una delegazione spagnola sar\u00e0 ospite della nostra citt\u00e0 il prossimo ottobre per formalizzare una serie di accordi presi durante questo viaggio, tra i quali mi preme segnalare le due mostre che si svolgeranno nel 2020: a Pistoia per promuovere il Cammino e la citt\u00e0 galiziana, mentre a Santiago sar\u00e0 Pistoia la protagonista assoluta, con l\u2019intento di valorizzare e rafforzare anche a livello internazionale l\u2019importante ruolo della nostra citt\u00e0 nel culto iacopeo. Il nostro obiettivo \u00e8 quello di far diventare Pistoia non una tappa ma una importante m\u00e8ta nel Cammino di Santiago. Parlando con il Sindaco di Santiago, ci ha detto che hanno intenzione di fare tre gemellaggi: uno con Braga (Portogallo), uno con Ratisbona (Germania) ed uno con Pistoia, e di questo siamo davvero onorati.<\/em><\/p>\n<p> Nel pomeriggio di luned\u00ec 25 marzo infine, grande successo anche per la presentazione, presso il Museo de Las Peregrinaciones, del libro \u201cL\u2019altare argenteo di San Iacopo a Pistoia\u201d \u2013 con testi di Lucia Gai e foto di Nicol\u00f2 Begliomini \u2013 quarto volume edito dalla Giorgio Tesi Editrice per la collana \u201cAvvicinatevi alla Bellezza\u201d, alla presenza del Conselleiro de cultura della Xunta de Galicia e delle autorit\u00e0 religiose e civili di Santiago.<\/p>\n","protected":false},"excerpt":{"rendered":"<p>Una delegazione pistoiese, invitata ufficialmente dalla Xunta de Galicia, si \u00e8 recata a Santiago di Compostela dal 23 al 25 Marzo, per la presentazione del volume \u201cL\u2019altare argenteo di San Iacopo a Pistoia\u201d e per iniziare a lavorare ad un progetto comune per la valorizzazione del ruolo di Pistoia e dell\u2019Altare Argenteo nel Cammino di Santiago.<\/p>\n","protected":false},"author":525,"featured_media":81836,"comment_status":"open","ping_status":"open","sticky":false,"template":"","format":"standard","meta":{"_acf_changed":false,"footnotes":""},"categories":[493,5],"tags":[],"class_list":["post-48348","post","type-post","status-publish","format-standard","has-post-thumbnail","hentry","category-cultura","category-arte-e-cultura"],"acf":[],"yoast_head":"<!-- This site is optimized with the Yoast SEO Premium plugin v24.2 (Yoast SEO v25.6) - https:\/\/yoast.com\/wordpress\/plugins\/seo\/ -->\n<title>Pistoia e Santiago de Compostela insieme nel nome di San Iacopo - intoscana<\/title>\n<meta name=\"robots\" content=\"index, follow, max-snippet:-1, max-image-preview:large, max-video-preview:-1\" \/>\n<link rel=\"canonical\" href=\"https:\/\/www.intoscana.it\/it\/pistoia-e-santiago-de-compostela-insieme-nel-nome-di-san-iacopo\/\" \/>\n<meta property=\"og:locale\" content=\"it_IT\" \/>\n<meta property=\"og:type\" content=\"article\" \/>\n<meta property=\"og:title\" content=\"Pistoia e Santiago de Compostela insieme nel nome di San Iacopo\" \/>\n<meta property=\"og:description\" content=\"Una delegazione pistoiese, invitata ufficialmente dalla Xunta de Galicia, si \u00e8 recata a Santiago di Compostela dal 23 al 25 Marzo, per la presentazione del volume \u201cL\u2019altare argenteo di San Iacopo a Pistoia\u201d e per iniziare a lavorare ad un progetto comune per la valorizzazione del ruolo di Pistoia e dell\u2019Altare Argenteo nel Cammino di Santiago.\" \/>\n<meta property=\"og:url\" content=\"https:\/\/www.intoscana.it\/it\/pistoia-e-santiago-de-compostela-insieme-nel-nome-di-san-iacopo\/\" \/>\n<meta property=\"og:site_name\" content=\"intoscana\" \/>\n<meta property=\"article:publisher\" content=\"https:\/\/www.facebook.com\/intoscana.it\" \/>\n<meta property=\"article:published_time\" content=\"2019-04-09T14:30:53+00:00\" \/>\n<meta property=\"article:modified_time\" content=\"2020-05-18T09:44:08+00:00\" \/>\n<meta property=\"og:image\" content=\"https:\/\/www.intoscana.it\/wp-content\/uploads\/visita-a-santiago-2-1024x682-1.jpg\" \/>\n\t<meta property=\"og:image:width\" content=\"1024\" \/>\n\t<meta property=\"og:image:height\" content=\"682\" \/>\n\t<meta property=\"og:image:type\" content=\"image\/jpeg\" \/>\n<meta name=\"author\" content=\"Redazione\" \/>\n<meta name=\"twitter:card\" content=\"summary_large_image\" \/>\n<meta name=\"twitter:creator\" content=\"@intoscana\" \/>\n<meta name=\"twitter:site\" content=\"@intoscana\" \/>\n<meta name=\"twitter:label1\" content=\"Written by\" \/>\n\t<meta name=\"twitter:data1\" content=\"Redazione\" \/>\n\t<meta name=\"twitter:label2\" content=\"Est. reading time\" \/>\n\t<meta name=\"twitter:data2\" content=\"3 minuti\" \/>\n<script type=\"application\/ld+json\" class=\"yoast-schema-graph\">{\"@context\":\"https:\/\/schema.org\",\"@graph\":[{\"@type\":\"WebPage\",\"@id\":\"https:\/\/www.intoscana.it\/it\/pistoia-e-santiago-de-compostela-insieme-nel-nome-di-san-iacopo\/\",\"url\":\"https:\/\/www.intoscana.it\/it\/pistoia-e-santiago-de-compostela-insieme-nel-nome-di-san-iacopo\/\",\"name\":\"Pistoia e Santiago de Compostela insieme nel nome di San Iacopo - intoscana\",\"isPartOf\":{\"@id\":\"https:\/\/www.intoscana.it\/it\/#website\"},\"primaryImageOfPage\":{\"@id\":\"https:\/\/www.intoscana.it\/it\/pistoia-e-santiago-de-compostela-insieme-nel-nome-di-san-iacopo\/#primaryimage\"},\"image\":{\"@id\":\"https:\/\/www.intoscana.it\/it\/pistoia-e-santiago-de-compostela-insieme-nel-nome-di-san-iacopo\/#primaryimage\"},\"thumbnailUrl\":\"https:\/\/www.intoscana.it\/wp-content\/uploads\/visita-a-santiago-2-1024x682-1.jpg\",\"datePublished\":\"2019-04-09T14:30:53+00:00\",\"dateModified\":\"2020-05-18T09:44:08+00:00\",\"author\":{\"@id\":\"https:\/\/www.intoscana.it\/it\/#\/schema\/person\/9223810753230f20bd670fdd322661f8\"},\"breadcrumb\":{\"@id\":\"https:\/\/www.intoscana.it\/it\/pistoia-e-santiago-de-compostela-insieme-nel-nome-di-san-iacopo\/#breadcrumb\"},\"inLanguage\":\"it-IT\",\"potentialAction\":[{\"@type\":\"ReadAction\",\"target\":[\"https:\/\/www.intoscana.it\/it\/pistoia-e-santiago-de-compostela-insieme-nel-nome-di-san-iacopo\/\"]}]},{\"@type\":\"ImageObject\",\"inLanguage\":\"it-IT\",\"@id\":\"https:\/\/www.intoscana.it\/it\/pistoia-e-santiago-de-compostela-insieme-nel-nome-di-san-iacopo\/#primaryimage\",\"url\":\"https:\/\/www.intoscana.it\/wp-content\/uploads\/visita-a-santiago-2-1024x682-1.jpg\",\"contentUrl\":\"https:\/\/www.intoscana.it\/wp-content\/uploads\/visita-a-santiago-2-1024x682-1.jpg\",\"width\":1024,\"height\":682},{\"@type\":\"BreadcrumbList\",\"@id\":\"https:\/\/www.intoscana.it\/it\/pistoia-e-santiago-de-compostela-insieme-nel-nome-di-san-iacopo\/#breadcrumb\",\"itemListElement\":[{\"@type\":\"ListItem\",\"position\":1,\"name\":\"Home\",\"item\":\"https:\/\/www.intoscana.it\/it\/\"},{\"@type\":\"ListItem\",\"position\":2,\"name\":\"Pistoia e Santiago de Compostela insieme nel nome di San Iacopo\"}]},{\"@type\":\"WebSite\",\"@id\":\"https:\/\/www.intoscana.it\/it\/#website\",\"url\":\"https:\/\/www.intoscana.it\/it\/\",\"name\":\"intoscana\",\"description\":\"\",\"potentialAction\":[{\"@type\":\"SearchAction\",\"target\":{\"@type\":\"EntryPoint\",\"urlTemplate\":\"https:\/\/www.intoscana.it\/it\/?s={search_term_string}\"},\"query-input\":{\"@type\":\"PropertyValueSpecification\",\"valueRequired\":true,\"valueName\":\"search_term_string\"}}],\"inLanguage\":\"it-IT\"},{\"@type\":\"Person\",\"@id\":\"https:\/\/www.intoscana.it\/it\/#\/schema\/person\/9223810753230f20bd670fdd322661f8\",\"name\":\"Redazione\",\"url\":\"https:\/\/www.intoscana.it\/it\/author\/redazione\/\"}]}<\/script>\n<!-- \/ Yoast SEO Premium plugin. -->","yoast_head_json":{"title":"Pistoia e Santiago de Compostela insieme nel nome di San Iacopo - intoscana","robots":{"index":"index","follow":"follow","max-snippet":"max-snippet:-1","max-image-preview":"max-image-preview:large","max-video-preview":"max-video-preview:-1"},"canonical":"https:\/\/www.intoscana.it\/it\/pistoia-e-santiago-de-compostela-insieme-nel-nome-di-san-iacopo\/","og_locale":"it_IT","og_type":"article","og_title":"Pistoia e Santiago de Compostela insieme nel nome di San Iacopo","og_description":"Una delegazione pistoiese, invitata ufficialmente dalla Xunta de Galicia, si \u00e8 recata a Santiago di Compostela dal 23 al 25 Marzo, per la presentazione del volume \u201cL\u2019altare argenteo di San Iacopo a Pistoia\u201d e per iniziare a lavorare ad un progetto comune per la valorizzazione del ruolo di Pistoia e dell\u2019Altare Argenteo nel Cammino di Santiago.","og_url":"https:\/\/www.intoscana.it\/it\/pistoia-e-santiago-de-compostela-insieme-nel-nome-di-san-iacopo\/","og_site_name":"intoscana","article_publisher":"https:\/\/www.facebook.com\/intoscana.it","article_published_time":"2019-04-09T14:30:53+00:00","article_modified_time":"2020-05-18T09:44:08+00:00","og_image":[{"width":1024,"height":682,"url":"https:\/\/www.intoscana.it\/wp-content\/uploads\/visita-a-santiago-2-1024x682-1.jpg","type":"image\/jpeg"}],"author":"Redazione","twitter_card":"summary_large_image","twitter_creator":"@intoscana","twitter_site":"@intoscana","twitter_misc":{"Written by":"Redazione","Est. reading time":"3 minuti"},"schema":{"@context":"https:\/\/schema.org","@graph":[{"@type":"WebPage","@id":"https:\/\/www.intoscana.it\/it\/pistoia-e-santiago-de-compostela-insieme-nel-nome-di-san-iacopo\/","url":"https:\/\/www.intoscana.it\/it\/pistoia-e-santiago-de-compostela-insieme-nel-nome-di-san-iacopo\/","name":"Pistoia e Santiago de Compostela insieme nel nome di San Iacopo - intoscana","isPartOf":{"@id":"https:\/\/www.intoscana.it\/it\/#website"},"primaryImageOfPage":{"@id":"https:\/\/www.intoscana.it\/it\/pistoia-e-santiago-de-compostela-insieme-nel-nome-di-san-iacopo\/#primaryimage"},"image":{"@id":"https:\/\/www.intoscana.it\/it\/pistoia-e-santiago-de-compostela-insieme-nel-nome-di-san-iacopo\/#primaryimage"},"thumbnailUrl":"https:\/\/www.intoscana.it\/wp-content\/uploads\/visita-a-santiago-2-1024x682-1.jpg","datePublished":"2019-04-09T14:30:53+00:00","dateModified":"2020-05-18T09:44:08+00:00","author":{"@id":"https:\/\/www.intoscana.it\/it\/#\/schema\/person\/9223810753230f20bd670fdd322661f8"},"breadcrumb":{"@id":"https:\/\/www.intoscana.it\/it\/pistoia-e-santiago-de-compostela-insieme-nel-nome-di-san-iacopo\/#breadcrumb"},"inLanguage":"it-IT","potentialAction":[{"@type":"ReadAction","target":["https:\/\/www.intoscana.it\/it\/pistoia-e-santiago-de-compostela-insieme-nel-nome-di-san-iacopo\/"]}]},{"@type":"ImageObject","inLanguage":"it-IT","@id":"https:\/\/www.intoscana.it\/it\/pistoia-e-santiago-de-compostela-insieme-nel-nome-di-san-iacopo\/#primaryimage","url":"https:\/\/www.intoscana.it\/wp-content\/uploads\/visita-a-santiago-2-1024x682-1.jpg","contentUrl":"https:\/\/www.intoscana.it\/wp-content\/uploads\/visita-a-santiago-2-1024x682-1.jpg","width":1024,"height":682},{"@type":"BreadcrumbList","@id":"https:\/\/www.intoscana.it\/it\/pistoia-e-santiago-de-compostela-insieme-nel-nome-di-san-iacopo\/#breadcrumb","itemListElement":[{"@type":"ListItem","position":1,"name":"Home","item":"https:\/\/www.intoscana.it\/it\/"},{"@type":"ListItem","position":2,"name":"Pistoia e Santiago de Compostela insieme nel nome di San Iacopo"}]},{"@type":"WebSite","@id":"https:\/\/www.intoscana.it\/it\/#website","url":"https:\/\/www.intoscana.it\/it\/","name":"intoscana","description":"","potentialAction":[{"@type":"SearchAction","target":{"@type":"EntryPoint","urlTemplate":"https:\/\/www.intoscana.it\/it\/?s={search_term_string}"},"query-input":{"@type":"PropertyValueSpecification","valueRequired":true,"valueName":"search_term_string"}}],"inLanguage":"it-IT"},{"@type":"Person","@id":"https:\/\/www.intoscana.it\/it\/#\/schema\/person\/9223810753230f20bd670fdd322661f8","name":"Redazione","url":"https:\/\/www.intoscana.it\/it\/author\/redazione\/"}]}},"_links":{"self":[{"href":"https:\/\/www.intoscana.it\/it\/wp-json\/wp\/v2\/posts\/48348","targetHints":{"allow":["GET"]}}],"collection":[{"href":"https:\/\/www.intoscana.it\/it\/wp-json\/wp\/v2\/posts"}],"about":[{"href":"https:\/\/www.intoscana.it\/it\/wp-json\/wp\/v2\/types\/post"}],"author":[{"embeddable":true,"href":"https:\/\/www.intoscana.it\/it\/wp-json\/wp\/v2\/users\/525"}],"replies":[{"embeddable":true,"href":"https:\/\/www.intoscana.it\/it\/wp-json\/wp\/v2\/comments?post=48348"}],"version-history":[{"count":0,"href":"https:\/\/www.intoscana.it\/it\/wp-json\/wp\/v2\/posts\/48348\/revisions"}],"wp:featuredmedia":[{"embeddable":true,"href":"https:\/\/www.intoscana.it\/it\/wp-json\/wp\/v2\/media\/81836"}],"wp:attachment":[{"href":"https:\/\/www.intoscana.it\/it\/wp-json\/wp\/v2\/media?parent=48348"}],"wp:term":[{"taxonomy":"category","embeddable":true,"href":"https:\/\/www.intoscana.it\/it\/wp-json\/wp\/v2\/categories?post=48348"},{"taxonomy":"post_tag","embeddable":true,"href":"https:\/\/www.intoscana.it\/it\/wp-json\/wp\/v2\/tags?post=48348"}],"curies":[{"name":"wp","href":"https:\/\/api.w.org\/{rel}","templated":true}]}}