{"id":48352,"date":"2019-04-12T12:34:29","date_gmt":"2019-04-12T12:34:29","guid":{"rendered":"http:\/\/www.intoscana.it\/da-pisa-lidea-della-piccola-carol-aiuta-i-bambini-malati\/"},"modified":"2020-05-18T11:44:10","modified_gmt":"2020-05-18T09:44:10","slug":"da-pisa-lidea-della-piccola-carol-aiuta-i-bambini-malati","status":"publish","type":"post","link":"https:\/\/www.intoscana.it\/it\/da-pisa-lidea-della-piccola-carol-aiuta-i-bambini-malati\/","title":{"rendered":"Da Pisa l&#8217;idea della piccola Carol aiuta i bambini malati"},"content":{"rendered":"<p><strong>Grazie all&#8217;idea di Carol Battistelli, una bambina pisana di 9 anni,<\/strong> medicalmente complessa, che ha bisogno di dormire attaccata a un monitor cardio-respiratorio per il controllo dei parametri vitali, <strong>5mila bambini ricoverati nei reparti di neonatologia degli ospedali Santa Chiara di Pisa e di terapia intensiva del Bambino Ges\u00f9 di Roma <\/strong>potranno affrontare giocando la loro malattia, grazie a dei <strong>copri sensori a forma di animalett<\/strong>o che Ikea ha regalato all&#8217;associazione pisana &#8216;Respirando&#8217;.<\/p>\n<p><strong>&#8220;Una sera &#8211; racconta Francesca Baldo, madre di Carol e presidente di &#8216;Respirando&#8217; &#8211; mentre Carol giocava con gli animaletti di Ikea, ha messo il topo, il suo preferito, sul dito<\/strong>, e si \u00e8 addormentata pi\u00f9 felice di quando era costretta a vedere la luce rossa del sensore. Allora ci siamo detti: perch\u00e9 non farlo anche per gli altri bambini?&#8221;.<\/p>\n<p>Cos\u00ec l&#8217;associazione ha presentato al responsabile del Sociale Ikea, Aberto Celotto, il progetto che prevedeva l&#8217;impiego dei comuni pupazzi da dito come copri sensori per i bambini malati. La multinazionale svedese, che da tre anni sostiene i progetti dell&#8217;associazione presieduta da Francesca Baldo e nata per volont\u00e0 del professor Renato Cutrera, primario dell&#8217;area semintensiva pediatrica del Bambino Ges\u00f9 di Roma, <strong>ha regalato 5mila animaletti di peluche da mettere al dito, che i bambini malati potranno utilizzare per coprire i sensori delle apparecchiature a cui sono collegati, che emettono una luce rossa.<\/strong><\/p>\n","protected":false},"excerpt":{"rendered":"<p>L&#8217;associazione &#8220;Respirando&#8221; ha lanciato i copri sensori a forma di animaletto che i piccoli pazienti possono indossare per dormire pi\u00f9 sereni<\/p>\n","protected":false},"author":525,"featured_media":81840,"comment_status":"open","ping_status":"open","sticky":false,"template":"","format":"standard","meta":{"_acf_changed":false,"footnotes":""},"categories":[18],"tags":[],"class_list":["post-48352","post","type-post","status-publish","format-standard","has-post-thumbnail","hentry","category-salute"],"acf":[],"yoast_head":"<!-- This site is optimized with the Yoast SEO Premium plugin v24.2 (Yoast SEO v25.6) - https:\/\/yoast.com\/wordpress\/plugins\/seo\/ -->\n<title>Da Pisa l&#039;idea della piccola Carol aiuta i bambini malati - intoscana<\/title>\n<meta name=\"description\" content=\"L&#039;associazione &quot;Respirando&quot; di Pisa ha lanciato i copri sensori a forma di animaletto che i piccoli pazienti possono indossare sopra le apparecchiature.\" \/>\n<meta name=\"robots\" content=\"index, follow, max-snippet:-1, max-image-preview:large, max-video-preview:-1\" \/>\n<link rel=\"canonical\" href=\"https:\/\/www.intoscana.it\/it\/da-pisa-lidea-della-piccola-carol-aiuta-i-bambini-malati\/\" \/>\n<meta property=\"og:locale\" content=\"it_IT\" \/>\n<meta property=\"og:type\" content=\"article\" \/>\n<meta property=\"og:title\" content=\"Da Pisa l&#039;idea della piccola Carol aiuta i bambini malati\" \/>\n<meta property=\"og:description\" content=\"L&#039;associazione &quot;Respirando&quot; di Pisa ha lanciato i copri sensori a forma di animaletto che i piccoli pazienti possono indossare sopra le apparecchiature.\" \/>\n<meta property=\"og:url\" content=\"https:\/\/www.intoscana.it\/it\/da-pisa-lidea-della-piccola-carol-aiuta-i-bambini-malati\/\" \/>\n<meta property=\"og:site_name\" content=\"intoscana\" \/>\n<meta property=\"article:publisher\" content=\"https:\/\/www.facebook.com\/intoscana.it\" \/>\n<meta property=\"article:published_time\" content=\"2019-04-12T12:34:29+00:00\" \/>\n<meta property=\"article:modified_time\" content=\"2020-05-18T09:44:10+00:00\" \/>\n<meta property=\"og:image\" content=\"https:\/\/www.intoscana.it\/wp-content\/uploads\/bambino-ospedale-1.jpg\" \/>\n\t<meta property=\"og:image:width\" content=\"650\" \/>\n\t<meta property=\"og:image:height\" content=\"340\" \/>\n\t<meta property=\"og:image:type\" content=\"image\/jpeg\" \/>\n<meta name=\"author\" content=\"Redazione\" \/>\n<meta name=\"twitter:card\" content=\"summary_large_image\" \/>\n<meta name=\"twitter:creator\" content=\"@intoscana\" \/>\n<meta name=\"twitter:site\" content=\"@intoscana\" \/>\n<meta name=\"twitter:label1\" content=\"Written by\" \/>\n\t<meta name=\"twitter:data1\" content=\"Redazione\" \/>\n\t<meta name=\"twitter:label2\" content=\"Est. reading time\" \/>\n\t<meta name=\"twitter:data2\" content=\"1 minuto\" \/>\n<script type=\"application\/ld+json\" class=\"yoast-schema-graph\">{\"@context\":\"https:\/\/schema.org\",\"@graph\":[{\"@type\":\"WebPage\",\"@id\":\"https:\/\/www.intoscana.it\/it\/da-pisa-lidea-della-piccola-carol-aiuta-i-bambini-malati\/\",\"url\":\"https:\/\/www.intoscana.it\/it\/da-pisa-lidea-della-piccola-carol-aiuta-i-bambini-malati\/\",\"name\":\"Da Pisa l'idea della piccola Carol aiuta i bambini malati - intoscana\",\"isPartOf\":{\"@id\":\"https:\/\/www.intoscana.it\/it\/#website\"},\"primaryImageOfPage\":{\"@id\":\"https:\/\/www.intoscana.it\/it\/da-pisa-lidea-della-piccola-carol-aiuta-i-bambini-malati\/#primaryimage\"},\"image\":{\"@id\":\"https:\/\/www.intoscana.it\/it\/da-pisa-lidea-della-piccola-carol-aiuta-i-bambini-malati\/#primaryimage\"},\"thumbnailUrl\":\"https:\/\/www.intoscana.it\/wp-content\/uploads\/bambino-ospedale-1.jpg\",\"datePublished\":\"2019-04-12T12:34:29+00:00\",\"dateModified\":\"2020-05-18T09:44:10+00:00\",\"author\":{\"@id\":\"https:\/\/www.intoscana.it\/it\/#\/schema\/person\/9223810753230f20bd670fdd322661f8\"},\"description\":\"L'associazione \\\"Respirando\\\" di Pisa ha lanciato i copri sensori a forma di animaletto che i piccoli pazienti possono indossare sopra le apparecchiature.\",\"breadcrumb\":{\"@id\":\"https:\/\/www.intoscana.it\/it\/da-pisa-lidea-della-piccola-carol-aiuta-i-bambini-malati\/#breadcrumb\"},\"inLanguage\":\"it-IT\",\"potentialAction\":[{\"@type\":\"ReadAction\",\"target\":[\"https:\/\/www.intoscana.it\/it\/da-pisa-lidea-della-piccola-carol-aiuta-i-bambini-malati\/\"]}]},{\"@type\":\"ImageObject\",\"inLanguage\":\"it-IT\",\"@id\":\"https:\/\/www.intoscana.it\/it\/da-pisa-lidea-della-piccola-carol-aiuta-i-bambini-malati\/#primaryimage\",\"url\":\"https:\/\/www.intoscana.it\/wp-content\/uploads\/bambino-ospedale-1.jpg\",\"contentUrl\":\"https:\/\/www.intoscana.it\/wp-content\/uploads\/bambino-ospedale-1.jpg\",\"width\":650,\"height\":340},{\"@type\":\"BreadcrumbList\",\"@id\":\"https:\/\/www.intoscana.it\/it\/da-pisa-lidea-della-piccola-carol-aiuta-i-bambini-malati\/#breadcrumb\",\"itemListElement\":[{\"@type\":\"ListItem\",\"position\":1,\"name\":\"Home\",\"item\":\"https:\/\/www.intoscana.it\/it\/\"},{\"@type\":\"ListItem\",\"position\":2,\"name\":\"Da Pisa l&#8217;idea della piccola Carol aiuta i bambini malati\"}]},{\"@type\":\"WebSite\",\"@id\":\"https:\/\/www.intoscana.it\/it\/#website\",\"url\":\"https:\/\/www.intoscana.it\/it\/\",\"name\":\"intoscana\",\"description\":\"\",\"potentialAction\":[{\"@type\":\"SearchAction\",\"target\":{\"@type\":\"EntryPoint\",\"urlTemplate\":\"https:\/\/www.intoscana.it\/it\/?s={search_term_string}\"},\"query-input\":{\"@type\":\"PropertyValueSpecification\",\"valueRequired\":true,\"valueName\":\"search_term_string\"}}],\"inLanguage\":\"it-IT\"},{\"@type\":\"Person\",\"@id\":\"https:\/\/www.intoscana.it\/it\/#\/schema\/person\/9223810753230f20bd670fdd322661f8\",\"name\":\"Redazione\",\"url\":\"https:\/\/www.intoscana.it\/it\/author\/redazione\/\"}]}<\/script>\n<!-- \/ Yoast SEO Premium plugin. -->","yoast_head_json":{"title":"Da Pisa l'idea della piccola Carol aiuta i bambini malati - intoscana","description":"L'associazione \"Respirando\" di Pisa ha lanciato i copri sensori a forma di animaletto che i piccoli pazienti possono indossare sopra le apparecchiature.","robots":{"index":"index","follow":"follow","max-snippet":"max-snippet:-1","max-image-preview":"max-image-preview:large","max-video-preview":"max-video-preview:-1"},"canonical":"https:\/\/www.intoscana.it\/it\/da-pisa-lidea-della-piccola-carol-aiuta-i-bambini-malati\/","og_locale":"it_IT","og_type":"article","og_title":"Da Pisa l'idea della piccola Carol aiuta i bambini malati","og_description":"L'associazione \"Respirando\" di Pisa ha lanciato i copri sensori a forma di animaletto che i piccoli pazienti possono indossare sopra le apparecchiature.","og_url":"https:\/\/www.intoscana.it\/it\/da-pisa-lidea-della-piccola-carol-aiuta-i-bambini-malati\/","og_site_name":"intoscana","article_publisher":"https:\/\/www.facebook.com\/intoscana.it","article_published_time":"2019-04-12T12:34:29+00:00","article_modified_time":"2020-05-18T09:44:10+00:00","og_image":[{"width":650,"height":340,"url":"https:\/\/www.intoscana.it\/wp-content\/uploads\/bambino-ospedale-1.jpg","type":"image\/jpeg"}],"author":"Redazione","twitter_card":"summary_large_image","twitter_creator":"@intoscana","twitter_site":"@intoscana","twitter_misc":{"Written by":"Redazione","Est. reading time":"1 minuto"},"schema":{"@context":"https:\/\/schema.org","@graph":[{"@type":"WebPage","@id":"https:\/\/www.intoscana.it\/it\/da-pisa-lidea-della-piccola-carol-aiuta-i-bambini-malati\/","url":"https:\/\/www.intoscana.it\/it\/da-pisa-lidea-della-piccola-carol-aiuta-i-bambini-malati\/","name":"Da Pisa l'idea della piccola Carol aiuta i bambini malati - intoscana","isPartOf":{"@id":"https:\/\/www.intoscana.it\/it\/#website"},"primaryImageOfPage":{"@id":"https:\/\/www.intoscana.it\/it\/da-pisa-lidea-della-piccola-carol-aiuta-i-bambini-malati\/#primaryimage"},"image":{"@id":"https:\/\/www.intoscana.it\/it\/da-pisa-lidea-della-piccola-carol-aiuta-i-bambini-malati\/#primaryimage"},"thumbnailUrl":"https:\/\/www.intoscana.it\/wp-content\/uploads\/bambino-ospedale-1.jpg","datePublished":"2019-04-12T12:34:29+00:00","dateModified":"2020-05-18T09:44:10+00:00","author":{"@id":"https:\/\/www.intoscana.it\/it\/#\/schema\/person\/9223810753230f20bd670fdd322661f8"},"description":"L'associazione \"Respirando\" di Pisa ha lanciato i copri sensori a forma di animaletto che i piccoli pazienti possono indossare sopra le apparecchiature.","breadcrumb":{"@id":"https:\/\/www.intoscana.it\/it\/da-pisa-lidea-della-piccola-carol-aiuta-i-bambini-malati\/#breadcrumb"},"inLanguage":"it-IT","potentialAction":[{"@type":"ReadAction","target":["https:\/\/www.intoscana.it\/it\/da-pisa-lidea-della-piccola-carol-aiuta-i-bambini-malati\/"]}]},{"@type":"ImageObject","inLanguage":"it-IT","@id":"https:\/\/www.intoscana.it\/it\/da-pisa-lidea-della-piccola-carol-aiuta-i-bambini-malati\/#primaryimage","url":"https:\/\/www.intoscana.it\/wp-content\/uploads\/bambino-ospedale-1.jpg","contentUrl":"https:\/\/www.intoscana.it\/wp-content\/uploads\/bambino-ospedale-1.jpg","width":650,"height":340},{"@type":"BreadcrumbList","@id":"https:\/\/www.intoscana.it\/it\/da-pisa-lidea-della-piccola-carol-aiuta-i-bambini-malati\/#breadcrumb","itemListElement":[{"@type":"ListItem","position":1,"name":"Home","item":"https:\/\/www.intoscana.it\/it\/"},{"@type":"ListItem","position":2,"name":"Da Pisa l&#8217;idea della piccola Carol aiuta i bambini malati"}]},{"@type":"WebSite","@id":"https:\/\/www.intoscana.it\/it\/#website","url":"https:\/\/www.intoscana.it\/it\/","name":"intoscana","description":"","potentialAction":[{"@type":"SearchAction","target":{"@type":"EntryPoint","urlTemplate":"https:\/\/www.intoscana.it\/it\/?s={search_term_string}"},"query-input":{"@type":"PropertyValueSpecification","valueRequired":true,"valueName":"search_term_string"}}],"inLanguage":"it-IT"},{"@type":"Person","@id":"https:\/\/www.intoscana.it\/it\/#\/schema\/person\/9223810753230f20bd670fdd322661f8","name":"Redazione","url":"https:\/\/www.intoscana.it\/it\/author\/redazione\/"}]}},"_links":{"self":[{"href":"https:\/\/www.intoscana.it\/it\/wp-json\/wp\/v2\/posts\/48352","targetHints":{"allow":["GET"]}}],"collection":[{"href":"https:\/\/www.intoscana.it\/it\/wp-json\/wp\/v2\/posts"}],"about":[{"href":"https:\/\/www.intoscana.it\/it\/wp-json\/wp\/v2\/types\/post"}],"author":[{"embeddable":true,"href":"https:\/\/www.intoscana.it\/it\/wp-json\/wp\/v2\/users\/525"}],"replies":[{"embeddable":true,"href":"https:\/\/www.intoscana.it\/it\/wp-json\/wp\/v2\/comments?post=48352"}],"version-history":[{"count":0,"href":"https:\/\/www.intoscana.it\/it\/wp-json\/wp\/v2\/posts\/48352\/revisions"}],"wp:featuredmedia":[{"embeddable":true,"href":"https:\/\/www.intoscana.it\/it\/wp-json\/wp\/v2\/media\/81840"}],"wp:attachment":[{"href":"https:\/\/www.intoscana.it\/it\/wp-json\/wp\/v2\/media?parent=48352"}],"wp:term":[{"taxonomy":"category","embeddable":true,"href":"https:\/\/www.intoscana.it\/it\/wp-json\/wp\/v2\/categories?post=48352"},{"taxonomy":"post_tag","embeddable":true,"href":"https:\/\/www.intoscana.it\/it\/wp-json\/wp\/v2\/tags?post=48352"}],"curies":[{"name":"wp","href":"https:\/\/api.w.org\/{rel}","templated":true}]}}