{"id":48357,"date":"2019-04-18T09:51:04","date_gmt":"2019-04-18T09:51:04","guid":{"rendered":"http:\/\/www.intoscana.it\/a-buggiano-castello-la-campagna-dentro-le-mura\/"},"modified":"2020-05-19T15:27:57","modified_gmt":"2020-05-19T13:27:57","slug":"valuetitolo","status":"publish","type":"post","link":"https:\/\/www.intoscana.it\/it\/valuetitolo\/","title":{"rendered":"A BUGGIANO CASTELLO &#8221; LA CAMPAGNA DENTRO LE MURA &#8220;"},"content":{"rendered":"<p>La Campagna dentro Le Mura \u00e8 una manifestazione organizzata, ogni due anni, dall\u2019 Associazione Culturale Buggiano Castello e dal Comune di Buggiano in provincia di Pistoia. Quest\u2019 anno ricorre la decima edizione dell\u2019iniziativa, la cui prima edizione risale al 1997 proseguendo poi con cadenza triennale e infine biennale dato il riscontro sempre positivo da parte dei visitatori, cresciuti come numero negli anni.<br \/>Durante le due domeniche di apertura al pubblico degli orti di agrumi e dei giardini segreti del borgo medievale di Buggiano Castello, i visitatori possono ammirare una collezione permanente di piante di agrumi, dalle pi\u00f9 comuni specie a quelle pi\u00f9 rare soprattutto a questa latitudine, come bergamotti, cedri e melangoli. I 18 giardini aperti durante questa edizione riserveranno ai visitatori ognuno la sua diversit\u00e0 di posizione e allestimento, dovute alla passione costante dei loro proprietari, che durante tutto l\u2019anno proteggono e arricchiscono le loro colture in vaso e in terra. Passeggiando per il paese alla scoperta dei vari giardini, i cui ingressi a volte si celano dietro cancelli o antichi portoni, si entra in contatto con la natura e con inaspettati affacci sulla Valdinievole, sulla quale Buggiano Castello riveste una posizione centrale. Buggiano, borgo medievale, \u00e8 anche un paesaggio agrario storico, in cui la \u201ccampagna\u201d \u00e8 talmente entrata dentro le resedi private, che queste si sono trasformate o in terre dove si coltiva l\u2019olivo assieme all\u2019orto e ai frutti, o nel luogo ideale dove disporre collezioni botaniche .<\/p>\n<p>Nei giardini di Buggiano troviamo ricche collezioni di agrumi di colore giallo (limoni, pompelmi, cedri) e di colore arancio (aranci dolci e amari, mandarini e clementini, mandarini cinesi) o verde (bergamotto). A queste, nel tempo, si sono affiancate specie e variet\u00e0 che hanno attraversato il gusto e la sensibilit\u00e0 nel comporre lo spazio del giardino: cosicch\u00e9 troviamo lill\u00e0, calicanti, azalee e camelie, palme e arbusti da fiore della macchia mediterranea, come piante aromatiche e rare rampicanti (esempio la bignonia unguis cati), accanto ai tradizionali glicini e rose banksie<br \/>Una visita a Buggiano Castello durante \u2018La Campagna dentro le Mura\u2019 \u00e8 l\u2019occasione per riassaporare un mix di cultura contadina e di gardening amatoriale uniti dalla stessa radice manuale.<\/p>\n<p>Informazioni pratiche: orari di apertura 9,00\/13,00 e 14,00\/19,00; navette con orario continuato da Borgo a Buggiano, oppure percorso a piedi segnalato; biglietto di ingresso 9,00\u20ac, ridotto 7,00\u20ac.<\/p>\n<p>Per ulteriori informazioni e per il programma dettagliato degli eventi visitate il sito www.lacampagnadentrolemura.it<\/p>\n","protected":false},"excerpt":{"rendered":"<p>Domenica 28 aprile e domenica 5 maggio 2019 a Buggiano Castello la decima edizione di questa manifestazione biennale che vede l\u2019apertura straordinaria di ben 18 meravigliosi giardini privati.<\/p>\n","protected":false},"author":525,"featured_media":0,"comment_status":"open","ping_status":"open","sticky":false,"template":"","format":"standard","meta":{"_acf_changed":false,"footnotes":""},"categories":[493,5],"tags":[],"class_list":["post-48357","post","type-post","status-publish","format-standard","hentry","category-cultura","category-arte-e-cultura"],"acf":[],"yoast_head":"<!-- This site is optimized with the Yoast SEO Premium plugin v24.2 (Yoast SEO v25.6) - https:\/\/yoast.com\/wordpress\/plugins\/seo\/ -->\n<title>A BUGGIANO CASTELLO &quot; LA CAMPAGNA DENTRO LE MURA &quot; - intoscana<\/title>\n<meta name=\"robots\" content=\"index, follow, max-snippet:-1, max-image-preview:large, max-video-preview:-1\" \/>\n<link rel=\"canonical\" href=\"https:\/\/www.intoscana.it\/it\/valuetitolo\/\" \/>\n<meta property=\"og:locale\" content=\"it_IT\" \/>\n<meta property=\"og:type\" content=\"article\" \/>\n<meta property=\"og:title\" content=\"A BUGGIANO CASTELLO &quot; LA CAMPAGNA DENTRO LE MURA &quot;\" \/>\n<meta property=\"og:description\" content=\"Domenica 28 aprile e domenica 5 maggio 2019 a Buggiano Castello la decima edizione di questa manifestazione biennale che vede l\u2019apertura straordinaria di ben 18 meravigliosi giardini privati.\" \/>\n<meta property=\"og:url\" content=\"https:\/\/www.intoscana.it\/it\/valuetitolo\/\" \/>\n<meta property=\"og:site_name\" content=\"intoscana\" \/>\n<meta property=\"article:publisher\" content=\"https:\/\/www.facebook.com\/intoscana.it\" \/>\n<meta property=\"article:published_time\" content=\"2019-04-18T09:51:04+00:00\" \/>\n<meta property=\"article:modified_time\" content=\"2020-05-19T13:27:57+00:00\" \/>\n<meta name=\"author\" content=\"Redazione\" \/>\n<meta name=\"twitter:card\" content=\"summary_large_image\" \/>\n<meta name=\"twitter:creator\" content=\"@intoscana\" \/>\n<meta name=\"twitter:site\" content=\"@intoscana\" \/>\n<meta name=\"twitter:label1\" content=\"Written by\" \/>\n\t<meta name=\"twitter:data1\" content=\"Redazione\" \/>\n\t<meta name=\"twitter:label2\" content=\"Est. reading time\" \/>\n\t<meta name=\"twitter:data2\" content=\"2 minuti\" \/>\n<script type=\"application\/ld+json\" class=\"yoast-schema-graph\">{\"@context\":\"https:\/\/schema.org\",\"@graph\":[{\"@type\":\"WebPage\",\"@id\":\"https:\/\/www.intoscana.it\/it\/valuetitolo\/\",\"url\":\"https:\/\/www.intoscana.it\/it\/valuetitolo\/\",\"name\":\"A BUGGIANO CASTELLO \\\" LA CAMPAGNA DENTRO LE MURA \\\" - intoscana\",\"isPartOf\":{\"@id\":\"https:\/\/www.intoscana.it\/it\/#website\"},\"datePublished\":\"2019-04-18T09:51:04+00:00\",\"dateModified\":\"2020-05-19T13:27:57+00:00\",\"author\":{\"@id\":\"https:\/\/www.intoscana.it\/it\/#\/schema\/person\/9223810753230f20bd670fdd322661f8\"},\"breadcrumb\":{\"@id\":\"https:\/\/www.intoscana.it\/it\/valuetitolo\/#breadcrumb\"},\"inLanguage\":\"it-IT\",\"potentialAction\":[{\"@type\":\"ReadAction\",\"target\":[\"https:\/\/www.intoscana.it\/it\/valuetitolo\/\"]}]},{\"@type\":\"BreadcrumbList\",\"@id\":\"https:\/\/www.intoscana.it\/it\/valuetitolo\/#breadcrumb\",\"itemListElement\":[{\"@type\":\"ListItem\",\"position\":1,\"name\":\"Home\",\"item\":\"https:\/\/www.intoscana.it\/it\/\"},{\"@type\":\"ListItem\",\"position\":2,\"name\":\"A BUGGIANO CASTELLO &#8221; LA CAMPAGNA DENTRO LE MURA &#8220;\"}]},{\"@type\":\"WebSite\",\"@id\":\"https:\/\/www.intoscana.it\/it\/#website\",\"url\":\"https:\/\/www.intoscana.it\/it\/\",\"name\":\"intoscana\",\"description\":\"\",\"potentialAction\":[{\"@type\":\"SearchAction\",\"target\":{\"@type\":\"EntryPoint\",\"urlTemplate\":\"https:\/\/www.intoscana.it\/it\/?s={search_term_string}\"},\"query-input\":{\"@type\":\"PropertyValueSpecification\",\"valueRequired\":true,\"valueName\":\"search_term_string\"}}],\"inLanguage\":\"it-IT\"},{\"@type\":\"Person\",\"@id\":\"https:\/\/www.intoscana.it\/it\/#\/schema\/person\/9223810753230f20bd670fdd322661f8\",\"name\":\"Redazione\",\"url\":\"https:\/\/www.intoscana.it\/it\/author\/redazione\/\"}]}<\/script>\n<!-- \/ Yoast SEO Premium plugin. -->","yoast_head_json":{"title":"A BUGGIANO CASTELLO \" LA CAMPAGNA DENTRO LE MURA \" - intoscana","robots":{"index":"index","follow":"follow","max-snippet":"max-snippet:-1","max-image-preview":"max-image-preview:large","max-video-preview":"max-video-preview:-1"},"canonical":"https:\/\/www.intoscana.it\/it\/valuetitolo\/","og_locale":"it_IT","og_type":"article","og_title":"A BUGGIANO CASTELLO \" LA CAMPAGNA DENTRO LE MURA \"","og_description":"Domenica 28 aprile e domenica 5 maggio 2019 a Buggiano Castello la decima edizione di questa manifestazione biennale che vede l\u2019apertura straordinaria di ben 18 meravigliosi giardini privati.","og_url":"https:\/\/www.intoscana.it\/it\/valuetitolo\/","og_site_name":"intoscana","article_publisher":"https:\/\/www.facebook.com\/intoscana.it","article_published_time":"2019-04-18T09:51:04+00:00","article_modified_time":"2020-05-19T13:27:57+00:00","author":"Redazione","twitter_card":"summary_large_image","twitter_creator":"@intoscana","twitter_site":"@intoscana","twitter_misc":{"Written by":"Redazione","Est. reading time":"2 minuti"},"schema":{"@context":"https:\/\/schema.org","@graph":[{"@type":"WebPage","@id":"https:\/\/www.intoscana.it\/it\/valuetitolo\/","url":"https:\/\/www.intoscana.it\/it\/valuetitolo\/","name":"A BUGGIANO CASTELLO \" LA CAMPAGNA DENTRO LE MURA \" - intoscana","isPartOf":{"@id":"https:\/\/www.intoscana.it\/it\/#website"},"datePublished":"2019-04-18T09:51:04+00:00","dateModified":"2020-05-19T13:27:57+00:00","author":{"@id":"https:\/\/www.intoscana.it\/it\/#\/schema\/person\/9223810753230f20bd670fdd322661f8"},"breadcrumb":{"@id":"https:\/\/www.intoscana.it\/it\/valuetitolo\/#breadcrumb"},"inLanguage":"it-IT","potentialAction":[{"@type":"ReadAction","target":["https:\/\/www.intoscana.it\/it\/valuetitolo\/"]}]},{"@type":"BreadcrumbList","@id":"https:\/\/www.intoscana.it\/it\/valuetitolo\/#breadcrumb","itemListElement":[{"@type":"ListItem","position":1,"name":"Home","item":"https:\/\/www.intoscana.it\/it\/"},{"@type":"ListItem","position":2,"name":"A BUGGIANO CASTELLO &#8221; LA CAMPAGNA DENTRO LE MURA &#8220;"}]},{"@type":"WebSite","@id":"https:\/\/www.intoscana.it\/it\/#website","url":"https:\/\/www.intoscana.it\/it\/","name":"intoscana","description":"","potentialAction":[{"@type":"SearchAction","target":{"@type":"EntryPoint","urlTemplate":"https:\/\/www.intoscana.it\/it\/?s={search_term_string}"},"query-input":{"@type":"PropertyValueSpecification","valueRequired":true,"valueName":"search_term_string"}}],"inLanguage":"it-IT"},{"@type":"Person","@id":"https:\/\/www.intoscana.it\/it\/#\/schema\/person\/9223810753230f20bd670fdd322661f8","name":"Redazione","url":"https:\/\/www.intoscana.it\/it\/author\/redazione\/"}]}},"_links":{"self":[{"href":"https:\/\/www.intoscana.it\/it\/wp-json\/wp\/v2\/posts\/48357","targetHints":{"allow":["GET"]}}],"collection":[{"href":"https:\/\/www.intoscana.it\/it\/wp-json\/wp\/v2\/posts"}],"about":[{"href":"https:\/\/www.intoscana.it\/it\/wp-json\/wp\/v2\/types\/post"}],"author":[{"embeddable":true,"href":"https:\/\/www.intoscana.it\/it\/wp-json\/wp\/v2\/users\/525"}],"replies":[{"embeddable":true,"href":"https:\/\/www.intoscana.it\/it\/wp-json\/wp\/v2\/comments?post=48357"}],"version-history":[{"count":0,"href":"https:\/\/www.intoscana.it\/it\/wp-json\/wp\/v2\/posts\/48357\/revisions"}],"wp:attachment":[{"href":"https:\/\/www.intoscana.it\/it\/wp-json\/wp\/v2\/media?parent=48357"}],"wp:term":[{"taxonomy":"category","embeddable":true,"href":"https:\/\/www.intoscana.it\/it\/wp-json\/wp\/v2\/categories?post=48357"},{"taxonomy":"post_tag","embeddable":true,"href":"https:\/\/www.intoscana.it\/it\/wp-json\/wp\/v2\/tags?post=48357"}],"curies":[{"name":"wp","href":"https:\/\/api.w.org\/{rel}","templated":true}]}}