{"id":48380,"date":"2019-04-23T10:04:17","date_gmt":"2019-04-23T10:04:17","guid":{"rendered":"http:\/\/www.intoscana.it\/tremila-giovani-sul-lago-di-bilancino-per-il-raduno-degli-scout\/"},"modified":"2020-05-18T11:44:18","modified_gmt":"2020-05-18T09:44:18","slug":"tremila-giovani-sul-lago-di-bilancino-per-il-raduno-degli-scout","status":"publish","type":"post","link":"https:\/\/www.intoscana.it\/it\/tremila-giovani-sul-lago-di-bilancino-per-il-raduno-degli-scout\/","title":{"rendered":"Tremila giovani sul Lago di Bilancino per il raduno degli scout"},"content":{"rendered":"<p>Tre giorni di full immersion al Lago di Bilancino, nell&#8217;oasi naturalistica di Gabbianello che ospiter\u00e0 gli oltre 3 mila giovani scout Agesci, in occasione del raduno che prende il via quest&#8217;oggi.<\/p>\n<p>A partecipare saranno ragazze e ragazzi dai 12 ai 16 anni, protagonisti di ogni attivit\u00e0 a loro dedicata, sperimentando e approfondendo in laboratori specifici, le tecniche tipiche del metodo scout, come la pionieristica, l&#8217;espressione o il pronto intervento, ma potranno anche cimentarsi in tecniche nautiche e naturalistiche, nelle attivit\u00e0 fisiche e nel giornalismo e cos\u00ec via. Il tema dell&#8217;evento, che coinvolge <strong>104 reparti di 90 gruppi provenienti da tutte le province<\/strong>, vede protagonisti i Vichinghi e le loro tradizioni storiche e marinaresche.<\/p>\n<p>La serata centrale sar\u00e0 quella del <strong>24 aprile<\/strong> (San Giorgio, appunto, che \u00e8 il patrono degli scout), con una grande festa per i partecipanti. Il tutto, naturalmente, in perfetto stile scout: visto infatti anche il luogo in cui si svolger\u00e0 l&#8217;evento, gli scout presenti all&#8217;Oasi rispetteranno l&#8217;ambiente in cui vivranno questa esperienza unica. Durante i tre giorni di San Giorgio, non verranno usate fiamme libere, n\u00e9 saponi o detersivi che potrebbero inquinare o danneggiare l&#8217;oasi naturalistica che ospiter\u00e0 i partecipanti.&nbsp;Inoltre, le diverse attivit\u00e0 proposte faranno scoprire da vicino le<strong> bellezze faunistiche e naturalistiche dell&#8217;Oasi di Gabbianello<\/strong>.<\/p>\n","protected":false},"excerpt":{"rendered":"<p>Tre giorni di attivit\u00e0 dal 23 al 25 aprile nel cuore dell&#8217;Oasi naturalistica di Gabbianello<\/p>\n","protected":false},"author":525,"featured_media":81864,"comment_status":"open","ping_status":"open","sticky":false,"template":"","format":"standard","meta":{"_acf_changed":false,"footnotes":""},"categories":[494,7],"tags":[],"class_list":["post-48380","post","type-post","status-publish","format-standard","has-post-thumbnail","hentry","category-attualita","category-societa"],"acf":[],"yoast_head":"<!-- This site is optimized with the Yoast SEO Premium plugin v24.2 (Yoast SEO v25.6) - https:\/\/yoast.com\/wordpress\/plugins\/seo\/ -->\n<title>Tremila giovani sul Lago di Bilancino per il raduno degli scout - intoscana<\/title>\n<meta name=\"description\" content=\"Oltre tremila scout Agesci al Lago di Bilancino per il raduno dedicato a San Giorgio.\" \/>\n<meta name=\"robots\" content=\"index, follow, max-snippet:-1, max-image-preview:large, max-video-preview:-1\" \/>\n<link rel=\"canonical\" href=\"https:\/\/www.intoscana.it\/it\/tremila-giovani-sul-lago-di-bilancino-per-il-raduno-degli-scout\/\" \/>\n<meta property=\"og:locale\" content=\"it_IT\" \/>\n<meta property=\"og:type\" content=\"article\" \/>\n<meta property=\"og:title\" content=\"Tremila giovani sul Lago di Bilancino per il raduno degli scout\" \/>\n<meta property=\"og:description\" content=\"Oltre tremila scout Agesci al Lago di Bilancino per il raduno dedicato a San Giorgio.\" \/>\n<meta property=\"og:url\" content=\"https:\/\/www.intoscana.it\/it\/tremila-giovani-sul-lago-di-bilancino-per-il-raduno-degli-scout\/\" \/>\n<meta property=\"og:site_name\" content=\"intoscana\" \/>\n<meta property=\"article:publisher\" content=\"https:\/\/www.facebook.com\/intoscana.it\" \/>\n<meta property=\"article:published_time\" content=\"2019-04-23T10:04:17+00:00\" \/>\n<meta property=\"article:modified_time\" content=\"2020-05-18T09:44:18+00:00\" \/>\n<meta property=\"og:image\" content=\"https:\/\/www.intoscana.it\/wp-content\/uploads\/efd5d126235d0c03fcd0c60c24df1d92.jpg\" \/>\n\t<meta property=\"og:image:width\" content=\"640\" \/>\n\t<meta property=\"og:image:height\" content=\"480\" \/>\n\t<meta property=\"og:image:type\" content=\"image\/jpeg\" \/>\n<meta name=\"author\" content=\"Redazione\" \/>\n<meta name=\"twitter:card\" content=\"summary_large_image\" \/>\n<meta name=\"twitter:creator\" content=\"@intoscana\" \/>\n<meta name=\"twitter:site\" content=\"@intoscana\" \/>\n<meta name=\"twitter:label1\" content=\"Written by\" \/>\n\t<meta name=\"twitter:data1\" content=\"Redazione\" \/>\n\t<meta name=\"twitter:label2\" content=\"Est. reading time\" \/>\n\t<meta name=\"twitter:data2\" content=\"1 minuto\" \/>\n<script type=\"application\/ld+json\" class=\"yoast-schema-graph\">{\"@context\":\"https:\/\/schema.org\",\"@graph\":[{\"@type\":\"WebPage\",\"@id\":\"https:\/\/www.intoscana.it\/it\/tremila-giovani-sul-lago-di-bilancino-per-il-raduno-degli-scout\/\",\"url\":\"https:\/\/www.intoscana.it\/it\/tremila-giovani-sul-lago-di-bilancino-per-il-raduno-degli-scout\/\",\"name\":\"Tremila giovani sul Lago di Bilancino per il raduno degli scout - intoscana\",\"isPartOf\":{\"@id\":\"https:\/\/www.intoscana.it\/it\/#website\"},\"primaryImageOfPage\":{\"@id\":\"https:\/\/www.intoscana.it\/it\/tremila-giovani-sul-lago-di-bilancino-per-il-raduno-degli-scout\/#primaryimage\"},\"image\":{\"@id\":\"https:\/\/www.intoscana.it\/it\/tremila-giovani-sul-lago-di-bilancino-per-il-raduno-degli-scout\/#primaryimage\"},\"thumbnailUrl\":\"https:\/\/www.intoscana.it\/wp-content\/uploads\/efd5d126235d0c03fcd0c60c24df1d92.jpg\",\"datePublished\":\"2019-04-23T10:04:17+00:00\",\"dateModified\":\"2020-05-18T09:44:18+00:00\",\"author\":{\"@id\":\"https:\/\/www.intoscana.it\/it\/#\/schema\/person\/9223810753230f20bd670fdd322661f8\"},\"description\":\"Oltre tremila scout Agesci al Lago di Bilancino per il raduno dedicato a San Giorgio.\",\"breadcrumb\":{\"@id\":\"https:\/\/www.intoscana.it\/it\/tremila-giovani-sul-lago-di-bilancino-per-il-raduno-degli-scout\/#breadcrumb\"},\"inLanguage\":\"it-IT\",\"potentialAction\":[{\"@type\":\"ReadAction\",\"target\":[\"https:\/\/www.intoscana.it\/it\/tremila-giovani-sul-lago-di-bilancino-per-il-raduno-degli-scout\/\"]}]},{\"@type\":\"ImageObject\",\"inLanguage\":\"it-IT\",\"@id\":\"https:\/\/www.intoscana.it\/it\/tremila-giovani-sul-lago-di-bilancino-per-il-raduno-degli-scout\/#primaryimage\",\"url\":\"https:\/\/www.intoscana.it\/wp-content\/uploads\/efd5d126235d0c03fcd0c60c24df1d92.jpg\",\"contentUrl\":\"https:\/\/www.intoscana.it\/wp-content\/uploads\/efd5d126235d0c03fcd0c60c24df1d92.jpg\",\"width\":640,\"height\":480,\"caption\":\"Tremila scout al Lago di Bilancino per il raduno di San Giorgio.\"},{\"@type\":\"BreadcrumbList\",\"@id\":\"https:\/\/www.intoscana.it\/it\/tremila-giovani-sul-lago-di-bilancino-per-il-raduno-degli-scout\/#breadcrumb\",\"itemListElement\":[{\"@type\":\"ListItem\",\"position\":1,\"name\":\"Home\",\"item\":\"https:\/\/www.intoscana.it\/it\/\"},{\"@type\":\"ListItem\",\"position\":2,\"name\":\"Tremila giovani sul Lago di Bilancino per il raduno degli scout\"}]},{\"@type\":\"WebSite\",\"@id\":\"https:\/\/www.intoscana.it\/it\/#website\",\"url\":\"https:\/\/www.intoscana.it\/it\/\",\"name\":\"intoscana\",\"description\":\"\",\"potentialAction\":[{\"@type\":\"SearchAction\",\"target\":{\"@type\":\"EntryPoint\",\"urlTemplate\":\"https:\/\/www.intoscana.it\/it\/?s={search_term_string}\"},\"query-input\":{\"@type\":\"PropertyValueSpecification\",\"valueRequired\":true,\"valueName\":\"search_term_string\"}}],\"inLanguage\":\"it-IT\"},{\"@type\":\"Person\",\"@id\":\"https:\/\/www.intoscana.it\/it\/#\/schema\/person\/9223810753230f20bd670fdd322661f8\",\"name\":\"Redazione\",\"url\":\"https:\/\/www.intoscana.it\/it\/author\/redazione\/\"}]}<\/script>\n<!-- \/ Yoast SEO Premium plugin. -->","yoast_head_json":{"title":"Tremila giovani sul Lago di Bilancino per il raduno degli scout - intoscana","description":"Oltre tremila scout Agesci al Lago di Bilancino per il raduno dedicato a San Giorgio.","robots":{"index":"index","follow":"follow","max-snippet":"max-snippet:-1","max-image-preview":"max-image-preview:large","max-video-preview":"max-video-preview:-1"},"canonical":"https:\/\/www.intoscana.it\/it\/tremila-giovani-sul-lago-di-bilancino-per-il-raduno-degli-scout\/","og_locale":"it_IT","og_type":"article","og_title":"Tremila giovani sul Lago di Bilancino per il raduno degli scout","og_description":"Oltre tremila scout Agesci al Lago di Bilancino per il raduno dedicato a San Giorgio.","og_url":"https:\/\/www.intoscana.it\/it\/tremila-giovani-sul-lago-di-bilancino-per-il-raduno-degli-scout\/","og_site_name":"intoscana","article_publisher":"https:\/\/www.facebook.com\/intoscana.it","article_published_time":"2019-04-23T10:04:17+00:00","article_modified_time":"2020-05-18T09:44:18+00:00","og_image":[{"width":640,"height":480,"url":"https:\/\/www.intoscana.it\/wp-content\/uploads\/efd5d126235d0c03fcd0c60c24df1d92.jpg","type":"image\/jpeg"}],"author":"Redazione","twitter_card":"summary_large_image","twitter_creator":"@intoscana","twitter_site":"@intoscana","twitter_misc":{"Written by":"Redazione","Est. reading time":"1 minuto"},"schema":{"@context":"https:\/\/schema.org","@graph":[{"@type":"WebPage","@id":"https:\/\/www.intoscana.it\/it\/tremila-giovani-sul-lago-di-bilancino-per-il-raduno-degli-scout\/","url":"https:\/\/www.intoscana.it\/it\/tremila-giovani-sul-lago-di-bilancino-per-il-raduno-degli-scout\/","name":"Tremila giovani sul Lago di Bilancino per il raduno degli scout - intoscana","isPartOf":{"@id":"https:\/\/www.intoscana.it\/it\/#website"},"primaryImageOfPage":{"@id":"https:\/\/www.intoscana.it\/it\/tremila-giovani-sul-lago-di-bilancino-per-il-raduno-degli-scout\/#primaryimage"},"image":{"@id":"https:\/\/www.intoscana.it\/it\/tremila-giovani-sul-lago-di-bilancino-per-il-raduno-degli-scout\/#primaryimage"},"thumbnailUrl":"https:\/\/www.intoscana.it\/wp-content\/uploads\/efd5d126235d0c03fcd0c60c24df1d92.jpg","datePublished":"2019-04-23T10:04:17+00:00","dateModified":"2020-05-18T09:44:18+00:00","author":{"@id":"https:\/\/www.intoscana.it\/it\/#\/schema\/person\/9223810753230f20bd670fdd322661f8"},"description":"Oltre tremila scout Agesci al Lago di Bilancino per il raduno dedicato a San Giorgio.","breadcrumb":{"@id":"https:\/\/www.intoscana.it\/it\/tremila-giovani-sul-lago-di-bilancino-per-il-raduno-degli-scout\/#breadcrumb"},"inLanguage":"it-IT","potentialAction":[{"@type":"ReadAction","target":["https:\/\/www.intoscana.it\/it\/tremila-giovani-sul-lago-di-bilancino-per-il-raduno-degli-scout\/"]}]},{"@type":"ImageObject","inLanguage":"it-IT","@id":"https:\/\/www.intoscana.it\/it\/tremila-giovani-sul-lago-di-bilancino-per-il-raduno-degli-scout\/#primaryimage","url":"https:\/\/www.intoscana.it\/wp-content\/uploads\/efd5d126235d0c03fcd0c60c24df1d92.jpg","contentUrl":"https:\/\/www.intoscana.it\/wp-content\/uploads\/efd5d126235d0c03fcd0c60c24df1d92.jpg","width":640,"height":480,"caption":"Tremila scout al Lago di Bilancino per il raduno di San Giorgio."},{"@type":"BreadcrumbList","@id":"https:\/\/www.intoscana.it\/it\/tremila-giovani-sul-lago-di-bilancino-per-il-raduno-degli-scout\/#breadcrumb","itemListElement":[{"@type":"ListItem","position":1,"name":"Home","item":"https:\/\/www.intoscana.it\/it\/"},{"@type":"ListItem","position":2,"name":"Tremila giovani sul Lago di Bilancino per il raduno degli scout"}]},{"@type":"WebSite","@id":"https:\/\/www.intoscana.it\/it\/#website","url":"https:\/\/www.intoscana.it\/it\/","name":"intoscana","description":"","potentialAction":[{"@type":"SearchAction","target":{"@type":"EntryPoint","urlTemplate":"https:\/\/www.intoscana.it\/it\/?s={search_term_string}"},"query-input":{"@type":"PropertyValueSpecification","valueRequired":true,"valueName":"search_term_string"}}],"inLanguage":"it-IT"},{"@type":"Person","@id":"https:\/\/www.intoscana.it\/it\/#\/schema\/person\/9223810753230f20bd670fdd322661f8","name":"Redazione","url":"https:\/\/www.intoscana.it\/it\/author\/redazione\/"}]}},"_links":{"self":[{"href":"https:\/\/www.intoscana.it\/it\/wp-json\/wp\/v2\/posts\/48380","targetHints":{"allow":["GET"]}}],"collection":[{"href":"https:\/\/www.intoscana.it\/it\/wp-json\/wp\/v2\/posts"}],"about":[{"href":"https:\/\/www.intoscana.it\/it\/wp-json\/wp\/v2\/types\/post"}],"author":[{"embeddable":true,"href":"https:\/\/www.intoscana.it\/it\/wp-json\/wp\/v2\/users\/525"}],"replies":[{"embeddable":true,"href":"https:\/\/www.intoscana.it\/it\/wp-json\/wp\/v2\/comments?post=48380"}],"version-history":[{"count":0,"href":"https:\/\/www.intoscana.it\/it\/wp-json\/wp\/v2\/posts\/48380\/revisions"}],"wp:featuredmedia":[{"embeddable":true,"href":"https:\/\/www.intoscana.it\/it\/wp-json\/wp\/v2\/media\/81864"}],"wp:attachment":[{"href":"https:\/\/www.intoscana.it\/it\/wp-json\/wp\/v2\/media?parent=48380"}],"wp:term":[{"taxonomy":"category","embeddable":true,"href":"https:\/\/www.intoscana.it\/it\/wp-json\/wp\/v2\/categories?post=48380"},{"taxonomy":"post_tag","embeddable":true,"href":"https:\/\/www.intoscana.it\/it\/wp-json\/wp\/v2\/tags?post=48380"}],"curies":[{"name":"wp","href":"https:\/\/api.w.org\/{rel}","templated":true}]}}