{"id":48409,"date":"2019-05-11T13:51:38","date_gmt":"2019-05-11T13:51:38","guid":{"rendered":"http:\/\/www.intoscana.it\/libro-pistoia-si-candida-a-capitale-mondiale-2021\/"},"modified":"2020-05-18T11:44:28","modified_gmt":"2020-05-18T09:44:28","slug":"libro-pistoia-si-candida-a-capitale-mondiale-2021","status":"publish","type":"post","link":"https:\/\/www.intoscana.it\/it\/libro-pistoia-si-candida-a-capitale-mondiale-2021\/","title":{"rendered":"Libro, Pistoia si candida a capitale mondiale 2021"},"content":{"rendered":"<p>Pistoia \u00e8 candidata al titolo di<strong> capitale mondiale del libro per il 2021, unica citt\u00e0 in Italia<\/strong>. Si tratta di un riconoscimento che viene assegnato ogni anno da&nbsp;un apposito comitato internazionale Unesco alla citt\u00e0 ritenuta capace di esprimere un programma innovativo ed efficace per la promozione del libro e la diffusione della lettura.<\/p>\n<p>L&#8217;annuncio &#8211; da parte del comune &#8211; \u00e8 stato dato stamani nell&#8217;ambito del Salone del Libro di Torino.<\/p>\n<p>La partecipazione di Pistoia alla candidatura di capitale del libro pu\u00f2 rappresentare <strong>un volano importante per la visibilit\u00e0 della citt\u00e0 a livello nazionale e internazionale<\/strong> &#8211; spiegano dal Comune in una nota &#8211; \u00e8 stata illustrata al Salone del Libro di Torino, nel padiglione della Regione Toscana. Dal 2001, anno di nascita di questa competizione internazionale, in Italia solo Torino ha ricevuto tale riconoscimento nel 2006. Le altre citt\u00e0 vincitrici (Atene, Kuala Lumpur, Montreal, Bogot\u00e0, Nuova Delhi, Bangkok, tanto per ricordarne solo alcune) sono tutte citt\u00e0 molto grandi. &#8220;Sebbene Pistoia sia una realt\u00e0 di medie dimensioni &#8211; si spiega ancora -, ha voluto comunque presentare la propria candidatura, ritenendo che fosse utile provare a tradurre le tantissime attivit\u00e0 che ruotano attorno alla lettura in citt\u00e0, in una mappa leggibile e in grado di esprimere un&#8217;idea convincente e innovativa di promozione della lettura e del libro&#8221;.<\/p>\n<p>Al centro di questa mappa \u00e8 stato collocato il lavoro della <strong>biblioteca San Giorgio e della biblioteca Forteguerriana<\/strong>, progressivamente allargato alle biblioteche della rete di cooperazione e ai tanti soggetti con cui le istituzioni culturali cittadine hanno attivato collaborazioni fuori e dentro Pistoia, come editori, autori, traduttori, librai e anche altre istituzioni e associazioni culturali, singoli cittadini, imprese, enti. Il primo luglio dalla sede centrale di Parigi dell&#8217;Unesco sar\u00e0 reso noto il nome della citt\u00e0 designata.&nbsp;<\/p>\n","protected":false},"excerpt":{"rendered":"<p>L&#8217;annuncio dell&#8217;amministrazione comunale al Salone del Libro di Torino. Il nome della citt\u00e0 designata sar\u00e0 reso noto a Parigi il prossimo 1 luglio<\/p>\n","protected":false},"author":525,"featured_media":81894,"comment_status":"open","ping_status":"open","sticky":false,"template":"","format":"standard","meta":{"_acf_changed":false,"footnotes":""},"categories":[493,5],"tags":[],"class_list":["post-48409","post","type-post","status-publish","format-standard","has-post-thumbnail","hentry","category-cultura","category-arte-e-cultura"],"acf":[],"yoast_head":"<!-- This site is optimized with the Yoast SEO Premium plugin v24.2 (Yoast SEO v25.6) - https:\/\/yoast.com\/wordpress\/plugins\/seo\/ -->\n<title>Libro, Pistoia si candida a capitale mondiale 2021 - intoscana<\/title>\n<meta name=\"description\" content=\"Salone Libro Torino, Pistoia si candida a capitale mondiale 2021 del libro.\" \/>\n<meta name=\"robots\" content=\"index, follow, max-snippet:-1, max-image-preview:large, max-video-preview:-1\" \/>\n<link rel=\"canonical\" href=\"https:\/\/www.intoscana.it\/it\/libro-pistoia-si-candida-a-capitale-mondiale-2021\/\" \/>\n<meta property=\"og:locale\" content=\"it_IT\" \/>\n<meta property=\"og:type\" content=\"article\" \/>\n<meta property=\"og:title\" content=\"Libro, Pistoia si candida a capitale mondiale 2021\" \/>\n<meta property=\"og:description\" content=\"Salone Libro Torino, Pistoia si candida a capitale mondiale 2021 del libro.\" \/>\n<meta property=\"og:url\" content=\"https:\/\/www.intoscana.it\/it\/libro-pistoia-si-candida-a-capitale-mondiale-2021\/\" \/>\n<meta property=\"og:site_name\" content=\"intoscana\" \/>\n<meta property=\"article:publisher\" content=\"https:\/\/www.facebook.com\/intoscana.it\" \/>\n<meta property=\"article:published_time\" content=\"2019-05-11T13:51:38+00:00\" \/>\n<meta property=\"article:modified_time\" content=\"2020-05-18T09:44:28+00:00\" \/>\n<meta property=\"og:image\" content=\"https:\/\/www.intoscana.it\/wp-content\/uploads\/pistoia-5.jpg\" \/>\n\t<meta property=\"og:image:width\" content=\"1280\" \/>\n\t<meta property=\"og:image:height\" content=\"804\" \/>\n\t<meta property=\"og:image:type\" content=\"image\/jpeg\" \/>\n<meta name=\"author\" content=\"Redazione\" \/>\n<meta name=\"twitter:card\" content=\"summary_large_image\" \/>\n<meta name=\"twitter:creator\" content=\"@intoscana\" \/>\n<meta name=\"twitter:site\" content=\"@intoscana\" \/>\n<meta name=\"twitter:label1\" content=\"Written by\" \/>\n\t<meta name=\"twitter:data1\" content=\"Redazione\" \/>\n\t<meta name=\"twitter:label2\" content=\"Est. reading time\" \/>\n\t<meta name=\"twitter:data2\" content=\"1 minuto\" \/>\n<script type=\"application\/ld+json\" class=\"yoast-schema-graph\">{\"@context\":\"https:\/\/schema.org\",\"@graph\":[{\"@type\":\"WebPage\",\"@id\":\"https:\/\/www.intoscana.it\/it\/libro-pistoia-si-candida-a-capitale-mondiale-2021\/\",\"url\":\"https:\/\/www.intoscana.it\/it\/libro-pistoia-si-candida-a-capitale-mondiale-2021\/\",\"name\":\"Libro, Pistoia si candida a capitale mondiale 2021 - intoscana\",\"isPartOf\":{\"@id\":\"https:\/\/www.intoscana.it\/it\/#website\"},\"primaryImageOfPage\":{\"@id\":\"https:\/\/www.intoscana.it\/it\/libro-pistoia-si-candida-a-capitale-mondiale-2021\/#primaryimage\"},\"image\":{\"@id\":\"https:\/\/www.intoscana.it\/it\/libro-pistoia-si-candida-a-capitale-mondiale-2021\/#primaryimage\"},\"thumbnailUrl\":\"https:\/\/www.intoscana.it\/wp-content\/uploads\/pistoia-5.jpg\",\"datePublished\":\"2019-05-11T13:51:38+00:00\",\"dateModified\":\"2020-05-18T09:44:28+00:00\",\"author\":{\"@id\":\"https:\/\/www.intoscana.it\/it\/#\/schema\/person\/9223810753230f20bd670fdd322661f8\"},\"description\":\"Salone Libro Torino, Pistoia si candida a capitale mondiale 2021 del libro.\",\"breadcrumb\":{\"@id\":\"https:\/\/www.intoscana.it\/it\/libro-pistoia-si-candida-a-capitale-mondiale-2021\/#breadcrumb\"},\"inLanguage\":\"it-IT\",\"potentialAction\":[{\"@type\":\"ReadAction\",\"target\":[\"https:\/\/www.intoscana.it\/it\/libro-pistoia-si-candida-a-capitale-mondiale-2021\/\"]}]},{\"@type\":\"ImageObject\",\"inLanguage\":\"it-IT\",\"@id\":\"https:\/\/www.intoscana.it\/it\/libro-pistoia-si-candida-a-capitale-mondiale-2021\/#primaryimage\",\"url\":\"https:\/\/www.intoscana.it\/wp-content\/uploads\/pistoia-5.jpg\",\"contentUrl\":\"https:\/\/www.intoscana.it\/wp-content\/uploads\/pistoia-5.jpg\",\"width\":1280,\"height\":804,\"caption\":\"Pistoia candidata a capitale mondiale del libro 2021.\"},{\"@type\":\"BreadcrumbList\",\"@id\":\"https:\/\/www.intoscana.it\/it\/libro-pistoia-si-candida-a-capitale-mondiale-2021\/#breadcrumb\",\"itemListElement\":[{\"@type\":\"ListItem\",\"position\":1,\"name\":\"Home\",\"item\":\"https:\/\/www.intoscana.it\/it\/\"},{\"@type\":\"ListItem\",\"position\":2,\"name\":\"Libro, Pistoia si candida a capitale mondiale 2021\"}]},{\"@type\":\"WebSite\",\"@id\":\"https:\/\/www.intoscana.it\/it\/#website\",\"url\":\"https:\/\/www.intoscana.it\/it\/\",\"name\":\"intoscana\",\"description\":\"\",\"potentialAction\":[{\"@type\":\"SearchAction\",\"target\":{\"@type\":\"EntryPoint\",\"urlTemplate\":\"https:\/\/www.intoscana.it\/it\/?s={search_term_string}\"},\"query-input\":{\"@type\":\"PropertyValueSpecification\",\"valueRequired\":true,\"valueName\":\"search_term_string\"}}],\"inLanguage\":\"it-IT\"},{\"@type\":\"Person\",\"@id\":\"https:\/\/www.intoscana.it\/it\/#\/schema\/person\/9223810753230f20bd670fdd322661f8\",\"name\":\"Redazione\",\"url\":\"https:\/\/www.intoscana.it\/it\/author\/redazione\/\"}]}<\/script>\n<!-- \/ Yoast SEO Premium plugin. -->","yoast_head_json":{"title":"Libro, Pistoia si candida a capitale mondiale 2021 - intoscana","description":"Salone Libro Torino, Pistoia si candida a capitale mondiale 2021 del libro.","robots":{"index":"index","follow":"follow","max-snippet":"max-snippet:-1","max-image-preview":"max-image-preview:large","max-video-preview":"max-video-preview:-1"},"canonical":"https:\/\/www.intoscana.it\/it\/libro-pistoia-si-candida-a-capitale-mondiale-2021\/","og_locale":"it_IT","og_type":"article","og_title":"Libro, Pistoia si candida a capitale mondiale 2021","og_description":"Salone Libro Torino, Pistoia si candida a capitale mondiale 2021 del libro.","og_url":"https:\/\/www.intoscana.it\/it\/libro-pistoia-si-candida-a-capitale-mondiale-2021\/","og_site_name":"intoscana","article_publisher":"https:\/\/www.facebook.com\/intoscana.it","article_published_time":"2019-05-11T13:51:38+00:00","article_modified_time":"2020-05-18T09:44:28+00:00","og_image":[{"width":1280,"height":804,"url":"https:\/\/www.intoscana.it\/wp-content\/uploads\/pistoia-5.jpg","type":"image\/jpeg"}],"author":"Redazione","twitter_card":"summary_large_image","twitter_creator":"@intoscana","twitter_site":"@intoscana","twitter_misc":{"Written by":"Redazione","Est. reading time":"1 minuto"},"schema":{"@context":"https:\/\/schema.org","@graph":[{"@type":"WebPage","@id":"https:\/\/www.intoscana.it\/it\/libro-pistoia-si-candida-a-capitale-mondiale-2021\/","url":"https:\/\/www.intoscana.it\/it\/libro-pistoia-si-candida-a-capitale-mondiale-2021\/","name":"Libro, Pistoia si candida a capitale mondiale 2021 - intoscana","isPartOf":{"@id":"https:\/\/www.intoscana.it\/it\/#website"},"primaryImageOfPage":{"@id":"https:\/\/www.intoscana.it\/it\/libro-pistoia-si-candida-a-capitale-mondiale-2021\/#primaryimage"},"image":{"@id":"https:\/\/www.intoscana.it\/it\/libro-pistoia-si-candida-a-capitale-mondiale-2021\/#primaryimage"},"thumbnailUrl":"https:\/\/www.intoscana.it\/wp-content\/uploads\/pistoia-5.jpg","datePublished":"2019-05-11T13:51:38+00:00","dateModified":"2020-05-18T09:44:28+00:00","author":{"@id":"https:\/\/www.intoscana.it\/it\/#\/schema\/person\/9223810753230f20bd670fdd322661f8"},"description":"Salone Libro Torino, Pistoia si candida a capitale mondiale 2021 del libro.","breadcrumb":{"@id":"https:\/\/www.intoscana.it\/it\/libro-pistoia-si-candida-a-capitale-mondiale-2021\/#breadcrumb"},"inLanguage":"it-IT","potentialAction":[{"@type":"ReadAction","target":["https:\/\/www.intoscana.it\/it\/libro-pistoia-si-candida-a-capitale-mondiale-2021\/"]}]},{"@type":"ImageObject","inLanguage":"it-IT","@id":"https:\/\/www.intoscana.it\/it\/libro-pistoia-si-candida-a-capitale-mondiale-2021\/#primaryimage","url":"https:\/\/www.intoscana.it\/wp-content\/uploads\/pistoia-5.jpg","contentUrl":"https:\/\/www.intoscana.it\/wp-content\/uploads\/pistoia-5.jpg","width":1280,"height":804,"caption":"Pistoia candidata a capitale mondiale del libro 2021."},{"@type":"BreadcrumbList","@id":"https:\/\/www.intoscana.it\/it\/libro-pistoia-si-candida-a-capitale-mondiale-2021\/#breadcrumb","itemListElement":[{"@type":"ListItem","position":1,"name":"Home","item":"https:\/\/www.intoscana.it\/it\/"},{"@type":"ListItem","position":2,"name":"Libro, Pistoia si candida a capitale mondiale 2021"}]},{"@type":"WebSite","@id":"https:\/\/www.intoscana.it\/it\/#website","url":"https:\/\/www.intoscana.it\/it\/","name":"intoscana","description":"","potentialAction":[{"@type":"SearchAction","target":{"@type":"EntryPoint","urlTemplate":"https:\/\/www.intoscana.it\/it\/?s={search_term_string}"},"query-input":{"@type":"PropertyValueSpecification","valueRequired":true,"valueName":"search_term_string"}}],"inLanguage":"it-IT"},{"@type":"Person","@id":"https:\/\/www.intoscana.it\/it\/#\/schema\/person\/9223810753230f20bd670fdd322661f8","name":"Redazione","url":"https:\/\/www.intoscana.it\/it\/author\/redazione\/"}]}},"_links":{"self":[{"href":"https:\/\/www.intoscana.it\/it\/wp-json\/wp\/v2\/posts\/48409","targetHints":{"allow":["GET"]}}],"collection":[{"href":"https:\/\/www.intoscana.it\/it\/wp-json\/wp\/v2\/posts"}],"about":[{"href":"https:\/\/www.intoscana.it\/it\/wp-json\/wp\/v2\/types\/post"}],"author":[{"embeddable":true,"href":"https:\/\/www.intoscana.it\/it\/wp-json\/wp\/v2\/users\/525"}],"replies":[{"embeddable":true,"href":"https:\/\/www.intoscana.it\/it\/wp-json\/wp\/v2\/comments?post=48409"}],"version-history":[{"count":0,"href":"https:\/\/www.intoscana.it\/it\/wp-json\/wp\/v2\/posts\/48409\/revisions"}],"wp:featuredmedia":[{"embeddable":true,"href":"https:\/\/www.intoscana.it\/it\/wp-json\/wp\/v2\/media\/81894"}],"wp:attachment":[{"href":"https:\/\/www.intoscana.it\/it\/wp-json\/wp\/v2\/media?parent=48409"}],"wp:term":[{"taxonomy":"category","embeddable":true,"href":"https:\/\/www.intoscana.it\/it\/wp-json\/wp\/v2\/categories?post=48409"},{"taxonomy":"post_tag","embeddable":true,"href":"https:\/\/www.intoscana.it\/it\/wp-json\/wp\/v2\/tags?post=48409"}],"curies":[{"name":"wp","href":"https:\/\/api.w.org\/{rel}","templated":true}]}}