{"id":48438,"date":"2019-05-30T09:44:19","date_gmt":"2019-05-30T09:44:19","guid":{"rendered":"http:\/\/www.intoscana.it\/cancro-al-colon-ricercatori-premiati-in-usa-ce-anche-pisa\/"},"modified":"2020-05-18T11:34:44","modified_gmt":"2020-05-18T09:34:44","slug":"cancro-al-colon-ricercatori-premiati-in-usa-ce-anche-pisa","status":"publish","type":"post","link":"https:\/\/www.intoscana.it\/it\/cancro-al-colon-ricercatori-premiati-in-usa-ce-anche-pisa\/","title":{"rendered":"Cancro al colon: ricercatori premiati in Usa, c&#8217;\u00e8 anche Pisa"},"content":{"rendered":"<p>L&#8217;Italia fa passi avanti sulla cura del cancro al colon retto, la&nbsp;seconda forma tumorale pi\u00f9 diffusa in Italia con<strong> 51.300 nuovi casi nel 2018<\/strong>.&nbsp;<\/p>\n<p><strong>Otto giovani ricercatori del nostro paese&nbsp;<\/strong>saranno infatti premiati negli<strong> Stati Uniti<\/strong>, ricevendo il prestigioso riconoscimento <strong>Merit Award<\/strong>, per l&#8217;importanza e l&#8217;innovativit\u00e0 delle loro ricerche, in occasione del 55\/mo <strong>Congresso mondiale della Societ\u00e0 americana di oncologia clinica<\/strong> (Asco) al via a Chicago con la partecipazione di oltre 40mila specialisti da tutto il mondo.<\/p>\n<p>A ricevere il <strong>Merit Awaed<\/strong> saranno Maria Alessandra Calegari, (Oncologia Medica, Fondazione Policlinico Universitario Gemelli, IRCCS), Brunella Di Stefano (Fondazione Policlinico Universitario Gemelli-IRCCS-UOC Oncologia Medica), Roberto Ferrara (Fondazione IRCCS-Istituto Nazionale dei Tumori), Federica Marmorino (Azienda Ospedaliera Universitaria Pisana), Daniele Rossini (Azienda Ospedaliera Universitaria Pisana), Gemma Zucchelli (Azienda Ospedaliera Universitaria Pisana), Matteo Lambertini (Policlinico San Martino-Universit\u00e0 di Genova), Marco Bandini (Universit\u00e0 San Raffaele di Milano).<\/p>\n<p>Rossini, 31 anni, riceve il premio dell&#8217;Asco per il terzo anno consecutivo: il riconoscimento va alle sue ricerche, in team con le altre ricercatrici dell&#8217;Universit\u00e0 di Pisa per la lotta a questa forma di tumore che aggredisce il colon.<\/p>\n","protected":false},"excerpt":{"rendered":"<p>Passi avanti nella ricerca: la cerimonia di consegna del &#8216;Merit Award&#8217; si terr\u00e0 a Chicago, all&#8217;interno del Congresso Mondiale della Societ\u00e0 americana di oncologia clinica<\/p>\n","protected":false},"author":525,"featured_media":82141,"comment_status":"open","ping_status":"open","sticky":false,"template":"","format":"standard","meta":{"_acf_changed":false,"footnotes":""},"categories":[18],"tags":[],"class_list":["post-48438","post","type-post","status-publish","format-standard","has-post-thumbnail","hentry","category-salute"],"acf":[],"yoast_head":"<!-- This site is optimized with the Yoast SEO Premium plugin v24.2 (Yoast SEO v25.6) - https:\/\/yoast.com\/wordpress\/plugins\/seo\/ -->\n<title>Cancro al colon: ricercatori premiati in Usa, c&#039;\u00e8 anche Pisa - intoscana<\/title>\n<meta name=\"description\" content=\"8 giovani ricercatori italiani premiati in Usa, c&#039;\u00e8 anche l&#039;Universit\u00e0 di Pisa.\" \/>\n<meta name=\"robots\" content=\"index, follow, max-snippet:-1, max-image-preview:large, max-video-preview:-1\" \/>\n<link rel=\"canonical\" href=\"https:\/\/www.intoscana.it\/it\/cancro-al-colon-ricercatori-premiati-in-usa-ce-anche-pisa\/\" \/>\n<meta property=\"og:locale\" content=\"it_IT\" \/>\n<meta property=\"og:type\" content=\"article\" \/>\n<meta property=\"og:title\" content=\"Cancro al colon: ricercatori premiati in Usa, c&#039;\u00e8 anche Pisa\" \/>\n<meta property=\"og:description\" content=\"8 giovani ricercatori italiani premiati in Usa, c&#039;\u00e8 anche l&#039;Universit\u00e0 di Pisa.\" \/>\n<meta property=\"og:url\" content=\"https:\/\/www.intoscana.it\/it\/cancro-al-colon-ricercatori-premiati-in-usa-ce-anche-pisa\/\" \/>\n<meta property=\"og:site_name\" content=\"intoscana\" \/>\n<meta property=\"article:publisher\" content=\"https:\/\/www.facebook.com\/intoscana.it\" \/>\n<meta property=\"article:published_time\" content=\"2019-05-30T09:44:19+00:00\" \/>\n<meta property=\"article:modified_time\" content=\"2020-05-18T09:34:44+00:00\" \/>\n<meta property=\"og:image\" content=\"https:\/\/www.intoscana.it\/wp-content\/uploads\/shutterstock_390249514.jpg\" \/>\n\t<meta property=\"og:image:width\" content=\"2000\" \/>\n\t<meta property=\"og:image:height\" content=\"1321\" \/>\n\t<meta property=\"og:image:type\" content=\"image\/jpeg\" \/>\n<meta name=\"author\" content=\"Redazione\" \/>\n<meta name=\"twitter:card\" content=\"summary_large_image\" \/>\n<meta name=\"twitter:creator\" content=\"@intoscana\" \/>\n<meta name=\"twitter:site\" content=\"@intoscana\" \/>\n<meta name=\"twitter:label1\" content=\"Written by\" \/>\n\t<meta name=\"twitter:data1\" content=\"Redazione\" \/>\n\t<meta name=\"twitter:label2\" content=\"Est. reading time\" \/>\n\t<meta name=\"twitter:data2\" content=\"1 minuto\" \/>\n<script type=\"application\/ld+json\" class=\"yoast-schema-graph\">{\"@context\":\"https:\/\/schema.org\",\"@graph\":[{\"@type\":\"WebPage\",\"@id\":\"https:\/\/www.intoscana.it\/it\/cancro-al-colon-ricercatori-premiati-in-usa-ce-anche-pisa\/\",\"url\":\"https:\/\/www.intoscana.it\/it\/cancro-al-colon-ricercatori-premiati-in-usa-ce-anche-pisa\/\",\"name\":\"Cancro al colon: ricercatori premiati in Usa, c'\u00e8 anche Pisa - intoscana\",\"isPartOf\":{\"@id\":\"https:\/\/www.intoscana.it\/it\/#website\"},\"primaryImageOfPage\":{\"@id\":\"https:\/\/www.intoscana.it\/it\/cancro-al-colon-ricercatori-premiati-in-usa-ce-anche-pisa\/#primaryimage\"},\"image\":{\"@id\":\"https:\/\/www.intoscana.it\/it\/cancro-al-colon-ricercatori-premiati-in-usa-ce-anche-pisa\/#primaryimage\"},\"thumbnailUrl\":\"https:\/\/www.intoscana.it\/wp-content\/uploads\/shutterstock_390249514.jpg\",\"datePublished\":\"2019-05-30T09:44:19+00:00\",\"dateModified\":\"2020-05-18T09:34:44+00:00\",\"author\":{\"@id\":\"https:\/\/www.intoscana.it\/it\/#\/schema\/person\/9223810753230f20bd670fdd322661f8\"},\"description\":\"8 giovani ricercatori italiani premiati in Usa, c'\u00e8 anche l'Universit\u00e0 di Pisa.\",\"breadcrumb\":{\"@id\":\"https:\/\/www.intoscana.it\/it\/cancro-al-colon-ricercatori-premiati-in-usa-ce-anche-pisa\/#breadcrumb\"},\"inLanguage\":\"it-IT\",\"potentialAction\":[{\"@type\":\"ReadAction\",\"target\":[\"https:\/\/www.intoscana.it\/it\/cancro-al-colon-ricercatori-premiati-in-usa-ce-anche-pisa\/\"]}]},{\"@type\":\"ImageObject\",\"inLanguage\":\"it-IT\",\"@id\":\"https:\/\/www.intoscana.it\/it\/cancro-al-colon-ricercatori-premiati-in-usa-ce-anche-pisa\/#primaryimage\",\"url\":\"https:\/\/www.intoscana.it\/wp-content\/uploads\/shutterstock_390249514.jpg\",\"contentUrl\":\"https:\/\/www.intoscana.it\/wp-content\/uploads\/shutterstock_390249514.jpg\",\"width\":2000,\"height\":1321,\"caption\":\"Tumori\"},{\"@type\":\"BreadcrumbList\",\"@id\":\"https:\/\/www.intoscana.it\/it\/cancro-al-colon-ricercatori-premiati-in-usa-ce-anche-pisa\/#breadcrumb\",\"itemListElement\":[{\"@type\":\"ListItem\",\"position\":1,\"name\":\"Home\",\"item\":\"https:\/\/www.intoscana.it\/it\/\"},{\"@type\":\"ListItem\",\"position\":2,\"name\":\"Cancro al colon: ricercatori premiati in Usa, c&#8217;\u00e8 anche Pisa\"}]},{\"@type\":\"WebSite\",\"@id\":\"https:\/\/www.intoscana.it\/it\/#website\",\"url\":\"https:\/\/www.intoscana.it\/it\/\",\"name\":\"intoscana\",\"description\":\"\",\"potentialAction\":[{\"@type\":\"SearchAction\",\"target\":{\"@type\":\"EntryPoint\",\"urlTemplate\":\"https:\/\/www.intoscana.it\/it\/?s={search_term_string}\"},\"query-input\":{\"@type\":\"PropertyValueSpecification\",\"valueRequired\":true,\"valueName\":\"search_term_string\"}}],\"inLanguage\":\"it-IT\"},{\"@type\":\"Person\",\"@id\":\"https:\/\/www.intoscana.it\/it\/#\/schema\/person\/9223810753230f20bd670fdd322661f8\",\"name\":\"Redazione\",\"url\":\"https:\/\/www.intoscana.it\/it\/author\/redazione\/\"}]}<\/script>\n<!-- \/ Yoast SEO Premium plugin. -->","yoast_head_json":{"title":"Cancro al colon: ricercatori premiati in Usa, c'\u00e8 anche Pisa - intoscana","description":"8 giovani ricercatori italiani premiati in Usa, c'\u00e8 anche l'Universit\u00e0 di Pisa.","robots":{"index":"index","follow":"follow","max-snippet":"max-snippet:-1","max-image-preview":"max-image-preview:large","max-video-preview":"max-video-preview:-1"},"canonical":"https:\/\/www.intoscana.it\/it\/cancro-al-colon-ricercatori-premiati-in-usa-ce-anche-pisa\/","og_locale":"it_IT","og_type":"article","og_title":"Cancro al colon: ricercatori premiati in Usa, c'\u00e8 anche Pisa","og_description":"8 giovani ricercatori italiani premiati in Usa, c'\u00e8 anche l'Universit\u00e0 di Pisa.","og_url":"https:\/\/www.intoscana.it\/it\/cancro-al-colon-ricercatori-premiati-in-usa-ce-anche-pisa\/","og_site_name":"intoscana","article_publisher":"https:\/\/www.facebook.com\/intoscana.it","article_published_time":"2019-05-30T09:44:19+00:00","article_modified_time":"2020-05-18T09:34:44+00:00","og_image":[{"width":2000,"height":1321,"url":"https:\/\/www.intoscana.it\/wp-content\/uploads\/shutterstock_390249514.jpg","type":"image\/jpeg"}],"author":"Redazione","twitter_card":"summary_large_image","twitter_creator":"@intoscana","twitter_site":"@intoscana","twitter_misc":{"Written by":"Redazione","Est. reading time":"1 minuto"},"schema":{"@context":"https:\/\/schema.org","@graph":[{"@type":"WebPage","@id":"https:\/\/www.intoscana.it\/it\/cancro-al-colon-ricercatori-premiati-in-usa-ce-anche-pisa\/","url":"https:\/\/www.intoscana.it\/it\/cancro-al-colon-ricercatori-premiati-in-usa-ce-anche-pisa\/","name":"Cancro al colon: ricercatori premiati in Usa, c'\u00e8 anche Pisa - intoscana","isPartOf":{"@id":"https:\/\/www.intoscana.it\/it\/#website"},"primaryImageOfPage":{"@id":"https:\/\/www.intoscana.it\/it\/cancro-al-colon-ricercatori-premiati-in-usa-ce-anche-pisa\/#primaryimage"},"image":{"@id":"https:\/\/www.intoscana.it\/it\/cancro-al-colon-ricercatori-premiati-in-usa-ce-anche-pisa\/#primaryimage"},"thumbnailUrl":"https:\/\/www.intoscana.it\/wp-content\/uploads\/shutterstock_390249514.jpg","datePublished":"2019-05-30T09:44:19+00:00","dateModified":"2020-05-18T09:34:44+00:00","author":{"@id":"https:\/\/www.intoscana.it\/it\/#\/schema\/person\/9223810753230f20bd670fdd322661f8"},"description":"8 giovani ricercatori italiani premiati in Usa, c'\u00e8 anche l'Universit\u00e0 di Pisa.","breadcrumb":{"@id":"https:\/\/www.intoscana.it\/it\/cancro-al-colon-ricercatori-premiati-in-usa-ce-anche-pisa\/#breadcrumb"},"inLanguage":"it-IT","potentialAction":[{"@type":"ReadAction","target":["https:\/\/www.intoscana.it\/it\/cancro-al-colon-ricercatori-premiati-in-usa-ce-anche-pisa\/"]}]},{"@type":"ImageObject","inLanguage":"it-IT","@id":"https:\/\/www.intoscana.it\/it\/cancro-al-colon-ricercatori-premiati-in-usa-ce-anche-pisa\/#primaryimage","url":"https:\/\/www.intoscana.it\/wp-content\/uploads\/shutterstock_390249514.jpg","contentUrl":"https:\/\/www.intoscana.it\/wp-content\/uploads\/shutterstock_390249514.jpg","width":2000,"height":1321,"caption":"Tumori"},{"@type":"BreadcrumbList","@id":"https:\/\/www.intoscana.it\/it\/cancro-al-colon-ricercatori-premiati-in-usa-ce-anche-pisa\/#breadcrumb","itemListElement":[{"@type":"ListItem","position":1,"name":"Home","item":"https:\/\/www.intoscana.it\/it\/"},{"@type":"ListItem","position":2,"name":"Cancro al colon: ricercatori premiati in Usa, c&#8217;\u00e8 anche Pisa"}]},{"@type":"WebSite","@id":"https:\/\/www.intoscana.it\/it\/#website","url":"https:\/\/www.intoscana.it\/it\/","name":"intoscana","description":"","potentialAction":[{"@type":"SearchAction","target":{"@type":"EntryPoint","urlTemplate":"https:\/\/www.intoscana.it\/it\/?s={search_term_string}"},"query-input":{"@type":"PropertyValueSpecification","valueRequired":true,"valueName":"search_term_string"}}],"inLanguage":"it-IT"},{"@type":"Person","@id":"https:\/\/www.intoscana.it\/it\/#\/schema\/person\/9223810753230f20bd670fdd322661f8","name":"Redazione","url":"https:\/\/www.intoscana.it\/it\/author\/redazione\/"}]}},"_links":{"self":[{"href":"https:\/\/www.intoscana.it\/it\/wp-json\/wp\/v2\/posts\/48438","targetHints":{"allow":["GET"]}}],"collection":[{"href":"https:\/\/www.intoscana.it\/it\/wp-json\/wp\/v2\/posts"}],"about":[{"href":"https:\/\/www.intoscana.it\/it\/wp-json\/wp\/v2\/types\/post"}],"author":[{"embeddable":true,"href":"https:\/\/www.intoscana.it\/it\/wp-json\/wp\/v2\/users\/525"}],"replies":[{"embeddable":true,"href":"https:\/\/www.intoscana.it\/it\/wp-json\/wp\/v2\/comments?post=48438"}],"version-history":[{"count":0,"href":"https:\/\/www.intoscana.it\/it\/wp-json\/wp\/v2\/posts\/48438\/revisions"}],"wp:featuredmedia":[{"embeddable":true,"href":"https:\/\/www.intoscana.it\/it\/wp-json\/wp\/v2\/media\/82141"}],"wp:attachment":[{"href":"https:\/\/www.intoscana.it\/it\/wp-json\/wp\/v2\/media?parent=48438"}],"wp:term":[{"taxonomy":"category","embeddable":true,"href":"https:\/\/www.intoscana.it\/it\/wp-json\/wp\/v2\/categories?post=48438"},{"taxonomy":"post_tag","embeddable":true,"href":"https:\/\/www.intoscana.it\/it\/wp-json\/wp\/v2\/tags?post=48438"}],"curies":[{"name":"wp","href":"https:\/\/api.w.org\/{rel}","templated":true}]}}