{"id":48448,"date":"2019-06-01T16:29:00","date_gmt":"2019-06-01T16:29:00","guid":{"rendered":"http:\/\/www.intoscana.it\/lattrice-anna-bonaiuto-legge-lamica-geniale-di-elena-ferrante\/"},"modified":"2020-05-19T15:30:43","modified_gmt":"2020-05-19T13:30:43","slug":"anna-bonaiuto-legge-elena-ferrante","status":"publish","type":"post","link":"https:\/\/www.intoscana.it\/it\/anna-bonaiuto-legge-elena-ferrante\/","title":{"rendered":"L&#8217;attrice Anna Bonaiuto legge &#8220;L&#8217;amica geniale&#8221; di Elena Ferrante"},"content":{"rendered":"<p>Il caso letterario che ha travolto milioni di lettori in tutto il mondo \u00e8 al centro dell&#8217;appuntamento con<strong><em> Anna Bonaiuto<\/em><\/strong>, l&#8217;ospite speciale che il 3 giugno a partire dalle 20.45 legger\u00e0&#8221;&#8216;L&#8217;amica geniale&#8221; di Elena Ferrante al Museo Novecento di Firenze: ingresso libero fino a esaurimento posti.<\/p>\n<p>La serata \u00e8 organizzata da <strong>Associazione Wimbledon con Museo Novecento e Associazione Muse<\/strong> ed \u00e8 uno tra gli appuntamenti di avvicinamento al festival <strong>La Citt\u00e0 dei Lettori<\/strong>, che si terr\u00e0 dal 7 al 9 giugno a Villa Bardini (tre giorni di incontri, masterclass, book party e tour guidati con pi\u00f9 di cinquanta ospiti).<\/p>\n<p>Bonaiuto ha gi\u00e0 dato voce ai 4 volumi delle avventure di Elena e Lilia &#8211; &#8216;L&#8217;amica geniale&#8217;, &#8216;Storia del nuovo cognome&#8217;, &#8216;Storia di chi fugge e di chi resta&#8217;, &#8216;Storia della bambina perduta&#8217; &#8211; negli audiolibri per Emons Edizioni, storie di donne, plasmate, distorte e talvolta distrutte dalla realt\u00e0 che le circonda, pi\u00f9 spesso ancora dagli uomini. Sullo sfondo scorre la storia dell&#8217;Italia dagli anni &#8217;50 a oggi.<\/p>\n<p><span class=\"s1\">\u201c<em>Siamo molto onorati e felici <\/em>\u2013 ha detto il direttore artistico del Museo Novecento <em><strong>Sergio Risaliti <\/strong>\u2013 <\/em><em>di essere partner di questa iniziativa e di ospitare uno degli eventi che fanno da anteprima al festival La Citt\u00e0 dei Lettori. Sono convinto che offrire la possibilit\u00e0 di avvicinarsi e interagire con le arti, e quindi anche con la letteratura, sia il migliore modo per educare una comunit\u00e0 alla consapevolezza, alla responsabilit\u00e0, al bello e alla critica. Noi abbiamo bisogno di una comunit\u00e0 sempre pi\u00f9 curiosa e aperta alla creativit\u00e0, sempre pi\u00f9 sensibile e desiderosa di nutrire la propria fantasia, cosa che la letteratura garantisce da sempre. Un museo lavora con questi obiettivi, siamo felici di condividere un pezzetto di strada con chi, come gli organizzatori de La Citt\u00e0 dei Lettori, la pensa come noi e apre la citt\u00e0 al potere e all\u2019importanza delle parole<\/em>\u201d. <\/span><\/p>\n","protected":false},"excerpt":{"rendered":"<p>Nuovo evento a Firenze che prelude al festival &#8220;La Citt\u00e0 dei Lettori&#8221; al Museo Novecento luned\u00ec 3 giugno alle ore 20.45. Ingresso libero fino ad esaurimento posti<\/p>\n","protected":false},"author":525,"featured_media":82151,"comment_status":"open","ping_status":"open","sticky":false,"template":"","format":"standard","meta":{"_acf_changed":false,"footnotes":""},"categories":[493,5],"tags":[],"class_list":["post-48448","post","type-post","status-publish","format-standard","has-post-thumbnail","hentry","category-cultura","category-arte-e-cultura"],"acf":[],"yoast_head":"<!-- This site is optimized with the Yoast SEO Premium plugin v24.2 (Yoast SEO v25.6) - https:\/\/yoast.com\/wordpress\/plugins\/seo\/ -->\n<title>L&#039;attrice Anna Bonaiuto legge &quot;L&#039;amica geniale&quot; di Elena Ferrante - intoscana<\/title>\n<meta name=\"description\" content=\"Nuovo evento che prelude al festival &quot;La Citt\u00e0 dei Lettori&quot; al Museo Novecento luned\u00ec 3 giugno alle ore 20.45\" \/>\n<meta name=\"robots\" content=\"index, follow, max-snippet:-1, max-image-preview:large, max-video-preview:-1\" \/>\n<link rel=\"canonical\" href=\"https:\/\/www.intoscana.it\/it\/anna-bonaiuto-legge-elena-ferrante\/\" \/>\n<meta property=\"og:locale\" content=\"it_IT\" \/>\n<meta property=\"og:type\" content=\"article\" \/>\n<meta property=\"og:title\" content=\"L&#039;attrice Anna Bonaiuto legge &quot;L&#039;amica geniale&quot; di Elena Ferrante\" \/>\n<meta property=\"og:description\" content=\"Nuovo evento che prelude al festival &quot;La Citt\u00e0 dei Lettori&quot; al Museo Novecento luned\u00ec 3 giugno alle ore 20.45\" \/>\n<meta property=\"og:url\" content=\"https:\/\/www.intoscana.it\/it\/anna-bonaiuto-legge-elena-ferrante\/\" \/>\n<meta property=\"og:site_name\" content=\"intoscana\" \/>\n<meta property=\"article:publisher\" content=\"https:\/\/www.facebook.com\/intoscana.it\" \/>\n<meta property=\"article:published_time\" content=\"2019-06-01T16:29:00+00:00\" \/>\n<meta property=\"article:modified_time\" content=\"2020-05-19T13:30:43+00:00\" \/>\n<meta property=\"og:image\" content=\"https:\/\/www.intoscana.it\/wp-content\/uploads\/anna-bonaiuto.jpg\" \/>\n\t<meta property=\"og:image:width\" content=\"455\" \/>\n\t<meta property=\"og:image:height\" content=\"370\" \/>\n\t<meta property=\"og:image:type\" content=\"image\/jpeg\" \/>\n<meta name=\"author\" content=\"Redazione\" \/>\n<meta name=\"twitter:card\" content=\"summary_large_image\" \/>\n<meta name=\"twitter:creator\" content=\"@intoscana\" \/>\n<meta name=\"twitter:site\" content=\"@intoscana\" \/>\n<meta name=\"twitter:label1\" content=\"Written by\" \/>\n\t<meta name=\"twitter:data1\" content=\"Redazione\" \/>\n\t<meta name=\"twitter:label2\" content=\"Est. reading time\" \/>\n\t<meta name=\"twitter:data2\" content=\"2 minuti\" \/>\n<script type=\"application\/ld+json\" class=\"yoast-schema-graph\">{\"@context\":\"https:\/\/schema.org\",\"@graph\":[{\"@type\":\"WebPage\",\"@id\":\"https:\/\/www.intoscana.it\/it\/anna-bonaiuto-legge-elena-ferrante\/\",\"url\":\"https:\/\/www.intoscana.it\/it\/anna-bonaiuto-legge-elena-ferrante\/\",\"name\":\"L'attrice Anna Bonaiuto legge \\\"L'amica geniale\\\" di Elena Ferrante - intoscana\",\"isPartOf\":{\"@id\":\"https:\/\/www.intoscana.it\/it\/#website\"},\"primaryImageOfPage\":{\"@id\":\"https:\/\/www.intoscana.it\/it\/anna-bonaiuto-legge-elena-ferrante\/#primaryimage\"},\"image\":{\"@id\":\"https:\/\/www.intoscana.it\/it\/anna-bonaiuto-legge-elena-ferrante\/#primaryimage\"},\"thumbnailUrl\":\"https:\/\/www.intoscana.it\/wp-content\/uploads\/anna-bonaiuto.jpg\",\"datePublished\":\"2019-06-01T16:29:00+00:00\",\"dateModified\":\"2020-05-19T13:30:43+00:00\",\"author\":{\"@id\":\"https:\/\/www.intoscana.it\/it\/#\/schema\/person\/9223810753230f20bd670fdd322661f8\"},\"description\":\"Nuovo evento che prelude al festival \\\"La Citt\u00e0 dei Lettori\\\" al Museo Novecento luned\u00ec 3 giugno alle ore 20.45\",\"breadcrumb\":{\"@id\":\"https:\/\/www.intoscana.it\/it\/anna-bonaiuto-legge-elena-ferrante\/#breadcrumb\"},\"inLanguage\":\"it-IT\",\"potentialAction\":[{\"@type\":\"ReadAction\",\"target\":[\"https:\/\/www.intoscana.it\/it\/anna-bonaiuto-legge-elena-ferrante\/\"]}]},{\"@type\":\"ImageObject\",\"inLanguage\":\"it-IT\",\"@id\":\"https:\/\/www.intoscana.it\/it\/anna-bonaiuto-legge-elena-ferrante\/#primaryimage\",\"url\":\"https:\/\/www.intoscana.it\/wp-content\/uploads\/anna-bonaiuto.jpg\",\"contentUrl\":\"https:\/\/www.intoscana.it\/wp-content\/uploads\/anna-bonaiuto.jpg\",\"width\":455,\"height\":370,\"caption\":\"Anna Bonaiuto, Elena Ferrante, libri\"},{\"@type\":\"BreadcrumbList\",\"@id\":\"https:\/\/www.intoscana.it\/it\/anna-bonaiuto-legge-elena-ferrante\/#breadcrumb\",\"itemListElement\":[{\"@type\":\"ListItem\",\"position\":1,\"name\":\"Home\",\"item\":\"https:\/\/www.intoscana.it\/it\/\"},{\"@type\":\"ListItem\",\"position\":2,\"name\":\"L&#8217;attrice Anna Bonaiuto legge &#8220;L&#8217;amica geniale&#8221; di Elena Ferrante\"}]},{\"@type\":\"WebSite\",\"@id\":\"https:\/\/www.intoscana.it\/it\/#website\",\"url\":\"https:\/\/www.intoscana.it\/it\/\",\"name\":\"intoscana\",\"description\":\"\",\"potentialAction\":[{\"@type\":\"SearchAction\",\"target\":{\"@type\":\"EntryPoint\",\"urlTemplate\":\"https:\/\/www.intoscana.it\/it\/?s={search_term_string}\"},\"query-input\":{\"@type\":\"PropertyValueSpecification\",\"valueRequired\":true,\"valueName\":\"search_term_string\"}}],\"inLanguage\":\"it-IT\"},{\"@type\":\"Person\",\"@id\":\"https:\/\/www.intoscana.it\/it\/#\/schema\/person\/9223810753230f20bd670fdd322661f8\",\"name\":\"Redazione\",\"url\":\"https:\/\/www.intoscana.it\/it\/author\/redazione\/\"}]}<\/script>\n<!-- \/ Yoast SEO Premium plugin. -->","yoast_head_json":{"title":"L'attrice Anna Bonaiuto legge \"L'amica geniale\" di Elena Ferrante - intoscana","description":"Nuovo evento che prelude al festival \"La Citt\u00e0 dei Lettori\" al Museo Novecento luned\u00ec 3 giugno alle ore 20.45","robots":{"index":"index","follow":"follow","max-snippet":"max-snippet:-1","max-image-preview":"max-image-preview:large","max-video-preview":"max-video-preview:-1"},"canonical":"https:\/\/www.intoscana.it\/it\/anna-bonaiuto-legge-elena-ferrante\/","og_locale":"it_IT","og_type":"article","og_title":"L'attrice Anna Bonaiuto legge \"L'amica geniale\" di Elena Ferrante","og_description":"Nuovo evento che prelude al festival \"La Citt\u00e0 dei Lettori\" al Museo Novecento luned\u00ec 3 giugno alle ore 20.45","og_url":"https:\/\/www.intoscana.it\/it\/anna-bonaiuto-legge-elena-ferrante\/","og_site_name":"intoscana","article_publisher":"https:\/\/www.facebook.com\/intoscana.it","article_published_time":"2019-06-01T16:29:00+00:00","article_modified_time":"2020-05-19T13:30:43+00:00","og_image":[{"width":455,"height":370,"url":"https:\/\/www.intoscana.it\/wp-content\/uploads\/anna-bonaiuto.jpg","type":"image\/jpeg"}],"author":"Redazione","twitter_card":"summary_large_image","twitter_creator":"@intoscana","twitter_site":"@intoscana","twitter_misc":{"Written by":"Redazione","Est. reading time":"2 minuti"},"schema":{"@context":"https:\/\/schema.org","@graph":[{"@type":"WebPage","@id":"https:\/\/www.intoscana.it\/it\/anna-bonaiuto-legge-elena-ferrante\/","url":"https:\/\/www.intoscana.it\/it\/anna-bonaiuto-legge-elena-ferrante\/","name":"L'attrice Anna Bonaiuto legge \"L'amica geniale\" di Elena Ferrante - intoscana","isPartOf":{"@id":"https:\/\/www.intoscana.it\/it\/#website"},"primaryImageOfPage":{"@id":"https:\/\/www.intoscana.it\/it\/anna-bonaiuto-legge-elena-ferrante\/#primaryimage"},"image":{"@id":"https:\/\/www.intoscana.it\/it\/anna-bonaiuto-legge-elena-ferrante\/#primaryimage"},"thumbnailUrl":"https:\/\/www.intoscana.it\/wp-content\/uploads\/anna-bonaiuto.jpg","datePublished":"2019-06-01T16:29:00+00:00","dateModified":"2020-05-19T13:30:43+00:00","author":{"@id":"https:\/\/www.intoscana.it\/it\/#\/schema\/person\/9223810753230f20bd670fdd322661f8"},"description":"Nuovo evento che prelude al festival \"La Citt\u00e0 dei Lettori\" al Museo Novecento luned\u00ec 3 giugno alle ore 20.45","breadcrumb":{"@id":"https:\/\/www.intoscana.it\/it\/anna-bonaiuto-legge-elena-ferrante\/#breadcrumb"},"inLanguage":"it-IT","potentialAction":[{"@type":"ReadAction","target":["https:\/\/www.intoscana.it\/it\/anna-bonaiuto-legge-elena-ferrante\/"]}]},{"@type":"ImageObject","inLanguage":"it-IT","@id":"https:\/\/www.intoscana.it\/it\/anna-bonaiuto-legge-elena-ferrante\/#primaryimage","url":"https:\/\/www.intoscana.it\/wp-content\/uploads\/anna-bonaiuto.jpg","contentUrl":"https:\/\/www.intoscana.it\/wp-content\/uploads\/anna-bonaiuto.jpg","width":455,"height":370,"caption":"Anna Bonaiuto, Elena Ferrante, libri"},{"@type":"BreadcrumbList","@id":"https:\/\/www.intoscana.it\/it\/anna-bonaiuto-legge-elena-ferrante\/#breadcrumb","itemListElement":[{"@type":"ListItem","position":1,"name":"Home","item":"https:\/\/www.intoscana.it\/it\/"},{"@type":"ListItem","position":2,"name":"L&#8217;attrice Anna Bonaiuto legge &#8220;L&#8217;amica geniale&#8221; di Elena Ferrante"}]},{"@type":"WebSite","@id":"https:\/\/www.intoscana.it\/it\/#website","url":"https:\/\/www.intoscana.it\/it\/","name":"intoscana","description":"","potentialAction":[{"@type":"SearchAction","target":{"@type":"EntryPoint","urlTemplate":"https:\/\/www.intoscana.it\/it\/?s={search_term_string}"},"query-input":{"@type":"PropertyValueSpecification","valueRequired":true,"valueName":"search_term_string"}}],"inLanguage":"it-IT"},{"@type":"Person","@id":"https:\/\/www.intoscana.it\/it\/#\/schema\/person\/9223810753230f20bd670fdd322661f8","name":"Redazione","url":"https:\/\/www.intoscana.it\/it\/author\/redazione\/"}]}},"_links":{"self":[{"href":"https:\/\/www.intoscana.it\/it\/wp-json\/wp\/v2\/posts\/48448","targetHints":{"allow":["GET"]}}],"collection":[{"href":"https:\/\/www.intoscana.it\/it\/wp-json\/wp\/v2\/posts"}],"about":[{"href":"https:\/\/www.intoscana.it\/it\/wp-json\/wp\/v2\/types\/post"}],"author":[{"embeddable":true,"href":"https:\/\/www.intoscana.it\/it\/wp-json\/wp\/v2\/users\/525"}],"replies":[{"embeddable":true,"href":"https:\/\/www.intoscana.it\/it\/wp-json\/wp\/v2\/comments?post=48448"}],"version-history":[{"count":0,"href":"https:\/\/www.intoscana.it\/it\/wp-json\/wp\/v2\/posts\/48448\/revisions"}],"wp:featuredmedia":[{"embeddable":true,"href":"https:\/\/www.intoscana.it\/it\/wp-json\/wp\/v2\/media\/82151"}],"wp:attachment":[{"href":"https:\/\/www.intoscana.it\/it\/wp-json\/wp\/v2\/media?parent=48448"}],"wp:term":[{"taxonomy":"category","embeddable":true,"href":"https:\/\/www.intoscana.it\/it\/wp-json\/wp\/v2\/categories?post=48448"},{"taxonomy":"post_tag","embeddable":true,"href":"https:\/\/www.intoscana.it\/it\/wp-json\/wp\/v2\/tags?post=48448"}],"curies":[{"name":"wp","href":"https:\/\/api.w.org\/{rel}","templated":true}]}}