{"id":48455,"date":"2019-06-20T10:44:27","date_gmt":"2019-06-20T10:44:27","guid":{"rendered":"http:\/\/www.intoscana.it\/capacita-di-spesa-dei-fondi-europei-toscana-premiata\/"},"modified":"2020-05-19T15:30:44","modified_gmt":"2020-05-19T13:30:44","slug":"valuetitolo-5","status":"publish","type":"post","link":"https:\/\/www.intoscana.it\/it\/valuetitolo-5\/","title":{"rendered":"Capacit\u00e0 di spesa dei fondi europei, Toscana &#8216;premiata&#8217;"},"content":{"rendered":"<p>E&#8217; soddisfatto il presidente della Regione <strong>&nbsp;Enrico Rossi<\/strong>, per le ulteriori risorse assegnate alla Toscana da parte della Commissione Europea, riguardo alle buone performance di spesa dei fondi europei. Arriveranno infatti altri <strong>57 milioni di euro,<\/strong> per aver superato gli obiettivi intermedi del Programma di Sviluppo Rurale FEASR 2014-2020, programma che sostiene <strong>l&#8217;innovazione e la competitivit\u00e0 del settore agricolo e forestale<\/strong>, con iniziative e progetti anche a sostegno dell&#8217;ambiente, delle aree rurali e della qualit\u00e0 della vita.<\/p>\n<p><em>&#8220;Con questo risultato la Toscana si conferma saldamente nel gruppo di testa fra le Regioni italiane per capacit\u00e0 di spesa dei fondi europei&#8221;<\/em>, ha commentato il governatore.<em> &#8220;Ancora una volta<\/em> &#8211; ha aggiunto &#8211;<em> abbiamo dimostrato la qualit\u00e0 dei nostri interventi a sostegno delle imprese. L&#8217;avere pi\u00f9 risorse ci consente di allargare la platea dei beneficiari e dare forza cos\u00ec ad altri progetti meritori che permetteranno al sistema di compiere un ulteriore salto di qualit\u00e0&#8221;<\/em>.<\/p>\n<p>Al 31 maggio 2019 il Programma ha gi\u00e0 impegnato quasi il 70% e pagato oltre il 33% delle risorse programmate per gli interventi. La valorizzazione di giovani e donne, in particolare sulla diversificazione delle attivit\u00e0 delle aziende agricole, caratterizza positivamente gli interventi del PSR.<\/p>\n<p>Un risultato &#8211; quello delle risorse aggiuntive per il piano di Sviluppo Rurale, che arriva dopo altri due &#8216;riconoscimenti&#8217; da parte della Commissione Europea avvenuti nelle scorse settimane, ossia&nbsp;altri <strong>44 milioni di euro extra<\/strong> per i risultati ottenuti dal Fondo Sociale Europeo (POR FSE) 2014-2020.<\/p>\n<p>&nbsp;<\/p>\n<p>&nbsp;<\/p>\n<p>&nbsp;<\/p>\n","protected":false},"excerpt":{"rendered":"<p>Buone performance per l&#8217;utilizzo e la spesa dei fondi da parte della Regione: arrivano altre risorse per lo Sviluppo Rurale, pari a 57 milioni di euro<\/p>\n","protected":false},"author":525,"featured_media":82158,"comment_status":"open","ping_status":"open","sticky":false,"template":"","format":"standard","meta":{"_acf_changed":false,"footnotes":""},"categories":[9],"tags":[],"class_list":["post-48455","post","type-post","status-publish","format-standard","has-post-thumbnail","hentry","category-made-in-toscana"],"acf":[],"yoast_head":"<!-- This site is optimized with the Yoast SEO Premium plugin v24.2 (Yoast SEO v25.6) - https:\/\/yoast.com\/wordpress\/plugins\/seo\/ -->\n<title>Capacit\u00e0 di spesa dei fondi europei, Toscana &#039;premiata&#039; - intoscana<\/title>\n<meta name=\"description\" content=\"La Commissione Europea premia la Toscana per l&#039;utilizzo dei Fondi europei di Sviluppo Rurale, in arrivo altri 57 mln di euro di risorse, Rossi soddisfatto.\" \/>\n<meta name=\"robots\" content=\"index, follow, max-snippet:-1, max-image-preview:large, max-video-preview:-1\" \/>\n<link rel=\"canonical\" href=\"https:\/\/www.intoscana.it\/it\/valuetitolo-5\/\" \/>\n<meta property=\"og:locale\" content=\"it_IT\" \/>\n<meta property=\"og:type\" content=\"article\" \/>\n<meta property=\"og:title\" content=\"Capacit\u00e0 di spesa dei fondi europei, Toscana &#039;premiata&#039;\" \/>\n<meta property=\"og:description\" content=\"La Commissione Europea premia la Toscana per l&#039;utilizzo dei Fondi europei di Sviluppo Rurale, in arrivo altri 57 mln di euro di risorse, Rossi soddisfatto.\" \/>\n<meta property=\"og:url\" content=\"https:\/\/www.intoscana.it\/it\/valuetitolo-5\/\" \/>\n<meta property=\"og:site_name\" content=\"intoscana\" \/>\n<meta property=\"article:publisher\" content=\"https:\/\/www.facebook.com\/intoscana.it\" \/>\n<meta property=\"article:published_time\" content=\"2019-06-20T10:44:27+00:00\" \/>\n<meta property=\"article:modified_time\" content=\"2020-05-19T13:30:44+00:00\" \/>\n<meta property=\"og:image\" content=\"https:\/\/www.intoscana.it\/wp-content\/uploads\/agricoltura-femminile-1.jpg\" \/>\n\t<meta property=\"og:image:width\" content=\"1000\" \/>\n\t<meta property=\"og:image:height\" content=\"666\" \/>\n\t<meta property=\"og:image:type\" content=\"image\/jpeg\" \/>\n<meta name=\"author\" content=\"Redazione\" \/>\n<meta name=\"twitter:card\" content=\"summary_large_image\" \/>\n<meta name=\"twitter:creator\" content=\"@intoscana\" \/>\n<meta name=\"twitter:site\" content=\"@intoscana\" \/>\n<meta name=\"twitter:label1\" content=\"Written by\" \/>\n\t<meta name=\"twitter:data1\" content=\"Redazione\" \/>\n\t<meta name=\"twitter:label2\" content=\"Est. reading time\" \/>\n\t<meta name=\"twitter:data2\" content=\"1 minuto\" \/>\n<script type=\"application\/ld+json\" class=\"yoast-schema-graph\">{\"@context\":\"https:\/\/schema.org\",\"@graph\":[{\"@type\":\"WebPage\",\"@id\":\"https:\/\/www.intoscana.it\/it\/valuetitolo-5\/\",\"url\":\"https:\/\/www.intoscana.it\/it\/valuetitolo-5\/\",\"name\":\"Capacit\u00e0 di spesa dei fondi europei, Toscana 'premiata' - intoscana\",\"isPartOf\":{\"@id\":\"https:\/\/www.intoscana.it\/it\/#website\"},\"primaryImageOfPage\":{\"@id\":\"https:\/\/www.intoscana.it\/it\/valuetitolo-5\/#primaryimage\"},\"image\":{\"@id\":\"https:\/\/www.intoscana.it\/it\/valuetitolo-5\/#primaryimage\"},\"thumbnailUrl\":\"https:\/\/www.intoscana.it\/wp-content\/uploads\/agricoltura-femminile-1.jpg\",\"datePublished\":\"2019-06-20T10:44:27+00:00\",\"dateModified\":\"2020-05-19T13:30:44+00:00\",\"author\":{\"@id\":\"https:\/\/www.intoscana.it\/it\/#\/schema\/person\/9223810753230f20bd670fdd322661f8\"},\"description\":\"La Commissione Europea premia la Toscana per l'utilizzo dei Fondi europei di Sviluppo Rurale, in arrivo altri 57 mln di euro di risorse, Rossi soddisfatto.\",\"breadcrumb\":{\"@id\":\"https:\/\/www.intoscana.it\/it\/valuetitolo-5\/#breadcrumb\"},\"inLanguage\":\"it-IT\",\"potentialAction\":[{\"@type\":\"ReadAction\",\"target\":[\"https:\/\/www.intoscana.it\/it\/valuetitolo-5\/\"]}]},{\"@type\":\"ImageObject\",\"inLanguage\":\"it-IT\",\"@id\":\"https:\/\/www.intoscana.it\/it\/valuetitolo-5\/#primaryimage\",\"url\":\"https:\/\/www.intoscana.it\/wp-content\/uploads\/agricoltura-femminile-1.jpg\",\"contentUrl\":\"https:\/\/www.intoscana.it\/wp-content\/uploads\/agricoltura-femminile-1.jpg\",\"width\":1000,\"height\":666,\"caption\":\"Piano di sviluppo Rurale, Toscana premiata dalla Commissione Europea.\"},{\"@type\":\"BreadcrumbList\",\"@id\":\"https:\/\/www.intoscana.it\/it\/valuetitolo-5\/#breadcrumb\",\"itemListElement\":[{\"@type\":\"ListItem\",\"position\":1,\"name\":\"Home\",\"item\":\"https:\/\/www.intoscana.it\/it\/\"},{\"@type\":\"ListItem\",\"position\":2,\"name\":\"Capacit\u00e0 di spesa dei fondi europei, Toscana &#8216;premiata&#8217;\"}]},{\"@type\":\"WebSite\",\"@id\":\"https:\/\/www.intoscana.it\/it\/#website\",\"url\":\"https:\/\/www.intoscana.it\/it\/\",\"name\":\"intoscana\",\"description\":\"\",\"potentialAction\":[{\"@type\":\"SearchAction\",\"target\":{\"@type\":\"EntryPoint\",\"urlTemplate\":\"https:\/\/www.intoscana.it\/it\/?s={search_term_string}\"},\"query-input\":{\"@type\":\"PropertyValueSpecification\",\"valueRequired\":true,\"valueName\":\"search_term_string\"}}],\"inLanguage\":\"it-IT\"},{\"@type\":\"Person\",\"@id\":\"https:\/\/www.intoscana.it\/it\/#\/schema\/person\/9223810753230f20bd670fdd322661f8\",\"name\":\"Redazione\",\"url\":\"https:\/\/www.intoscana.it\/it\/author\/redazione\/\"}]}<\/script>\n<!-- \/ Yoast SEO Premium plugin. -->","yoast_head_json":{"title":"Capacit\u00e0 di spesa dei fondi europei, Toscana 'premiata' - intoscana","description":"La Commissione Europea premia la Toscana per l'utilizzo dei Fondi europei di Sviluppo Rurale, in arrivo altri 57 mln di euro di risorse, Rossi soddisfatto.","robots":{"index":"index","follow":"follow","max-snippet":"max-snippet:-1","max-image-preview":"max-image-preview:large","max-video-preview":"max-video-preview:-1"},"canonical":"https:\/\/www.intoscana.it\/it\/valuetitolo-5\/","og_locale":"it_IT","og_type":"article","og_title":"Capacit\u00e0 di spesa dei fondi europei, Toscana 'premiata'","og_description":"La Commissione Europea premia la Toscana per l'utilizzo dei Fondi europei di Sviluppo Rurale, in arrivo altri 57 mln di euro di risorse, Rossi soddisfatto.","og_url":"https:\/\/www.intoscana.it\/it\/valuetitolo-5\/","og_site_name":"intoscana","article_publisher":"https:\/\/www.facebook.com\/intoscana.it","article_published_time":"2019-06-20T10:44:27+00:00","article_modified_time":"2020-05-19T13:30:44+00:00","og_image":[{"width":1000,"height":666,"url":"https:\/\/www.intoscana.it\/wp-content\/uploads\/agricoltura-femminile-1.jpg","type":"image\/jpeg"}],"author":"Redazione","twitter_card":"summary_large_image","twitter_creator":"@intoscana","twitter_site":"@intoscana","twitter_misc":{"Written by":"Redazione","Est. reading time":"1 minuto"},"schema":{"@context":"https:\/\/schema.org","@graph":[{"@type":"WebPage","@id":"https:\/\/www.intoscana.it\/it\/valuetitolo-5\/","url":"https:\/\/www.intoscana.it\/it\/valuetitolo-5\/","name":"Capacit\u00e0 di spesa dei fondi europei, Toscana 'premiata' - intoscana","isPartOf":{"@id":"https:\/\/www.intoscana.it\/it\/#website"},"primaryImageOfPage":{"@id":"https:\/\/www.intoscana.it\/it\/valuetitolo-5\/#primaryimage"},"image":{"@id":"https:\/\/www.intoscana.it\/it\/valuetitolo-5\/#primaryimage"},"thumbnailUrl":"https:\/\/www.intoscana.it\/wp-content\/uploads\/agricoltura-femminile-1.jpg","datePublished":"2019-06-20T10:44:27+00:00","dateModified":"2020-05-19T13:30:44+00:00","author":{"@id":"https:\/\/www.intoscana.it\/it\/#\/schema\/person\/9223810753230f20bd670fdd322661f8"},"description":"La Commissione Europea premia la Toscana per l'utilizzo dei Fondi europei di Sviluppo Rurale, in arrivo altri 57 mln di euro di risorse, Rossi soddisfatto.","breadcrumb":{"@id":"https:\/\/www.intoscana.it\/it\/valuetitolo-5\/#breadcrumb"},"inLanguage":"it-IT","potentialAction":[{"@type":"ReadAction","target":["https:\/\/www.intoscana.it\/it\/valuetitolo-5\/"]}]},{"@type":"ImageObject","inLanguage":"it-IT","@id":"https:\/\/www.intoscana.it\/it\/valuetitolo-5\/#primaryimage","url":"https:\/\/www.intoscana.it\/wp-content\/uploads\/agricoltura-femminile-1.jpg","contentUrl":"https:\/\/www.intoscana.it\/wp-content\/uploads\/agricoltura-femminile-1.jpg","width":1000,"height":666,"caption":"Piano di sviluppo Rurale, Toscana premiata dalla Commissione Europea."},{"@type":"BreadcrumbList","@id":"https:\/\/www.intoscana.it\/it\/valuetitolo-5\/#breadcrumb","itemListElement":[{"@type":"ListItem","position":1,"name":"Home","item":"https:\/\/www.intoscana.it\/it\/"},{"@type":"ListItem","position":2,"name":"Capacit\u00e0 di spesa dei fondi europei, Toscana &#8216;premiata&#8217;"}]},{"@type":"WebSite","@id":"https:\/\/www.intoscana.it\/it\/#website","url":"https:\/\/www.intoscana.it\/it\/","name":"intoscana","description":"","potentialAction":[{"@type":"SearchAction","target":{"@type":"EntryPoint","urlTemplate":"https:\/\/www.intoscana.it\/it\/?s={search_term_string}"},"query-input":{"@type":"PropertyValueSpecification","valueRequired":true,"valueName":"search_term_string"}}],"inLanguage":"it-IT"},{"@type":"Person","@id":"https:\/\/www.intoscana.it\/it\/#\/schema\/person\/9223810753230f20bd670fdd322661f8","name":"Redazione","url":"https:\/\/www.intoscana.it\/it\/author\/redazione\/"}]}},"_links":{"self":[{"href":"https:\/\/www.intoscana.it\/it\/wp-json\/wp\/v2\/posts\/48455","targetHints":{"allow":["GET"]}}],"collection":[{"href":"https:\/\/www.intoscana.it\/it\/wp-json\/wp\/v2\/posts"}],"about":[{"href":"https:\/\/www.intoscana.it\/it\/wp-json\/wp\/v2\/types\/post"}],"author":[{"embeddable":true,"href":"https:\/\/www.intoscana.it\/it\/wp-json\/wp\/v2\/users\/525"}],"replies":[{"embeddable":true,"href":"https:\/\/www.intoscana.it\/it\/wp-json\/wp\/v2\/comments?post=48455"}],"version-history":[{"count":0,"href":"https:\/\/www.intoscana.it\/it\/wp-json\/wp\/v2\/posts\/48455\/revisions"}],"wp:featuredmedia":[{"embeddable":true,"href":"https:\/\/www.intoscana.it\/it\/wp-json\/wp\/v2\/media\/82158"}],"wp:attachment":[{"href":"https:\/\/www.intoscana.it\/it\/wp-json\/wp\/v2\/media?parent=48455"}],"wp:term":[{"taxonomy":"category","embeddable":true,"href":"https:\/\/www.intoscana.it\/it\/wp-json\/wp\/v2\/categories?post=48455"},{"taxonomy":"post_tag","embeddable":true,"href":"https:\/\/www.intoscana.it\/it\/wp-json\/wp\/v2\/tags?post=48455"}],"curies":[{"name":"wp","href":"https:\/\/api.w.org\/{rel}","templated":true}]}}