{"id":48477,"date":"2019-07-15T11:27:44","date_gmt":"2019-07-15T11:27:44","guid":{"rendered":"http:\/\/www.intoscana.it\/skyline-festival-san-gimignano-la-star-e-stefano-bollani\/"},"modified":"2020-05-19T15:30:51","modified_gmt":"2020-05-19T13:30:51","slug":"skyline-festival-san-gimignano","status":"publish","type":"post","link":"https:\/\/www.intoscana.it\/it\/skyline-festival-san-gimignano\/","title":{"rendered":"Skyline Festival San Gimignano: la star \u00e8 Stefano Bollani"},"content":{"rendered":"<p style=\"text-align: justify;\"><strong>San Gimignano<\/strong>, sito patrimonio dell\u2019UNESCO, arricchisce la sua bellezza con la musica grazie alla&nbsp;quarta edizione del <strong>Festival Skyline<\/strong>. Per l&#8217;occasione piazza Duomo si trasforma&nbsp;in un suggestivo teatro all\u2019aperto per ospitare grandi appuntamenti sotto le stelle:&nbsp;<strong>il primo si \u00e8 tenuto ieri, in apertura del Festival. Si tratta del concerto teatrale \u201cThe legend of Morricone\u201d<\/strong>, tributo al famoso compositore italiano Ennio Morricone con l\u2019Ensemble Simphony Orchestra diretta&nbsp;dal Maestro Giacomo Loprieno, un via speciale che sar\u00e0 seguito il 21 luglio dallo straordinario connubio fra pianoforte e bandolim&nbsp; di due musicisti di assoluta caratura internazionale:<strong> \u201cStefano Bollani &amp; Hamilton De Holanda on tou<\/strong>r\u201d. Terzo evento clou sar\u00e0 invece il tradizionale appuntamento lirico con <strong>\u201cRigoletto\u201d, capolavoro di Giuseppe Verdi<\/strong> (22 luglio). &nbsp;<\/p>\n<p style=\"text-align: justify;\">L\u2019opera vedr\u00e0 gli allestimenti di Europa Musica; le scenografie saranno di Giovanni di Mascolo; il corpo di ballo \u00e8 Danzaria di Arianna Quaglierini, che curer\u00e0 con Federica Taffoni le coreografie. Il cast \u00e8 composto da artisti di chiara fama come&nbsp;Carlo Morini&nbsp;(Rigoletto), Gianni Mongiardino&nbsp; (Duca di Mantova),&nbsp;Anna Delfino(Gilda) e il basso Paolo Pecchioli (Sparafucile) e da giovani interpreti selezionati attraverso l\u2019ultima edizione di Open Opera. La regia \u00e8 affidata a Franco Zappal\u00e0, l\u2019Orchestra \u201cAmedeo Modigliani\u201d \u00e8 diretta da Mario Menicagli.<\/p>\n<p style=\"text-align: justify;\"><em>\u201cIl centro storico di San Gimignano, sito Unesco, grazie a Skyline festival risuoner\u00e0 con musica di qualit\u00e0\u201d<\/em>, ha commentato l\u2019assessore alla cultura del Comune di San Gimignano <strong>Carolina Taddei<\/strong>. <em>\u201cNella iconica Piazza del Duomo un percorso nella musica italiana ma anche un\u2019apertura alla musica internazionale con il duetto di Stefano Bollani e Hamilton De Holanda, per concludersi con le note del tango eseguite dal Quartetto Ausencias nella Rocca di Montestaffoli.\u201d<\/em><\/p>\n<p style=\"text-align: justify;\">La chiusura del Festival si terr\u00e0 il <strong>23 luglio alla Rocca di Montestaffoli con il Quartetto Ausencias<\/strong>, che proporr\u00e0 \u201cTangomania\u201c, con musiche di Carlos Gardel, Astor Piazzolla, Angel Villoldo, Goran Bregovic. Un concerto a tempo di tango, con uno dei fisarmonicisti italiani pi\u00f9 talentuosi e il suo prestigioso quartetto.<\/p>\n<p style=\"text-align: justify;\">\n<p style=\"text-align: justify;\">&nbsp;<\/p>\n<p>&nbsp;<\/p>\n<p>&nbsp;<\/p>\n<p>&nbsp;<\/p>\n","protected":false},"excerpt":{"rendered":"<p>La manifestazione \u00e8 stata aperta venerd\u00ec con una serata dedicata al grande compositore Ennio Morricone. Bollani si esibir\u00e0 il 21 luglio in Piazza Duomo insieme ad Hanilton De Holanda<\/p>\n","protected":false},"author":525,"featured_media":82180,"comment_status":"open","ping_status":"open","sticky":false,"template":"","format":"standard","meta":{"_acf_changed":false,"footnotes":""},"categories":[14],"tags":[],"class_list":["post-48477","post","type-post","status-publish","format-standard","has-post-thumbnail","hentry","category-musica"],"acf":[],"yoast_head":"<!-- This site is optimized with the Yoast SEO Premium plugin v24.2 (Yoast SEO v25.6) - https:\/\/yoast.com\/wordpress\/plugins\/seo\/ -->\n<title>Skyline Festival San Gimignano: la star \u00e8 Stefano Bollani - intoscana<\/title>\n<meta name=\"description\" content=\"Dal 19 luglio grande musica a San Gimignano con lo Skyline Festival che aprir\u00e0 con un omaggio al compositore Ennio Morricone, tra gli ospiti anche Bollani.\" \/>\n<meta name=\"robots\" content=\"index, follow, max-snippet:-1, max-image-preview:large, max-video-preview:-1\" \/>\n<link rel=\"canonical\" href=\"https:\/\/www.intoscana.it\/it\/skyline-festival-san-gimignano\/\" \/>\n<meta property=\"og:locale\" content=\"it_IT\" \/>\n<meta property=\"og:type\" content=\"article\" \/>\n<meta property=\"og:title\" content=\"Skyline Festival San Gimignano: la star \u00e8 Stefano Bollani\" \/>\n<meta property=\"og:description\" content=\"Dal 19 luglio grande musica a San Gimignano con lo Skyline Festival che aprir\u00e0 con un omaggio al compositore Ennio Morricone, tra gli ospiti anche Bollani.\" \/>\n<meta property=\"og:url\" content=\"https:\/\/www.intoscana.it\/it\/skyline-festival-san-gimignano\/\" \/>\n<meta property=\"og:site_name\" content=\"intoscana\" \/>\n<meta property=\"article:publisher\" content=\"https:\/\/www.facebook.com\/intoscana.it\" \/>\n<meta property=\"article:published_time\" content=\"2019-07-15T11:27:44+00:00\" \/>\n<meta property=\"article:modified_time\" content=\"2020-05-19T13:30:51+00:00\" \/>\n<meta property=\"og:image\" content=\"https:\/\/www.intoscana.it\/wp-content\/uploads\/30fbc50ffac27210733004737828abfe.jpg\" \/>\n\t<meta property=\"og:image:width\" content=\"1000\" \/>\n\t<meta property=\"og:image:height\" content=\"662\" \/>\n\t<meta property=\"og:image:type\" content=\"image\/jpeg\" \/>\n<meta name=\"author\" content=\"Redazione\" \/>\n<meta name=\"twitter:card\" content=\"summary_large_image\" \/>\n<meta name=\"twitter:creator\" content=\"@intoscana\" \/>\n<meta name=\"twitter:site\" content=\"@intoscana\" \/>\n<meta name=\"twitter:label1\" content=\"Written by\" \/>\n\t<meta name=\"twitter:data1\" content=\"Redazione\" \/>\n\t<meta name=\"twitter:label2\" content=\"Est. reading time\" \/>\n\t<meta name=\"twitter:data2\" content=\"2 minuti\" \/>\n<script type=\"application\/ld+json\" class=\"yoast-schema-graph\">{\"@context\":\"https:\/\/schema.org\",\"@graph\":[{\"@type\":\"WebPage\",\"@id\":\"https:\/\/www.intoscana.it\/it\/skyline-festival-san-gimignano\/\",\"url\":\"https:\/\/www.intoscana.it\/it\/skyline-festival-san-gimignano\/\",\"name\":\"Skyline Festival San Gimignano: la star \u00e8 Stefano Bollani - intoscana\",\"isPartOf\":{\"@id\":\"https:\/\/www.intoscana.it\/it\/#website\"},\"primaryImageOfPage\":{\"@id\":\"https:\/\/www.intoscana.it\/it\/skyline-festival-san-gimignano\/#primaryimage\"},\"image\":{\"@id\":\"https:\/\/www.intoscana.it\/it\/skyline-festival-san-gimignano\/#primaryimage\"},\"thumbnailUrl\":\"https:\/\/www.intoscana.it\/wp-content\/uploads\/30fbc50ffac27210733004737828abfe.jpg\",\"datePublished\":\"2019-07-15T11:27:44+00:00\",\"dateModified\":\"2020-05-19T13:30:51+00:00\",\"author\":{\"@id\":\"https:\/\/www.intoscana.it\/it\/#\/schema\/person\/9223810753230f20bd670fdd322661f8\"},\"description\":\"Dal 19 luglio grande musica a San Gimignano con lo Skyline Festival che aprir\u00e0 con un omaggio al compositore Ennio Morricone, tra gli ospiti anche Bollani.\",\"breadcrumb\":{\"@id\":\"https:\/\/www.intoscana.it\/it\/skyline-festival-san-gimignano\/#breadcrumb\"},\"inLanguage\":\"it-IT\",\"potentialAction\":[{\"@type\":\"ReadAction\",\"target\":[\"https:\/\/www.intoscana.it\/it\/skyline-festival-san-gimignano\/\"]}]},{\"@type\":\"ImageObject\",\"inLanguage\":\"it-IT\",\"@id\":\"https:\/\/www.intoscana.it\/it\/skyline-festival-san-gimignano\/#primaryimage\",\"url\":\"https:\/\/www.intoscana.it\/wp-content\/uploads\/30fbc50ffac27210733004737828abfe.jpg\",\"contentUrl\":\"https:\/\/www.intoscana.it\/wp-content\/uploads\/30fbc50ffac27210733004737828abfe.jpg\",\"width\":1000,\"height\":662,\"caption\":\"Bollani\"},{\"@type\":\"BreadcrumbList\",\"@id\":\"https:\/\/www.intoscana.it\/it\/skyline-festival-san-gimignano\/#breadcrumb\",\"itemListElement\":[{\"@type\":\"ListItem\",\"position\":1,\"name\":\"Home\",\"item\":\"https:\/\/www.intoscana.it\/it\/\"},{\"@type\":\"ListItem\",\"position\":2,\"name\":\"Skyline Festival San Gimignano: la star \u00e8 Stefano Bollani\"}]},{\"@type\":\"WebSite\",\"@id\":\"https:\/\/www.intoscana.it\/it\/#website\",\"url\":\"https:\/\/www.intoscana.it\/it\/\",\"name\":\"intoscana\",\"description\":\"\",\"potentialAction\":[{\"@type\":\"SearchAction\",\"target\":{\"@type\":\"EntryPoint\",\"urlTemplate\":\"https:\/\/www.intoscana.it\/it\/?s={search_term_string}\"},\"query-input\":{\"@type\":\"PropertyValueSpecification\",\"valueRequired\":true,\"valueName\":\"search_term_string\"}}],\"inLanguage\":\"it-IT\"},{\"@type\":\"Person\",\"@id\":\"https:\/\/www.intoscana.it\/it\/#\/schema\/person\/9223810753230f20bd670fdd322661f8\",\"name\":\"Redazione\",\"url\":\"https:\/\/www.intoscana.it\/it\/author\/redazione\/\"}]}<\/script>\n<!-- \/ Yoast SEO Premium plugin. -->","yoast_head_json":{"title":"Skyline Festival San Gimignano: la star \u00e8 Stefano Bollani - intoscana","description":"Dal 19 luglio grande musica a San Gimignano con lo Skyline Festival che aprir\u00e0 con un omaggio al compositore Ennio Morricone, tra gli ospiti anche Bollani.","robots":{"index":"index","follow":"follow","max-snippet":"max-snippet:-1","max-image-preview":"max-image-preview:large","max-video-preview":"max-video-preview:-1"},"canonical":"https:\/\/www.intoscana.it\/it\/skyline-festival-san-gimignano\/","og_locale":"it_IT","og_type":"article","og_title":"Skyline Festival San Gimignano: la star \u00e8 Stefano Bollani","og_description":"Dal 19 luglio grande musica a San Gimignano con lo Skyline Festival che aprir\u00e0 con un omaggio al compositore Ennio Morricone, tra gli ospiti anche Bollani.","og_url":"https:\/\/www.intoscana.it\/it\/skyline-festival-san-gimignano\/","og_site_name":"intoscana","article_publisher":"https:\/\/www.facebook.com\/intoscana.it","article_published_time":"2019-07-15T11:27:44+00:00","article_modified_time":"2020-05-19T13:30:51+00:00","og_image":[{"width":1000,"height":662,"url":"https:\/\/www.intoscana.it\/wp-content\/uploads\/30fbc50ffac27210733004737828abfe.jpg","type":"image\/jpeg"}],"author":"Redazione","twitter_card":"summary_large_image","twitter_creator":"@intoscana","twitter_site":"@intoscana","twitter_misc":{"Written by":"Redazione","Est. reading time":"2 minuti"},"schema":{"@context":"https:\/\/schema.org","@graph":[{"@type":"WebPage","@id":"https:\/\/www.intoscana.it\/it\/skyline-festival-san-gimignano\/","url":"https:\/\/www.intoscana.it\/it\/skyline-festival-san-gimignano\/","name":"Skyline Festival San Gimignano: la star \u00e8 Stefano Bollani - intoscana","isPartOf":{"@id":"https:\/\/www.intoscana.it\/it\/#website"},"primaryImageOfPage":{"@id":"https:\/\/www.intoscana.it\/it\/skyline-festival-san-gimignano\/#primaryimage"},"image":{"@id":"https:\/\/www.intoscana.it\/it\/skyline-festival-san-gimignano\/#primaryimage"},"thumbnailUrl":"https:\/\/www.intoscana.it\/wp-content\/uploads\/30fbc50ffac27210733004737828abfe.jpg","datePublished":"2019-07-15T11:27:44+00:00","dateModified":"2020-05-19T13:30:51+00:00","author":{"@id":"https:\/\/www.intoscana.it\/it\/#\/schema\/person\/9223810753230f20bd670fdd322661f8"},"description":"Dal 19 luglio grande musica a San Gimignano con lo Skyline Festival che aprir\u00e0 con un omaggio al compositore Ennio Morricone, tra gli ospiti anche Bollani.","breadcrumb":{"@id":"https:\/\/www.intoscana.it\/it\/skyline-festival-san-gimignano\/#breadcrumb"},"inLanguage":"it-IT","potentialAction":[{"@type":"ReadAction","target":["https:\/\/www.intoscana.it\/it\/skyline-festival-san-gimignano\/"]}]},{"@type":"ImageObject","inLanguage":"it-IT","@id":"https:\/\/www.intoscana.it\/it\/skyline-festival-san-gimignano\/#primaryimage","url":"https:\/\/www.intoscana.it\/wp-content\/uploads\/30fbc50ffac27210733004737828abfe.jpg","contentUrl":"https:\/\/www.intoscana.it\/wp-content\/uploads\/30fbc50ffac27210733004737828abfe.jpg","width":1000,"height":662,"caption":"Bollani"},{"@type":"BreadcrumbList","@id":"https:\/\/www.intoscana.it\/it\/skyline-festival-san-gimignano\/#breadcrumb","itemListElement":[{"@type":"ListItem","position":1,"name":"Home","item":"https:\/\/www.intoscana.it\/it\/"},{"@type":"ListItem","position":2,"name":"Skyline Festival San Gimignano: la star \u00e8 Stefano Bollani"}]},{"@type":"WebSite","@id":"https:\/\/www.intoscana.it\/it\/#website","url":"https:\/\/www.intoscana.it\/it\/","name":"intoscana","description":"","potentialAction":[{"@type":"SearchAction","target":{"@type":"EntryPoint","urlTemplate":"https:\/\/www.intoscana.it\/it\/?s={search_term_string}"},"query-input":{"@type":"PropertyValueSpecification","valueRequired":true,"valueName":"search_term_string"}}],"inLanguage":"it-IT"},{"@type":"Person","@id":"https:\/\/www.intoscana.it\/it\/#\/schema\/person\/9223810753230f20bd670fdd322661f8","name":"Redazione","url":"https:\/\/www.intoscana.it\/it\/author\/redazione\/"}]}},"_links":{"self":[{"href":"https:\/\/www.intoscana.it\/it\/wp-json\/wp\/v2\/posts\/48477","targetHints":{"allow":["GET"]}}],"collection":[{"href":"https:\/\/www.intoscana.it\/it\/wp-json\/wp\/v2\/posts"}],"about":[{"href":"https:\/\/www.intoscana.it\/it\/wp-json\/wp\/v2\/types\/post"}],"author":[{"embeddable":true,"href":"https:\/\/www.intoscana.it\/it\/wp-json\/wp\/v2\/users\/525"}],"replies":[{"embeddable":true,"href":"https:\/\/www.intoscana.it\/it\/wp-json\/wp\/v2\/comments?post=48477"}],"version-history":[{"count":0,"href":"https:\/\/www.intoscana.it\/it\/wp-json\/wp\/v2\/posts\/48477\/revisions"}],"wp:featuredmedia":[{"embeddable":true,"href":"https:\/\/www.intoscana.it\/it\/wp-json\/wp\/v2\/media\/82180"}],"wp:attachment":[{"href":"https:\/\/www.intoscana.it\/it\/wp-json\/wp\/v2\/media?parent=48477"}],"wp:term":[{"taxonomy":"category","embeddable":true,"href":"https:\/\/www.intoscana.it\/it\/wp-json\/wp\/v2\/categories?post=48477"},{"taxonomy":"post_tag","embeddable":true,"href":"https:\/\/www.intoscana.it\/it\/wp-json\/wp\/v2\/tags?post=48477"}],"curies":[{"name":"wp","href":"https:\/\/api.w.org\/{rel}","templated":true}]}}