{"id":48498,"date":"2019-07-24T15:44:26","date_gmt":"2019-07-24T13:44:26","guid":{"rendered":"http:\/\/www.intoscana.it\/geotermia-verso-la-definizione-delle-aree-non-idonee\/"},"modified":"2021-03-04T13:25:10","modified_gmt":"2021-03-04T12:25:10","slug":"geotermiadefinizioneareenonidonee","status":"publish","type":"post","link":"https:\/\/www.intoscana.it\/it\/geotermiadefinizioneareenonidonee\/","title":{"rendered":"Geotermia: verso la definizione delle Aree Non Idonee"},"content":{"rendered":"<p class=\"western\">Si \u00e8 concluso il<strong> 23 luglio a Firenze il percorso partecipativo per l\u2019individuazione delle Aree Non Idonee (ANI) per la geotermia<\/strong> da allegare al <strong>Piano Ambientale ed Energetico Regionale (PAER)<\/strong>. Anche questo secondo incontro, moderato dall\u2019Avvocato Francesca De Santis, <strong>Garante Regionale per l\u2019informazione e la partecipazione<\/strong>, si \u00e8 rivelato ricco di interventi e osservazioni che hanno concorso a creare un quadro pi\u00f9 articolato e completo: una sorta di sguardo ravvicinato sulle realt\u00e0 territoriali, fornito sia dai presenti che dai contributi inviati via mail, e che proprio il Garante includer\u00e0 nel suo rapporto. L\u2019iter per la definizione delle ANI si concluder\u00e0 dopo la sintesi tra tutti i pareri raccolti, con <strong>l\u2019approvazione del provvedimento<\/strong> da parte della Regione, <strong>prevista entro il febbraio 2020.<\/strong><\/p>\n<p class=\"western\">&nbsp;<\/p>\n<p><iframe loading=\"lazy\" src=\"https:\/\/www.youtube.com\/embed\/Ga76tzG6Hgo\" width=\"560\" height=\"315\" frameborder=\"0\" allowfullscreen=\"allowfullscreen\"><\/iframe><\/p>\n<p class=\"western\">&nbsp;<\/p>\n<p class=\"western\">Come hanno dimostrato il dibattito e l\u2019intervento dell<strong>\u2019Assessore Regionale all\u2019Ambiente Federica Fratoni,<\/strong> il tema della geotermia \u00e8 complesso. Da una parte alcuni Comuni hanno gi\u00e0 dedicato percentuali altissime delle loro superfici agli<strong> impianti di vecchia generazione<\/strong> , come ad esempio Radicondoli, che \u00e8 occupato per circa il 70%. Dall\u2019altra le tante questioni sollevate da chi \u00e8 preoccupato dalla possibile installazione di nuovi impianti: preservare i <strong>coni visuali<\/strong> e le <strong>caratteristiche paesaggistiche<\/strong>, limitare il <strong>consumo di suolo<\/strong> e l\u2019<strong>inquinamento<\/strong>, proteggere <strong>aree agricole e boscate<\/strong>, salvaguardare le <strong>vocazioni economiche territoriali<\/strong>, impedire lo sfruttamento delle <strong>risorse idriche<\/strong>.<\/p>\n<p class=\"western\">Eppure la coltivazione della fonte geotermica va regolamentata e valorizzata: in questo senso vanno tutti gli sforzi della <strong>Regione Toscana<\/strong> che ha costruito un <strong>impianto normativo all\u2019avanguardia,<\/strong> cercando e trovando l\u2019equilibrio tra la produzione di energia da questa imprescindibile fonte rinnovabile, e la tutela della sostenibilit\u00e0, del paesaggio, della salute e delle attivit\u00e0 economiche locali.<\/p>\n<p class=\"western\">La definizione delle ANI, un processo complesso che passa anche attraverso il percorso partecipativo chiuso da questo secondo incontro, risulta un punto fondamentale della <strong>cooperazione tra amministrazioni e cittadini<\/strong>: per fare chiarezza sul PAER e per condividere consapevolmente tutta la strategia energetica regionale impostata per il futuro.<\/p>\n","protected":false},"excerpt":{"rendered":"<p>Con il secondo incontro si chiude il percorso partecipativo , ma non tutto l\u2019iter. L\u2019approvazione dell\u2019intero procedimento \u00e8 prevista entro febbraio 2020<\/p>\n","protected":false},"author":520,"featured_media":82201,"comment_status":"open","ping_status":"open","sticky":false,"template":"","format":"standard","meta":{"_acf_changed":false,"footnotes":""},"categories":[19],"tags":[5656],"class_list":["post-48498","post","type-post","status-publish","format-standard","has-post-thumbnail","hentry","category-ambiente","tag-geotermia"],"acf":[],"yoast_head":"<!-- This site is optimized with the Yoast SEO Premium plugin v24.2 (Yoast SEO v25.6) - https:\/\/yoast.com\/wordpress\/plugins\/seo\/ -->\n<title>Geotermia: verso la definizione delle Aree Non Idonee - intoscana<\/title>\n<meta name=\"description\" content=\"Il secondo incontro partecipativo chiude il percorso partecipativo , ma non l\u2019intero iter. L\u2019approvazione delle aree non idonee \u00e8 prevista a febbraio 2020\" \/>\n<meta name=\"robots\" content=\"index, follow, max-snippet:-1, max-image-preview:large, max-video-preview:-1\" \/>\n<link rel=\"canonical\" href=\"https:\/\/www.intoscana.it\/it\/geotermiadefinizioneareenonidonee\/\" \/>\n<meta property=\"og:locale\" content=\"it_IT\" \/>\n<meta property=\"og:type\" content=\"article\" \/>\n<meta property=\"og:title\" content=\"Geotermia: verso la definizione delle Aree Non Idonee\" \/>\n<meta property=\"og:description\" content=\"Il secondo incontro partecipativo chiude il percorso partecipativo , ma non l\u2019intero iter. L\u2019approvazione delle aree non idonee \u00e8 prevista a febbraio 2020\" \/>\n<meta property=\"og:url\" content=\"https:\/\/www.intoscana.it\/it\/geotermiadefinizioneareenonidonee\/\" \/>\n<meta property=\"og:site_name\" content=\"intoscana\" \/>\n<meta property=\"article:publisher\" content=\"https:\/\/www.facebook.com\/intoscana.it\" \/>\n<meta property=\"article:published_time\" content=\"2019-07-24T13:44:26+00:00\" \/>\n<meta property=\"article:modified_time\" content=\"2021-03-04T12:25:10+00:00\" \/>\n<meta property=\"og:image\" content=\"https:\/\/www.intoscana.it\/wp-content\/uploads\/1663164-1_IMGRID-1-3.jpg\" \/>\n\t<meta property=\"og:image:width\" content=\"1000\" \/>\n\t<meta property=\"og:image:height\" content=\"669\" \/>\n\t<meta property=\"og:image:type\" content=\"image\/jpeg\" \/>\n<meta name=\"author\" content=\"Barbara Mottola\" \/>\n<meta name=\"twitter:card\" content=\"summary_large_image\" \/>\n<meta name=\"twitter:creator\" content=\"@intoscana\" \/>\n<meta name=\"twitter:site\" content=\"@intoscana\" \/>\n<meta name=\"twitter:label1\" content=\"Written by\" \/>\n\t<meta name=\"twitter:data1\" content=\"Barbara Mottola\" \/>\n\t<meta name=\"twitter:label2\" content=\"Est. reading time\" \/>\n\t<meta name=\"twitter:data2\" content=\"2 minuti\" \/>\n<script type=\"application\/ld+json\" class=\"yoast-schema-graph\">{\"@context\":\"https:\/\/schema.org\",\"@graph\":[{\"@type\":\"WebPage\",\"@id\":\"https:\/\/www.intoscana.it\/it\/geotermiadefinizioneareenonidonee\/\",\"url\":\"https:\/\/www.intoscana.it\/it\/geotermiadefinizioneareenonidonee\/\",\"name\":\"Geotermia: verso la definizione delle Aree Non Idonee - intoscana\",\"isPartOf\":{\"@id\":\"https:\/\/www.intoscana.it\/it\/#website\"},\"primaryImageOfPage\":{\"@id\":\"https:\/\/www.intoscana.it\/it\/geotermiadefinizioneareenonidonee\/#primaryimage\"},\"image\":{\"@id\":\"https:\/\/www.intoscana.it\/it\/geotermiadefinizioneareenonidonee\/#primaryimage\"},\"thumbnailUrl\":\"https:\/\/www.intoscana.it\/wp-content\/uploads\/1663164-1_IMGRID-1-3.jpg\",\"datePublished\":\"2019-07-24T13:44:26+00:00\",\"dateModified\":\"2021-03-04T12:25:10+00:00\",\"author\":{\"@id\":\"https:\/\/www.intoscana.it\/it\/#\/schema\/person\/a2ffb631e48e0f03c7909858e564fa2d\"},\"description\":\"Il secondo incontro partecipativo chiude il percorso partecipativo , ma non l\u2019intero iter. L\u2019approvazione delle aree non idonee \u00e8 prevista a febbraio 2020\",\"breadcrumb\":{\"@id\":\"https:\/\/www.intoscana.it\/it\/geotermiadefinizioneareenonidonee\/#breadcrumb\"},\"inLanguage\":\"it-IT\",\"potentialAction\":[{\"@type\":\"ReadAction\",\"target\":[\"https:\/\/www.intoscana.it\/it\/geotermiadefinizioneareenonidonee\/\"]}]},{\"@type\":\"ImageObject\",\"inLanguage\":\"it-IT\",\"@id\":\"https:\/\/www.intoscana.it\/it\/geotermiadefinizioneareenonidonee\/#primaryimage\",\"url\":\"https:\/\/www.intoscana.it\/wp-content\/uploads\/1663164-1_IMGRID-1-3.jpg\",\"contentUrl\":\"https:\/\/www.intoscana.it\/wp-content\/uploads\/1663164-1_IMGRID-1-3.jpg\",\"width\":1000,\"height\":669},{\"@type\":\"BreadcrumbList\",\"@id\":\"https:\/\/www.intoscana.it\/it\/geotermiadefinizioneareenonidonee\/#breadcrumb\",\"itemListElement\":[{\"@type\":\"ListItem\",\"position\":1,\"name\":\"Home\",\"item\":\"https:\/\/www.intoscana.it\/it\/\"},{\"@type\":\"ListItem\",\"position\":2,\"name\":\"Geotermia: verso la definizione delle Aree Non Idonee\"}]},{\"@type\":\"WebSite\",\"@id\":\"https:\/\/www.intoscana.it\/it\/#website\",\"url\":\"https:\/\/www.intoscana.it\/it\/\",\"name\":\"intoscana\",\"description\":\"\",\"potentialAction\":[{\"@type\":\"SearchAction\",\"target\":{\"@type\":\"EntryPoint\",\"urlTemplate\":\"https:\/\/www.intoscana.it\/it\/?s={search_term_string}\"},\"query-input\":{\"@type\":\"PropertyValueSpecification\",\"valueRequired\":true,\"valueName\":\"search_term_string\"}}],\"inLanguage\":\"it-IT\"},{\"@type\":\"Person\",\"@id\":\"https:\/\/www.intoscana.it\/it\/#\/schema\/person\/a2ffb631e48e0f03c7909858e564fa2d\",\"name\":\"Barbara Mottola\",\"url\":\"https:\/\/www.intoscana.it\/it\/author\/barbara-mottola\/\"}]}<\/script>\n<!-- \/ Yoast SEO Premium plugin. -->","yoast_head_json":{"title":"Geotermia: verso la definizione delle Aree Non Idonee - intoscana","description":"Il secondo incontro partecipativo chiude il percorso partecipativo , ma non l\u2019intero iter. L\u2019approvazione delle aree non idonee \u00e8 prevista a febbraio 2020","robots":{"index":"index","follow":"follow","max-snippet":"max-snippet:-1","max-image-preview":"max-image-preview:large","max-video-preview":"max-video-preview:-1"},"canonical":"https:\/\/www.intoscana.it\/it\/geotermiadefinizioneareenonidonee\/","og_locale":"it_IT","og_type":"article","og_title":"Geotermia: verso la definizione delle Aree Non Idonee","og_description":"Il secondo incontro partecipativo chiude il percorso partecipativo , ma non l\u2019intero iter. L\u2019approvazione delle aree non idonee \u00e8 prevista a febbraio 2020","og_url":"https:\/\/www.intoscana.it\/it\/geotermiadefinizioneareenonidonee\/","og_site_name":"intoscana","article_publisher":"https:\/\/www.facebook.com\/intoscana.it","article_published_time":"2019-07-24T13:44:26+00:00","article_modified_time":"2021-03-04T12:25:10+00:00","og_image":[{"width":1000,"height":669,"url":"https:\/\/www.intoscana.it\/wp-content\/uploads\/1663164-1_IMGRID-1-3.jpg","type":"image\/jpeg"}],"author":"Barbara Mottola","twitter_card":"summary_large_image","twitter_creator":"@intoscana","twitter_site":"@intoscana","twitter_misc":{"Written by":"Barbara Mottola","Est. reading time":"2 minuti"},"schema":{"@context":"https:\/\/schema.org","@graph":[{"@type":"WebPage","@id":"https:\/\/www.intoscana.it\/it\/geotermiadefinizioneareenonidonee\/","url":"https:\/\/www.intoscana.it\/it\/geotermiadefinizioneareenonidonee\/","name":"Geotermia: verso la definizione delle Aree Non Idonee - intoscana","isPartOf":{"@id":"https:\/\/www.intoscana.it\/it\/#website"},"primaryImageOfPage":{"@id":"https:\/\/www.intoscana.it\/it\/geotermiadefinizioneareenonidonee\/#primaryimage"},"image":{"@id":"https:\/\/www.intoscana.it\/it\/geotermiadefinizioneareenonidonee\/#primaryimage"},"thumbnailUrl":"https:\/\/www.intoscana.it\/wp-content\/uploads\/1663164-1_IMGRID-1-3.jpg","datePublished":"2019-07-24T13:44:26+00:00","dateModified":"2021-03-04T12:25:10+00:00","author":{"@id":"https:\/\/www.intoscana.it\/it\/#\/schema\/person\/a2ffb631e48e0f03c7909858e564fa2d"},"description":"Il secondo incontro partecipativo chiude il percorso partecipativo , ma non l\u2019intero iter. L\u2019approvazione delle aree non idonee \u00e8 prevista a febbraio 2020","breadcrumb":{"@id":"https:\/\/www.intoscana.it\/it\/geotermiadefinizioneareenonidonee\/#breadcrumb"},"inLanguage":"it-IT","potentialAction":[{"@type":"ReadAction","target":["https:\/\/www.intoscana.it\/it\/geotermiadefinizioneareenonidonee\/"]}]},{"@type":"ImageObject","inLanguage":"it-IT","@id":"https:\/\/www.intoscana.it\/it\/geotermiadefinizioneareenonidonee\/#primaryimage","url":"https:\/\/www.intoscana.it\/wp-content\/uploads\/1663164-1_IMGRID-1-3.jpg","contentUrl":"https:\/\/www.intoscana.it\/wp-content\/uploads\/1663164-1_IMGRID-1-3.jpg","width":1000,"height":669},{"@type":"BreadcrumbList","@id":"https:\/\/www.intoscana.it\/it\/geotermiadefinizioneareenonidonee\/#breadcrumb","itemListElement":[{"@type":"ListItem","position":1,"name":"Home","item":"https:\/\/www.intoscana.it\/it\/"},{"@type":"ListItem","position":2,"name":"Geotermia: verso la definizione delle Aree Non Idonee"}]},{"@type":"WebSite","@id":"https:\/\/www.intoscana.it\/it\/#website","url":"https:\/\/www.intoscana.it\/it\/","name":"intoscana","description":"","potentialAction":[{"@type":"SearchAction","target":{"@type":"EntryPoint","urlTemplate":"https:\/\/www.intoscana.it\/it\/?s={search_term_string}"},"query-input":{"@type":"PropertyValueSpecification","valueRequired":true,"valueName":"search_term_string"}}],"inLanguage":"it-IT"},{"@type":"Person","@id":"https:\/\/www.intoscana.it\/it\/#\/schema\/person\/a2ffb631e48e0f03c7909858e564fa2d","name":"Barbara Mottola","url":"https:\/\/www.intoscana.it\/it\/author\/barbara-mottola\/"}]}},"_links":{"self":[{"href":"https:\/\/www.intoscana.it\/it\/wp-json\/wp\/v2\/posts\/48498","targetHints":{"allow":["GET"]}}],"collection":[{"href":"https:\/\/www.intoscana.it\/it\/wp-json\/wp\/v2\/posts"}],"about":[{"href":"https:\/\/www.intoscana.it\/it\/wp-json\/wp\/v2\/types\/post"}],"author":[{"embeddable":true,"href":"https:\/\/www.intoscana.it\/it\/wp-json\/wp\/v2\/users\/520"}],"replies":[{"embeddable":true,"href":"https:\/\/www.intoscana.it\/it\/wp-json\/wp\/v2\/comments?post=48498"}],"version-history":[{"count":0,"href":"https:\/\/www.intoscana.it\/it\/wp-json\/wp\/v2\/posts\/48498\/revisions"}],"wp:featuredmedia":[{"embeddable":true,"href":"https:\/\/www.intoscana.it\/it\/wp-json\/wp\/v2\/media\/82201"}],"wp:attachment":[{"href":"https:\/\/www.intoscana.it\/it\/wp-json\/wp\/v2\/media?parent=48498"}],"wp:term":[{"taxonomy":"category","embeddable":true,"href":"https:\/\/www.intoscana.it\/it\/wp-json\/wp\/v2\/categories?post=48498"},{"taxonomy":"post_tag","embeddable":true,"href":"https:\/\/www.intoscana.it\/it\/wp-json\/wp\/v2\/tags?post=48498"}],"curies":[{"name":"wp","href":"https:\/\/api.w.org\/{rel}","templated":true}]}}