{"id":48500,"date":"2019-07-24T17:10:31","date_gmt":"2019-07-24T15:10:31","guid":{"rendered":"http:\/\/www.intoscana.it\/mobike-festeggia-due-anni-di-bike-sharing-a-firenze\/"},"modified":"2020-08-21T10:58:21","modified_gmt":"2020-08-21T08:58:21","slug":"dueannimobikefirenze","status":"publish","type":"post","link":"https:\/\/www.intoscana.it\/it\/dueannimobikefirenze\/","title":{"rendered":"Mobike festeggia due anni di bike sharing a Firenze"},"content":{"rendered":"<p><strong>Mobike<\/strong> festeggia <strong>due anni di attivit\u00e0 a Firenze<\/strong>, era il 24 luglio 2017 quando fu presentato questo nuovo servizio, con numeri sorprendenti: <strong>3,13 milioni di utilizzi e 500 tonnellate di CO<sub>2 <\/sub>risparmiate pari a 23mila alberi piantati. <\/strong><\/p>\n<p>Un risultato molto positivo che segna come, in questi anni, la \u201cnovit\u00e0\u201d del bike sharing nell\u2019ambito degli spostamenti in citt\u00e0 sia diventata una vera consuetudine e <strong>un sistema facile, economico e sostenibile<\/strong> di cui lavoratori, studenti ma anche tanti turisti non possono pi\u00f9 fare a meno per muoversi per Firenze su una due ruote.<\/p>\n<p>Per chi ancora non conosce o non ha avuto modo di utilizzare questo servizio, facciamo un breve ripasso.<\/p>\n<p>Mobike \u00e8 il servizio di <strong>bike sharing a flusso libero<\/strong> attivo a Firenze (e in molte altre citt\u00e0 italiane e non solo). Le biciclette sono distribuite in tutta la citt\u00e0, con attenzione ai principali luoghi di interesse, sono dotate di Gps e facilmente riconoscibili grazie alle ruote arancioni. Nel capoluogo fiorentino sono presenti entrambi i modelli (Classic e Lite) di Mobike e il costo del noleggio \u00e8 di <strong>1\u20ac ogni 20 minuti di utilizzo<\/strong>, in pi\u00f9, se usate spesso \u00e8 possibile acquistare i Mobike Pass, abbonamenti da 30, 90, 180 e 360 giorni che permettono di effettuare un numero illimitato di corse.<\/p>\n<p>Questo servizio \u00e8 totalmente automatizzato e si basa sulla app gratuita per smartphone attraverso cui l&#8217;utente pu\u00f2 visualizzare le zone dove si trovano le bici disponibili, prenotarle, avviare e interrompere il noleggio, oltre a pagare e segnalare eventuali guasti e disservizi.<\/p>\n<p>Il principale vantaggio del bike sharing a flusso libero e, in questo caso di Mobike, \u00e8 la possibilit\u00e0 di trovare le biciclette per tutta la citt\u00e0 senza la necessit\u00e0 di riportarle in stazioni di parcheggio fisse, sempre per\u00f2 nel rispetto delle regole e del codice della strada. Le bici, infatti, <strong>possono essere parcheggiate in tutta la citt\u00e0<\/strong>, in tutti gli spazi in cui \u00e8 normalmente consentita la sosta delle biciclette e negli spazi riservati, proprio alle Mobike, predisposte in varie zone di Firenze.<\/p>\n<p>Per maggiori informazioni: <a href=\"https:\/\/www.mobike.com\">www.mobike.com<\/a><\/p>\n","protected":false},"excerpt":{"rendered":"<p>Mobike, il servizio di bike sharing a flusso libero, piace sempre pi\u00f9 a Firenze. Un sistema facile, economico e sostenibile per muoversi in citt\u00e0<\/p>\n","protected":false},"author":507,"featured_media":82203,"comment_status":"open","ping_status":"open","sticky":false,"template":"","format":"standard","meta":{"_acf_changed":false,"footnotes":""},"categories":[494,7],"tags":[202,1577,371],"class_list":["post-48500","post","type-post","status-publish","format-standard","has-post-thumbnail","hentry","category-attualita","category-societa","tag-firenze","tag-muoversi-in-toscana","tag-sostenibilita"],"acf":[],"yoast_head":"<!-- This site is optimized with the Yoast SEO Premium plugin v24.2 (Yoast SEO v25.6) - https:\/\/yoast.com\/wordpress\/plugins\/seo\/ -->\n<title>Mobike festeggia due anni di bike sharing a Firenze - intoscana<\/title>\n<meta name=\"robots\" content=\"index, follow, max-snippet:-1, max-image-preview:large, max-video-preview:-1\" \/>\n<link rel=\"canonical\" href=\"https:\/\/www.intoscana.it\/it\/dueannimobikefirenze\/\" \/>\n<meta property=\"og:locale\" content=\"it_IT\" \/>\n<meta property=\"og:type\" content=\"article\" \/>\n<meta property=\"og:title\" content=\"Mobike festeggia due anni di bike sharing a Firenze\" \/>\n<meta property=\"og:description\" content=\"Mobike, il servizio di bike sharing a flusso libero, piace sempre pi\u00f9 a Firenze. Un sistema facile, economico e sostenibile per muoversi in citt\u00e0\" \/>\n<meta property=\"og:url\" content=\"https:\/\/www.intoscana.it\/it\/dueannimobikefirenze\/\" \/>\n<meta property=\"og:site_name\" content=\"intoscana\" \/>\n<meta property=\"article:publisher\" content=\"https:\/\/www.facebook.com\/intoscana.it\" \/>\n<meta property=\"article:published_time\" content=\"2019-07-24T15:10:31+00:00\" \/>\n<meta property=\"article:modified_time\" content=\"2020-08-21T08:58:21+00:00\" \/>\n<meta property=\"og:image\" content=\"https:\/\/www.intoscana.it\/wp-content\/uploads\/bike-sharing.jpg\" \/>\n\t<meta property=\"og:image:width\" content=\"700\" \/>\n\t<meta property=\"og:image:height\" content=\"350\" \/>\n\t<meta property=\"og:image:type\" content=\"image\/jpeg\" \/>\n<meta name=\"author\" content=\"Chiara Bianchini\" \/>\n<meta name=\"twitter:card\" content=\"summary_large_image\" \/>\n<meta name=\"twitter:creator\" content=\"@intoscana\" \/>\n<meta name=\"twitter:site\" content=\"@intoscana\" \/>\n<meta name=\"twitter:label1\" content=\"Written by\" \/>\n\t<meta name=\"twitter:data1\" content=\"Chiara Bianchini\" \/>\n\t<meta name=\"twitter:label2\" content=\"Est. reading time\" \/>\n\t<meta name=\"twitter:data2\" content=\"2 minuti\" \/>\n<script type=\"application\/ld+json\" class=\"yoast-schema-graph\">{\"@context\":\"https:\/\/schema.org\",\"@graph\":[{\"@type\":\"WebPage\",\"@id\":\"https:\/\/www.intoscana.it\/it\/dueannimobikefirenze\/\",\"url\":\"https:\/\/www.intoscana.it\/it\/dueannimobikefirenze\/\",\"name\":\"Mobike festeggia due anni di bike sharing a Firenze - intoscana\",\"isPartOf\":{\"@id\":\"https:\/\/www.intoscana.it\/it\/#website\"},\"primaryImageOfPage\":{\"@id\":\"https:\/\/www.intoscana.it\/it\/dueannimobikefirenze\/#primaryimage\"},\"image\":{\"@id\":\"https:\/\/www.intoscana.it\/it\/dueannimobikefirenze\/#primaryimage\"},\"thumbnailUrl\":\"https:\/\/www.intoscana.it\/wp-content\/uploads\/bike-sharing.jpg\",\"datePublished\":\"2019-07-24T15:10:31+00:00\",\"dateModified\":\"2020-08-21T08:58:21+00:00\",\"author\":{\"@id\":\"https:\/\/www.intoscana.it\/it\/#\/schema\/person\/010af92117f50561886339ad5b873a41\"},\"breadcrumb\":{\"@id\":\"https:\/\/www.intoscana.it\/it\/dueannimobikefirenze\/#breadcrumb\"},\"inLanguage\":\"it-IT\",\"potentialAction\":[{\"@type\":\"ReadAction\",\"target\":[\"https:\/\/www.intoscana.it\/it\/dueannimobikefirenze\/\"]}]},{\"@type\":\"ImageObject\",\"inLanguage\":\"it-IT\",\"@id\":\"https:\/\/www.intoscana.it\/it\/dueannimobikefirenze\/#primaryimage\",\"url\":\"https:\/\/www.intoscana.it\/wp-content\/uploads\/bike-sharing.jpg\",\"contentUrl\":\"https:\/\/www.intoscana.it\/wp-content\/uploads\/bike-sharing.jpg\",\"width\":700,\"height\":350},{\"@type\":\"BreadcrumbList\",\"@id\":\"https:\/\/www.intoscana.it\/it\/dueannimobikefirenze\/#breadcrumb\",\"itemListElement\":[{\"@type\":\"ListItem\",\"position\":1,\"name\":\"Home\",\"item\":\"https:\/\/www.intoscana.it\/it\/\"},{\"@type\":\"ListItem\",\"position\":2,\"name\":\"Mobike festeggia due anni di bike sharing a Firenze\"}]},{\"@type\":\"WebSite\",\"@id\":\"https:\/\/www.intoscana.it\/it\/#website\",\"url\":\"https:\/\/www.intoscana.it\/it\/\",\"name\":\"intoscana\",\"description\":\"\",\"potentialAction\":[{\"@type\":\"SearchAction\",\"target\":{\"@type\":\"EntryPoint\",\"urlTemplate\":\"https:\/\/www.intoscana.it\/it\/?s={search_term_string}\"},\"query-input\":{\"@type\":\"PropertyValueSpecification\",\"valueRequired\":true,\"valueName\":\"search_term_string\"}}],\"inLanguage\":\"it-IT\"},{\"@type\":\"Person\",\"@id\":\"https:\/\/www.intoscana.it\/it\/#\/schema\/person\/010af92117f50561886339ad5b873a41\",\"name\":\"Chiara Bianchini\",\"sameAs\":[\"c.bianchini@fst.it\"],\"url\":\"https:\/\/www.intoscana.it\/it\/author\/chiara-bianchini\/\"}]}<\/script>\n<!-- \/ Yoast SEO Premium plugin. -->","yoast_head_json":{"title":"Mobike festeggia due anni di bike sharing a Firenze - intoscana","robots":{"index":"index","follow":"follow","max-snippet":"max-snippet:-1","max-image-preview":"max-image-preview:large","max-video-preview":"max-video-preview:-1"},"canonical":"https:\/\/www.intoscana.it\/it\/dueannimobikefirenze\/","og_locale":"it_IT","og_type":"article","og_title":"Mobike festeggia due anni di bike sharing a Firenze","og_description":"Mobike, il servizio di bike sharing a flusso libero, piace sempre pi\u00f9 a Firenze. Un sistema facile, economico e sostenibile per muoversi in citt\u00e0","og_url":"https:\/\/www.intoscana.it\/it\/dueannimobikefirenze\/","og_site_name":"intoscana","article_publisher":"https:\/\/www.facebook.com\/intoscana.it","article_published_time":"2019-07-24T15:10:31+00:00","article_modified_time":"2020-08-21T08:58:21+00:00","og_image":[{"width":700,"height":350,"url":"https:\/\/www.intoscana.it\/wp-content\/uploads\/bike-sharing.jpg","type":"image\/jpeg"}],"author":"Chiara Bianchini","twitter_card":"summary_large_image","twitter_creator":"@intoscana","twitter_site":"@intoscana","twitter_misc":{"Written by":"Chiara Bianchini","Est. reading time":"2 minuti"},"schema":{"@context":"https:\/\/schema.org","@graph":[{"@type":"WebPage","@id":"https:\/\/www.intoscana.it\/it\/dueannimobikefirenze\/","url":"https:\/\/www.intoscana.it\/it\/dueannimobikefirenze\/","name":"Mobike festeggia due anni di bike sharing a Firenze - intoscana","isPartOf":{"@id":"https:\/\/www.intoscana.it\/it\/#website"},"primaryImageOfPage":{"@id":"https:\/\/www.intoscana.it\/it\/dueannimobikefirenze\/#primaryimage"},"image":{"@id":"https:\/\/www.intoscana.it\/it\/dueannimobikefirenze\/#primaryimage"},"thumbnailUrl":"https:\/\/www.intoscana.it\/wp-content\/uploads\/bike-sharing.jpg","datePublished":"2019-07-24T15:10:31+00:00","dateModified":"2020-08-21T08:58:21+00:00","author":{"@id":"https:\/\/www.intoscana.it\/it\/#\/schema\/person\/010af92117f50561886339ad5b873a41"},"breadcrumb":{"@id":"https:\/\/www.intoscana.it\/it\/dueannimobikefirenze\/#breadcrumb"},"inLanguage":"it-IT","potentialAction":[{"@type":"ReadAction","target":["https:\/\/www.intoscana.it\/it\/dueannimobikefirenze\/"]}]},{"@type":"ImageObject","inLanguage":"it-IT","@id":"https:\/\/www.intoscana.it\/it\/dueannimobikefirenze\/#primaryimage","url":"https:\/\/www.intoscana.it\/wp-content\/uploads\/bike-sharing.jpg","contentUrl":"https:\/\/www.intoscana.it\/wp-content\/uploads\/bike-sharing.jpg","width":700,"height":350},{"@type":"BreadcrumbList","@id":"https:\/\/www.intoscana.it\/it\/dueannimobikefirenze\/#breadcrumb","itemListElement":[{"@type":"ListItem","position":1,"name":"Home","item":"https:\/\/www.intoscana.it\/it\/"},{"@type":"ListItem","position":2,"name":"Mobike festeggia due anni di bike sharing a Firenze"}]},{"@type":"WebSite","@id":"https:\/\/www.intoscana.it\/it\/#website","url":"https:\/\/www.intoscana.it\/it\/","name":"intoscana","description":"","potentialAction":[{"@type":"SearchAction","target":{"@type":"EntryPoint","urlTemplate":"https:\/\/www.intoscana.it\/it\/?s={search_term_string}"},"query-input":{"@type":"PropertyValueSpecification","valueRequired":true,"valueName":"search_term_string"}}],"inLanguage":"it-IT"},{"@type":"Person","@id":"https:\/\/www.intoscana.it\/it\/#\/schema\/person\/010af92117f50561886339ad5b873a41","name":"Chiara Bianchini","sameAs":["c.bianchini@fst.it"],"url":"https:\/\/www.intoscana.it\/it\/author\/chiara-bianchini\/"}]}},"_links":{"self":[{"href":"https:\/\/www.intoscana.it\/it\/wp-json\/wp\/v2\/posts\/48500","targetHints":{"allow":["GET"]}}],"collection":[{"href":"https:\/\/www.intoscana.it\/it\/wp-json\/wp\/v2\/posts"}],"about":[{"href":"https:\/\/www.intoscana.it\/it\/wp-json\/wp\/v2\/types\/post"}],"author":[{"embeddable":true,"href":"https:\/\/www.intoscana.it\/it\/wp-json\/wp\/v2\/users\/507"}],"replies":[{"embeddable":true,"href":"https:\/\/www.intoscana.it\/it\/wp-json\/wp\/v2\/comments?post=48500"}],"version-history":[{"count":0,"href":"https:\/\/www.intoscana.it\/it\/wp-json\/wp\/v2\/posts\/48500\/revisions"}],"wp:featuredmedia":[{"embeddable":true,"href":"https:\/\/www.intoscana.it\/it\/wp-json\/wp\/v2\/media\/82203"}],"wp:attachment":[{"href":"https:\/\/www.intoscana.it\/it\/wp-json\/wp\/v2\/media?parent=48500"}],"wp:term":[{"taxonomy":"category","embeddable":true,"href":"https:\/\/www.intoscana.it\/it\/wp-json\/wp\/v2\/categories?post=48500"},{"taxonomy":"post_tag","embeddable":true,"href":"https:\/\/www.intoscana.it\/it\/wp-json\/wp\/v2\/tags?post=48500"}],"curies":[{"name":"wp","href":"https:\/\/api.w.org\/{rel}","templated":true}]}}