{"id":49206,"date":"2019-09-12T15:23:34","date_gmt":"2019-09-12T13:23:34","guid":{"rendered":"http:\/\/www.intoscana.it\/firenze-e-green-nuovi-bus-ibridi-e-passeggeri-del-tpl-in-aumento\/"},"modified":"2020-08-21T10:57:44","modified_gmt":"2020-08-21T08:57:44","slug":"busibridifirenze","status":"publish","type":"post","link":"https:\/\/www.intoscana.it\/it\/busibridifirenze\/","title":{"rendered":"Firenze \u00e8 green: nuovi bus ibridi e passeggeri del tpl in aumento"},"content":{"rendered":"<p>Nella cornice di Piazza Santissima Annunziata, Firenze ha mostrato il suo lato pi\u00f9 <strong>green e sostenibile<\/strong>. Sono stati infatti presentati <strong>12 nuovi autobus ibridi della flotta di Ataf Gestioni<\/strong> che andranno a garantire una mobilit\u00e0 ancora pi\u00f9 sostenibile per cittadini e turisti che si muovono nella Citt\u00e0 Metropolitana di Firenze.<\/p>\n<p>Questi bus ibridi vanno ad aggiungersi ai 30 presentati lo scorso febbraio in Piazza Santa Croce. Si tratta di 12 mezzi ad elevate prestazioni in termini di <strong>confort e sicurezza del viaggio<\/strong> che vanno ad unirsi alle esigenze di una mobilit\u00e0 ecosostenibile, permettendo cos\u00ec un <strong>ulteriore abbattimento dei consumi e delle emissioni inquinanti<\/strong>. Inoltre, gli autobus sono dotati di un sistema di <strong>videosorveglianza a bordo<\/strong> a tutela della sicurezza dei viaggiatori e del personale e di monitor che forniscono informazioni e notizie sul servizio di trasporto e sull\u2019esperienza di viaggio.<\/p>\n<p>Questa \u00e8 stata anche l\u2019occasione per fare un bilancio da parte di Ataf: negli ultimi 5 anni il <strong>parco mezzi \u00e8 stato rinnovato del 60%, con 209 bus messi in servizio per il tpl fiorentino<\/strong>, e oggi Ataf ha una tra le <strong>flotte pi\u00f9 giovani in Europa con una et\u00e0 media di sette anni<\/strong> ed <strong>ecosostenibili, l\u201980% della flotta \u00e8 ibrido, elettrico o Euro 6<\/strong>. Questi investimenti, che ammontano a circa 3 milioni di euro, sono stati fortemente apprezzati dagli utenti che, sempre negli ultimi cinque anni, sono continuamente aumentati fino a raggiungere quota <strong>95milioni con oltre 10milioni di viaggi<\/strong> in pi\u00f9 effettuati all\u2019anno sui mezzi pubblici.<\/p>\n<p>L\u2019unione di questi due fattori, il rinnovamento della flotta e il maggior utilizzo dei mezzi da parte dei cittadini, ha generato una riduzione stimata delle emissioni inquinanti di CO\u2082 nell\u2019atmosfera corrispondente a quelle prodotte da <strong>2mila automobili<\/strong>.<\/p>\n<p>Negli anni, la rete di trasporto di Ataf Gestioni \u00e8 stata completamente riorganizzata in funzione della progressiva messa in esercizio della tramvia di Firenze con l\u2019obiettivo di facilitare l\u2019integrazione ferro\/gomma e potenziare e migliorare il servizio pubblico in tutta l\u2019area metropolitana di Firenze. Anche per questo motivo, sono stati introdotti titoli di viaggio smart, il cui acquisto \u00e8 sempre pi\u00f9 facile, e che integrano treni e bus: dall\u2019aprile 2018 sono state emesse 70mila smart card Unica Toscana e circa 40mila Tessere Studente per l\u2019Universit\u00e0 degli Studi di Firenze con abbonamento ai servizi di trasporto, oltre ai biglietti di corsa semplice che possono essere acquistati online o a bordo dei bus Ataf Gestioni con la carta di pagamento il biglietto Ataf&amp;Linea a 1,50 euro (senza maggiorazione di prezzo) grazie all\u2019iniziativa Florence Cashless Experience.<\/p>\n<p>In attesa della sentenza del Consiglio di Stato per quanto riguarda la gara regionale per il tpl proseguono i benefici del <strong>contratto ponte siglato tra la Regione Toscana e le aziende del trasporto pubblico locale<\/strong>. In questo anno e mezzo sono oltre <strong>300 i nuovi autobus urbani ed extraurbani<\/strong> entrati in servizio in tutta la Toscana e entro la fine del 2019 si arriver\u00e0 a ben 350. &nbsp;<\/p>\n","protected":false},"excerpt":{"rendered":"<p>12 nuovi bus ibridi vanno ad arricchire la flotta di Ataf, tra le pi\u00f9 green e giovani in Europa<\/p>\n","protected":false},"author":507,"featured_media":82605,"comment_status":"open","ping_status":"open","sticky":false,"template":"","format":"standard","meta":{"_acf_changed":false,"footnotes":""},"categories":[494,7],"tags":[202,184,1577],"class_list":["post-49206","post","type-post","status-publish","format-standard","has-post-thumbnail","hentry","category-attualita","category-societa","tag-firenze","tag-mobilita","tag-muoversi-in-toscana"],"acf":[],"yoast_head":"<!-- This site is optimized with the Yoast SEO Premium plugin v24.2 (Yoast SEO v25.6) - https:\/\/yoast.com\/wordpress\/plugins\/seo\/ -->\n<title>Firenze \u00e8 green: nuovi bus ibridi e passeggeri del tpl in aumento - intoscana<\/title>\n<meta name=\"robots\" content=\"index, follow, max-snippet:-1, max-image-preview:large, max-video-preview:-1\" \/>\n<link rel=\"canonical\" href=\"https:\/\/www.intoscana.it\/it\/busibridifirenze\/\" \/>\n<meta property=\"og:locale\" content=\"it_IT\" \/>\n<meta property=\"og:type\" content=\"article\" \/>\n<meta property=\"og:title\" content=\"Firenze \u00e8 green: nuovi bus ibridi e passeggeri del tpl in aumento\" \/>\n<meta property=\"og:description\" content=\"12 nuovi bus ibridi vanno ad arricchire la flotta di Ataf, tra le pi\u00f9 green e giovani in Europa\" \/>\n<meta property=\"og:url\" content=\"https:\/\/www.intoscana.it\/it\/busibridifirenze\/\" \/>\n<meta property=\"og:site_name\" content=\"intoscana\" \/>\n<meta property=\"article:publisher\" content=\"https:\/\/www.facebook.com\/intoscana.it\" \/>\n<meta property=\"article:published_time\" content=\"2019-09-12T13:23:34+00:00\" \/>\n<meta property=\"article:modified_time\" content=\"2020-08-21T08:57:44+00:00\" \/>\n<meta property=\"og:image\" content=\"https:\/\/www.intoscana.it\/wp-content\/uploads\/bus-ibridi-ataf-1.jpeg\" \/>\n\t<meta property=\"og:image:width\" content=\"1024\" \/>\n\t<meta property=\"og:image:height\" content=\"768\" \/>\n\t<meta property=\"og:image:type\" content=\"image\/jpeg\" \/>\n<meta name=\"author\" content=\"Chiara Bianchini\" \/>\n<meta name=\"twitter:card\" content=\"summary_large_image\" \/>\n<meta name=\"twitter:creator\" content=\"@intoscana\" \/>\n<meta name=\"twitter:site\" content=\"@intoscana\" \/>\n<meta name=\"twitter:label1\" content=\"Written by\" \/>\n\t<meta name=\"twitter:data1\" content=\"Chiara Bianchini\" \/>\n\t<meta name=\"twitter:label2\" content=\"Est. reading time\" \/>\n\t<meta name=\"twitter:data2\" content=\"2 minuti\" \/>\n<script type=\"application\/ld+json\" class=\"yoast-schema-graph\">{\"@context\":\"https:\/\/schema.org\",\"@graph\":[{\"@type\":\"WebPage\",\"@id\":\"https:\/\/www.intoscana.it\/it\/busibridifirenze\/\",\"url\":\"https:\/\/www.intoscana.it\/it\/busibridifirenze\/\",\"name\":\"Firenze \u00e8 green: nuovi bus ibridi e passeggeri del tpl in aumento - intoscana\",\"isPartOf\":{\"@id\":\"https:\/\/www.intoscana.it\/it\/#website\"},\"primaryImageOfPage\":{\"@id\":\"https:\/\/www.intoscana.it\/it\/busibridifirenze\/#primaryimage\"},\"image\":{\"@id\":\"https:\/\/www.intoscana.it\/it\/busibridifirenze\/#primaryimage\"},\"thumbnailUrl\":\"https:\/\/www.intoscana.it\/wp-content\/uploads\/bus-ibridi-ataf-1.jpeg\",\"datePublished\":\"2019-09-12T13:23:34+00:00\",\"dateModified\":\"2020-08-21T08:57:44+00:00\",\"author\":{\"@id\":\"https:\/\/www.intoscana.it\/it\/#\/schema\/person\/010af92117f50561886339ad5b873a41\"},\"breadcrumb\":{\"@id\":\"https:\/\/www.intoscana.it\/it\/busibridifirenze\/#breadcrumb\"},\"inLanguage\":\"it-IT\",\"potentialAction\":[{\"@type\":\"ReadAction\",\"target\":[\"https:\/\/www.intoscana.it\/it\/busibridifirenze\/\"]}]},{\"@type\":\"ImageObject\",\"inLanguage\":\"it-IT\",\"@id\":\"https:\/\/www.intoscana.it\/it\/busibridifirenze\/#primaryimage\",\"url\":\"https:\/\/www.intoscana.it\/wp-content\/uploads\/bus-ibridi-ataf-1.jpeg\",\"contentUrl\":\"https:\/\/www.intoscana.it\/wp-content\/uploads\/bus-ibridi-ataf-1.jpeg\",\"width\":1024,\"height\":768},{\"@type\":\"BreadcrumbList\",\"@id\":\"https:\/\/www.intoscana.it\/it\/busibridifirenze\/#breadcrumb\",\"itemListElement\":[{\"@type\":\"ListItem\",\"position\":1,\"name\":\"Home\",\"item\":\"https:\/\/www.intoscana.it\/it\/\"},{\"@type\":\"ListItem\",\"position\":2,\"name\":\"Firenze \u00e8 green: nuovi bus ibridi e passeggeri del tpl in aumento\"}]},{\"@type\":\"WebSite\",\"@id\":\"https:\/\/www.intoscana.it\/it\/#website\",\"url\":\"https:\/\/www.intoscana.it\/it\/\",\"name\":\"intoscana\",\"description\":\"\",\"potentialAction\":[{\"@type\":\"SearchAction\",\"target\":{\"@type\":\"EntryPoint\",\"urlTemplate\":\"https:\/\/www.intoscana.it\/it\/?s={search_term_string}\"},\"query-input\":{\"@type\":\"PropertyValueSpecification\",\"valueRequired\":true,\"valueName\":\"search_term_string\"}}],\"inLanguage\":\"it-IT\"},{\"@type\":\"Person\",\"@id\":\"https:\/\/www.intoscana.it\/it\/#\/schema\/person\/010af92117f50561886339ad5b873a41\",\"name\":\"Chiara Bianchini\",\"sameAs\":[\"c.bianchini@fst.it\"],\"url\":\"https:\/\/www.intoscana.it\/it\/author\/chiara-bianchini\/\"}]}<\/script>\n<!-- \/ Yoast SEO Premium plugin. -->","yoast_head_json":{"title":"Firenze \u00e8 green: nuovi bus ibridi e passeggeri del tpl in aumento - intoscana","robots":{"index":"index","follow":"follow","max-snippet":"max-snippet:-1","max-image-preview":"max-image-preview:large","max-video-preview":"max-video-preview:-1"},"canonical":"https:\/\/www.intoscana.it\/it\/busibridifirenze\/","og_locale":"it_IT","og_type":"article","og_title":"Firenze \u00e8 green: nuovi bus ibridi e passeggeri del tpl in aumento","og_description":"12 nuovi bus ibridi vanno ad arricchire la flotta di Ataf, tra le pi\u00f9 green e giovani in Europa","og_url":"https:\/\/www.intoscana.it\/it\/busibridifirenze\/","og_site_name":"intoscana","article_publisher":"https:\/\/www.facebook.com\/intoscana.it","article_published_time":"2019-09-12T13:23:34+00:00","article_modified_time":"2020-08-21T08:57:44+00:00","og_image":[{"width":1024,"height":768,"url":"https:\/\/www.intoscana.it\/wp-content\/uploads\/bus-ibridi-ataf-1.jpeg","type":"image\/jpeg"}],"author":"Chiara Bianchini","twitter_card":"summary_large_image","twitter_creator":"@intoscana","twitter_site":"@intoscana","twitter_misc":{"Written by":"Chiara Bianchini","Est. reading time":"2 minuti"},"schema":{"@context":"https:\/\/schema.org","@graph":[{"@type":"WebPage","@id":"https:\/\/www.intoscana.it\/it\/busibridifirenze\/","url":"https:\/\/www.intoscana.it\/it\/busibridifirenze\/","name":"Firenze \u00e8 green: nuovi bus ibridi e passeggeri del tpl in aumento - intoscana","isPartOf":{"@id":"https:\/\/www.intoscana.it\/it\/#website"},"primaryImageOfPage":{"@id":"https:\/\/www.intoscana.it\/it\/busibridifirenze\/#primaryimage"},"image":{"@id":"https:\/\/www.intoscana.it\/it\/busibridifirenze\/#primaryimage"},"thumbnailUrl":"https:\/\/www.intoscana.it\/wp-content\/uploads\/bus-ibridi-ataf-1.jpeg","datePublished":"2019-09-12T13:23:34+00:00","dateModified":"2020-08-21T08:57:44+00:00","author":{"@id":"https:\/\/www.intoscana.it\/it\/#\/schema\/person\/010af92117f50561886339ad5b873a41"},"breadcrumb":{"@id":"https:\/\/www.intoscana.it\/it\/busibridifirenze\/#breadcrumb"},"inLanguage":"it-IT","potentialAction":[{"@type":"ReadAction","target":["https:\/\/www.intoscana.it\/it\/busibridifirenze\/"]}]},{"@type":"ImageObject","inLanguage":"it-IT","@id":"https:\/\/www.intoscana.it\/it\/busibridifirenze\/#primaryimage","url":"https:\/\/www.intoscana.it\/wp-content\/uploads\/bus-ibridi-ataf-1.jpeg","contentUrl":"https:\/\/www.intoscana.it\/wp-content\/uploads\/bus-ibridi-ataf-1.jpeg","width":1024,"height":768},{"@type":"BreadcrumbList","@id":"https:\/\/www.intoscana.it\/it\/busibridifirenze\/#breadcrumb","itemListElement":[{"@type":"ListItem","position":1,"name":"Home","item":"https:\/\/www.intoscana.it\/it\/"},{"@type":"ListItem","position":2,"name":"Firenze \u00e8 green: nuovi bus ibridi e passeggeri del tpl in aumento"}]},{"@type":"WebSite","@id":"https:\/\/www.intoscana.it\/it\/#website","url":"https:\/\/www.intoscana.it\/it\/","name":"intoscana","description":"","potentialAction":[{"@type":"SearchAction","target":{"@type":"EntryPoint","urlTemplate":"https:\/\/www.intoscana.it\/it\/?s={search_term_string}"},"query-input":{"@type":"PropertyValueSpecification","valueRequired":true,"valueName":"search_term_string"}}],"inLanguage":"it-IT"},{"@type":"Person","@id":"https:\/\/www.intoscana.it\/it\/#\/schema\/person\/010af92117f50561886339ad5b873a41","name":"Chiara Bianchini","sameAs":["c.bianchini@fst.it"],"url":"https:\/\/www.intoscana.it\/it\/author\/chiara-bianchini\/"}]}},"_links":{"self":[{"href":"https:\/\/www.intoscana.it\/it\/wp-json\/wp\/v2\/posts\/49206","targetHints":{"allow":["GET"]}}],"collection":[{"href":"https:\/\/www.intoscana.it\/it\/wp-json\/wp\/v2\/posts"}],"about":[{"href":"https:\/\/www.intoscana.it\/it\/wp-json\/wp\/v2\/types\/post"}],"author":[{"embeddable":true,"href":"https:\/\/www.intoscana.it\/it\/wp-json\/wp\/v2\/users\/507"}],"replies":[{"embeddable":true,"href":"https:\/\/www.intoscana.it\/it\/wp-json\/wp\/v2\/comments?post=49206"}],"version-history":[{"count":0,"href":"https:\/\/www.intoscana.it\/it\/wp-json\/wp\/v2\/posts\/49206\/revisions"}],"wp:featuredmedia":[{"embeddable":true,"href":"https:\/\/www.intoscana.it\/it\/wp-json\/wp\/v2\/media\/82605"}],"wp:attachment":[{"href":"https:\/\/www.intoscana.it\/it\/wp-json\/wp\/v2\/media?parent=49206"}],"wp:term":[{"taxonomy":"category","embeddable":true,"href":"https:\/\/www.intoscana.it\/it\/wp-json\/wp\/v2\/categories?post=49206"},{"taxonomy":"post_tag","embeddable":true,"href":"https:\/\/www.intoscana.it\/it\/wp-json\/wp\/v2\/tags?post=49206"}],"curies":[{"name":"wp","href":"https:\/\/api.w.org\/{rel}","templated":true}]}}