{"id":49226,"date":"2019-09-26T14:37:59","date_gmt":"2019-09-26T14:37:59","guid":{"rendered":"http:\/\/www.intoscana.it\/dieci-anni-di-emma-la-rete-stavolta-risponde-con-il-cuore\/"},"modified":"2020-05-19T15:31:17","modified_gmt":"2020-05-19T13:31:17","slug":"10anniemma","status":"publish","type":"post","link":"https:\/\/www.intoscana.it\/it\/10anniemma\/","title":{"rendered":"Dieci anni di Emma: la rete, stavolta, risponde con il cuore"},"content":{"rendered":"<p style=\"text-align: justify;\">Oggi sono 10 anni che <strong>Emma Marrone<\/strong> \u00e8 sulla scena musicale italiana. La cantante nata a<strong> Firenze<\/strong> 35 anni fa e affermata grazie al programma \u201cAmici\u201d di Maria De Filippi \u00e8 protagonista della scorsa notte di un\u2019onda di affetto da parte di fan ed amici che hanno lanciato su Twitter l&#8217;hashtag #10annidiEmma<\/p>\n<p style=\"text-align: justify;\">Era il <strong>26 settembre 2009<\/strong>, appunto dieci anni fa e Emma partecip\u00f2 e vinse <strong>\u201cAmici\u201d<\/strong> uno dei talent pi\u00f9 longevi della tv italiana, dando il via a una carriera di successo e popolarit\u00e0, culminata con la vittoria al Festival di Sanremo nel 2012.&nbsp;<\/p>\n<p style=\"text-align: justify;\">I social stanno festeggiato il decimo anniversario con migliaia di tweet in poche ore. E questo anniversario capita in un momento difficile per la cantante costretta al momentaneo stop per motivi di salute. Ma Emma si \u00e8 fermata con la sua solita grinta e sorriso. Senza retorica e mettendoci come sempre la faccia. E i suoi fan lo sanno.<\/p>\n<p style=\"text-align: justify;\"><img decoding=\"async\" alt=\"emma marrone foto massimo todaro\" style=\"width: 600px;\" title=\"emma marrone foto massimo todaro\" src=\"https:\/\/www.intoscana.it\/shared\/intoscana\/immagini\/emma-marrone-foto-massimo-todaro.jpg\" \/><\/p>\n<p style=\"text-align: justify;\">Scrive <strong>Vincenzo @Crispino_V<\/strong> su Twitter <em>\u201cDieci anni fa inizi\u00f3 tutto cos\u00ec. Un banco vuoto con il tuo nome. Un po\u2019 come adesso. Un\u2019assenza in un momento che aspettavamo da tanto, troppo. Ma arriver\u00e1 il giorno in cui ci siederemo tutti a quel tavolo. E sar\u00e1 bello come mai prima @MarroneEmma metticela tutta! #10annidiEmma\u201d<\/em><\/p>\n<p style=\"text-align: justify;\">E ancora <strong>@sprockbrowncrew<\/strong> \u201c<em>Ci hai sempre dato insegnamenti positivi, come una sorella maggiore. I nostri genitori sono Fieri di te perch\u00e9 ci hai &#8220;educati&#8221; come lo hanno fatto loro. Forse \u00e8 questo il segreto del nostro legame..che va oltre il talento, oltre le canzoni, \u00e8 un legame di sangue #10annidiEmma\u201d<\/em><\/p>\n<p style=\"text-align: justify;\">E infine Martina <strong>@Martina92555226<\/strong> \u201c<em>10 ANNI DI EMMA! Ma ci rendiamo conto come vola il tempo? Ho davanti agli occhi i momenti di Amici e sono gi\u00e0 10 anni?! 10 anni che le mie giornate sono illuminate da una luce, lei. La amo con tutta me stessa! #10annidiEmma #EmmaMarrone\u201d<\/em><\/p>\n<p style=\"text-align: justify;\"><img decoding=\"async\" alt=\"emma marrone foto di fabio diana\" style=\"width: 600px;\" title=\"emma marrone foto di fabio diana\" src=\"https:\/\/www.intoscana.it\/shared\/intoscana\/immagini\/emma-marrone-foto-di-fabio-diana.jpg\" \/><\/p>\n<p style=\"text-align: justify;\">La rete toglie la rete d\u00e0 potremmo dire. I social a volte sono il crogiolo del peggio degli istinti umani ma a volte possono essere anche un vulcano di positivit\u00e0. E per questo \u00e8 importante dirlo e raccontarlo. Emma oggi pu\u00f2 essere felice di essere stata la scintilla di tanto calore.&nbsp;In bocca al lupo!&nbsp;<\/p>\n","protected":false},"excerpt":{"rendered":"<p>Per l&#8217;artista nata a Firenze 10 anni di canzoni e di emozioni ma anche di critiche sui social, che spesso sono andate oltre i gusti musicali<\/p>\n","protected":false},"author":477,"featured_media":82625,"comment_status":"open","ping_status":"open","sticky":false,"template":"","format":"standard","meta":{"_acf_changed":false,"footnotes":""},"categories":[14],"tags":[],"class_list":["post-49226","post","type-post","status-publish","format-standard","has-post-thumbnail","hentry","category-musica"],"acf":[],"yoast_head":"<!-- This site is optimized with the Yoast SEO Premium plugin v24.2 (Yoast SEO v25.6) - https:\/\/yoast.com\/wordpress\/plugins\/seo\/ -->\n<title>Dieci anni di Emma: la rete, stavolta, risponde con il cuore - intoscana<\/title>\n<meta name=\"description\" content=\"10 anni di carriera per Emma Marrone, la giovane artista esplosa con Amici ha ricevuto l&#039;affetto della rete per il traguardo raggiunto, ecco i post e i tweet.\" \/>\n<meta name=\"robots\" content=\"index, follow, max-snippet:-1, max-image-preview:large, max-video-preview:-1\" \/>\n<link rel=\"canonical\" href=\"https:\/\/www.intoscana.it\/it\/10anniemma\/\" \/>\n<meta property=\"og:locale\" content=\"it_IT\" \/>\n<meta property=\"og:type\" content=\"article\" \/>\n<meta property=\"og:title\" content=\"Dieci anni di Emma: la rete, stavolta, risponde con il cuore\" \/>\n<meta property=\"og:description\" content=\"10 anni di carriera per Emma Marrone, la giovane artista esplosa con Amici ha ricevuto l&#039;affetto della rete per il traguardo raggiunto, ecco i post e i tweet.\" \/>\n<meta property=\"og:url\" content=\"https:\/\/www.intoscana.it\/it\/10anniemma\/\" \/>\n<meta property=\"og:site_name\" content=\"intoscana\" \/>\n<meta property=\"article:publisher\" content=\"https:\/\/www.facebook.com\/intoscana.it\" \/>\n<meta property=\"article:published_time\" content=\"2019-09-26T14:37:59+00:00\" \/>\n<meta property=\"article:modified_time\" content=\"2020-05-19T13:31:17+00:00\" \/>\n<meta property=\"og:image\" content=\"https:\/\/www.intoscana.it\/wp-content\/uploads\/emma-foto-di-massimo-todaro.jpg\" \/>\n\t<meta property=\"og:image:width\" content=\"2000\" \/>\n\t<meta property=\"og:image:height\" content=\"1333\" \/>\n\t<meta property=\"og:image:type\" content=\"image\/jpeg\" \/>\n<meta name=\"author\" content=\"Salvatore Bruno\" \/>\n<meta name=\"twitter:card\" content=\"summary_large_image\" \/>\n<meta name=\"twitter:creator\" content=\"@intoscana\" \/>\n<meta name=\"twitter:site\" content=\"@intoscana\" \/>\n<meta name=\"twitter:label1\" content=\"Written by\" \/>\n\t<meta name=\"twitter:data1\" content=\"Salvatore Bruno\" \/>\n\t<meta name=\"twitter:label2\" content=\"Est. reading time\" \/>\n\t<meta name=\"twitter:data2\" content=\"2 minuti\" \/>\n<script type=\"application\/ld+json\" class=\"yoast-schema-graph\">{\"@context\":\"https:\/\/schema.org\",\"@graph\":[{\"@type\":\"WebPage\",\"@id\":\"https:\/\/www.intoscana.it\/it\/10anniemma\/\",\"url\":\"https:\/\/www.intoscana.it\/it\/10anniemma\/\",\"name\":\"Dieci anni di Emma: la rete, stavolta, risponde con il cuore - intoscana\",\"isPartOf\":{\"@id\":\"https:\/\/www.intoscana.it\/it\/#website\"},\"primaryImageOfPage\":{\"@id\":\"https:\/\/www.intoscana.it\/it\/10anniemma\/#primaryimage\"},\"image\":{\"@id\":\"https:\/\/www.intoscana.it\/it\/10anniemma\/#primaryimage\"},\"thumbnailUrl\":\"https:\/\/www.intoscana.it\/wp-content\/uploads\/emma-foto-di-massimo-todaro.jpg\",\"datePublished\":\"2019-09-26T14:37:59+00:00\",\"dateModified\":\"2020-05-19T13:31:17+00:00\",\"author\":{\"@id\":\"https:\/\/www.intoscana.it\/it\/#\/schema\/person\/57b077b6f035c243acb2a79d319d3c0b\"},\"description\":\"10 anni di carriera per Emma Marrone, la giovane artista esplosa con Amici ha ricevuto l'affetto della rete per il traguardo raggiunto, ecco i post e i tweet.\",\"breadcrumb\":{\"@id\":\"https:\/\/www.intoscana.it\/it\/10anniemma\/#breadcrumb\"},\"inLanguage\":\"it-IT\",\"potentialAction\":[{\"@type\":\"ReadAction\",\"target\":[\"https:\/\/www.intoscana.it\/it\/10anniemma\/\"]}]},{\"@type\":\"ImageObject\",\"inLanguage\":\"it-IT\",\"@id\":\"https:\/\/www.intoscana.it\/it\/10anniemma\/#primaryimage\",\"url\":\"https:\/\/www.intoscana.it\/wp-content\/uploads\/emma-foto-di-massimo-todaro.jpg\",\"contentUrl\":\"https:\/\/www.intoscana.it\/wp-content\/uploads\/emma-foto-di-massimo-todaro.jpg\",\"width\":2000,\"height\":1333,\"caption\":\"Emma Marrone\"},{\"@type\":\"BreadcrumbList\",\"@id\":\"https:\/\/www.intoscana.it\/it\/10anniemma\/#breadcrumb\",\"itemListElement\":[{\"@type\":\"ListItem\",\"position\":1,\"name\":\"Home\",\"item\":\"https:\/\/www.intoscana.it\/it\/\"},{\"@type\":\"ListItem\",\"position\":2,\"name\":\"Dieci anni di Emma: la rete, stavolta, risponde con il cuore\"}]},{\"@type\":\"WebSite\",\"@id\":\"https:\/\/www.intoscana.it\/it\/#website\",\"url\":\"https:\/\/www.intoscana.it\/it\/\",\"name\":\"intoscana\",\"description\":\"\",\"potentialAction\":[{\"@type\":\"SearchAction\",\"target\":{\"@type\":\"EntryPoint\",\"urlTemplate\":\"https:\/\/www.intoscana.it\/it\/?s={search_term_string}\"},\"query-input\":{\"@type\":\"PropertyValueSpecification\",\"valueRequired\":true,\"valueName\":\"search_term_string\"}}],\"inLanguage\":\"it-IT\"},{\"@type\":\"Person\",\"@id\":\"https:\/\/www.intoscana.it\/it\/#\/schema\/person\/57b077b6f035c243acb2a79d319d3c0b\",\"name\":\"Salvatore Bruno\",\"url\":\"https:\/\/www.intoscana.it\/it\/author\/salvatore-bruno\/\"}]}<\/script>\n<!-- \/ Yoast SEO Premium plugin. -->","yoast_head_json":{"title":"Dieci anni di Emma: la rete, stavolta, risponde con il cuore - intoscana","description":"10 anni di carriera per Emma Marrone, la giovane artista esplosa con Amici ha ricevuto l'affetto della rete per il traguardo raggiunto, ecco i post e i tweet.","robots":{"index":"index","follow":"follow","max-snippet":"max-snippet:-1","max-image-preview":"max-image-preview:large","max-video-preview":"max-video-preview:-1"},"canonical":"https:\/\/www.intoscana.it\/it\/10anniemma\/","og_locale":"it_IT","og_type":"article","og_title":"Dieci anni di Emma: la rete, stavolta, risponde con il cuore","og_description":"10 anni di carriera per Emma Marrone, la giovane artista esplosa con Amici ha ricevuto l'affetto della rete per il traguardo raggiunto, ecco i post e i tweet.","og_url":"https:\/\/www.intoscana.it\/it\/10anniemma\/","og_site_name":"intoscana","article_publisher":"https:\/\/www.facebook.com\/intoscana.it","article_published_time":"2019-09-26T14:37:59+00:00","article_modified_time":"2020-05-19T13:31:17+00:00","og_image":[{"width":2000,"height":1333,"url":"https:\/\/www.intoscana.it\/wp-content\/uploads\/emma-foto-di-massimo-todaro.jpg","type":"image\/jpeg"}],"author":"Salvatore Bruno","twitter_card":"summary_large_image","twitter_creator":"@intoscana","twitter_site":"@intoscana","twitter_misc":{"Written by":"Salvatore Bruno","Est. reading time":"2 minuti"},"schema":{"@context":"https:\/\/schema.org","@graph":[{"@type":"WebPage","@id":"https:\/\/www.intoscana.it\/it\/10anniemma\/","url":"https:\/\/www.intoscana.it\/it\/10anniemma\/","name":"Dieci anni di Emma: la rete, stavolta, risponde con il cuore - intoscana","isPartOf":{"@id":"https:\/\/www.intoscana.it\/it\/#website"},"primaryImageOfPage":{"@id":"https:\/\/www.intoscana.it\/it\/10anniemma\/#primaryimage"},"image":{"@id":"https:\/\/www.intoscana.it\/it\/10anniemma\/#primaryimage"},"thumbnailUrl":"https:\/\/www.intoscana.it\/wp-content\/uploads\/emma-foto-di-massimo-todaro.jpg","datePublished":"2019-09-26T14:37:59+00:00","dateModified":"2020-05-19T13:31:17+00:00","author":{"@id":"https:\/\/www.intoscana.it\/it\/#\/schema\/person\/57b077b6f035c243acb2a79d319d3c0b"},"description":"10 anni di carriera per Emma Marrone, la giovane artista esplosa con Amici ha ricevuto l'affetto della rete per il traguardo raggiunto, ecco i post e i tweet.","breadcrumb":{"@id":"https:\/\/www.intoscana.it\/it\/10anniemma\/#breadcrumb"},"inLanguage":"it-IT","potentialAction":[{"@type":"ReadAction","target":["https:\/\/www.intoscana.it\/it\/10anniemma\/"]}]},{"@type":"ImageObject","inLanguage":"it-IT","@id":"https:\/\/www.intoscana.it\/it\/10anniemma\/#primaryimage","url":"https:\/\/www.intoscana.it\/wp-content\/uploads\/emma-foto-di-massimo-todaro.jpg","contentUrl":"https:\/\/www.intoscana.it\/wp-content\/uploads\/emma-foto-di-massimo-todaro.jpg","width":2000,"height":1333,"caption":"Emma Marrone"},{"@type":"BreadcrumbList","@id":"https:\/\/www.intoscana.it\/it\/10anniemma\/#breadcrumb","itemListElement":[{"@type":"ListItem","position":1,"name":"Home","item":"https:\/\/www.intoscana.it\/it\/"},{"@type":"ListItem","position":2,"name":"Dieci anni di Emma: la rete, stavolta, risponde con il cuore"}]},{"@type":"WebSite","@id":"https:\/\/www.intoscana.it\/it\/#website","url":"https:\/\/www.intoscana.it\/it\/","name":"intoscana","description":"","potentialAction":[{"@type":"SearchAction","target":{"@type":"EntryPoint","urlTemplate":"https:\/\/www.intoscana.it\/it\/?s={search_term_string}"},"query-input":{"@type":"PropertyValueSpecification","valueRequired":true,"valueName":"search_term_string"}}],"inLanguage":"it-IT"},{"@type":"Person","@id":"https:\/\/www.intoscana.it\/it\/#\/schema\/person\/57b077b6f035c243acb2a79d319d3c0b","name":"Salvatore Bruno","url":"https:\/\/www.intoscana.it\/it\/author\/salvatore-bruno\/"}]}},"_links":{"self":[{"href":"https:\/\/www.intoscana.it\/it\/wp-json\/wp\/v2\/posts\/49226","targetHints":{"allow":["GET"]}}],"collection":[{"href":"https:\/\/www.intoscana.it\/it\/wp-json\/wp\/v2\/posts"}],"about":[{"href":"https:\/\/www.intoscana.it\/it\/wp-json\/wp\/v2\/types\/post"}],"author":[{"embeddable":true,"href":"https:\/\/www.intoscana.it\/it\/wp-json\/wp\/v2\/users\/477"}],"replies":[{"embeddable":true,"href":"https:\/\/www.intoscana.it\/it\/wp-json\/wp\/v2\/comments?post=49226"}],"version-history":[{"count":0,"href":"https:\/\/www.intoscana.it\/it\/wp-json\/wp\/v2\/posts\/49226\/revisions"}],"wp:featuredmedia":[{"embeddable":true,"href":"https:\/\/www.intoscana.it\/it\/wp-json\/wp\/v2\/media\/82625"}],"wp:attachment":[{"href":"https:\/\/www.intoscana.it\/it\/wp-json\/wp\/v2\/media?parent=49226"}],"wp:term":[{"taxonomy":"category","embeddable":true,"href":"https:\/\/www.intoscana.it\/it\/wp-json\/wp\/v2\/categories?post=49226"},{"taxonomy":"post_tag","embeddable":true,"href":"https:\/\/www.intoscana.it\/it\/wp-json\/wp\/v2\/tags?post=49226"}],"curies":[{"name":"wp","href":"https:\/\/api.w.org\/{rel}","templated":true}]}}