{"id":49234,"date":"2019-10-04T10:24:42","date_gmt":"2019-10-04T10:24:42","guid":{"rendered":"http:\/\/www.intoscana.it\/lubec-a-lucca-tecnologia-turismo-e-beni-culturali\/"},"modified":"2020-05-19T15:31:19","modified_gmt":"2020-05-19T13:31:19","slug":"lubec-2019","status":"publish","type":"post","link":"https:\/\/www.intoscana.it\/it\/lubec-2019\/","title":{"rendered":"Lubec, a Lucca tecnologia, turismo e beni culturali"},"content":{"rendered":"<p>Oltre mille persone hanno salutato ieri l&#8217;apertura della XV edizione di<strong> LubeC,<\/strong> &nbsp;l&#8217;evento organizzato da Promo PA con l&#8217;obiettivo di mettere al centro la filiera che tiene insieme beni culturali, nuove tecnologie e turismo.<\/p>\n<p>Al Real Collegio spazio ancora per la giornata di oggi a convegni,&nbsp;workshop e momenti d\u2019incontro informale, per ribadire la centralit\u00e0 delle politiche culturali nel raggiungimento degli obiettivi dell\u2019agenda globale verso la sostenibilit\u00e0. Fra gli eventi di punta di ieri il convegno introdotto dal presidente di Promo PA, Gaetano Scognamiglio, durante il quale \u00e8 stato conferito a monsignor Stefano Russo, segretario generale della&nbsp;Conferenza Episcopale Italiana, il premio&nbsp;LuBeC 2019&nbsp;per l\u2019impegno con cui ha contribuito alla salvaguardia del patrimonio ecclesiastico danneggiato dal terremoto del 2016.&nbsp; <br \/>&nbsp;<br \/>Quindi l\u2019intervento di <strong>Omar Saif Ghobash<\/strong>, assistente del ministro degli Affari Esteri e della Cooperazione Internazionale per gli Affari Culturali degli Emirati Arabi Uniti che ha illustrato le politiche culturali del paese in vista dell\u2019Expo di Dubai 2020:&nbsp;\u00ab<em>\u00c8 veramente un piacere essere a Lucca con tutti voi e celebrare la cultura e l\u2019arte in una citt\u00e0 stupenda<\/em> \u2013 ha detto \u2013 <em>\u00c8 anche un immenso onore che gli Emirati Arabi Uniti siano stati scelti come ospiti d\u2019onore per l\u2019evento di quest\u2019anno. Siamo molto riconoscenti per questa scelta. Si tratta di un\u2019ulteriore dimostrazione delle sempre pi\u00f9 profonde relazioni tra l\u2019Italia e gli Emirati\u00bb.<\/em><\/p>\n<p>Un tema ripreso da <strong>Paolo Glisenti<\/strong>, commissario generale per la partecipazione italiana a Expo 2020 di Dubai: <em>\u00abL\u2019Expo di Dubai sar\u00e0 una milestone nel rapporto tra l\u2019Italia e i paesi arabi. Ma puntiamo a realizzare un progetto aperto e capace di dialogare con tutti i paesi, a partire da India e Cina, coinvolgendo i giovani attraverso un approccio originale, centrato sull\u2019education lab e il metodo del gaming\u00bb.<\/em><br \/>&nbsp;<br \/>Fra i temi &nbsp;trattati anche il rapporto fra i giovani e il patrimonio culturale con Francesco Profumo, gi\u00e0 ministro dell\u2019Istruzione e presidente dell\u2019Associazione di fondazione Casse di risparmio, un focus sullo storytelling digitale dei territori, un open-lab che punta a produrre dei project work intorno alle tecniche che favoriscono la fruizione culturale attraverso il gioco.<\/p>\n<p>Tra gli ospiti anche <strong>Federico Pizzarotti<\/strong>, sindaco di Parma, che sar\u00e0 Capitale italiana della Cultura nel 2020. Il primo cittadino ha ribadito che rapporto tra cultura,&nbsp; citt\u00e0 e sostenibilit\u00e0, sia una frontiera assolutamente da esplorare.&nbsp;<\/p>\n","protected":false},"excerpt":{"rendered":"<p>Si chiude la quindicesima edizione della due giorni che mette al centro la filiera di innovazione, cultura e turismo. Premio &nbsp;Lubec 2019 a&nbsp;Stefano Russo, segretario generale della&nbsp;Conferenza Episcopale Italiana<\/p>\n","protected":false},"author":525,"featured_media":82632,"comment_status":"open","ping_status":"open","sticky":false,"template":"","format":"standard","meta":{"_acf_changed":false,"footnotes":""},"categories":[475,15],"tags":[141,143],"class_list":["post-49234","post","type-post","status-publish","format-standard","has-post-thumbnail","hentry","category-innovazione","category-tecnologia","tag-tecnologia","tag-turismo"],"acf":[],"yoast_head":"<!-- This site is optimized with the Yoast SEO Premium plugin v24.2 (Yoast SEO v25.6) - https:\/\/yoast.com\/wordpress\/plugins\/seo\/ -->\n<title>Lubec, a Lucca tecnologia, turismo e beni culturali - intoscana<\/title>\n<meta name=\"description\" content=\"A Lucca con Lubec si incontrano tecnologia, turismo e beni culturali, nella cornice del Real Collegio oltre 1000 persone per la giornata di apertura dell&#039;evento\" \/>\n<meta name=\"robots\" content=\"index, follow, max-snippet:-1, max-image-preview:large, max-video-preview:-1\" \/>\n<link rel=\"canonical\" href=\"https:\/\/www.intoscana.it\/it\/lubec-2019\/\" \/>\n<meta property=\"og:locale\" content=\"it_IT\" \/>\n<meta property=\"og:type\" content=\"article\" \/>\n<meta property=\"og:title\" content=\"Lubec, a Lucca tecnologia, turismo e beni culturali\" \/>\n<meta property=\"og:description\" content=\"A Lucca con Lubec si incontrano tecnologia, turismo e beni culturali, nella cornice del Real Collegio oltre 1000 persone per la giornata di apertura dell&#039;evento\" \/>\n<meta property=\"og:url\" content=\"https:\/\/www.intoscana.it\/it\/lubec-2019\/\" \/>\n<meta property=\"og:site_name\" content=\"intoscana\" \/>\n<meta property=\"article:publisher\" content=\"https:\/\/www.facebook.com\/intoscana.it\" \/>\n<meta property=\"article:published_time\" content=\"2019-10-04T10:24:42+00:00\" \/>\n<meta property=\"article:modified_time\" content=\"2020-05-19T13:31:19+00:00\" \/>\n<meta property=\"og:image\" content=\"https:\/\/www.intoscana.it\/wp-content\/uploads\/lubec.jpg\" \/>\n\t<meta property=\"og:image:width\" content=\"1600\" \/>\n\t<meta property=\"og:image:height\" content=\"777\" \/>\n\t<meta property=\"og:image:type\" content=\"image\/jpeg\" \/>\n<meta name=\"author\" content=\"Redazione\" \/>\n<meta name=\"twitter:card\" content=\"summary_large_image\" \/>\n<meta name=\"twitter:creator\" content=\"@intoscana\" \/>\n<meta name=\"twitter:site\" content=\"@intoscana\" \/>\n<meta name=\"twitter:label1\" content=\"Written by\" \/>\n\t<meta name=\"twitter:data1\" content=\"Redazione\" \/>\n\t<meta name=\"twitter:label2\" content=\"Est. reading time\" \/>\n\t<meta name=\"twitter:data2\" content=\"2 minuti\" \/>\n<script type=\"application\/ld+json\" class=\"yoast-schema-graph\">{\"@context\":\"https:\/\/schema.org\",\"@graph\":[{\"@type\":\"WebPage\",\"@id\":\"https:\/\/www.intoscana.it\/it\/lubec-2019\/\",\"url\":\"https:\/\/www.intoscana.it\/it\/lubec-2019\/\",\"name\":\"Lubec, a Lucca tecnologia, turismo e beni culturali - intoscana\",\"isPartOf\":{\"@id\":\"https:\/\/www.intoscana.it\/it\/#website\"},\"primaryImageOfPage\":{\"@id\":\"https:\/\/www.intoscana.it\/it\/lubec-2019\/#primaryimage\"},\"image\":{\"@id\":\"https:\/\/www.intoscana.it\/it\/lubec-2019\/#primaryimage\"},\"thumbnailUrl\":\"https:\/\/www.intoscana.it\/wp-content\/uploads\/lubec.jpg\",\"datePublished\":\"2019-10-04T10:24:42+00:00\",\"dateModified\":\"2020-05-19T13:31:19+00:00\",\"author\":{\"@id\":\"https:\/\/www.intoscana.it\/it\/#\/schema\/person\/9223810753230f20bd670fdd322661f8\"},\"description\":\"A Lucca con Lubec si incontrano tecnologia, turismo e beni culturali, nella cornice del Real Collegio oltre 1000 persone per la giornata di apertura dell'evento\",\"breadcrumb\":{\"@id\":\"https:\/\/www.intoscana.it\/it\/lubec-2019\/#breadcrumb\"},\"inLanguage\":\"it-IT\",\"potentialAction\":[{\"@type\":\"ReadAction\",\"target\":[\"https:\/\/www.intoscana.it\/it\/lubec-2019\/\"]}]},{\"@type\":\"ImageObject\",\"inLanguage\":\"it-IT\",\"@id\":\"https:\/\/www.intoscana.it\/it\/lubec-2019\/#primaryimage\",\"url\":\"https:\/\/www.intoscana.it\/wp-content\/uploads\/lubec.jpg\",\"contentUrl\":\"https:\/\/www.intoscana.it\/wp-content\/uploads\/lubec.jpg\",\"width\":1600,\"height\":777,\"caption\":\"un momento di luce 2019\"},{\"@type\":\"BreadcrumbList\",\"@id\":\"https:\/\/www.intoscana.it\/it\/lubec-2019\/#breadcrumb\",\"itemListElement\":[{\"@type\":\"ListItem\",\"position\":1,\"name\":\"Home\",\"item\":\"https:\/\/www.intoscana.it\/it\/\"},{\"@type\":\"ListItem\",\"position\":2,\"name\":\"Lubec, a Lucca tecnologia, turismo e beni culturali\"}]},{\"@type\":\"WebSite\",\"@id\":\"https:\/\/www.intoscana.it\/it\/#website\",\"url\":\"https:\/\/www.intoscana.it\/it\/\",\"name\":\"intoscana\",\"description\":\"\",\"potentialAction\":[{\"@type\":\"SearchAction\",\"target\":{\"@type\":\"EntryPoint\",\"urlTemplate\":\"https:\/\/www.intoscana.it\/it\/?s={search_term_string}\"},\"query-input\":{\"@type\":\"PropertyValueSpecification\",\"valueRequired\":true,\"valueName\":\"search_term_string\"}}],\"inLanguage\":\"it-IT\"},{\"@type\":\"Person\",\"@id\":\"https:\/\/www.intoscana.it\/it\/#\/schema\/person\/9223810753230f20bd670fdd322661f8\",\"name\":\"Redazione\",\"url\":\"https:\/\/www.intoscana.it\/it\/author\/redazione\/\"}]}<\/script>\n<!-- \/ Yoast SEO Premium plugin. -->","yoast_head_json":{"title":"Lubec, a Lucca tecnologia, turismo e beni culturali - intoscana","description":"A Lucca con Lubec si incontrano tecnologia, turismo e beni culturali, nella cornice del Real Collegio oltre 1000 persone per la giornata di apertura dell'evento","robots":{"index":"index","follow":"follow","max-snippet":"max-snippet:-1","max-image-preview":"max-image-preview:large","max-video-preview":"max-video-preview:-1"},"canonical":"https:\/\/www.intoscana.it\/it\/lubec-2019\/","og_locale":"it_IT","og_type":"article","og_title":"Lubec, a Lucca tecnologia, turismo e beni culturali","og_description":"A Lucca con Lubec si incontrano tecnologia, turismo e beni culturali, nella cornice del Real Collegio oltre 1000 persone per la giornata di apertura dell'evento","og_url":"https:\/\/www.intoscana.it\/it\/lubec-2019\/","og_site_name":"intoscana","article_publisher":"https:\/\/www.facebook.com\/intoscana.it","article_published_time":"2019-10-04T10:24:42+00:00","article_modified_time":"2020-05-19T13:31:19+00:00","og_image":[{"width":1600,"height":777,"url":"https:\/\/www.intoscana.it\/wp-content\/uploads\/lubec.jpg","type":"image\/jpeg"}],"author":"Redazione","twitter_card":"summary_large_image","twitter_creator":"@intoscana","twitter_site":"@intoscana","twitter_misc":{"Written by":"Redazione","Est. reading time":"2 minuti"},"schema":{"@context":"https:\/\/schema.org","@graph":[{"@type":"WebPage","@id":"https:\/\/www.intoscana.it\/it\/lubec-2019\/","url":"https:\/\/www.intoscana.it\/it\/lubec-2019\/","name":"Lubec, a Lucca tecnologia, turismo e beni culturali - intoscana","isPartOf":{"@id":"https:\/\/www.intoscana.it\/it\/#website"},"primaryImageOfPage":{"@id":"https:\/\/www.intoscana.it\/it\/lubec-2019\/#primaryimage"},"image":{"@id":"https:\/\/www.intoscana.it\/it\/lubec-2019\/#primaryimage"},"thumbnailUrl":"https:\/\/www.intoscana.it\/wp-content\/uploads\/lubec.jpg","datePublished":"2019-10-04T10:24:42+00:00","dateModified":"2020-05-19T13:31:19+00:00","author":{"@id":"https:\/\/www.intoscana.it\/it\/#\/schema\/person\/9223810753230f20bd670fdd322661f8"},"description":"A Lucca con Lubec si incontrano tecnologia, turismo e beni culturali, nella cornice del Real Collegio oltre 1000 persone per la giornata di apertura dell'evento","breadcrumb":{"@id":"https:\/\/www.intoscana.it\/it\/lubec-2019\/#breadcrumb"},"inLanguage":"it-IT","potentialAction":[{"@type":"ReadAction","target":["https:\/\/www.intoscana.it\/it\/lubec-2019\/"]}]},{"@type":"ImageObject","inLanguage":"it-IT","@id":"https:\/\/www.intoscana.it\/it\/lubec-2019\/#primaryimage","url":"https:\/\/www.intoscana.it\/wp-content\/uploads\/lubec.jpg","contentUrl":"https:\/\/www.intoscana.it\/wp-content\/uploads\/lubec.jpg","width":1600,"height":777,"caption":"un momento di luce 2019"},{"@type":"BreadcrumbList","@id":"https:\/\/www.intoscana.it\/it\/lubec-2019\/#breadcrumb","itemListElement":[{"@type":"ListItem","position":1,"name":"Home","item":"https:\/\/www.intoscana.it\/it\/"},{"@type":"ListItem","position":2,"name":"Lubec, a Lucca tecnologia, turismo e beni culturali"}]},{"@type":"WebSite","@id":"https:\/\/www.intoscana.it\/it\/#website","url":"https:\/\/www.intoscana.it\/it\/","name":"intoscana","description":"","potentialAction":[{"@type":"SearchAction","target":{"@type":"EntryPoint","urlTemplate":"https:\/\/www.intoscana.it\/it\/?s={search_term_string}"},"query-input":{"@type":"PropertyValueSpecification","valueRequired":true,"valueName":"search_term_string"}}],"inLanguage":"it-IT"},{"@type":"Person","@id":"https:\/\/www.intoscana.it\/it\/#\/schema\/person\/9223810753230f20bd670fdd322661f8","name":"Redazione","url":"https:\/\/www.intoscana.it\/it\/author\/redazione\/"}]}},"_links":{"self":[{"href":"https:\/\/www.intoscana.it\/it\/wp-json\/wp\/v2\/posts\/49234","targetHints":{"allow":["GET"]}}],"collection":[{"href":"https:\/\/www.intoscana.it\/it\/wp-json\/wp\/v2\/posts"}],"about":[{"href":"https:\/\/www.intoscana.it\/it\/wp-json\/wp\/v2\/types\/post"}],"author":[{"embeddable":true,"href":"https:\/\/www.intoscana.it\/it\/wp-json\/wp\/v2\/users\/525"}],"replies":[{"embeddable":true,"href":"https:\/\/www.intoscana.it\/it\/wp-json\/wp\/v2\/comments?post=49234"}],"version-history":[{"count":0,"href":"https:\/\/www.intoscana.it\/it\/wp-json\/wp\/v2\/posts\/49234\/revisions"}],"wp:featuredmedia":[{"embeddable":true,"href":"https:\/\/www.intoscana.it\/it\/wp-json\/wp\/v2\/media\/82632"}],"wp:attachment":[{"href":"https:\/\/www.intoscana.it\/it\/wp-json\/wp\/v2\/media?parent=49234"}],"wp:term":[{"taxonomy":"category","embeddable":true,"href":"https:\/\/www.intoscana.it\/it\/wp-json\/wp\/v2\/categories?post=49234"},{"taxonomy":"post_tag","embeddable":true,"href":"https:\/\/www.intoscana.it\/it\/wp-json\/wp\/v2\/tags?post=49234"}],"curies":[{"name":"wp","href":"https:\/\/api.w.org\/{rel}","templated":true}]}}