{"id":49240,"date":"2019-10-04T15:06:10","date_gmt":"2019-10-04T13:06:10","guid":{"rendered":"http:\/\/www.intoscana.it\/pedalare-sulla-costa-387-km-di-bellezza-sulla-tirrenica\/"},"modified":"2020-08-21T10:57:14","modified_gmt":"2020-08-21T08:57:14","slug":"ciclovia-tirrenica","status":"publish","type":"post","link":"https:\/\/www.intoscana.it\/it\/ciclovia-tirrenica\/","title":{"rendered":"Pedalare sulla costa: 387 km di bellezza sulla Tirrenica"},"content":{"rendered":"<p>Quasi 400km di piste ciclabili lungo la costa, attraverso 5 province e 30 comuni, che una volta completati uniranno la Toscana con la Liguria e il Lazio, da Ventimiglia a Roma. Questa \u00e8 la <strong>Ciclovia Tirrenica<\/strong>, vero e proprio asse verticale del sistema regionale delle vie ciclabili che \u00e8 stata al centro di un convegno organizzato a Livorno dalla Regione Toscana per il ciclo di incontri &#8220;<strong>La Toscana che si muove<\/strong>&#8220;.<\/p>\n<p>La <strong>mobilit\u00e0 sostenibile<\/strong>, come previsto dal Priim (Piano regionale integrato delle infrastrutture e della mobilit\u00e0) \u00e8 sempre pi\u00f9 al centro delle politiche regionali con importanti investimenti sia della Regione Toscana, che ha messo a bilancio <strong>64 milioni di euro <\/strong>e promosso investimenti complessivi per oltre <strong>90 milioni di euro,<\/strong> che degli enti coinvolti. La Ciclovia Tirrenica, inoltre, \u00e8 protagonista del progetto <strong>INTENSE, Italia-Francia Marittimo<\/strong> che prevede lo sviluppo di itinerari turistici sostenibili tra Toscana, Liguria, Sardegna, Corsica e la Regione del PACA e l\u2019individuazione di un modello di governance condiviso per la gestione dell\u2019itinerario, una volta completato, che \u00e8 stato definito insieme alle pubbliche amministrazioni, gli operatori economici, le associazioni e i cittadini di questi territori.<\/p>\n<p>Il valore complessivo degli interventi necessari per la realizzazione della ciclovia Tirrenica \u00e8 <strong>di 100 milioni di euro per il tratto toscano<\/strong>, somma che sale a oltre 300 milioni se si considera l&#8217;intero tracciato da Roma a Ventimiglia. L\u2019auspicio \u00e8 che la parte toscana delle opere possa essere <strong>percorribile in continuit\u00e0 in tutta la sua estensione nel 2023<\/strong>.<\/p>\n<p><iframe loading=\"lazy\" src=\"https:\/\/www.youtube.com\/embed\/p8HTjSGi0DU\" width=\"560\" height=\"315\" frameborder=\"0\" allowfullscreen=\"allowfullscreen\"><\/iframe><\/p>\n<p>&nbsp;<\/p>\n<p>Il percorso, a causa della sua estensione e della presenza di interruzioni naturali e di origine antropica, presenta alcune criticit\u00e0 come l&#8217;attraversamento dei fiumi Serchio e Ombrone (intervento cofinanziato dalla Regione per un importo di 500.000 euro) o il passaggio a livello del Calambrone (accordo con Rfi, Comune di Livorno, Autorit\u00e0 Portuale di Livorno e Provincia di Livorno). In merito agli investimenti fatti, la Regione ha gi\u00e0 cofinanziato tratti di ciclopista nel <strong>Comune di Orbetello<\/strong> (188.000 euro) e nei <strong>Comuni della Versilia<\/strong> (211.000 euro), ai quali si sono aggiunti 500.000 euro di finanziamenti del progetto comunitario INTENSE (utilizzati per interventi gi\u00e0 realizzati o in via di realizzazione nei Comuni di Fosdinovo, Massa, Montignoso, San Vincenzo, Piombino, Castiglione della Pescaia, Monte Argentario e del Parco Regionale della Maremma). Con i fondi strutturali sono stati finanziati, nel 2018, altri interventi nella <strong>provincia di Livorno<\/strong> (Comuni di Livorno, Rosignano, Cecina), mentre il Comune di Livorno, completer\u00e0 il tratto di urbano di Ciclovia Tirrenica (dal Calambrone al Maroccone) grazie a un finanziamento di circa 1,2 milioni di euro sui fondi nazionali per la sicurezza stradale.<\/p>\n<p>Insieme alla Ciclovia Tirrenica, il sistema regionale delle ciclovie \u00e8 composto dalla <strong>Ciclovia dell&#8217;Arno-Sentiero della Bonifica, dall&#8217;itinerario ciclabile Firenze-Bologna, dalla ciclovia Tiberina, dall&#8217;itinerario ciclabile Grosseto-Siena-Arezzo e dalla Francigena ciclabile<\/strong>. Questi itinerari, insieme alle politiche per la mobilit\u00e0 sostenibile, non soltanto contribuiranno ad <strong>abbattere le emissioni atmosferiche incentivando l&#8217;uso della bici<\/strong> per gli spostamenti quotidiani, ma <strong>aumenteranno in maniera significativa l&#8217;attrattivit\u00e0 turistica della Toscana<\/strong>, offrendo a cicloturisti ed amanti dell&#8217;escursionismo itinerari di elevata valore storico-artistico, gastronomico e naturalistico che si snodano lungo tutta la regione, andando oltre grandi citt\u00e0 d&#8217;arte.<\/p>\n<p>&nbsp;<\/p>\n<p><iframe loading=\"lazy\" src=\"https:\/\/www.youtube.com\/embed\/G9sOVA6yTlY\" width=\"560\" height=\"315\" frameborder=\"0\" allowfullscreen=\"allowfullscreen\"><\/iframe><\/p>\n","protected":false},"excerpt":{"rendered":"<p>La Ciclovia Tirrenica, che sfiora i 400 km solo nel tratto toscano, unisce Ventimiglia con Roma. Il punto su questa infrastruttura a Livorno. Ceccarelli: &#8216;Disegnare un sistema regionale capace di connettersi sia con i grandi itinerari nazionali che con le ramificazioni territoriali&#8217;<\/p>\n","protected":false},"author":507,"featured_media":82638,"comment_status":"open","ping_status":"open","sticky":false,"template":"","format":"standard","meta":{"_acf_changed":false,"footnotes":""},"categories":[494,7],"tags":[1577],"class_list":["post-49240","post","type-post","status-publish","format-standard","has-post-thumbnail","hentry","category-attualita","category-societa","tag-muoversi-in-toscana"],"acf":[],"yoast_head":"<!-- This site is optimized with the Yoast SEO Premium plugin v24.2 (Yoast SEO v25.6) - https:\/\/yoast.com\/wordpress\/plugins\/seo\/ -->\n<title>Pedalare sulla costa: 387 km di bellezza sulla Tirrenica - intoscana<\/title>\n<meta name=\"description\" content=\"Ciclovie, confronto aperto a Livorno sulla Tirrenica che unisce Ventimiglia a Roma e che - solo nel tratto toscano - conta 387 chilometri di pista ciclabile.\" \/>\n<meta name=\"robots\" content=\"index, follow, max-snippet:-1, max-image-preview:large, max-video-preview:-1\" \/>\n<link rel=\"canonical\" href=\"https:\/\/www.intoscana.it\/it\/ciclovia-tirrenica\/\" \/>\n<meta property=\"og:locale\" content=\"it_IT\" \/>\n<meta property=\"og:type\" content=\"article\" \/>\n<meta property=\"og:title\" content=\"Pedalare sulla costa: 387 km di bellezza sulla Tirrenica\" \/>\n<meta property=\"og:description\" content=\"Ciclovie, confronto aperto a Livorno sulla Tirrenica che unisce Ventimiglia a Roma e che - solo nel tratto toscano - conta 387 chilometri di pista ciclabile.\" \/>\n<meta property=\"og:url\" content=\"https:\/\/www.intoscana.it\/it\/ciclovia-tirrenica\/\" \/>\n<meta property=\"og:site_name\" content=\"intoscana\" \/>\n<meta property=\"article:publisher\" content=\"https:\/\/www.facebook.com\/intoscana.it\" \/>\n<meta property=\"article:published_time\" content=\"2019-10-04T13:06:10+00:00\" \/>\n<meta property=\"article:modified_time\" content=\"2020-08-21T08:57:14+00:00\" \/>\n<meta property=\"og:image\" content=\"https:\/\/www.intoscana.it\/wp-content\/uploads\/ciclovia-tirrenica-1.jpeg\" \/>\n\t<meta property=\"og:image:width\" content=\"765\" \/>\n\t<meta property=\"og:image:height\" content=\"623\" \/>\n\t<meta property=\"og:image:type\" content=\"image\/jpeg\" \/>\n<meta name=\"author\" content=\"Chiara Bianchini\" \/>\n<meta name=\"twitter:card\" content=\"summary_large_image\" \/>\n<meta name=\"twitter:creator\" content=\"@intoscana\" \/>\n<meta name=\"twitter:site\" content=\"@intoscana\" \/>\n<meta name=\"twitter:label1\" content=\"Written by\" \/>\n\t<meta name=\"twitter:data1\" content=\"Chiara Bianchini\" \/>\n\t<meta name=\"twitter:label2\" content=\"Est. reading time\" \/>\n\t<meta name=\"twitter:data2\" content=\"2 minuti\" \/>\n<script type=\"application\/ld+json\" class=\"yoast-schema-graph\">{\"@context\":\"https:\/\/schema.org\",\"@graph\":[{\"@type\":\"WebPage\",\"@id\":\"https:\/\/www.intoscana.it\/it\/ciclovia-tirrenica\/\",\"url\":\"https:\/\/www.intoscana.it\/it\/ciclovia-tirrenica\/\",\"name\":\"Pedalare sulla costa: 387 km di bellezza sulla Tirrenica - intoscana\",\"isPartOf\":{\"@id\":\"https:\/\/www.intoscana.it\/it\/#website\"},\"primaryImageOfPage\":{\"@id\":\"https:\/\/www.intoscana.it\/it\/ciclovia-tirrenica\/#primaryimage\"},\"image\":{\"@id\":\"https:\/\/www.intoscana.it\/it\/ciclovia-tirrenica\/#primaryimage\"},\"thumbnailUrl\":\"https:\/\/www.intoscana.it\/wp-content\/uploads\/ciclovia-tirrenica-1.jpeg\",\"datePublished\":\"2019-10-04T13:06:10+00:00\",\"dateModified\":\"2020-08-21T08:57:14+00:00\",\"author\":{\"@id\":\"https:\/\/www.intoscana.it\/it\/#\/schema\/person\/010af92117f50561886339ad5b873a41\"},\"description\":\"Ciclovie, confronto aperto a Livorno sulla Tirrenica che unisce Ventimiglia a Roma e che - solo nel tratto toscano - conta 387 chilometri di pista ciclabile.\",\"breadcrumb\":{\"@id\":\"https:\/\/www.intoscana.it\/it\/ciclovia-tirrenica\/#breadcrumb\"},\"inLanguage\":\"it-IT\",\"potentialAction\":[{\"@type\":\"ReadAction\",\"target\":[\"https:\/\/www.intoscana.it\/it\/ciclovia-tirrenica\/\"]}]},{\"@type\":\"ImageObject\",\"inLanguage\":\"it-IT\",\"@id\":\"https:\/\/www.intoscana.it\/it\/ciclovia-tirrenica\/#primaryimage\",\"url\":\"https:\/\/www.intoscana.it\/wp-content\/uploads\/ciclovia-tirrenica-1.jpeg\",\"contentUrl\":\"https:\/\/www.intoscana.it\/wp-content\/uploads\/ciclovia-tirrenica-1.jpeg\",\"width\":765,\"height\":623,\"caption\":\"mobilit\u00e0 sostenibile, ciclovia tirrenica, bicicletta\"},{\"@type\":\"BreadcrumbList\",\"@id\":\"https:\/\/www.intoscana.it\/it\/ciclovia-tirrenica\/#breadcrumb\",\"itemListElement\":[{\"@type\":\"ListItem\",\"position\":1,\"name\":\"Home\",\"item\":\"https:\/\/www.intoscana.it\/it\/\"},{\"@type\":\"ListItem\",\"position\":2,\"name\":\"Pedalare sulla costa: 387 km di bellezza sulla Tirrenica\"}]},{\"@type\":\"WebSite\",\"@id\":\"https:\/\/www.intoscana.it\/it\/#website\",\"url\":\"https:\/\/www.intoscana.it\/it\/\",\"name\":\"intoscana\",\"description\":\"\",\"potentialAction\":[{\"@type\":\"SearchAction\",\"target\":{\"@type\":\"EntryPoint\",\"urlTemplate\":\"https:\/\/www.intoscana.it\/it\/?s={search_term_string}\"},\"query-input\":{\"@type\":\"PropertyValueSpecification\",\"valueRequired\":true,\"valueName\":\"search_term_string\"}}],\"inLanguage\":\"it-IT\"},{\"@type\":\"Person\",\"@id\":\"https:\/\/www.intoscana.it\/it\/#\/schema\/person\/010af92117f50561886339ad5b873a41\",\"name\":\"Chiara Bianchini\",\"sameAs\":[\"c.bianchini@fst.it\"],\"url\":\"https:\/\/www.intoscana.it\/it\/author\/chiara-bianchini\/\"}]}<\/script>\n<!-- \/ Yoast SEO Premium plugin. -->","yoast_head_json":{"title":"Pedalare sulla costa: 387 km di bellezza sulla Tirrenica - intoscana","description":"Ciclovie, confronto aperto a Livorno sulla Tirrenica che unisce Ventimiglia a Roma e che - solo nel tratto toscano - conta 387 chilometri di pista ciclabile.","robots":{"index":"index","follow":"follow","max-snippet":"max-snippet:-1","max-image-preview":"max-image-preview:large","max-video-preview":"max-video-preview:-1"},"canonical":"https:\/\/www.intoscana.it\/it\/ciclovia-tirrenica\/","og_locale":"it_IT","og_type":"article","og_title":"Pedalare sulla costa: 387 km di bellezza sulla Tirrenica","og_description":"Ciclovie, confronto aperto a Livorno sulla Tirrenica che unisce Ventimiglia a Roma e che - solo nel tratto toscano - conta 387 chilometri di pista ciclabile.","og_url":"https:\/\/www.intoscana.it\/it\/ciclovia-tirrenica\/","og_site_name":"intoscana","article_publisher":"https:\/\/www.facebook.com\/intoscana.it","article_published_time":"2019-10-04T13:06:10+00:00","article_modified_time":"2020-08-21T08:57:14+00:00","og_image":[{"width":765,"height":623,"url":"https:\/\/www.intoscana.it\/wp-content\/uploads\/ciclovia-tirrenica-1.jpeg","type":"image\/jpeg"}],"author":"Chiara Bianchini","twitter_card":"summary_large_image","twitter_creator":"@intoscana","twitter_site":"@intoscana","twitter_misc":{"Written by":"Chiara Bianchini","Est. reading time":"2 minuti"},"schema":{"@context":"https:\/\/schema.org","@graph":[{"@type":"WebPage","@id":"https:\/\/www.intoscana.it\/it\/ciclovia-tirrenica\/","url":"https:\/\/www.intoscana.it\/it\/ciclovia-tirrenica\/","name":"Pedalare sulla costa: 387 km di bellezza sulla Tirrenica - intoscana","isPartOf":{"@id":"https:\/\/www.intoscana.it\/it\/#website"},"primaryImageOfPage":{"@id":"https:\/\/www.intoscana.it\/it\/ciclovia-tirrenica\/#primaryimage"},"image":{"@id":"https:\/\/www.intoscana.it\/it\/ciclovia-tirrenica\/#primaryimage"},"thumbnailUrl":"https:\/\/www.intoscana.it\/wp-content\/uploads\/ciclovia-tirrenica-1.jpeg","datePublished":"2019-10-04T13:06:10+00:00","dateModified":"2020-08-21T08:57:14+00:00","author":{"@id":"https:\/\/www.intoscana.it\/it\/#\/schema\/person\/010af92117f50561886339ad5b873a41"},"description":"Ciclovie, confronto aperto a Livorno sulla Tirrenica che unisce Ventimiglia a Roma e che - solo nel tratto toscano - conta 387 chilometri di pista ciclabile.","breadcrumb":{"@id":"https:\/\/www.intoscana.it\/it\/ciclovia-tirrenica\/#breadcrumb"},"inLanguage":"it-IT","potentialAction":[{"@type":"ReadAction","target":["https:\/\/www.intoscana.it\/it\/ciclovia-tirrenica\/"]}]},{"@type":"ImageObject","inLanguage":"it-IT","@id":"https:\/\/www.intoscana.it\/it\/ciclovia-tirrenica\/#primaryimage","url":"https:\/\/www.intoscana.it\/wp-content\/uploads\/ciclovia-tirrenica-1.jpeg","contentUrl":"https:\/\/www.intoscana.it\/wp-content\/uploads\/ciclovia-tirrenica-1.jpeg","width":765,"height":623,"caption":"mobilit\u00e0 sostenibile, ciclovia tirrenica, bicicletta"},{"@type":"BreadcrumbList","@id":"https:\/\/www.intoscana.it\/it\/ciclovia-tirrenica\/#breadcrumb","itemListElement":[{"@type":"ListItem","position":1,"name":"Home","item":"https:\/\/www.intoscana.it\/it\/"},{"@type":"ListItem","position":2,"name":"Pedalare sulla costa: 387 km di bellezza sulla Tirrenica"}]},{"@type":"WebSite","@id":"https:\/\/www.intoscana.it\/it\/#website","url":"https:\/\/www.intoscana.it\/it\/","name":"intoscana","description":"","potentialAction":[{"@type":"SearchAction","target":{"@type":"EntryPoint","urlTemplate":"https:\/\/www.intoscana.it\/it\/?s={search_term_string}"},"query-input":{"@type":"PropertyValueSpecification","valueRequired":true,"valueName":"search_term_string"}}],"inLanguage":"it-IT"},{"@type":"Person","@id":"https:\/\/www.intoscana.it\/it\/#\/schema\/person\/010af92117f50561886339ad5b873a41","name":"Chiara Bianchini","sameAs":["c.bianchini@fst.it"],"url":"https:\/\/www.intoscana.it\/it\/author\/chiara-bianchini\/"}]}},"_links":{"self":[{"href":"https:\/\/www.intoscana.it\/it\/wp-json\/wp\/v2\/posts\/49240","targetHints":{"allow":["GET"]}}],"collection":[{"href":"https:\/\/www.intoscana.it\/it\/wp-json\/wp\/v2\/posts"}],"about":[{"href":"https:\/\/www.intoscana.it\/it\/wp-json\/wp\/v2\/types\/post"}],"author":[{"embeddable":true,"href":"https:\/\/www.intoscana.it\/it\/wp-json\/wp\/v2\/users\/507"}],"replies":[{"embeddable":true,"href":"https:\/\/www.intoscana.it\/it\/wp-json\/wp\/v2\/comments?post=49240"}],"version-history":[{"count":0,"href":"https:\/\/www.intoscana.it\/it\/wp-json\/wp\/v2\/posts\/49240\/revisions"}],"wp:featuredmedia":[{"embeddable":true,"href":"https:\/\/www.intoscana.it\/it\/wp-json\/wp\/v2\/media\/82638"}],"wp:attachment":[{"href":"https:\/\/www.intoscana.it\/it\/wp-json\/wp\/v2\/media?parent=49240"}],"wp:term":[{"taxonomy":"category","embeddable":true,"href":"https:\/\/www.intoscana.it\/it\/wp-json\/wp\/v2\/categories?post=49240"},{"taxonomy":"post_tag","embeddable":true,"href":"https:\/\/www.intoscana.it\/it\/wp-json\/wp\/v2\/tags?post=49240"}],"curies":[{"name":"wp","href":"https:\/\/api.w.org\/{rel}","templated":true}]}}