{"id":49246,"date":"2019-10-07T15:43:18","date_gmt":"2019-10-07T15:43:18","guid":{"rendered":"http:\/\/www.intoscana.it\/io-non-rischio-la-protezione-civile-torna-nelle-piazze-toscane-il-12-e-13-ottobre\/"},"modified":"2020-05-19T15:31:22","modified_gmt":"2020-05-19T13:31:22","slug":"io-non-rischio","status":"publish","type":"post","link":"https:\/\/www.intoscana.it\/it\/io-non-rischio\/","title":{"rendered":"Io non rischio: la protezione civile torna nelle piazze toscane il 12 e 13 ottobre"},"content":{"rendered":"<p><strong>Sabato 12 e domenica 13 ottobre<\/strong> torna in tantissime piazze toscane <strong>\u201cIo non rischio\u201d<\/strong>, la campagna nazionale per le <strong>buone pratiche di protezione civile<\/strong>, giunta alla sua nona edizione. Questa iniziativa, promossa dal Dipartimento di Protezione Civile, ha come obiettivo la promozione e la diffusione capillare della cultura della prevenzione e la <strong>sensibilizzazione della popolazione sul rischio sismico, alluvione e maremoto<\/strong>.<\/p>\n<p>Saranno <strong>oltre 600 i volontari e le volontarie<\/strong> che allestiranno punti informativi in pi\u00f9 di 60 piazze di 55 comuni e di 10 province toscane, per promuovere la cultura della protezione civile ai propri concittadini. Ogni volontario per diventare comunicatore di \u201cIo non rischio\u201d ha seguito un corso di formazione sugli aspetti tecnico-scientifici sul rischio e sui metodi di comunicazione. Inoltre, i volontari sono stati formati per comprendere quale sia il giusto approccio da tenere verso i cittadini con disabilit\u00e0 e nelle piazze dei comuni di <strong>Scandicci (FI) e Portoferraio (LI) sar\u00e0 presente un interprete della lingua dei segni (LIS)<\/strong>.<\/p>\n<p>L\u2019ulteriore novit\u00e0 di quest\u2019anno \u00e8 che la campagna \u201cIo non rischio\u201d aprir\u00e0 la prima \u201c<strong>Settimana nazionale della protezione civile<\/strong>\u201d, 7 giorni di eventi e iniziative a livello nazionale e locale per conoscere pi\u00f9 da vicino il servizio nazionale della protezione civile. In pi\u00f9, fino al 3 novembre sar\u00e0 possibile visitare a Firenze (Piazzale Vittorio Veneto alle Cascine) <strong>la mostra itinerante \u201cTerremoti d\u2019Italia\u201d,<\/strong> realizzata dal Dipartimento della Protezione Civile per conoscere pi\u00f9 da vicino uno dei rischi naturali che pi\u00f9 interessa il nostro paese, il rischio sismico.<\/p>\n<p>Sul sito ufficiale <a href=\"http:\/\/www.iononrischio.it\">www.iononrischio.it<\/a> potete consultare e scaricare i materiali informativi su cosa sapere e cosa fare prima, durante e dopo un terremoto, una alluvione o un maremoto.<\/p>\n<p>&nbsp;<\/p>\n<p><iframe loading=\"lazy\" src=\"https:\/\/www.youtube.com\/embed\/dk5IQrxmU3s\" width=\"560\" height=\"315\" frameborder=\"0\" allowfullscreen=\"allowfullscreen\"><\/iframe><\/p>\n","protected":false},"excerpt":{"rendered":"<p>Un fine settimana dedicato alla protezione civile e alle buone pratiche di &#8220;Io non rischio&#8221; in oltre 80 piazze della Toscana<\/p>\n","protected":false},"author":507,"featured_media":141830,"comment_status":"open","ping_status":"open","sticky":false,"template":"","format":"standard","meta":{"_acf_changed":false,"footnotes":""},"categories":[494,7],"tags":[401],"class_list":["post-49246","post","type-post","status-publish","format-standard","has-post-thumbnail","hentry","category-attualita","category-societa","tag-scandicci"],"acf":[],"yoast_head":"<!-- This site is optimized with the Yoast SEO Premium plugin v24.2 (Yoast SEO v25.6) - https:\/\/yoast.com\/wordpress\/plugins\/seo\/ -->\n<title>Io non rischio: la protezione civile torna nelle piazze toscane il 12 e 13 ottobre - intoscana<\/title>\n<meta name=\"robots\" content=\"index, follow, max-snippet:-1, max-image-preview:large, max-video-preview:-1\" \/>\n<link rel=\"canonical\" href=\"https:\/\/www.intoscana.it\/it\/io-non-rischio\/\" \/>\n<meta property=\"og:locale\" content=\"it_IT\" \/>\n<meta property=\"og:type\" content=\"article\" \/>\n<meta property=\"og:title\" content=\"Io non rischio: la protezione civile torna nelle piazze toscane il 12 e 13 ottobre\" \/>\n<meta property=\"og:description\" content=\"Un fine settimana dedicato alla protezione civile e alle buone pratiche di &quot;Io non rischio&quot; in oltre 80 piazze della Toscana\" \/>\n<meta property=\"og:url\" content=\"https:\/\/www.intoscana.it\/it\/io-non-rischio\/\" \/>\n<meta property=\"og:site_name\" content=\"intoscana\" \/>\n<meta property=\"article:publisher\" content=\"https:\/\/www.facebook.com\/intoscana.it\" \/>\n<meta property=\"article:published_time\" content=\"2019-10-07T15:43:18+00:00\" \/>\n<meta property=\"article:modified_time\" content=\"2020-05-19T13:31:22+00:00\" \/>\n<meta property=\"og:image\" content=\"https:\/\/www.intoscana.it\/wp-content\/uploads\/io-non-rischio-2.jpeg\" \/>\n\t<meta property=\"og:image:width\" content=\"1195\" \/>\n\t<meta property=\"og:image:height\" content=\"919\" \/>\n\t<meta property=\"og:image:type\" content=\"image\/jpeg\" \/>\n<meta name=\"author\" content=\"Chiara Bianchini\" \/>\n<meta name=\"twitter:card\" content=\"summary_large_image\" \/>\n<meta name=\"twitter:creator\" content=\"@intoscana\" \/>\n<meta name=\"twitter:site\" content=\"@intoscana\" \/>\n<meta name=\"twitter:label1\" content=\"Written by\" \/>\n\t<meta name=\"twitter:data1\" content=\"Chiara Bianchini\" \/>\n\t<meta name=\"twitter:label2\" content=\"Est. reading time\" \/>\n\t<meta name=\"twitter:data2\" content=\"1 minuto\" \/>\n<script type=\"application\/ld+json\" class=\"yoast-schema-graph\">{\"@context\":\"https:\/\/schema.org\",\"@graph\":[{\"@type\":\"WebPage\",\"@id\":\"https:\/\/www.intoscana.it\/it\/io-non-rischio\/\",\"url\":\"https:\/\/www.intoscana.it\/it\/io-non-rischio\/\",\"name\":\"Io non rischio: la protezione civile torna nelle piazze toscane il 12 e 13 ottobre - intoscana\",\"isPartOf\":{\"@id\":\"https:\/\/www.intoscana.it\/it\/#website\"},\"primaryImageOfPage\":{\"@id\":\"https:\/\/www.intoscana.it\/it\/io-non-rischio\/#primaryimage\"},\"image\":{\"@id\":\"https:\/\/www.intoscana.it\/it\/io-non-rischio\/#primaryimage\"},\"thumbnailUrl\":\"https:\/\/www.intoscana.it\/wp-content\/uploads\/io-non-rischio-2.jpeg\",\"datePublished\":\"2019-10-07T15:43:18+00:00\",\"dateModified\":\"2020-05-19T13:31:22+00:00\",\"author\":{\"@id\":\"https:\/\/www.intoscana.it\/it\/#\/schema\/person\/010af92117f50561886339ad5b873a41\"},\"breadcrumb\":{\"@id\":\"https:\/\/www.intoscana.it\/it\/io-non-rischio\/#breadcrumb\"},\"inLanguage\":\"it-IT\",\"potentialAction\":[{\"@type\":\"ReadAction\",\"target\":[\"https:\/\/www.intoscana.it\/it\/io-non-rischio\/\"]}]},{\"@type\":\"ImageObject\",\"inLanguage\":\"it-IT\",\"@id\":\"https:\/\/www.intoscana.it\/it\/io-non-rischio\/#primaryimage\",\"url\":\"https:\/\/www.intoscana.it\/wp-content\/uploads\/io-non-rischio-2.jpeg\",\"contentUrl\":\"https:\/\/www.intoscana.it\/wp-content\/uploads\/io-non-rischio-2.jpeg\",\"width\":1195,\"height\":919,\"caption\":\"Io Non Rischio\"},{\"@type\":\"BreadcrumbList\",\"@id\":\"https:\/\/www.intoscana.it\/it\/io-non-rischio\/#breadcrumb\",\"itemListElement\":[{\"@type\":\"ListItem\",\"position\":1,\"name\":\"Home\",\"item\":\"https:\/\/www.intoscana.it\/it\/\"},{\"@type\":\"ListItem\",\"position\":2,\"name\":\"Io non rischio: la protezione civile torna nelle piazze toscane il 12 e 13 ottobre\"}]},{\"@type\":\"WebSite\",\"@id\":\"https:\/\/www.intoscana.it\/it\/#website\",\"url\":\"https:\/\/www.intoscana.it\/it\/\",\"name\":\"intoscana\",\"description\":\"\",\"potentialAction\":[{\"@type\":\"SearchAction\",\"target\":{\"@type\":\"EntryPoint\",\"urlTemplate\":\"https:\/\/www.intoscana.it\/it\/?s={search_term_string}\"},\"query-input\":{\"@type\":\"PropertyValueSpecification\",\"valueRequired\":true,\"valueName\":\"search_term_string\"}}],\"inLanguage\":\"it-IT\"},{\"@type\":\"Person\",\"@id\":\"https:\/\/www.intoscana.it\/it\/#\/schema\/person\/010af92117f50561886339ad5b873a41\",\"name\":\"Chiara Bianchini\",\"sameAs\":[\"c.bianchini@fst.it\"],\"url\":\"https:\/\/www.intoscana.it\/it\/author\/chiara-bianchini\/\"}]}<\/script>\n<!-- \/ Yoast SEO Premium plugin. -->","yoast_head_json":{"title":"Io non rischio: la protezione civile torna nelle piazze toscane il 12 e 13 ottobre - intoscana","robots":{"index":"index","follow":"follow","max-snippet":"max-snippet:-1","max-image-preview":"max-image-preview:large","max-video-preview":"max-video-preview:-1"},"canonical":"https:\/\/www.intoscana.it\/it\/io-non-rischio\/","og_locale":"it_IT","og_type":"article","og_title":"Io non rischio: la protezione civile torna nelle piazze toscane il 12 e 13 ottobre","og_description":"Un fine settimana dedicato alla protezione civile e alle buone pratiche di \"Io non rischio\" in oltre 80 piazze della Toscana","og_url":"https:\/\/www.intoscana.it\/it\/io-non-rischio\/","og_site_name":"intoscana","article_publisher":"https:\/\/www.facebook.com\/intoscana.it","article_published_time":"2019-10-07T15:43:18+00:00","article_modified_time":"2020-05-19T13:31:22+00:00","og_image":[{"width":1195,"height":919,"url":"https:\/\/www.intoscana.it\/wp-content\/uploads\/io-non-rischio-2.jpeg","type":"image\/jpeg"}],"author":"Chiara Bianchini","twitter_card":"summary_large_image","twitter_creator":"@intoscana","twitter_site":"@intoscana","twitter_misc":{"Written by":"Chiara Bianchini","Est. reading time":"1 minuto"},"schema":{"@context":"https:\/\/schema.org","@graph":[{"@type":"WebPage","@id":"https:\/\/www.intoscana.it\/it\/io-non-rischio\/","url":"https:\/\/www.intoscana.it\/it\/io-non-rischio\/","name":"Io non rischio: la protezione civile torna nelle piazze toscane il 12 e 13 ottobre - intoscana","isPartOf":{"@id":"https:\/\/www.intoscana.it\/it\/#website"},"primaryImageOfPage":{"@id":"https:\/\/www.intoscana.it\/it\/io-non-rischio\/#primaryimage"},"image":{"@id":"https:\/\/www.intoscana.it\/it\/io-non-rischio\/#primaryimage"},"thumbnailUrl":"https:\/\/www.intoscana.it\/wp-content\/uploads\/io-non-rischio-2.jpeg","datePublished":"2019-10-07T15:43:18+00:00","dateModified":"2020-05-19T13:31:22+00:00","author":{"@id":"https:\/\/www.intoscana.it\/it\/#\/schema\/person\/010af92117f50561886339ad5b873a41"},"breadcrumb":{"@id":"https:\/\/www.intoscana.it\/it\/io-non-rischio\/#breadcrumb"},"inLanguage":"it-IT","potentialAction":[{"@type":"ReadAction","target":["https:\/\/www.intoscana.it\/it\/io-non-rischio\/"]}]},{"@type":"ImageObject","inLanguage":"it-IT","@id":"https:\/\/www.intoscana.it\/it\/io-non-rischio\/#primaryimage","url":"https:\/\/www.intoscana.it\/wp-content\/uploads\/io-non-rischio-2.jpeg","contentUrl":"https:\/\/www.intoscana.it\/wp-content\/uploads\/io-non-rischio-2.jpeg","width":1195,"height":919,"caption":"Io Non Rischio"},{"@type":"BreadcrumbList","@id":"https:\/\/www.intoscana.it\/it\/io-non-rischio\/#breadcrumb","itemListElement":[{"@type":"ListItem","position":1,"name":"Home","item":"https:\/\/www.intoscana.it\/it\/"},{"@type":"ListItem","position":2,"name":"Io non rischio: la protezione civile torna nelle piazze toscane il 12 e 13 ottobre"}]},{"@type":"WebSite","@id":"https:\/\/www.intoscana.it\/it\/#website","url":"https:\/\/www.intoscana.it\/it\/","name":"intoscana","description":"","potentialAction":[{"@type":"SearchAction","target":{"@type":"EntryPoint","urlTemplate":"https:\/\/www.intoscana.it\/it\/?s={search_term_string}"},"query-input":{"@type":"PropertyValueSpecification","valueRequired":true,"valueName":"search_term_string"}}],"inLanguage":"it-IT"},{"@type":"Person","@id":"https:\/\/www.intoscana.it\/it\/#\/schema\/person\/010af92117f50561886339ad5b873a41","name":"Chiara Bianchini","sameAs":["c.bianchini@fst.it"],"url":"https:\/\/www.intoscana.it\/it\/author\/chiara-bianchini\/"}]}},"_links":{"self":[{"href":"https:\/\/www.intoscana.it\/it\/wp-json\/wp\/v2\/posts\/49246","targetHints":{"allow":["GET"]}}],"collection":[{"href":"https:\/\/www.intoscana.it\/it\/wp-json\/wp\/v2\/posts"}],"about":[{"href":"https:\/\/www.intoscana.it\/it\/wp-json\/wp\/v2\/types\/post"}],"author":[{"embeddable":true,"href":"https:\/\/www.intoscana.it\/it\/wp-json\/wp\/v2\/users\/507"}],"replies":[{"embeddable":true,"href":"https:\/\/www.intoscana.it\/it\/wp-json\/wp\/v2\/comments?post=49246"}],"version-history":[{"count":0,"href":"https:\/\/www.intoscana.it\/it\/wp-json\/wp\/v2\/posts\/49246\/revisions"}],"wp:featuredmedia":[{"embeddable":true,"href":"https:\/\/www.intoscana.it\/it\/wp-json\/wp\/v2\/media\/141830"}],"wp:attachment":[{"href":"https:\/\/www.intoscana.it\/it\/wp-json\/wp\/v2\/media?parent=49246"}],"wp:term":[{"taxonomy":"category","embeddable":true,"href":"https:\/\/www.intoscana.it\/it\/wp-json\/wp\/v2\/categories?post=49246"},{"taxonomy":"post_tag","embeddable":true,"href":"https:\/\/www.intoscana.it\/it\/wp-json\/wp\/v2\/tags?post=49246"}],"curies":[{"name":"wp","href":"https:\/\/api.w.org\/{rel}","templated":true}]}}