{"id":49280,"date":"2019-10-19T08:23:44","date_gmt":"2019-10-19T08:23:44","guid":{"rendered":"http:\/\/www.intoscana.it\/pisa-lavoro-studenti-e-imprese-si-incontrano-a-job-fair\/"},"modified":"2020-05-19T15:31:32","modified_gmt":"2020-05-19T13:31:32","slug":"job-fair-2019","status":"publish","type":"post","link":"https:\/\/www.intoscana.it\/it\/job-fair-2019\/","title":{"rendered":"Pisa, lavoro: studenti e imprese si incontrano a &#8216;Job Fair&#8217;"},"content":{"rendered":"<p>L&#8217;appuntamento con il job meeting che vede&nbsp; grandi aziende e imprese italiane e internazionali incontrarsi con sei scuole universitarie italiane si rinnova a Pisa i prossimi 23 e 24 ottobre. L&#8217;occasione \u00e8 la sesta edizione di Job Fair, che si tiene tra la Scuola Normale Superiore e la Sant&#8217;Anna. Coinvolti negli incontri anche il Gran Sasso Science Institute&nbsp;L\u2019Aquila, la Scuola IMT Alti Studi Lucca, la Scuola Internazionale Superiore di Studi Avanzati Trieste e la Scuola Universitaria Superiore IUSS&nbsp;Pavia.<\/p>\n<p>Per due giorni dunque gli allievi e gli ex allievi di queste prestigiose realt\u00e0 universitarie superiori avranno quindi la possibilit\u00e0 di incontrarsi con i rappresentanti di alcune delle pi\u00f9 significative realt\u00e0 aziendali. Le universit\u00e0 hanno infatti&nbsp; l&#8217;obiettivo&nbsp;di presentare alle imprese i migliori talenti per contribuire alla creazione della nuova classe dirigente italiana.<\/p>\n<p>L\u2019attenzione verso il job meeting delle sei scuole universitarie superiori italiane \u00e8 alta: sono attese&nbsp;<strong>51&nbsp;aziende&nbsp;rappresentative dei principali settori professionali e&nbsp;80&nbsp;recruiter<\/strong>, si sono registrati oltre&nbsp;230 tra&nbsp;allievi&nbsp;ed&nbsp;ex allievi&nbsp;con la previsione di circa&nbsp;mille&nbsp;colloqui individuali, da tenersi gioved\u00ec 24 ottobre.<\/p>\n<p>La cerimonia di&nbsp;apertura&nbsp;della sesta edizione della JobFair \u00e8 prevista per&nbsp;mercoled\u00ec 23 ottobre&nbsp;alle&nbsp;ore 11.00 presso la&nbsp;Scuola Normale Superiore.&nbsp;&nbsp;Gioved\u00ec 24 ottobre&nbsp;la JobFair si sposta alla Scuola Superiore Sant\u2019Anna per i&nbsp;colloqui individuali.<\/p>\n<p>La partecipazione ai colloqui individuali di gioved\u00ec 24 ottobre \u00e8 possibile per allievi ed ex allievi delle sei scuole universitarie superiori che si sono registrati entro gioved\u00ec 17 ottobre, mentre le attivit\u00e0 di mercoled\u00ec 23 ottobre e, in particolare le presentazioni aziendali, sono aperte a tutti, anche a coloro che non sono ancora nella fase finale del percorso di studi e che possono conoscere da vicino realt\u00e0 lavorative in numerosi campi di attivit\u00e0. Possono partecipare allievi ed ex allievi di Corsi ordinari, PhD, Master, Lauree magistrali congiunte, assegnisti di ricerca, collaboratori di ricerca.<\/p>\n","protected":false},"excerpt":{"rendered":"<p>Il meeting si terr\u00e0 il 23 e 24 ottobre alla Scuola Normale Superiore e alla Sant&#8217;Anna. Presenti sei scuole universitarie superiori italiane<\/p>\n","protected":false},"author":525,"featured_media":141854,"comment_status":"open","ping_status":"open","sticky":false,"template":"","format":"standard","meta":{"_acf_changed":false,"footnotes":""},"categories":[475,12],"tags":[],"class_list":["post-49280","post","type-post","status-publish","format-standard","has-post-thumbnail","hentry","category-innovazione","category-universita"],"acf":[],"yoast_head":"<!-- This site is optimized with the Yoast SEO Premium plugin v24.2 (Yoast SEO v25.6) - https:\/\/yoast.com\/wordpress\/plugins\/seo\/ -->\n<title>Pisa, lavoro: studenti e imprese si incontrano a &#039;Job Fair&#039; - intoscana<\/title>\n<meta name=\"description\" content=\"Job Fair torna a Pisa il 23 e 24 ottobre 2019 con l&#039;occasione di far incontrare aziende nazionali e internazionali e gli allievi di 6 scuole universitarie.\" \/>\n<meta name=\"robots\" content=\"index, follow, max-snippet:-1, max-image-preview:large, max-video-preview:-1\" \/>\n<link rel=\"canonical\" href=\"https:\/\/www.intoscana.it\/it\/job-fair-2019\/\" \/>\n<meta property=\"og:locale\" content=\"it_IT\" \/>\n<meta property=\"og:type\" content=\"article\" \/>\n<meta property=\"og:title\" content=\"Pisa, lavoro: studenti e imprese si incontrano a &#039;Job Fair&#039;\" \/>\n<meta property=\"og:description\" content=\"Job Fair torna a Pisa il 23 e 24 ottobre 2019 con l&#039;occasione di far incontrare aziende nazionali e internazionali e gli allievi di 6 scuole universitarie.\" \/>\n<meta property=\"og:url\" content=\"https:\/\/www.intoscana.it\/it\/job-fair-2019\/\" \/>\n<meta property=\"og:site_name\" content=\"intoscana\" \/>\n<meta property=\"article:publisher\" content=\"https:\/\/www.facebook.com\/intoscana.it\" \/>\n<meta property=\"article:published_time\" content=\"2019-10-19T08:23:44+00:00\" \/>\n<meta property=\"article:modified_time\" content=\"2020-05-19T13:31:32+00:00\" \/>\n<meta property=\"og:image\" content=\"https:\/\/www.intoscana.it\/wp-content\/uploads\/lavoro-9.jpg\" \/>\n\t<meta property=\"og:image:width\" content=\"1000\" \/>\n\t<meta property=\"og:image:height\" content=\"667\" \/>\n\t<meta property=\"og:image:type\" content=\"image\/jpeg\" \/>\n<meta name=\"author\" content=\"Redazione\" \/>\n<meta name=\"twitter:card\" content=\"summary_large_image\" \/>\n<meta name=\"twitter:creator\" content=\"@intoscana\" \/>\n<meta name=\"twitter:site\" content=\"@intoscana\" \/>\n<meta name=\"twitter:label1\" content=\"Written by\" \/>\n\t<meta name=\"twitter:data1\" content=\"Redazione\" \/>\n\t<meta name=\"twitter:label2\" content=\"Est. reading time\" \/>\n\t<meta name=\"twitter:data2\" content=\"2 minuti\" \/>\n<script type=\"application\/ld+json\" class=\"yoast-schema-graph\">{\"@context\":\"https:\/\/schema.org\",\"@graph\":[{\"@type\":\"WebPage\",\"@id\":\"https:\/\/www.intoscana.it\/it\/job-fair-2019\/\",\"url\":\"https:\/\/www.intoscana.it\/it\/job-fair-2019\/\",\"name\":\"Pisa, lavoro: studenti e imprese si incontrano a 'Job Fair' - intoscana\",\"isPartOf\":{\"@id\":\"https:\/\/www.intoscana.it\/it\/#website\"},\"primaryImageOfPage\":{\"@id\":\"https:\/\/www.intoscana.it\/it\/job-fair-2019\/#primaryimage\"},\"image\":{\"@id\":\"https:\/\/www.intoscana.it\/it\/job-fair-2019\/#primaryimage\"},\"thumbnailUrl\":\"https:\/\/www.intoscana.it\/wp-content\/uploads\/lavoro-9.jpg\",\"datePublished\":\"2019-10-19T08:23:44+00:00\",\"dateModified\":\"2020-05-19T13:31:32+00:00\",\"author\":{\"@id\":\"https:\/\/www.intoscana.it\/it\/#\/schema\/person\/9223810753230f20bd670fdd322661f8\"},\"description\":\"Job Fair torna a Pisa il 23 e 24 ottobre 2019 con l'occasione di far incontrare aziende nazionali e internazionali e gli allievi di 6 scuole universitarie.\",\"breadcrumb\":{\"@id\":\"https:\/\/www.intoscana.it\/it\/job-fair-2019\/#breadcrumb\"},\"inLanguage\":\"it-IT\",\"potentialAction\":[{\"@type\":\"ReadAction\",\"target\":[\"https:\/\/www.intoscana.it\/it\/job-fair-2019\/\"]}]},{\"@type\":\"ImageObject\",\"inLanguage\":\"it-IT\",\"@id\":\"https:\/\/www.intoscana.it\/it\/job-fair-2019\/#primaryimage\",\"url\":\"https:\/\/www.intoscana.it\/wp-content\/uploads\/lavoro-9.jpg\",\"contentUrl\":\"https:\/\/www.intoscana.it\/wp-content\/uploads\/lavoro-9.jpg\",\"width\":1000,\"height\":667,\"caption\":\"Lavoro, le imprese incontrano gli studenti.\"},{\"@type\":\"BreadcrumbList\",\"@id\":\"https:\/\/www.intoscana.it\/it\/job-fair-2019\/#breadcrumb\",\"itemListElement\":[{\"@type\":\"ListItem\",\"position\":1,\"name\":\"Home\",\"item\":\"https:\/\/www.intoscana.it\/it\/\"},{\"@type\":\"ListItem\",\"position\":2,\"name\":\"Pisa, lavoro: studenti e imprese si incontrano a &#8216;Job Fair&#8217;\"}]},{\"@type\":\"WebSite\",\"@id\":\"https:\/\/www.intoscana.it\/it\/#website\",\"url\":\"https:\/\/www.intoscana.it\/it\/\",\"name\":\"intoscana\",\"description\":\"\",\"potentialAction\":[{\"@type\":\"SearchAction\",\"target\":{\"@type\":\"EntryPoint\",\"urlTemplate\":\"https:\/\/www.intoscana.it\/it\/?s={search_term_string}\"},\"query-input\":{\"@type\":\"PropertyValueSpecification\",\"valueRequired\":true,\"valueName\":\"search_term_string\"}}],\"inLanguage\":\"it-IT\"},{\"@type\":\"Person\",\"@id\":\"https:\/\/www.intoscana.it\/it\/#\/schema\/person\/9223810753230f20bd670fdd322661f8\",\"name\":\"Redazione\",\"url\":\"https:\/\/www.intoscana.it\/it\/author\/redazione\/\"}]}<\/script>\n<!-- \/ Yoast SEO Premium plugin. -->","yoast_head_json":{"title":"Pisa, lavoro: studenti e imprese si incontrano a 'Job Fair' - intoscana","description":"Job Fair torna a Pisa il 23 e 24 ottobre 2019 con l'occasione di far incontrare aziende nazionali e internazionali e gli allievi di 6 scuole universitarie.","robots":{"index":"index","follow":"follow","max-snippet":"max-snippet:-1","max-image-preview":"max-image-preview:large","max-video-preview":"max-video-preview:-1"},"canonical":"https:\/\/www.intoscana.it\/it\/job-fair-2019\/","og_locale":"it_IT","og_type":"article","og_title":"Pisa, lavoro: studenti e imprese si incontrano a 'Job Fair'","og_description":"Job Fair torna a Pisa il 23 e 24 ottobre 2019 con l'occasione di far incontrare aziende nazionali e internazionali e gli allievi di 6 scuole universitarie.","og_url":"https:\/\/www.intoscana.it\/it\/job-fair-2019\/","og_site_name":"intoscana","article_publisher":"https:\/\/www.facebook.com\/intoscana.it","article_published_time":"2019-10-19T08:23:44+00:00","article_modified_time":"2020-05-19T13:31:32+00:00","og_image":[{"width":1000,"height":667,"url":"https:\/\/www.intoscana.it\/wp-content\/uploads\/lavoro-9.jpg","type":"image\/jpeg"}],"author":"Redazione","twitter_card":"summary_large_image","twitter_creator":"@intoscana","twitter_site":"@intoscana","twitter_misc":{"Written by":"Redazione","Est. reading time":"2 minuti"},"schema":{"@context":"https:\/\/schema.org","@graph":[{"@type":"WebPage","@id":"https:\/\/www.intoscana.it\/it\/job-fair-2019\/","url":"https:\/\/www.intoscana.it\/it\/job-fair-2019\/","name":"Pisa, lavoro: studenti e imprese si incontrano a 'Job Fair' - intoscana","isPartOf":{"@id":"https:\/\/www.intoscana.it\/it\/#website"},"primaryImageOfPage":{"@id":"https:\/\/www.intoscana.it\/it\/job-fair-2019\/#primaryimage"},"image":{"@id":"https:\/\/www.intoscana.it\/it\/job-fair-2019\/#primaryimage"},"thumbnailUrl":"https:\/\/www.intoscana.it\/wp-content\/uploads\/lavoro-9.jpg","datePublished":"2019-10-19T08:23:44+00:00","dateModified":"2020-05-19T13:31:32+00:00","author":{"@id":"https:\/\/www.intoscana.it\/it\/#\/schema\/person\/9223810753230f20bd670fdd322661f8"},"description":"Job Fair torna a Pisa il 23 e 24 ottobre 2019 con l'occasione di far incontrare aziende nazionali e internazionali e gli allievi di 6 scuole universitarie.","breadcrumb":{"@id":"https:\/\/www.intoscana.it\/it\/job-fair-2019\/#breadcrumb"},"inLanguage":"it-IT","potentialAction":[{"@type":"ReadAction","target":["https:\/\/www.intoscana.it\/it\/job-fair-2019\/"]}]},{"@type":"ImageObject","inLanguage":"it-IT","@id":"https:\/\/www.intoscana.it\/it\/job-fair-2019\/#primaryimage","url":"https:\/\/www.intoscana.it\/wp-content\/uploads\/lavoro-9.jpg","contentUrl":"https:\/\/www.intoscana.it\/wp-content\/uploads\/lavoro-9.jpg","width":1000,"height":667,"caption":"Lavoro, le imprese incontrano gli studenti."},{"@type":"BreadcrumbList","@id":"https:\/\/www.intoscana.it\/it\/job-fair-2019\/#breadcrumb","itemListElement":[{"@type":"ListItem","position":1,"name":"Home","item":"https:\/\/www.intoscana.it\/it\/"},{"@type":"ListItem","position":2,"name":"Pisa, lavoro: studenti e imprese si incontrano a &#8216;Job Fair&#8217;"}]},{"@type":"WebSite","@id":"https:\/\/www.intoscana.it\/it\/#website","url":"https:\/\/www.intoscana.it\/it\/","name":"intoscana","description":"","potentialAction":[{"@type":"SearchAction","target":{"@type":"EntryPoint","urlTemplate":"https:\/\/www.intoscana.it\/it\/?s={search_term_string}"},"query-input":{"@type":"PropertyValueSpecification","valueRequired":true,"valueName":"search_term_string"}}],"inLanguage":"it-IT"},{"@type":"Person","@id":"https:\/\/www.intoscana.it\/it\/#\/schema\/person\/9223810753230f20bd670fdd322661f8","name":"Redazione","url":"https:\/\/www.intoscana.it\/it\/author\/redazione\/"}]}},"_links":{"self":[{"href":"https:\/\/www.intoscana.it\/it\/wp-json\/wp\/v2\/posts\/49280","targetHints":{"allow":["GET"]}}],"collection":[{"href":"https:\/\/www.intoscana.it\/it\/wp-json\/wp\/v2\/posts"}],"about":[{"href":"https:\/\/www.intoscana.it\/it\/wp-json\/wp\/v2\/types\/post"}],"author":[{"embeddable":true,"href":"https:\/\/www.intoscana.it\/it\/wp-json\/wp\/v2\/users\/525"}],"replies":[{"embeddable":true,"href":"https:\/\/www.intoscana.it\/it\/wp-json\/wp\/v2\/comments?post=49280"}],"version-history":[{"count":0,"href":"https:\/\/www.intoscana.it\/it\/wp-json\/wp\/v2\/posts\/49280\/revisions"}],"wp:featuredmedia":[{"embeddable":true,"href":"https:\/\/www.intoscana.it\/it\/wp-json\/wp\/v2\/media\/141854"}],"wp:attachment":[{"href":"https:\/\/www.intoscana.it\/it\/wp-json\/wp\/v2\/media?parent=49280"}],"wp:term":[{"taxonomy":"category","embeddable":true,"href":"https:\/\/www.intoscana.it\/it\/wp-json\/wp\/v2\/categories?post=49280"},{"taxonomy":"post_tag","embeddable":true,"href":"https:\/\/www.intoscana.it\/it\/wp-json\/wp\/v2\/tags?post=49280"}],"curies":[{"name":"wp","href":"https:\/\/api.w.org\/{rel}","templated":true}]}}