{"id":51308,"date":"2019-02-26T11:51:35","date_gmt":"2019-02-26T11:51:35","guid":{"rendered":"http:\/\/www.intoscana.it\/la-versilia-esulta-per-la-vittora-di-alfonso-cuaron-agli-oscar-2019\/"},"modified":"2020-05-18T11:24:41","modified_gmt":"2020-05-18T09:24:41","slug":"la-versilia-esulta-per-la-vittora-di-alfonso-cuaron-agli-oscar-2019","status":"publish","type":"post","link":"https:\/\/www.intoscana.it\/it\/la-versilia-esulta-per-la-vittora-di-alfonso-cuaron-agli-oscar-2019\/","title":{"rendered":"La Versilia esulta per la vittora di Alfonso Cuar\u00f2n agli Oscar 2019"},"content":{"rendered":"<p><strong>Anche la Toscana festeggia per i risultati della notte degli Oscar<\/strong>, che si \u00e8 svolta a Los Angeles luned\u00ec 25 febbraio. Il regista messicano <strong>Alfonso Cuar\u00f2n, vincitore di ben tre statuette con il film<em> Roma<\/em>, \u00e8 infatti, dal 2014, cittadino onorario di Pietrasanta<\/strong>, in provincia di Lucca. Le statuette vinte sono state per il <strong>Miglior film straniero, Migliore regia e Migliore fotografia. <\/strong>I tre Premi Oscar sono l&#8217;apice di un palmar\u00e8s di tutto rispetto: il film ha gi\u00e0 vinto il Festival di Venezia 2018, si \u00e8 aggiudicato 2 Golden Globes, 4 premi ai BAFTA, 4 ai Critics Choice Award.<\/p>\n<p style=\"text-align: justify;\">Nel film siamo a Citt\u00e0 del Messico negli anni &#8217;70, che il regista ripercorre con un nostalgico bianco e nero, ma con un racconto che non fa sconti e mostra le contraddizioni di una citt\u00e0 dove convivono forti tensioni sociali, la ricca borghesia dei \u201cgringos&#8217; di discendenza spagnola &#8211; epigoni di chi ha depredato il paese secoli prima \u2013 e la popolazione indigena.<\/p>\n<p style=\"text-align: justify;\">Proprio la cameriera e baby sitter di casa, <strong>Cl\u00e9o,<\/strong> \u00e8 espressione dell&#8217;autenticit\u00e0 indigena, che come una terra fertile, innocente e generosa, dona senza chiedere niente in cambio. D\u00e0 amore ai bambini della casa dove lavora come se fossero suoi figli, accudisce, pulisce \u2013 anche gli escrementi dei cani che, immancabili e in primo piano, riportano lo spettatore alla dimensione di sporcizia e povert\u00e0 che si trova alla porta delle case padronali \u2013 perfino i suoi spasimanti si approfittano di lei. Ma in questo percorso a senso unico, di profusione di amore non ricambiato, Cl\u00e9o diventa l&#8217;emblema del femminismo ontologico del cinema di Cuar\u00f2n, che lascia, alla fine del film, nella grande casa, la ricca borghese abbandonata dal marito, sua mamma, la cameriera, ad indicare che se la vita va avanti \u00e8 solo grazie a loro. Gli uomini sono fuori, in citt\u00e0 o altrove, a combattersi tra loro, a fuggire, a tradire, ad essere violenti, a non essere capaci di amare.<\/p>\n<p style=\"text-align: justify;\">Il film \u00e8 un capolavoro per la dimensione umana che rappresenta, per la storia del Messico che fotografa, per essere il diario intimo di un regista di grande talento e per una fotografia e un racconto per immagini indimenticabili.<\/p>\n<p style=\"text-align: justify;\">Il film, prodotto da Netflix, \u00e8 stato distribuito in sala per un tempo limitato, per poi essere disponibile per gli spettatori sulla piattaforma in streaming. A tale proposito non sono mancate le polemiche, sul ruolo delle nuove piattaforme online nella produzione cinematografica e sulla fruizione dei film, che vede sempre di pi\u00f9 l&#8217;esclusione delle sale: quasi un braccio di ferro tra la vecchia e la nuova guardia tra i professionisti del cinema. Ma se \u00e8 vero che va salvaguardata l&#8217;autenticit\u00e0 del bel cinema sul grande schermo, \u00e8 innegabile che le nuove piattaforme, Netflix in primis, stanno dando un forte impulso alla produzione di film, al quale sarebbe inutile, assurdo, e forse anche discriminatorio rinunciare.<\/p>\n<p style=\"text-align: justify;\">L&#8217;intera Versilia ha esultato per la vittoria di Alfonso Cuar\u00f2n, cittadino di Pietrasanta, agli Oscar, e chi non ha ancora visto il film, lo acclama: per questo il<strong> cinema Borsalino di Camaiore lo ripropone mercoled\u00ec 27 (alle 21.15) e Apuania Cineservice lo proietter\u00e0 al cinema comunale di Pietrasanta dal 1\u00b0 al 3 marzo.<\/strong><\/p>\n","protected":false},"excerpt":{"rendered":"<p>Il regista messicano, dal 2014 cittadino onorario di Pietrasanta, ha vinto con il film &#8216;Roma&#8217; tre statuette<\/p>\n","protected":false},"author":492,"featured_media":85372,"comment_status":"open","ping_status":"open","sticky":false,"template":"","format":"standard","meta":{"_acf_changed":false,"footnotes":""},"categories":[493,11],"tags":[],"class_list":["post-51308","post","type-post","status-publish","format-standard","has-post-thumbnail","hentry","category-cultura","category-cinema"],"acf":[],"yoast_head":"<!-- This site is optimized with the Yoast SEO Premium plugin v24.2 (Yoast SEO v25.6) - https:\/\/yoast.com\/wordpress\/plugins\/seo\/ -->\n<title>La Versilia esulta per la vittora di Alfonso Cuar\u00f2n agli Oscar 2019 - intoscana<\/title>\n<meta name=\"description\" content=\"Alla notte dei premi Oscar di Los Angeles, il regista messicano Alfonso Cuaron, cittadino onorario di Pietrasanta, vince tre statutette, per il miglior film straniero, per miglior regia e miglior fotografica\" \/>\n<meta name=\"robots\" content=\"index, follow, max-snippet:-1, max-image-preview:large, max-video-preview:-1\" \/>\n<link rel=\"canonical\" href=\"https:\/\/www.intoscana.it\/it\/la-versilia-esulta-per-la-vittora-di-alfonso-cuaron-agli-oscar-2019\/\" \/>\n<meta property=\"og:locale\" content=\"it_IT\" \/>\n<meta property=\"og:type\" content=\"article\" \/>\n<meta property=\"og:title\" content=\"La Versilia esulta per la vittora di Alfonso Cuar\u00f2n agli Oscar 2019\" \/>\n<meta property=\"og:description\" content=\"Alla notte dei premi Oscar di Los Angeles, il regista messicano Alfonso Cuaron, cittadino onorario di Pietrasanta, vince tre statutette, per il miglior film straniero, per miglior regia e miglior fotografica\" \/>\n<meta property=\"og:url\" content=\"https:\/\/www.intoscana.it\/it\/la-versilia-esulta-per-la-vittora-di-alfonso-cuaron-agli-oscar-2019\/\" \/>\n<meta property=\"og:site_name\" content=\"intoscana\" \/>\n<meta property=\"article:publisher\" content=\"https:\/\/www.facebook.com\/intoscana.it\" \/>\n<meta property=\"article:published_time\" content=\"2019-02-26T11:51:35+00:00\" \/>\n<meta property=\"article:modified_time\" content=\"2020-05-18T09:24:41+00:00\" \/>\n<meta property=\"og:image\" content=\"https:\/\/www.intoscana.it\/wp-content\/uploads\/film-roma.jpg\" \/>\n\t<meta property=\"og:image:width\" content=\"593\" \/>\n\t<meta property=\"og:image:height\" content=\"443\" \/>\n\t<meta property=\"og:image:type\" content=\"image\/jpeg\" \/>\n<meta name=\"author\" content=\"Elisabetta Vagaggini\" \/>\n<meta name=\"twitter:card\" content=\"summary_large_image\" \/>\n<meta name=\"twitter:creator\" content=\"@intoscana\" \/>\n<meta name=\"twitter:site\" content=\"@intoscana\" \/>\n<meta name=\"twitter:label1\" content=\"Written by\" \/>\n\t<meta name=\"twitter:data1\" content=\"Elisabetta Vagaggini\" \/>\n\t<meta name=\"twitter:label2\" content=\"Est. reading time\" \/>\n\t<meta name=\"twitter:data2\" content=\"3 minuti\" \/>\n<script type=\"application\/ld+json\" class=\"yoast-schema-graph\">{\"@context\":\"https:\/\/schema.org\",\"@graph\":[{\"@type\":\"WebPage\",\"@id\":\"https:\/\/www.intoscana.it\/it\/la-versilia-esulta-per-la-vittora-di-alfonso-cuaron-agli-oscar-2019\/\",\"url\":\"https:\/\/www.intoscana.it\/it\/la-versilia-esulta-per-la-vittora-di-alfonso-cuaron-agli-oscar-2019\/\",\"name\":\"La Versilia esulta per la vittora di Alfonso Cuar\u00f2n agli Oscar 2019 - intoscana\",\"isPartOf\":{\"@id\":\"https:\/\/www.intoscana.it\/it\/#website\"},\"primaryImageOfPage\":{\"@id\":\"https:\/\/www.intoscana.it\/it\/la-versilia-esulta-per-la-vittora-di-alfonso-cuaron-agli-oscar-2019\/#primaryimage\"},\"image\":{\"@id\":\"https:\/\/www.intoscana.it\/it\/la-versilia-esulta-per-la-vittora-di-alfonso-cuaron-agli-oscar-2019\/#primaryimage\"},\"thumbnailUrl\":\"https:\/\/www.intoscana.it\/wp-content\/uploads\/film-roma.jpg\",\"datePublished\":\"2019-02-26T11:51:35+00:00\",\"dateModified\":\"2020-05-18T09:24:41+00:00\",\"author\":{\"@id\":\"https:\/\/www.intoscana.it\/it\/#\/schema\/person\/20956e1a83baf96027b69e776f754e43\"},\"description\":\"Alla notte dei premi Oscar di Los Angeles, il regista messicano Alfonso Cuaron, cittadino onorario di Pietrasanta, vince tre statutette, per il miglior film straniero, per miglior regia e miglior fotografica\",\"breadcrumb\":{\"@id\":\"https:\/\/www.intoscana.it\/it\/la-versilia-esulta-per-la-vittora-di-alfonso-cuaron-agli-oscar-2019\/#breadcrumb\"},\"inLanguage\":\"it-IT\",\"potentialAction\":[{\"@type\":\"ReadAction\",\"target\":[\"https:\/\/www.intoscana.it\/it\/la-versilia-esulta-per-la-vittora-di-alfonso-cuaron-agli-oscar-2019\/\"]}]},{\"@type\":\"ImageObject\",\"inLanguage\":\"it-IT\",\"@id\":\"https:\/\/www.intoscana.it\/it\/la-versilia-esulta-per-la-vittora-di-alfonso-cuaron-agli-oscar-2019\/#primaryimage\",\"url\":\"https:\/\/www.intoscana.it\/wp-content\/uploads\/film-roma.jpg\",\"contentUrl\":\"https:\/\/www.intoscana.it\/wp-content\/uploads\/film-roma.jpg\",\"width\":593,\"height\":443},{\"@type\":\"BreadcrumbList\",\"@id\":\"https:\/\/www.intoscana.it\/it\/la-versilia-esulta-per-la-vittora-di-alfonso-cuaron-agli-oscar-2019\/#breadcrumb\",\"itemListElement\":[{\"@type\":\"ListItem\",\"position\":1,\"name\":\"Home\",\"item\":\"https:\/\/www.intoscana.it\/it\/\"},{\"@type\":\"ListItem\",\"position\":2,\"name\":\"La Versilia esulta per la vittora di Alfonso Cuar\u00f2n agli Oscar 2019\"}]},{\"@type\":\"WebSite\",\"@id\":\"https:\/\/www.intoscana.it\/it\/#website\",\"url\":\"https:\/\/www.intoscana.it\/it\/\",\"name\":\"intoscana\",\"description\":\"\",\"potentialAction\":[{\"@type\":\"SearchAction\",\"target\":{\"@type\":\"EntryPoint\",\"urlTemplate\":\"https:\/\/www.intoscana.it\/it\/?s={search_term_string}\"},\"query-input\":{\"@type\":\"PropertyValueSpecification\",\"valueRequired\":true,\"valueName\":\"search_term_string\"}}],\"inLanguage\":\"it-IT\"},{\"@type\":\"Person\",\"@id\":\"https:\/\/www.intoscana.it\/it\/#\/schema\/person\/20956e1a83baf96027b69e776f754e43\",\"name\":\"Elisabetta Vagaggini\",\"url\":\"https:\/\/www.intoscana.it\/it\/author\/elisabetta-vagaggini\/\"}]}<\/script>\n<!-- \/ Yoast SEO Premium plugin. -->","yoast_head_json":{"title":"La Versilia esulta per la vittora di Alfonso Cuar\u00f2n agli Oscar 2019 - intoscana","description":"Alla notte dei premi Oscar di Los Angeles, il regista messicano Alfonso Cuaron, cittadino onorario di Pietrasanta, vince tre statutette, per il miglior film straniero, per miglior regia e miglior fotografica","robots":{"index":"index","follow":"follow","max-snippet":"max-snippet:-1","max-image-preview":"max-image-preview:large","max-video-preview":"max-video-preview:-1"},"canonical":"https:\/\/www.intoscana.it\/it\/la-versilia-esulta-per-la-vittora-di-alfonso-cuaron-agli-oscar-2019\/","og_locale":"it_IT","og_type":"article","og_title":"La Versilia esulta per la vittora di Alfonso Cuar\u00f2n agli Oscar 2019","og_description":"Alla notte dei premi Oscar di Los Angeles, il regista messicano Alfonso Cuaron, cittadino onorario di Pietrasanta, vince tre statutette, per il miglior film straniero, per miglior regia e miglior fotografica","og_url":"https:\/\/www.intoscana.it\/it\/la-versilia-esulta-per-la-vittora-di-alfonso-cuaron-agli-oscar-2019\/","og_site_name":"intoscana","article_publisher":"https:\/\/www.facebook.com\/intoscana.it","article_published_time":"2019-02-26T11:51:35+00:00","article_modified_time":"2020-05-18T09:24:41+00:00","og_image":[{"width":593,"height":443,"url":"https:\/\/www.intoscana.it\/wp-content\/uploads\/film-roma.jpg","type":"image\/jpeg"}],"author":"Elisabetta Vagaggini","twitter_card":"summary_large_image","twitter_creator":"@intoscana","twitter_site":"@intoscana","twitter_misc":{"Written by":"Elisabetta Vagaggini","Est. reading time":"3 minuti"},"schema":{"@context":"https:\/\/schema.org","@graph":[{"@type":"WebPage","@id":"https:\/\/www.intoscana.it\/it\/la-versilia-esulta-per-la-vittora-di-alfonso-cuaron-agli-oscar-2019\/","url":"https:\/\/www.intoscana.it\/it\/la-versilia-esulta-per-la-vittora-di-alfonso-cuaron-agli-oscar-2019\/","name":"La Versilia esulta per la vittora di Alfonso Cuar\u00f2n agli Oscar 2019 - intoscana","isPartOf":{"@id":"https:\/\/www.intoscana.it\/it\/#website"},"primaryImageOfPage":{"@id":"https:\/\/www.intoscana.it\/it\/la-versilia-esulta-per-la-vittora-di-alfonso-cuaron-agli-oscar-2019\/#primaryimage"},"image":{"@id":"https:\/\/www.intoscana.it\/it\/la-versilia-esulta-per-la-vittora-di-alfonso-cuaron-agli-oscar-2019\/#primaryimage"},"thumbnailUrl":"https:\/\/www.intoscana.it\/wp-content\/uploads\/film-roma.jpg","datePublished":"2019-02-26T11:51:35+00:00","dateModified":"2020-05-18T09:24:41+00:00","author":{"@id":"https:\/\/www.intoscana.it\/it\/#\/schema\/person\/20956e1a83baf96027b69e776f754e43"},"description":"Alla notte dei premi Oscar di Los Angeles, il regista messicano Alfonso Cuaron, cittadino onorario di Pietrasanta, vince tre statutette, per il miglior film straniero, per miglior regia e miglior fotografica","breadcrumb":{"@id":"https:\/\/www.intoscana.it\/it\/la-versilia-esulta-per-la-vittora-di-alfonso-cuaron-agli-oscar-2019\/#breadcrumb"},"inLanguage":"it-IT","potentialAction":[{"@type":"ReadAction","target":["https:\/\/www.intoscana.it\/it\/la-versilia-esulta-per-la-vittora-di-alfonso-cuaron-agli-oscar-2019\/"]}]},{"@type":"ImageObject","inLanguage":"it-IT","@id":"https:\/\/www.intoscana.it\/it\/la-versilia-esulta-per-la-vittora-di-alfonso-cuaron-agli-oscar-2019\/#primaryimage","url":"https:\/\/www.intoscana.it\/wp-content\/uploads\/film-roma.jpg","contentUrl":"https:\/\/www.intoscana.it\/wp-content\/uploads\/film-roma.jpg","width":593,"height":443},{"@type":"BreadcrumbList","@id":"https:\/\/www.intoscana.it\/it\/la-versilia-esulta-per-la-vittora-di-alfonso-cuaron-agli-oscar-2019\/#breadcrumb","itemListElement":[{"@type":"ListItem","position":1,"name":"Home","item":"https:\/\/www.intoscana.it\/it\/"},{"@type":"ListItem","position":2,"name":"La Versilia esulta per la vittora di Alfonso Cuar\u00f2n agli Oscar 2019"}]},{"@type":"WebSite","@id":"https:\/\/www.intoscana.it\/it\/#website","url":"https:\/\/www.intoscana.it\/it\/","name":"intoscana","description":"","potentialAction":[{"@type":"SearchAction","target":{"@type":"EntryPoint","urlTemplate":"https:\/\/www.intoscana.it\/it\/?s={search_term_string}"},"query-input":{"@type":"PropertyValueSpecification","valueRequired":true,"valueName":"search_term_string"}}],"inLanguage":"it-IT"},{"@type":"Person","@id":"https:\/\/www.intoscana.it\/it\/#\/schema\/person\/20956e1a83baf96027b69e776f754e43","name":"Elisabetta Vagaggini","url":"https:\/\/www.intoscana.it\/it\/author\/elisabetta-vagaggini\/"}]}},"_links":{"self":[{"href":"https:\/\/www.intoscana.it\/it\/wp-json\/wp\/v2\/posts\/51308","targetHints":{"allow":["GET"]}}],"collection":[{"href":"https:\/\/www.intoscana.it\/it\/wp-json\/wp\/v2\/posts"}],"about":[{"href":"https:\/\/www.intoscana.it\/it\/wp-json\/wp\/v2\/types\/post"}],"author":[{"embeddable":true,"href":"https:\/\/www.intoscana.it\/it\/wp-json\/wp\/v2\/users\/492"}],"replies":[{"embeddable":true,"href":"https:\/\/www.intoscana.it\/it\/wp-json\/wp\/v2\/comments?post=51308"}],"version-history":[{"count":0,"href":"https:\/\/www.intoscana.it\/it\/wp-json\/wp\/v2\/posts\/51308\/revisions"}],"wp:featuredmedia":[{"embeddable":true,"href":"https:\/\/www.intoscana.it\/it\/wp-json\/wp\/v2\/media\/85372"}],"wp:attachment":[{"href":"https:\/\/www.intoscana.it\/it\/wp-json\/wp\/v2\/media?parent=51308"}],"wp:term":[{"taxonomy":"category","embeddable":true,"href":"https:\/\/www.intoscana.it\/it\/wp-json\/wp\/v2\/categories?post=51308"},{"taxonomy":"post_tag","embeddable":true,"href":"https:\/\/www.intoscana.it\/it\/wp-json\/wp\/v2\/tags?post=51308"}],"curies":[{"name":"wp","href":"https:\/\/api.w.org\/{rel}","templated":true}]}}