{"id":51310,"date":"2019-03-13T09:52:13","date_gmt":"2019-03-13T09:52:13","guid":{"rendered":"http:\/\/www.intoscana.it\/lattore-di-blade-runner-rutger-hauer-al-lucca-film-festival\/"},"modified":"2020-05-18T11:24:41","modified_gmt":"2020-05-18T09:24:41","slug":"lattore-di-blade-runner-rutger-hauer-al-lucca-film-festival","status":"publish","type":"post","link":"https:\/\/www.intoscana.it\/it\/lattore-di-blade-runner-rutger-hauer-al-lucca-film-festival\/","title":{"rendered":"L\u2019attore di Blade Runner Rutger Hauer al Lucca film festival"},"content":{"rendered":"<p><strong>Uno dei protagonisti della storia del cinema arriva a Lucca.<\/strong> <strong>Rutger Hauer,<\/strong> attore cult per le sue interpretazioni leggendarie in <strong>Blade Runner e Ladyhawke<\/strong>, sar\u00e0 uno degli ospiti dell\u2019edizione 2019 del <strong>Lucca Film Festival e Europa Cinema,<\/strong> che si terr\u00e0 <strong>dal 13 al 21 aprile<\/strong>.<\/p>\n<p> Con<strong> Joe Dante, Mick Garris e Philip Gr\u00f6ning<\/strong>, l\u2019attore olandese diventa<strong> la quarta star internazionale<\/strong> annunciata per la prossima edizione del Festival, rendendo ancor pi\u00f9 ricco il<strong> red carpet<\/strong> di quest\u2019anno. Durante il festival Hauer ricever\u00e0 il <strong>Premio alla Carriera dell\u2019edizione 2019,<\/strong> sar\u00e0 uno dei componenti della giuria internazionale del concorso lungometraggi e <strong>terr\u00e0 una masterclass dedicata al tema del \u201cfuturo\u201d.<\/strong><\/p>\n<p> L\u2019omaggio a<strong> Rutger Hauer<\/strong> sar\u00e0 caratterizzato da un evento unico e performativo dal titolo <strong>&#8216;Tears in rain&#8217;<\/strong> per celebrare il film <strong>Blade Runner (1982) di Ridley Scott<\/strong>, ambientato a <strong>Los Angeles proprio nel 2019<\/strong>. L\u2019evento si terr\u00e0<strong> il 20 aprile<\/strong> dalle ore 19:00 alle 02:00.&nbsp;L\u2019attore presenzier\u00e0 a questa manifestazione che mira a ricreare l\u2019atmosfera futuristica del film grazie a <strong>un\u2019ambientazione animata da figuranti in costumi cyberpunk<\/strong> e dalla<strong> colonna sonora di Vangelis musicata dal vivo.<\/strong><\/p>\n<p> Il festival omagger\u00e0 l\u2019attore olandese con la<strong> proiezione di una selezione dei suoi film,<\/strong> per ripercorrere una carriera che lo ha portato a prendere parte a <strong>oltre 80 pellicole<\/strong>.&nbsp;<\/p>\n<p><strong>Per informazioni:<\/strong><br \/><a href=\"http:\/\/www.luccafilmfestival.it\" target=\"_blank\" rel=\"noopener noreferrer\"><strong>www.luccafilmfestival.it<\/strong><\/a><\/p>\n","protected":false},"excerpt":{"rendered":"<p>L\u2019attore olandese terr\u00e0 una masterclass sul tema del futuro, far\u00e0 parte della giuria e sar\u00e0 protagonista di un evento speciale nell\u2019ambito di Effetto Cinema Notte: un tributo a Blade Runner, film cult ambientato proprio nel 2019<\/p>\n","protected":false},"author":525,"featured_media":85380,"comment_status":"open","ping_status":"open","sticky":false,"template":"","format":"standard","meta":{"_acf_changed":false,"footnotes":""},"categories":[493,11],"tags":[],"class_list":["post-51310","post","type-post","status-publish","format-standard","has-post-thumbnail","hentry","category-cultura","category-cinema"],"acf":[],"yoast_head":"<!-- This site is optimized with the Yoast SEO Premium plugin v24.2 (Yoast SEO v25.6) - https:\/\/yoast.com\/wordpress\/plugins\/seo\/ -->\n<title>L\u2019attore di Blade Runner Rutger Hauer al Lucca film festival - intoscana<\/title>\n<meta name=\"description\" content=\"L\u2019attore di Blade Runner Rutger Hauer al Lucca film festival\" \/>\n<meta name=\"robots\" content=\"index, follow, max-snippet:-1, max-image-preview:large, max-video-preview:-1\" \/>\n<link rel=\"canonical\" href=\"https:\/\/www.intoscana.it\/it\/lattore-di-blade-runner-rutger-hauer-al-lucca-film-festival\/\" \/>\n<meta property=\"og:locale\" content=\"it_IT\" \/>\n<meta property=\"og:type\" content=\"article\" \/>\n<meta property=\"og:title\" content=\"L\u2019attore di Blade Runner Rutger Hauer al Lucca film festival\" \/>\n<meta property=\"og:description\" content=\"L\u2019attore di Blade Runner Rutger Hauer al Lucca film festival\" \/>\n<meta property=\"og:url\" content=\"https:\/\/www.intoscana.it\/it\/lattore-di-blade-runner-rutger-hauer-al-lucca-film-festival\/\" \/>\n<meta property=\"og:site_name\" content=\"intoscana\" \/>\n<meta property=\"article:publisher\" content=\"https:\/\/www.facebook.com\/intoscana.it\" \/>\n<meta property=\"article:published_time\" content=\"2019-03-13T09:52:13+00:00\" \/>\n<meta property=\"article:modified_time\" content=\"2020-05-18T09:24:41+00:00\" \/>\n<meta property=\"og:image\" content=\"https:\/\/www.intoscana.it\/wp-content\/uploads\/image-1.jpgfdetail_558h720w1280pfhwd5eb06a-1.jpg\" \/>\n\t<meta property=\"og:image:width\" content=\"960\" \/>\n\t<meta property=\"og:image:height\" content=\"540\" \/>\n\t<meta property=\"og:image:type\" content=\"image\/jpeg\" \/>\n<meta name=\"author\" content=\"Redazione\" \/>\n<meta name=\"twitter:card\" content=\"summary_large_image\" \/>\n<meta name=\"twitter:creator\" content=\"@intoscana\" \/>\n<meta name=\"twitter:site\" content=\"@intoscana\" \/>\n<meta name=\"twitter:label1\" content=\"Written by\" \/>\n\t<meta name=\"twitter:data1\" content=\"Redazione\" \/>\n\t<meta name=\"twitter:label2\" content=\"Est. reading time\" \/>\n\t<meta name=\"twitter:data2\" content=\"1 minuto\" \/>\n<script type=\"application\/ld+json\" class=\"yoast-schema-graph\">{\"@context\":\"https:\/\/schema.org\",\"@graph\":[{\"@type\":\"WebPage\",\"@id\":\"https:\/\/www.intoscana.it\/it\/lattore-di-blade-runner-rutger-hauer-al-lucca-film-festival\/\",\"url\":\"https:\/\/www.intoscana.it\/it\/lattore-di-blade-runner-rutger-hauer-al-lucca-film-festival\/\",\"name\":\"L\u2019attore di Blade Runner Rutger Hauer al Lucca film festival - intoscana\",\"isPartOf\":{\"@id\":\"https:\/\/www.intoscana.it\/it\/#website\"},\"primaryImageOfPage\":{\"@id\":\"https:\/\/www.intoscana.it\/it\/lattore-di-blade-runner-rutger-hauer-al-lucca-film-festival\/#primaryimage\"},\"image\":{\"@id\":\"https:\/\/www.intoscana.it\/it\/lattore-di-blade-runner-rutger-hauer-al-lucca-film-festival\/#primaryimage\"},\"thumbnailUrl\":\"https:\/\/www.intoscana.it\/wp-content\/uploads\/image-1.jpgfdetail_558h720w1280pfhwd5eb06a-1.jpg\",\"datePublished\":\"2019-03-13T09:52:13+00:00\",\"dateModified\":\"2020-05-18T09:24:41+00:00\",\"author\":{\"@id\":\"https:\/\/www.intoscana.it\/it\/#\/schema\/person\/9223810753230f20bd670fdd322661f8\"},\"description\":\"L\u2019attore di Blade Runner Rutger Hauer al Lucca film festival\",\"breadcrumb\":{\"@id\":\"https:\/\/www.intoscana.it\/it\/lattore-di-blade-runner-rutger-hauer-al-lucca-film-festival\/#breadcrumb\"},\"inLanguage\":\"it-IT\",\"potentialAction\":[{\"@type\":\"ReadAction\",\"target\":[\"https:\/\/www.intoscana.it\/it\/lattore-di-blade-runner-rutger-hauer-al-lucca-film-festival\/\"]}]},{\"@type\":\"ImageObject\",\"inLanguage\":\"it-IT\",\"@id\":\"https:\/\/www.intoscana.it\/it\/lattore-di-blade-runner-rutger-hauer-al-lucca-film-festival\/#primaryimage\",\"url\":\"https:\/\/www.intoscana.it\/wp-content\/uploads\/image-1.jpgfdetail_558h720w1280pfhwd5eb06a-1.jpg\",\"contentUrl\":\"https:\/\/www.intoscana.it\/wp-content\/uploads\/image-1.jpgfdetail_558h720w1280pfhwd5eb06a-1.jpg\",\"width\":960,\"height\":540},{\"@type\":\"BreadcrumbList\",\"@id\":\"https:\/\/www.intoscana.it\/it\/lattore-di-blade-runner-rutger-hauer-al-lucca-film-festival\/#breadcrumb\",\"itemListElement\":[{\"@type\":\"ListItem\",\"position\":1,\"name\":\"Home\",\"item\":\"https:\/\/www.intoscana.it\/it\/\"},{\"@type\":\"ListItem\",\"position\":2,\"name\":\"L\u2019attore di Blade Runner Rutger Hauer al Lucca film festival\"}]},{\"@type\":\"WebSite\",\"@id\":\"https:\/\/www.intoscana.it\/it\/#website\",\"url\":\"https:\/\/www.intoscana.it\/it\/\",\"name\":\"intoscana\",\"description\":\"\",\"potentialAction\":[{\"@type\":\"SearchAction\",\"target\":{\"@type\":\"EntryPoint\",\"urlTemplate\":\"https:\/\/www.intoscana.it\/it\/?s={search_term_string}\"},\"query-input\":{\"@type\":\"PropertyValueSpecification\",\"valueRequired\":true,\"valueName\":\"search_term_string\"}}],\"inLanguage\":\"it-IT\"},{\"@type\":\"Person\",\"@id\":\"https:\/\/www.intoscana.it\/it\/#\/schema\/person\/9223810753230f20bd670fdd322661f8\",\"name\":\"Redazione\",\"url\":\"https:\/\/www.intoscana.it\/it\/author\/redazione\/\"}]}<\/script>\n<!-- \/ Yoast SEO Premium plugin. -->","yoast_head_json":{"title":"L\u2019attore di Blade Runner Rutger Hauer al Lucca film festival - intoscana","description":"L\u2019attore di Blade Runner Rutger Hauer al Lucca film festival","robots":{"index":"index","follow":"follow","max-snippet":"max-snippet:-1","max-image-preview":"max-image-preview:large","max-video-preview":"max-video-preview:-1"},"canonical":"https:\/\/www.intoscana.it\/it\/lattore-di-blade-runner-rutger-hauer-al-lucca-film-festival\/","og_locale":"it_IT","og_type":"article","og_title":"L\u2019attore di Blade Runner Rutger Hauer al Lucca film festival","og_description":"L\u2019attore di Blade Runner Rutger Hauer al Lucca film festival","og_url":"https:\/\/www.intoscana.it\/it\/lattore-di-blade-runner-rutger-hauer-al-lucca-film-festival\/","og_site_name":"intoscana","article_publisher":"https:\/\/www.facebook.com\/intoscana.it","article_published_time":"2019-03-13T09:52:13+00:00","article_modified_time":"2020-05-18T09:24:41+00:00","og_image":[{"width":960,"height":540,"url":"https:\/\/www.intoscana.it\/wp-content\/uploads\/image-1.jpgfdetail_558h720w1280pfhwd5eb06a-1.jpg","type":"image\/jpeg"}],"author":"Redazione","twitter_card":"summary_large_image","twitter_creator":"@intoscana","twitter_site":"@intoscana","twitter_misc":{"Written by":"Redazione","Est. reading time":"1 minuto"},"schema":{"@context":"https:\/\/schema.org","@graph":[{"@type":"WebPage","@id":"https:\/\/www.intoscana.it\/it\/lattore-di-blade-runner-rutger-hauer-al-lucca-film-festival\/","url":"https:\/\/www.intoscana.it\/it\/lattore-di-blade-runner-rutger-hauer-al-lucca-film-festival\/","name":"L\u2019attore di Blade Runner Rutger Hauer al Lucca film festival - intoscana","isPartOf":{"@id":"https:\/\/www.intoscana.it\/it\/#website"},"primaryImageOfPage":{"@id":"https:\/\/www.intoscana.it\/it\/lattore-di-blade-runner-rutger-hauer-al-lucca-film-festival\/#primaryimage"},"image":{"@id":"https:\/\/www.intoscana.it\/it\/lattore-di-blade-runner-rutger-hauer-al-lucca-film-festival\/#primaryimage"},"thumbnailUrl":"https:\/\/www.intoscana.it\/wp-content\/uploads\/image-1.jpgfdetail_558h720w1280pfhwd5eb06a-1.jpg","datePublished":"2019-03-13T09:52:13+00:00","dateModified":"2020-05-18T09:24:41+00:00","author":{"@id":"https:\/\/www.intoscana.it\/it\/#\/schema\/person\/9223810753230f20bd670fdd322661f8"},"description":"L\u2019attore di Blade Runner Rutger Hauer al Lucca film festival","breadcrumb":{"@id":"https:\/\/www.intoscana.it\/it\/lattore-di-blade-runner-rutger-hauer-al-lucca-film-festival\/#breadcrumb"},"inLanguage":"it-IT","potentialAction":[{"@type":"ReadAction","target":["https:\/\/www.intoscana.it\/it\/lattore-di-blade-runner-rutger-hauer-al-lucca-film-festival\/"]}]},{"@type":"ImageObject","inLanguage":"it-IT","@id":"https:\/\/www.intoscana.it\/it\/lattore-di-blade-runner-rutger-hauer-al-lucca-film-festival\/#primaryimage","url":"https:\/\/www.intoscana.it\/wp-content\/uploads\/image-1.jpgfdetail_558h720w1280pfhwd5eb06a-1.jpg","contentUrl":"https:\/\/www.intoscana.it\/wp-content\/uploads\/image-1.jpgfdetail_558h720w1280pfhwd5eb06a-1.jpg","width":960,"height":540},{"@type":"BreadcrumbList","@id":"https:\/\/www.intoscana.it\/it\/lattore-di-blade-runner-rutger-hauer-al-lucca-film-festival\/#breadcrumb","itemListElement":[{"@type":"ListItem","position":1,"name":"Home","item":"https:\/\/www.intoscana.it\/it\/"},{"@type":"ListItem","position":2,"name":"L\u2019attore di Blade Runner Rutger Hauer al Lucca film festival"}]},{"@type":"WebSite","@id":"https:\/\/www.intoscana.it\/it\/#website","url":"https:\/\/www.intoscana.it\/it\/","name":"intoscana","description":"","potentialAction":[{"@type":"SearchAction","target":{"@type":"EntryPoint","urlTemplate":"https:\/\/www.intoscana.it\/it\/?s={search_term_string}"},"query-input":{"@type":"PropertyValueSpecification","valueRequired":true,"valueName":"search_term_string"}}],"inLanguage":"it-IT"},{"@type":"Person","@id":"https:\/\/www.intoscana.it\/it\/#\/schema\/person\/9223810753230f20bd670fdd322661f8","name":"Redazione","url":"https:\/\/www.intoscana.it\/it\/author\/redazione\/"}]}},"_links":{"self":[{"href":"https:\/\/www.intoscana.it\/it\/wp-json\/wp\/v2\/posts\/51310","targetHints":{"allow":["GET"]}}],"collection":[{"href":"https:\/\/www.intoscana.it\/it\/wp-json\/wp\/v2\/posts"}],"about":[{"href":"https:\/\/www.intoscana.it\/it\/wp-json\/wp\/v2\/types\/post"}],"author":[{"embeddable":true,"href":"https:\/\/www.intoscana.it\/it\/wp-json\/wp\/v2\/users\/525"}],"replies":[{"embeddable":true,"href":"https:\/\/www.intoscana.it\/it\/wp-json\/wp\/v2\/comments?post=51310"}],"version-history":[{"count":0,"href":"https:\/\/www.intoscana.it\/it\/wp-json\/wp\/v2\/posts\/51310\/revisions"}],"wp:featuredmedia":[{"embeddable":true,"href":"https:\/\/www.intoscana.it\/it\/wp-json\/wp\/v2\/media\/85380"}],"wp:attachment":[{"href":"https:\/\/www.intoscana.it\/it\/wp-json\/wp\/v2\/media?parent=51310"}],"wp:term":[{"taxonomy":"category","embeddable":true,"href":"https:\/\/www.intoscana.it\/it\/wp-json\/wp\/v2\/categories?post=51310"},{"taxonomy":"post_tag","embeddable":true,"href":"https:\/\/www.intoscana.it\/it\/wp-json\/wp\/v2\/tags?post=51310"}],"curies":[{"name":"wp","href":"https:\/\/api.w.org\/{rel}","templated":true}]}}