{"id":51336,"date":"2019-01-09T11:40:00","date_gmt":"2019-01-09T11:40:00","guid":{"rendered":"http:\/\/www.intoscana.it\/1959-2019-il-festival-dei-popoli-compie-60-anni\/"},"modified":"2020-05-18T11:24:50","modified_gmt":"2020-05-18T09:24:50","slug":"1959-2019-il-festival-dei-popoli-compie-60-anni","status":"publish","type":"post","link":"https:\/\/www.intoscana.it\/it\/1959-2019-il-festival-dei-popoli-compie-60-anni\/","title":{"rendered":"1959 \u2013 2019: il Festival dei Popoli compie 60 anni"},"content":{"rendered":"<p style=\"text-align: justify;\">Era il 1959 quando a Firenze un gruppo di antropologi, sociologi, etnologi, esperti di cinema e di comunicazione di masssa (come al tempo si usava definire, italianizzando la parola inglese <em>mass media<\/em>), fondarono un istituto dedicato alla documentazione sociale. La principale attivit\u00e0 dell&#8217;associazione, l&#8217;organizzazione di un festival internazionale del film documentario, il <strong>Festival dei Popoli,<\/strong> che compie quest&#8217;anno sessant&#8217;anni.<\/p>\n<p style=\"text-align: justify;\">La manifestazione fiorentina, oggi diretta da <strong>Alberto Lastrucci,<\/strong> con la presidenza di<strong> Vittorio Iervese,<\/strong> nel corso dei suoi sessant&#8217;anni di attivit\u00e0 ha cambiato pelle, si \u00e8 evoluta e articolata in nuovi modi, senza mai perdere di vista il suo principale obbiettivo: raccogliere, selezionale e far vedere al pubblico i migliori film documentari prodotti nel mondo. Parallelamente alla manifestazione festivaliera, l&#8217;istituto ha creato un archivio, proprio a partire dai preziosi documentari raccolti, che oggi costituisce uno dei pi\u00f9 ricchi patrimoni esistenti al mondo di questo genere di film.<\/p>\n<p style=\"text-align: justify;\">Proiettare film che documentano la realt\u00e0 per farne conoscere le eccellenze e le criticit\u00e0, metterne in rilievo le emergenze sociali, politiche, ambientali. Raccontare la quotidianit\u00e0 di comunit\u00e0 altre, con molteplici modelli e stili di vita. E ancora valorizzare le espressioni artistiche dei diversi popoli nella contemporaneit\u00e0, nel campo della musica, della danza, dell&#8217;arte e dell&#8217;architettura: il Festival dei Popoli \u00e8 stato ed \u00e8 tutto questo e molto altro.<\/p>\n<p style=\"text-align: justify;\">Nel corso delle varie edizioni il Festival dei Popoli ha reso omaggio ai maestri del cinema, come Jean Renoir, Jean-Luc Godard, John Cassavetes, Ken Loach, Nagisa Oshima, Aleksandr Sokurov e, con la sezione inaugurata nel 2008, &#8220;Filmmaker in Focus&#8221;, ha ospitato a Firenze i grandi documentaristi, tra cui Claire Simon, Thomas Heise, Peter Mettler, Isaki Lacuesta, Andr\u00e9s Di Tella, Marcel \u0141ozi\u0144ski e Pawe\u0142 \u0141ozi\u0144ski, Jos de Putter, Mary Jimenez, Danielle Arbid, Kazuhiro Soda.<\/p>\n<p style=\"text-align: justify;\">Dal 1959 ad oggi il mondo \u00e8 cambiato e con esso il modo di fruire il cinema. Il festival, passato indenne dai principali mutamenti sociali, dal boom economico degli anni &#8217;60, alle contestazioni del decennio 1968 &#8211; 1978, dal rampantismo degli anni &#8217;80 e 90, ai problemi della globalizzazione con l&#8217;avvento del digitale e della rivoluzione di Internet dalla fine degli anni &#8217;90 in poi, \u00e8 riuscito sempre a riaffermare con forza la centralit\u00e0 del documentario nei linguaggi della comunicazione e il suo ruolo di sentinella: per parlare di realt\u00e0 che molto spesso non sono all&#8217;attenzione dei media; per fare controinformazione; per continuare a stupire il pubblico. Perch\u00e9 spesso la realt\u00e0 supera di gran lunga la fantasia.<\/p>\n","protected":false},"excerpt":{"rendered":"<p>Diretto da Alberto Lastrucci, con la presidenza di Vittorio Iervese, il festival ha affermato, nel corso della sua storia, la centralit\u00e0 del documentario come strumento di conoscenza del mondo<\/p>\n","protected":false},"author":492,"featured_media":0,"comment_status":"open","ping_status":"open","sticky":false,"template":"","format":"standard","meta":{"_acf_changed":false,"footnotes":""},"categories":[493,11],"tags":[],"class_list":["post-51336","post","type-post","status-publish","format-standard","hentry","category-cultura","category-cinema"],"acf":[],"yoast_head":"<!-- This site is optimized with the Yoast SEO Premium plugin v24.2 (Yoast SEO v25.6) - https:\/\/yoast.com\/wordpress\/plugins\/seo\/ -->\n<title>1959 \u2013 2019: il Festival dei Popoli compie 60 anni - intoscana<\/title>\n<meta name=\"description\" content=\"Nel 2019 il Festival dei Popoli compie sessant&#039;anni. Nel corso della sua storia il festival ha riaffermato con forza la centralit\u00e0 del documentario nei lingauggi della comunicazione e il suo ruolo di sentinella, per continuare a fare controinformazione\" \/>\n<meta name=\"robots\" content=\"index, follow, max-snippet:-1, max-image-preview:large, max-video-preview:-1\" \/>\n<link rel=\"canonical\" href=\"https:\/\/www.intoscana.it\/it\/1959-2019-il-festival-dei-popoli-compie-60-anni\/\" \/>\n<meta property=\"og:locale\" content=\"it_IT\" \/>\n<meta property=\"og:type\" content=\"article\" \/>\n<meta property=\"og:title\" content=\"1959 \u2013 2019: il Festival dei Popoli compie 60 anni\" \/>\n<meta property=\"og:description\" content=\"Nel 2019 il Festival dei Popoli compie sessant&#039;anni. Nel corso della sua storia il festival ha riaffermato con forza la centralit\u00e0 del documentario nei lingauggi della comunicazione e il suo ruolo di sentinella, per continuare a fare controinformazione\" \/>\n<meta property=\"og:url\" content=\"https:\/\/www.intoscana.it\/it\/1959-2019-il-festival-dei-popoli-compie-60-anni\/\" \/>\n<meta property=\"og:site_name\" content=\"intoscana\" \/>\n<meta property=\"article:publisher\" content=\"https:\/\/www.facebook.com\/intoscana.it\" \/>\n<meta property=\"article:published_time\" content=\"2019-01-09T11:40:00+00:00\" \/>\n<meta property=\"article:modified_time\" content=\"2020-05-18T09:24:50+00:00\" \/>\n<meta name=\"author\" content=\"Elisabetta Vagaggini\" \/>\n<meta name=\"twitter:card\" content=\"summary_large_image\" \/>\n<meta name=\"twitter:creator\" content=\"@intoscana\" \/>\n<meta name=\"twitter:site\" content=\"@intoscana\" \/>\n<meta name=\"twitter:label1\" content=\"Written by\" \/>\n\t<meta name=\"twitter:data1\" content=\"Elisabetta Vagaggini\" \/>\n\t<meta name=\"twitter:label2\" content=\"Est. reading time\" \/>\n\t<meta name=\"twitter:data2\" content=\"2 minuti\" \/>\n<script type=\"application\/ld+json\" class=\"yoast-schema-graph\">{\"@context\":\"https:\/\/schema.org\",\"@graph\":[{\"@type\":\"WebPage\",\"@id\":\"https:\/\/www.intoscana.it\/it\/1959-2019-il-festival-dei-popoli-compie-60-anni\/\",\"url\":\"https:\/\/www.intoscana.it\/it\/1959-2019-il-festival-dei-popoli-compie-60-anni\/\",\"name\":\"1959 \u2013 2019: il Festival dei Popoli compie 60 anni - intoscana\",\"isPartOf\":{\"@id\":\"https:\/\/www.intoscana.it\/it\/#website\"},\"datePublished\":\"2019-01-09T11:40:00+00:00\",\"dateModified\":\"2020-05-18T09:24:50+00:00\",\"author\":{\"@id\":\"https:\/\/www.intoscana.it\/it\/#\/schema\/person\/20956e1a83baf96027b69e776f754e43\"},\"description\":\"Nel 2019 il Festival dei Popoli compie sessant'anni. Nel corso della sua storia il festival ha riaffermato con forza la centralit\u00e0 del documentario nei lingauggi della comunicazione e il suo ruolo di sentinella, per continuare a fare controinformazione\",\"breadcrumb\":{\"@id\":\"https:\/\/www.intoscana.it\/it\/1959-2019-il-festival-dei-popoli-compie-60-anni\/#breadcrumb\"},\"inLanguage\":\"it-IT\",\"potentialAction\":[{\"@type\":\"ReadAction\",\"target\":[\"https:\/\/www.intoscana.it\/it\/1959-2019-il-festival-dei-popoli-compie-60-anni\/\"]}]},{\"@type\":\"BreadcrumbList\",\"@id\":\"https:\/\/www.intoscana.it\/it\/1959-2019-il-festival-dei-popoli-compie-60-anni\/#breadcrumb\",\"itemListElement\":[{\"@type\":\"ListItem\",\"position\":1,\"name\":\"Home\",\"item\":\"https:\/\/www.intoscana.it\/it\/\"},{\"@type\":\"ListItem\",\"position\":2,\"name\":\"1959 \u2013 2019: il Festival dei Popoli compie 60 anni\"}]},{\"@type\":\"WebSite\",\"@id\":\"https:\/\/www.intoscana.it\/it\/#website\",\"url\":\"https:\/\/www.intoscana.it\/it\/\",\"name\":\"intoscana\",\"description\":\"\",\"potentialAction\":[{\"@type\":\"SearchAction\",\"target\":{\"@type\":\"EntryPoint\",\"urlTemplate\":\"https:\/\/www.intoscana.it\/it\/?s={search_term_string}\"},\"query-input\":{\"@type\":\"PropertyValueSpecification\",\"valueRequired\":true,\"valueName\":\"search_term_string\"}}],\"inLanguage\":\"it-IT\"},{\"@type\":\"Person\",\"@id\":\"https:\/\/www.intoscana.it\/it\/#\/schema\/person\/20956e1a83baf96027b69e776f754e43\",\"name\":\"Elisabetta Vagaggini\",\"url\":\"https:\/\/www.intoscana.it\/it\/author\/elisabetta-vagaggini\/\"}]}<\/script>\n<!-- \/ Yoast SEO Premium plugin. -->","yoast_head_json":{"title":"1959 \u2013 2019: il Festival dei Popoli compie 60 anni - intoscana","description":"Nel 2019 il Festival dei Popoli compie sessant'anni. Nel corso della sua storia il festival ha riaffermato con forza la centralit\u00e0 del documentario nei lingauggi della comunicazione e il suo ruolo di sentinella, per continuare a fare controinformazione","robots":{"index":"index","follow":"follow","max-snippet":"max-snippet:-1","max-image-preview":"max-image-preview:large","max-video-preview":"max-video-preview:-1"},"canonical":"https:\/\/www.intoscana.it\/it\/1959-2019-il-festival-dei-popoli-compie-60-anni\/","og_locale":"it_IT","og_type":"article","og_title":"1959 \u2013 2019: il Festival dei Popoli compie 60 anni","og_description":"Nel 2019 il Festival dei Popoli compie sessant'anni. Nel corso della sua storia il festival ha riaffermato con forza la centralit\u00e0 del documentario nei lingauggi della comunicazione e il suo ruolo di sentinella, per continuare a fare controinformazione","og_url":"https:\/\/www.intoscana.it\/it\/1959-2019-il-festival-dei-popoli-compie-60-anni\/","og_site_name":"intoscana","article_publisher":"https:\/\/www.facebook.com\/intoscana.it","article_published_time":"2019-01-09T11:40:00+00:00","article_modified_time":"2020-05-18T09:24:50+00:00","author":"Elisabetta Vagaggini","twitter_card":"summary_large_image","twitter_creator":"@intoscana","twitter_site":"@intoscana","twitter_misc":{"Written by":"Elisabetta Vagaggini","Est. reading time":"2 minuti"},"schema":{"@context":"https:\/\/schema.org","@graph":[{"@type":"WebPage","@id":"https:\/\/www.intoscana.it\/it\/1959-2019-il-festival-dei-popoli-compie-60-anni\/","url":"https:\/\/www.intoscana.it\/it\/1959-2019-il-festival-dei-popoli-compie-60-anni\/","name":"1959 \u2013 2019: il Festival dei Popoli compie 60 anni - intoscana","isPartOf":{"@id":"https:\/\/www.intoscana.it\/it\/#website"},"datePublished":"2019-01-09T11:40:00+00:00","dateModified":"2020-05-18T09:24:50+00:00","author":{"@id":"https:\/\/www.intoscana.it\/it\/#\/schema\/person\/20956e1a83baf96027b69e776f754e43"},"description":"Nel 2019 il Festival dei Popoli compie sessant'anni. Nel corso della sua storia il festival ha riaffermato con forza la centralit\u00e0 del documentario nei lingauggi della comunicazione e il suo ruolo di sentinella, per continuare a fare controinformazione","breadcrumb":{"@id":"https:\/\/www.intoscana.it\/it\/1959-2019-il-festival-dei-popoli-compie-60-anni\/#breadcrumb"},"inLanguage":"it-IT","potentialAction":[{"@type":"ReadAction","target":["https:\/\/www.intoscana.it\/it\/1959-2019-il-festival-dei-popoli-compie-60-anni\/"]}]},{"@type":"BreadcrumbList","@id":"https:\/\/www.intoscana.it\/it\/1959-2019-il-festival-dei-popoli-compie-60-anni\/#breadcrumb","itemListElement":[{"@type":"ListItem","position":1,"name":"Home","item":"https:\/\/www.intoscana.it\/it\/"},{"@type":"ListItem","position":2,"name":"1959 \u2013 2019: il Festival dei Popoli compie 60 anni"}]},{"@type":"WebSite","@id":"https:\/\/www.intoscana.it\/it\/#website","url":"https:\/\/www.intoscana.it\/it\/","name":"intoscana","description":"","potentialAction":[{"@type":"SearchAction","target":{"@type":"EntryPoint","urlTemplate":"https:\/\/www.intoscana.it\/it\/?s={search_term_string}"},"query-input":{"@type":"PropertyValueSpecification","valueRequired":true,"valueName":"search_term_string"}}],"inLanguage":"it-IT"},{"@type":"Person","@id":"https:\/\/www.intoscana.it\/it\/#\/schema\/person\/20956e1a83baf96027b69e776f754e43","name":"Elisabetta Vagaggini","url":"https:\/\/www.intoscana.it\/it\/author\/elisabetta-vagaggini\/"}]}},"_links":{"self":[{"href":"https:\/\/www.intoscana.it\/it\/wp-json\/wp\/v2\/posts\/51336","targetHints":{"allow":["GET"]}}],"collection":[{"href":"https:\/\/www.intoscana.it\/it\/wp-json\/wp\/v2\/posts"}],"about":[{"href":"https:\/\/www.intoscana.it\/it\/wp-json\/wp\/v2\/types\/post"}],"author":[{"embeddable":true,"href":"https:\/\/www.intoscana.it\/it\/wp-json\/wp\/v2\/users\/492"}],"replies":[{"embeddable":true,"href":"https:\/\/www.intoscana.it\/it\/wp-json\/wp\/v2\/comments?post=51336"}],"version-history":[{"count":0,"href":"https:\/\/www.intoscana.it\/it\/wp-json\/wp\/v2\/posts\/51336\/revisions"}],"wp:attachment":[{"href":"https:\/\/www.intoscana.it\/it\/wp-json\/wp\/v2\/media?parent=51336"}],"wp:term":[{"taxonomy":"category","embeddable":true,"href":"https:\/\/www.intoscana.it\/it\/wp-json\/wp\/v2\/categories?post=51336"},{"taxonomy":"post_tag","embeddable":true,"href":"https:\/\/www.intoscana.it\/it\/wp-json\/wp\/v2\/tags?post=51336"}],"curies":[{"name":"wp","href":"https:\/\/api.w.org\/{rel}","templated":true}]}}