{"id":52015,"date":"2019-09-30T14:20:30","date_gmt":"2019-09-30T14:20:30","guid":{"rendered":"http:\/\/www.intoscana.it\/a-palazzo-blu-a-pisa-un-rarissimo-ritratto-di-artemisia-gentileschi\/"},"modified":"2020-05-19T15:34:49","modified_gmt":"2020-05-19T13:34:49","slug":"artemisia-gentileschi-palazzo-blu","status":"publish","type":"post","link":"https:\/\/www.intoscana.it\/it\/artemisia-gentileschi-palazzo-blu\/","title":{"rendered":"A Palazzo Blu a Pisa un rarissimo ritratto di Artemisia Gentileschi"},"content":{"rendered":"<p><strong>Un ricco abito color zafferano, orecchino di perla a goccia, nella mano destra il toccalapis e nella sinistra pennelli e tavolozza,<\/strong> lo sguardo sicuro che sostiene chi la osserva: \u00e8 il medaglione sul petto a svelare la donna raffigurata nell<strong>&#8216;eccezionale dipinto di Simon Vouet<\/strong>, ovvero<strong> Artemisia Gentileschi<\/strong> ritratta dal pittore francese, suo contemporaneo, amico ed estimatore, intorno al <strong>1623<\/strong>. L&#8217;opera \u00e8 stata acquistata dalla <strong>Fondazione Pisa per Palazzo Blu<\/strong>.<\/p>\n<p>Il quadro sar\u00e0 visibile al pubblico insieme alla <strong>Clio di Artemisia Gentileschi,<\/strong> gi\u00e0 presente nella collezione permanente del museo pisano,<strong> fino all&#8217;8 marzo 2020.<\/strong> Poi il ritratto di Artemisia andr\u00e0 in prestito insieme alla Clio alla <strong>National Gallery di Londra per la grande mostra a cura di Letizia Treves &#8216;Artemisia&#8217;<\/strong> che si svolger\u00e0 dal 4 aprile al 26 luglio.<\/p>\n<a class=\"fotogallery\" href=\"#modalgallery\" rel=\"modal:open\">sfoglia la gallery <i class=\"fas fa-chevron-right\"><\/i><\/a>\n    <div class=\"modal\" id=\"modalgallery\">\n        <div class=\"gallery\">\n          <div class=\"galleryimg\">\n            <div class=\"slidegallerybig\"> <div class=\"itemimg\">\n            <div class=\"wrapimg\">\n            <img decoding=\"async\" src=\"https:\/\/www.intoscana.it\/wp-content\/uploads\/simon-vouet-ritratto-di-artemisia-gentileschi.jpg\">\n            <\/div>\n            <\/div>\n            <\/div>\n          <\/div>\n          <div class=\"asidemenu\">\n            <div class=\"action\">\n              <div class=\"countlidegallery\"><\/div>\n              <div class=\"closegallery\" href=\"#modalgallery\" rel=\"modal:close\"><i class=\"far fa-times\"><\/i><\/div>\n            <\/div>\n            <div class=\"title\">\n              <h2>A Palazzo Blu a Pisa un rarissimo ritratto di Artemisia Gentileschi<\/h2>\n              <div class=\"socialarticolo\"> \n            <div class=\"contsocialico\">\n              <ul>\n                <li><a target=\"_blank\" href=\"https:\/\/www.facebook.com\/sharer\/sharer.php?u=https:\/\/www.intoscana.it\/it\/artemisia-gentileschi-palazzo-blu\/\"> <i class=\"fab fa-facebook-f\"><\/i><\/a><\/li>\n                <li><a target=\"_blank\" href=\"https:\/\/twitter.com\/home?status=https:\/\/www.intoscana.it\/it\/artemisia-gentileschi-palazzo-blu\/\"> <i class=\"fab fa-twitter\"><\/i><\/a><\/li>\n                <li>\n                  <div class=\"shareall\" target=\"_blank\" href=\"\"> <i class=\"fas fa-share-alt\"><\/i><\/div>\n                  <div class=\"sharemore\">\n                    <ul>\n                      <li><a target=\"_blank\" href=\"https:\/\/www.linkedin.com\/shareArticle?url=https:\/\/www.intoscana.it\/it\/artemisia-gentileschi-palazzo-blu\/\"> <i class=\"fab fa-linkedin\"><\/i><\/a><\/li>\n                      <li><a target=\"_blank\" href=\"http:\/\/www.pinterest.com\/pin\/create\/bookmarklet\/?url=https:\/\/www.intoscana.it\/it\/artemisia-gentileschi-palazzo-blu\/\"> <i class=\"fab fa-pinterest\"><\/i><\/a><\/li>\n                      <li><a target=\"_blank\" href=\"mailto?subject=A Palazzo Blu a Pisa un rarissimo ritratto di Artemisia Gentileschi&body=https:\/\/www.intoscana.it\/it\/artemisia-gentileschi-palazzo-blu\/\"> <i class=\"fas fa-envelope\"><\/i><\/a><\/li>\n                    <\/ul>\n                    <div class=\"closesharemore\">\n                    <i class=\"fas fa-times\"><\/i>\n                    <\/div>\n                  <\/div>\n                <\/li>\n              <\/ul>\n            <\/div>\n          <\/div>\n        <\/div>\n          <\/div>\n        <\/div>\n      <\/div>\n<p>Il dipinto apparteneva alla collezione di <strong>Cassiano dal Pozzo, notissimo collezionista<\/strong> famoso anche per <strong>aver inventato il termine Gioconda<\/strong> attribuito al pi\u00f9 celebre dipinto di Leonardo da Vinci. <strong>Un\u2019opera legata a Pisa per due motivi principali:<\/strong> la <strong>famiglia di Artemisia Gentileschi \u00e8<\/strong> <strong>originaria della citt\u00e0 toscana,&nbsp;<\/strong>ma non solo: \u00e8 infatti acclarato che Artemisia, a Pisa, eredit\u00f2 e forse acquist\u00f2 diverse propriet\u00e0 delle quali si occup\u00f2 anche dopo la scomparsa del marito, il pittore Pierantonio Stiattesi, durante il suo soggiorno napoletano, ed \u00e8 ipotizzabile che la pittrice si sia recata qualche volta da Napoli a Pisa. In secondo luogo il&nbsp;<strong>committente, che era nipote del cardinale Carlo Antonio dal Pozzo, fu arcivescovo di Pisa<\/strong> dal 1582 al 1607, uno dei pi\u00f9 importanti della storia della citt\u00e0. <strong>Il ritratto fu eseguito a Roma attorno al 1623, quando la pittrice aveva circa trent\u2019anni d\u2019et\u00e0,<\/strong> ed \u00e8 l\u2019unico ritratto di Artemisia realizzato da Vouet che si conosca.<\/p>\n<p>S<strong>coperto agli inizi degli anni 2000 da Roberto Contini e da Francesco Solinas,<\/strong> il Ritratto di Artemisia Gentileschi \u00e8 un\u2019\u201cimmagine parlante\u201d, dato il suo realismo sontuoso e dati anche gli innegabili riferimenti che consentono di identificare la ritrattata come Artemisia Gentileschi. Tra questi,<strong> il particolare del pennello tenuto nella mano destra e il medaglione con un edificio a pianta circolare e la scritta in greco Mausoleion:<\/strong> si tratta infatti del Mausoleo di Alicarnasso, una delle sette meraviglie del mondo antico, edificato dalla principessa Artemisia per Mausolo, suo fratello e marito, un particolare colto e raffinato che dunque permette di risalire inequivocabilmente alla pittrice. L\u2019elegante composizione, tipica di Simon Vouet al ritorno dal viaggio a Genova e nel nord Italia, compiuto tra il 1620 e il 1622, conferma secondo Solinas la paternit\u00e0, affine ad altre mezze figure femminili dipinte dall\u2019artista francese in quegli anni.<\/p>\n","protected":false},"excerpt":{"rendered":"<p>Il dipinto di Simon Vouet sar\u00e0 esposto fino all&#8217;8 marzo 2020 poi voler\u00e0 in prestito alla National Gallery di Londra per la prima grande retrospettiva sulla pittrice italiana<\/p>\n","protected":false},"author":525,"featured_media":86530,"comment_status":"open","ping_status":"open","sticky":false,"template":"","format":"standard","meta":{"_acf_changed":false,"footnotes":""},"categories":[493,5],"tags":[203],"class_list":["post-52015","post","type-post","status-publish","format-standard","has-post-thumbnail","hentry","category-cultura","category-arte-e-cultura","tag-pisa"],"acf":[],"yoast_head":"<!-- This site is optimized with the Yoast SEO Premium plugin v24.2 (Yoast SEO v25.6) - https:\/\/yoast.com\/wordpress\/plugins\/seo\/ -->\n<title>A Palazzo Blu a Pisa un rarissimo ritratto di Artemisia Gentileschi - intoscana<\/title>\n<meta name=\"robots\" content=\"index, follow, max-snippet:-1, max-image-preview:large, max-video-preview:-1\" \/>\n<link rel=\"canonical\" href=\"https:\/\/www.intoscana.it\/it\/artemisia-gentileschi-palazzo-blu\/\" \/>\n<meta property=\"og:locale\" content=\"it_IT\" \/>\n<meta property=\"og:type\" content=\"article\" \/>\n<meta property=\"og:title\" content=\"A Palazzo Blu a Pisa un rarissimo ritratto di Artemisia Gentileschi\" \/>\n<meta property=\"og:description\" content=\"Il dipinto di Simon Vouet sar\u00e0 esposto fino all&#039;8 marzo 2020 poi voler\u00e0 in prestito alla National Gallery di Londra per la prima grande retrospettiva sulla pittrice italiana\" \/>\n<meta property=\"og:url\" content=\"https:\/\/www.intoscana.it\/it\/artemisia-gentileschi-palazzo-blu\/\" \/>\n<meta property=\"og:site_name\" content=\"intoscana\" \/>\n<meta property=\"article:publisher\" content=\"https:\/\/www.facebook.com\/intoscana.it\" \/>\n<meta property=\"article:published_time\" content=\"2019-09-30T14:20:30+00:00\" \/>\n<meta property=\"article:modified_time\" content=\"2020-05-19T13:34:49+00:00\" \/>\n<meta property=\"og:image\" content=\"https:\/\/www.intoscana.it\/wp-content\/uploads\/simon-vouet-ritratto-di-artemisia-gentileschi-2-2.jpg\" \/>\n\t<meta property=\"og:image:width\" content=\"1200\" \/>\n\t<meta property=\"og:image:height\" content=\"963\" \/>\n\t<meta property=\"og:image:type\" content=\"image\/jpeg\" \/>\n<meta name=\"author\" content=\"Redazione\" \/>\n<meta name=\"twitter:card\" content=\"summary_large_image\" \/>\n<meta name=\"twitter:creator\" content=\"@intoscana\" \/>\n<meta name=\"twitter:site\" content=\"@intoscana\" \/>\n<meta name=\"twitter:label1\" content=\"Written by\" \/>\n\t<meta name=\"twitter:data1\" content=\"Redazione\" \/>\n\t<meta name=\"twitter:label2\" content=\"Est. reading time\" \/>\n\t<meta name=\"twitter:data2\" content=\"2 minuti\" \/>\n<script type=\"application\/ld+json\" class=\"yoast-schema-graph\">{\"@context\":\"https:\/\/schema.org\",\"@graph\":[{\"@type\":\"WebPage\",\"@id\":\"https:\/\/www.intoscana.it\/it\/artemisia-gentileschi-palazzo-blu\/\",\"url\":\"https:\/\/www.intoscana.it\/it\/artemisia-gentileschi-palazzo-blu\/\",\"name\":\"A Palazzo Blu a Pisa un rarissimo ritratto di Artemisia Gentileschi - intoscana\",\"isPartOf\":{\"@id\":\"https:\/\/www.intoscana.it\/it\/#website\"},\"primaryImageOfPage\":{\"@id\":\"https:\/\/www.intoscana.it\/it\/artemisia-gentileschi-palazzo-blu\/#primaryimage\"},\"image\":{\"@id\":\"https:\/\/www.intoscana.it\/it\/artemisia-gentileschi-palazzo-blu\/#primaryimage\"},\"thumbnailUrl\":\"https:\/\/www.intoscana.it\/wp-content\/uploads\/simon-vouet-ritratto-di-artemisia-gentileschi-2-2.jpg\",\"datePublished\":\"2019-09-30T14:20:30+00:00\",\"dateModified\":\"2020-05-19T13:34:49+00:00\",\"author\":{\"@id\":\"https:\/\/www.intoscana.it\/it\/#\/schema\/person\/9223810753230f20bd670fdd322661f8\"},\"breadcrumb\":{\"@id\":\"https:\/\/www.intoscana.it\/it\/artemisia-gentileschi-palazzo-blu\/#breadcrumb\"},\"inLanguage\":\"it-IT\",\"potentialAction\":[{\"@type\":\"ReadAction\",\"target\":[\"https:\/\/www.intoscana.it\/it\/artemisia-gentileschi-palazzo-blu\/\"]}]},{\"@type\":\"ImageObject\",\"inLanguage\":\"it-IT\",\"@id\":\"https:\/\/www.intoscana.it\/it\/artemisia-gentileschi-palazzo-blu\/#primaryimage\",\"url\":\"https:\/\/www.intoscana.it\/wp-content\/uploads\/simon-vouet-ritratto-di-artemisia-gentileschi-2-2.jpg\",\"contentUrl\":\"https:\/\/www.intoscana.it\/wp-content\/uploads\/simon-vouet-ritratto-di-artemisia-gentileschi-2-2.jpg\",\"width\":1200,\"height\":963,\"caption\":\"A Palazzo Blu a Pisa un rarissimo ritratto di Artemisia Gentileschi\"},{\"@type\":\"BreadcrumbList\",\"@id\":\"https:\/\/www.intoscana.it\/it\/artemisia-gentileschi-palazzo-blu\/#breadcrumb\",\"itemListElement\":[{\"@type\":\"ListItem\",\"position\":1,\"name\":\"Home\",\"item\":\"https:\/\/www.intoscana.it\/it\/\"},{\"@type\":\"ListItem\",\"position\":2,\"name\":\"A Palazzo Blu a Pisa un rarissimo ritratto di Artemisia Gentileschi\"}]},{\"@type\":\"WebSite\",\"@id\":\"https:\/\/www.intoscana.it\/it\/#website\",\"url\":\"https:\/\/www.intoscana.it\/it\/\",\"name\":\"intoscana\",\"description\":\"\",\"potentialAction\":[{\"@type\":\"SearchAction\",\"target\":{\"@type\":\"EntryPoint\",\"urlTemplate\":\"https:\/\/www.intoscana.it\/it\/?s={search_term_string}\"},\"query-input\":{\"@type\":\"PropertyValueSpecification\",\"valueRequired\":true,\"valueName\":\"search_term_string\"}}],\"inLanguage\":\"it-IT\"},{\"@type\":\"Person\",\"@id\":\"https:\/\/www.intoscana.it\/it\/#\/schema\/person\/9223810753230f20bd670fdd322661f8\",\"name\":\"Redazione\",\"url\":\"https:\/\/www.intoscana.it\/it\/author\/redazione\/\"}]}<\/script>\n<!-- \/ Yoast SEO Premium plugin. -->","yoast_head_json":{"title":"A Palazzo Blu a Pisa un rarissimo ritratto di Artemisia Gentileschi - intoscana","robots":{"index":"index","follow":"follow","max-snippet":"max-snippet:-1","max-image-preview":"max-image-preview:large","max-video-preview":"max-video-preview:-1"},"canonical":"https:\/\/www.intoscana.it\/it\/artemisia-gentileschi-palazzo-blu\/","og_locale":"it_IT","og_type":"article","og_title":"A Palazzo Blu a Pisa un rarissimo ritratto di Artemisia Gentileschi","og_description":"Il dipinto di Simon Vouet sar\u00e0 esposto fino all'8 marzo 2020 poi voler\u00e0 in prestito alla National Gallery di Londra per la prima grande retrospettiva sulla pittrice italiana","og_url":"https:\/\/www.intoscana.it\/it\/artemisia-gentileschi-palazzo-blu\/","og_site_name":"intoscana","article_publisher":"https:\/\/www.facebook.com\/intoscana.it","article_published_time":"2019-09-30T14:20:30+00:00","article_modified_time":"2020-05-19T13:34:49+00:00","og_image":[{"width":1200,"height":963,"url":"https:\/\/www.intoscana.it\/wp-content\/uploads\/simon-vouet-ritratto-di-artemisia-gentileschi-2-2.jpg","type":"image\/jpeg"}],"author":"Redazione","twitter_card":"summary_large_image","twitter_creator":"@intoscana","twitter_site":"@intoscana","twitter_misc":{"Written by":"Redazione","Est. reading time":"2 minuti"},"schema":{"@context":"https:\/\/schema.org","@graph":[{"@type":"WebPage","@id":"https:\/\/www.intoscana.it\/it\/artemisia-gentileschi-palazzo-blu\/","url":"https:\/\/www.intoscana.it\/it\/artemisia-gentileschi-palazzo-blu\/","name":"A Palazzo Blu a Pisa un rarissimo ritratto di Artemisia Gentileschi - intoscana","isPartOf":{"@id":"https:\/\/www.intoscana.it\/it\/#website"},"primaryImageOfPage":{"@id":"https:\/\/www.intoscana.it\/it\/artemisia-gentileschi-palazzo-blu\/#primaryimage"},"image":{"@id":"https:\/\/www.intoscana.it\/it\/artemisia-gentileschi-palazzo-blu\/#primaryimage"},"thumbnailUrl":"https:\/\/www.intoscana.it\/wp-content\/uploads\/simon-vouet-ritratto-di-artemisia-gentileschi-2-2.jpg","datePublished":"2019-09-30T14:20:30+00:00","dateModified":"2020-05-19T13:34:49+00:00","author":{"@id":"https:\/\/www.intoscana.it\/it\/#\/schema\/person\/9223810753230f20bd670fdd322661f8"},"breadcrumb":{"@id":"https:\/\/www.intoscana.it\/it\/artemisia-gentileschi-palazzo-blu\/#breadcrumb"},"inLanguage":"it-IT","potentialAction":[{"@type":"ReadAction","target":["https:\/\/www.intoscana.it\/it\/artemisia-gentileschi-palazzo-blu\/"]}]},{"@type":"ImageObject","inLanguage":"it-IT","@id":"https:\/\/www.intoscana.it\/it\/artemisia-gentileschi-palazzo-blu\/#primaryimage","url":"https:\/\/www.intoscana.it\/wp-content\/uploads\/simon-vouet-ritratto-di-artemisia-gentileschi-2-2.jpg","contentUrl":"https:\/\/www.intoscana.it\/wp-content\/uploads\/simon-vouet-ritratto-di-artemisia-gentileschi-2-2.jpg","width":1200,"height":963,"caption":"A Palazzo Blu a Pisa un rarissimo ritratto di Artemisia Gentileschi"},{"@type":"BreadcrumbList","@id":"https:\/\/www.intoscana.it\/it\/artemisia-gentileschi-palazzo-blu\/#breadcrumb","itemListElement":[{"@type":"ListItem","position":1,"name":"Home","item":"https:\/\/www.intoscana.it\/it\/"},{"@type":"ListItem","position":2,"name":"A Palazzo Blu a Pisa un rarissimo ritratto di Artemisia Gentileschi"}]},{"@type":"WebSite","@id":"https:\/\/www.intoscana.it\/it\/#website","url":"https:\/\/www.intoscana.it\/it\/","name":"intoscana","description":"","potentialAction":[{"@type":"SearchAction","target":{"@type":"EntryPoint","urlTemplate":"https:\/\/www.intoscana.it\/it\/?s={search_term_string}"},"query-input":{"@type":"PropertyValueSpecification","valueRequired":true,"valueName":"search_term_string"}}],"inLanguage":"it-IT"},{"@type":"Person","@id":"https:\/\/www.intoscana.it\/it\/#\/schema\/person\/9223810753230f20bd670fdd322661f8","name":"Redazione","url":"https:\/\/www.intoscana.it\/it\/author\/redazione\/"}]}},"_links":{"self":[{"href":"https:\/\/www.intoscana.it\/it\/wp-json\/wp\/v2\/posts\/52015","targetHints":{"allow":["GET"]}}],"collection":[{"href":"https:\/\/www.intoscana.it\/it\/wp-json\/wp\/v2\/posts"}],"about":[{"href":"https:\/\/www.intoscana.it\/it\/wp-json\/wp\/v2\/types\/post"}],"author":[{"embeddable":true,"href":"https:\/\/www.intoscana.it\/it\/wp-json\/wp\/v2\/users\/525"}],"replies":[{"embeddable":true,"href":"https:\/\/www.intoscana.it\/it\/wp-json\/wp\/v2\/comments?post=52015"}],"version-history":[{"count":0,"href":"https:\/\/www.intoscana.it\/it\/wp-json\/wp\/v2\/posts\/52015\/revisions"}],"wp:featuredmedia":[{"embeddable":true,"href":"https:\/\/www.intoscana.it\/it\/wp-json\/wp\/v2\/media\/86530"}],"wp:attachment":[{"href":"https:\/\/www.intoscana.it\/it\/wp-json\/wp\/v2\/media?parent=52015"}],"wp:term":[{"taxonomy":"category","embeddable":true,"href":"https:\/\/www.intoscana.it\/it\/wp-json\/wp\/v2\/categories?post=52015"},{"taxonomy":"post_tag","embeddable":true,"href":"https:\/\/www.intoscana.it\/it\/wp-json\/wp\/v2\/tags?post=52015"}],"curies":[{"name":"wp","href":"https:\/\/api.w.org\/{rel}","templated":true}]}}